{"id":3934,"date":"2009-02-23T11:30:16","date_gmt":"2009-02-23T10:30:16","guid":{"rendered":"http:\/\/www.po-l.com\/belogue\/?p=3934"},"modified":"2013-10-09T11:17:56","modified_gmt":"2013-10-09T09:17:56","slug":"all-those-tomorrows","status":"publish","type":"post","link":"https:\/\/www.wallendorff.com\/belogue\/2009\/02\/23\/all-those-tomorrows\/","title":{"rendered":"All those tomorrows."},"content":{"rendered":"<div id=\"photo\">\n<p><img decoding=\"async\" src=\"https:\/\/www.wallendorff.com\/belogue\/photo\/2009\/02\/20090223.jpg\" \/><br \/>\n Passerelle Simone-de-Beauvoir, Paris, 17 janvier.<\/p>\n<\/div>\n<div id=\"bandeson\">\n<p><img decoding=\"async\" src=\"https:\/\/www.wallendorff.com\/belogue\/photo\/pochettes\/p\/pearl_jam-yield.jpg\" align=\"left\" \/>&nbsp;<a href=\"http:\/\/www.tenclub.net\">Pearl Jam<\/a> &ndash; <em>Low Light<\/em><\/p>\n<\/div>\n","protected":false},"excerpt":{"rendered":"<p>Passerelle Simone-de-Beauvoir, Paris, 17 janvier. &nbsp;Pearl Jam &ndash; Low Light<\/p>\n","protected":false},"author":1,"featured_media":25371,"comment_status":"open","ping_status":"open","sticky":false,"template":"","format":"standard","meta":{"_acf_changed":false,"ngg_post_thumbnail":0,"jetpack_post_was_ever_published":false,"_jetpack_newsletter_access":"","_jetpack_dont_email_post_to_subs":false,"_jetpack_newsletter_tier_id":0,"_jetpack_memberships_contains_paywalled_content":false,"_jetpack_memberships_contains_paid_content":false,"footnotes":"","jetpack_publicize_message":"","jetpack_publicize_feature_enabled":true,"jetpack_social_post_already_shared":false,"jetpack_social_options":{"image_generator_settings":{"template":"highway","default_image_id":0,"font":"","enabled":false},"version":2}},"categories":[3],"tags":[10271,737,2615,10311,10340,10120,10121,2714,10098,10520,10165,10380,170],"class_list":["post-3934","post","type-post","status-publish","format-standard","has-post-thumbnail","hentry","category-dpc","tag-10271","tag-bleu","tag-eos-5d-mark-ii","tag-dos","tag-fille","tag-france","tag-ile-de-france","tag-low-light","tag-paris","tag-passerelle-simone-de-beauvoir","tag-pearl-jam","tag-pont","tag-sigma-70-300-mm-f4-56-dg-apo-macro"],"acf":[],"geo":{"latitude":48.8353043,"longitude":2.3782098,"description":"Paris 12 Reuilly, \u00cele-de-France, 75562 CEDEX 12, FR"},"jetpack_publicize_connections":[],"jetpack_featured_media_url":"https:\/\/www.wallendorff.com\/belogue\/wp-content\/uploads\/2015\/04\/200902231.jpg","jetpack_shortlink":"https:\/\/wp.me\/p3b35P-11s","jetpack_sharing_enabled":true,"jetpack-related-posts":[{"id":47793,"url":"https:\/\/www.wallendorff.com\/belogue\/2021\/02\/08\/into-the-wide-211\/","url_meta":{"origin":3934,"position":0},"title":"Into the wide #211.","author":"dpc","date":"8 f\u00e9vrier 2021","format":false,"excerpt":"Passerelle Simone-de-Beauvoir, Paris, 21 octobre 2020. Palaces of Montezuma Grinderman","rel":"","context":"Dans &quot;Into the wide&quot;","block_context":{"text":"Into the wide","link":"https:\/\/www.wallendorff.com\/belogue\/category\/into-the-wide\/"},"img":{"alt_text":"","src":"https:\/\/i0.wp.com\/www.wallendorff.com\/belogue\/wp-content\/uploads\/2021\/02\/20210208.jpg?resize=350%2C200&ssl=1","width":350,"height":200,"srcset":"https:\/\/i0.wp.com\/www.wallendorff.com\/belogue\/wp-content\/uploads\/2021\/02\/20210208.jpg?resize=350%2C200&ssl=1 1x, https:\/\/i0.wp.com\/www.wallendorff.com\/belogue\/wp-content\/uploads\/2021\/02\/20210208.jpg?resize=525%2C300&ssl=1 1.5x, https:\/\/i0.wp.com\/www.wallendorff.com\/belogue\/wp-content\/uploads\/2021\/02\/20210208.jpg?resize=700%2C400&ssl=1 2x, https:\/\/i0.wp.com\/www.wallendorff.com\/belogue\/wp-content\/uploads\/2021\/02\/20210208.jpg?resize=1050%2C600&ssl=1 3x"},"classes":[]},{"id":21754,"url":"https:\/\/www.wallendorff.com\/belogue\/2013\/10\/09\/into-the-wide-22\/","url_meta":{"origin":3934,"position":1},"title":"Into the wide #22.","author":"dpc","date":"9 octobre 2013","format":false,"excerpt":"Passerelle Simone-de-Beauvoir, Paris, 19 ao\u00fbt. Free at DawnSmall Black","rel":"","context":"Dans &quot;Into the wide&quot;","block_context":{"text":"Into the wide","link":"https:\/\/www.wallendorff.com\/belogue\/category\/into-the-wide\/"},"img":{"alt_text":"","src":"https:\/\/i0.wp.com\/www.wallendorff.com\/belogue\/wp-content\/uploads\/2015\/04\/201310091.jpg?resize=350%2C200&ssl=1","width":350,"height":200,"srcset":"https:\/\/i0.wp.com\/www.wallendorff.com\/belogue\/wp-content\/uploads\/2015\/04\/201310091.jpg?resize=350%2C200&ssl=1 1x, https:\/\/i0.wp.com\/www.wallendorff.com\/belogue\/wp-content\/uploads\/2015\/04\/201310091.jpg?resize=525%2C300&ssl=1 1.5x, https:\/\/i0.wp.com\/www.wallendorff.com\/belogue\/wp-content\/uploads\/2015\/04\/201310091.jpg?resize=700%2C400&ssl=1 2x"},"classes":[]},{"id":18946,"url":"https:\/\/www.wallendorff.com\/belogue\/2012\/09\/11\/voisins-de-panier-i\/","url_meta":{"origin":3934,"position":2},"title":"Voisins de panier [I].","author":"dpc","date":"11 septembre 2012","format":false,"excerpt":"Passerelle Simone-de-Beauvoir, Paris, 25 juillet. The Ting Tings \u2013 Day to Day","rel":"","context":"Dans &quot;DPC&quot;","block_context":{"text":"DPC","link":"https:\/\/www.wallendorff.com\/belogue\/category\/dpc\/"},"img":{"alt_text":"","src":"https:\/\/i0.wp.com\/www.wallendorff.com\/belogue\/wp-content\/uploads\/2015\/04\/201209111.jpg?resize=350%2C200&ssl=1","width":350,"height":200,"srcset":"https:\/\/i0.wp.com\/www.wallendorff.com\/belogue\/wp-content\/uploads\/2015\/04\/201209111.jpg?resize=350%2C200&ssl=1 1x, https:\/\/i0.wp.com\/www.wallendorff.com\/belogue\/wp-content\/uploads\/2015\/04\/201209111.jpg?resize=525%2C300&ssl=1 1.5x, https:\/\/i0.wp.com\/www.wallendorff.com\/belogue\/wp-content\/uploads\/2015\/04\/201209111.jpg?resize=700%2C400&ssl=1 2x"},"classes":[]},{"id":18954,"url":"https:\/\/www.wallendorff.com\/belogue\/2012\/09\/12\/voisins-de-panier-ii\/","url_meta":{"origin":3934,"position":3},"title":"Voisins de panier [II].","author":"dpc","date":"12 septembre 2012","format":false,"excerpt":"Passerelle Simone-de-Beauvoir, Paris, 25 juillet. The xx \u2013 Angels","rel":"","context":"Dans &quot;DPC&quot;","block_context":{"text":"DPC","link":"https:\/\/www.wallendorff.com\/belogue\/category\/dpc\/"},"img":{"alt_text":"","src":"https:\/\/i0.wp.com\/www.wallendorff.com\/belogue\/wp-content\/uploads\/2015\/04\/201209121.jpg?resize=350%2C200&ssl=1","width":350,"height":200,"srcset":"https:\/\/i0.wp.com\/www.wallendorff.com\/belogue\/wp-content\/uploads\/2015\/04\/201209121.jpg?resize=350%2C200&ssl=1 1x, https:\/\/i0.wp.com\/www.wallendorff.com\/belogue\/wp-content\/uploads\/2015\/04\/201209121.jpg?resize=525%2C300&ssl=1 1.5x, https:\/\/i0.wp.com\/www.wallendorff.com\/belogue\/wp-content\/uploads\/2015\/04\/201209121.jpg?resize=700%2C400&ssl=1 2x"},"classes":[]},{"id":21759,"url":"https:\/\/www.wallendorff.com\/belogue\/2013\/10\/10\/zou\/","url_meta":{"origin":3934,"position":4},"title":"Zou.","author":"dpc","date":"10 octobre 2013","format":false,"excerpt":"Passerelle Simone-de-Beauvoir, Paris, 19 ao\u00fbt. Il n'y avait rien, puis le bateau est arriv\u00e9. J'ai pens\u00e9 faire une variation de celle-ci, puis un deuxi\u00e8me bateau est arriv\u00e9, alors j'ai encha\u00een\u00e9 les poses de 30 s. Et du coup, j'ai fait un gif. Ghost on the ShoreLord Huron","rel":"","context":"Dans &quot;DPC&quot;","block_context":{"text":"DPC","link":"https:\/\/www.wallendorff.com\/belogue\/category\/dpc\/"},"img":{"alt_text":"","src":"https:\/\/i0.wp.com\/www.wallendorff.com\/belogue\/wp-content\/uploads\/2015\/04\/201310101.gif?resize=350%2C200&ssl=1","width":350,"height":200,"srcset":"https:\/\/i0.wp.com\/www.wallendorff.com\/belogue\/wp-content\/uploads\/2015\/04\/201310101.gif?resize=350%2C200&ssl=1 1x, https:\/\/i0.wp.com\/www.wallendorff.com\/belogue\/wp-content\/uploads\/2015\/04\/201310101.gif?resize=525%2C300&ssl=1 1.5x, https:\/\/i0.wp.com\/www.wallendorff.com\/belogue\/wp-content\/uploads\/2015\/04\/201310101.gif?resize=700%2C400&ssl=1 2x"},"classes":[]},{"id":36069,"url":"https:\/\/www.wallendorff.com\/belogue\/2017\/10\/17\/into-the-wide-114-115\/","url_meta":{"origin":3934,"position":5},"title":"Into the wide #114, 115.","author":"dpc","date":"17 octobre 2017","format":false,"excerpt":"Passerelle Simone-de-Beauvoir, Paris, 28 ao\u00fbt. Je voulais tester le nouveau fotoapparat en panoramique, et ma premi\u00e8re id\u00e9e fut de revenir sur les lieux du num\u00e9ro 22. Un num\u00e9ro 22 qui, \u00e0 l'\u00e9poque, avait \u00e9t\u00e9 fait sans t\u00eate pano et avait donc requis beaucoup de photoshopages en tous genres pour un\u2026","rel":"","context":"Dans &quot;Into the wide&quot;","block_context":{"text":"Into the wide","link":"https:\/\/www.wallendorff.com\/belogue\/category\/into-the-wide\/"},"img":{"alt_text":"","src":"https:\/\/i0.wp.com\/www.wallendorff.com\/belogue\/wp-content\/uploads\/2017\/10\/20171017-01.jpg?resize=350%2C200&ssl=1","width":350,"height":200,"srcset":"https:\/\/i0.wp.com\/www.wallendorff.com\/belogue\/wp-content\/uploads\/2017\/10\/20171017-01.jpg?resize=350%2C200&ssl=1 1x, https:\/\/i0.wp.com\/www.wallendorff.com\/belogue\/wp-content\/uploads\/2017\/10\/20171017-01.jpg?resize=525%2C300&ssl=1 1.5x, https:\/\/i0.wp.com\/www.wallendorff.com\/belogue\/wp-content\/uploads\/2017\/10\/20171017-01.jpg?resize=700%2C400&ssl=1 2x, https:\/\/i0.wp.com\/www.wallendorff.com\/belogue\/wp-content\/uploads\/2017\/10\/20171017-01.jpg?resize=1050%2C600&ssl=1 3x"},"classes":[]}],"_links":{"self":[{"href":"https:\/\/www.wallendorff.com\/belogue\/wp-json\/wp\/v2\/posts\/3934","targetHints":{"allow":["GET"]}}],"collection":[{"href":"https:\/\/www.wallendorff.com\/belogue\/wp-json\/wp\/v2\/posts"}],"about":[{"href":"https:\/\/www.wallendorff.com\/belogue\/wp-json\/wp\/v2\/types\/post"}],"author":[{"embeddable":true,"href":"https:\/\/www.wallendorff.com\/belogue\/wp-json\/wp\/v2\/users\/1"}],"replies":[{"embeddable":true,"href":"https:\/\/www.wallendorff.com\/belogue\/wp-json\/wp\/v2\/comments?post=3934"}],"version-history":[{"count":3,"href":"https:\/\/www.wallendorff.com\/belogue\/wp-json\/wp\/v2\/posts\/3934\/revisions"}],"predecessor-version":[{"id":21758,"href":"https:\/\/www.wallendorff.com\/belogue\/wp-json\/wp\/v2\/posts\/3934\/revisions\/21758"}],"wp:featuredmedia":[{"embeddable":true,"href":"https:\/\/www.wallendorff.com\/belogue\/wp-json\/wp\/v2\/media\/25371"}],"wp:attachment":[{"href":"https:\/\/www.wallendorff.com\/belogue\/wp-json\/wp\/v2\/media?parent=3934"}],"wp:term":[{"taxonomy":"category","embeddable":true,"href":"https:\/\/www.wallendorff.com\/belogue\/wp-json\/wp\/v2\/categories?post=3934"},{"taxonomy":"post_tag","embeddable":true,"href":"https:\/\/www.wallendorff.com\/belogue\/wp-json\/wp\/v2\/tags?post=3934"}],"curies":[{"name":"wp","href":"https:\/\/api.w.org\/{rel}","templated":true}]}}