{"id":3908,"date":"2009-02-13T11:11:16","date_gmt":"2009-02-13T10:11:16","guid":{"rendered":"http:\/\/www.po-l.com\/belogue\/?p=3908"},"modified":"2012-01-31T11:56:23","modified_gmt":"2012-01-31T09:56:23","slug":"hui-ouites-huis-ou-tu-y-tues-huit-hies","status":"publish","type":"post","link":"https:\/\/www.wallendorff.com\/belogue\/2009\/02\/13\/hui-ouites-huis-ou-tu-y-tues-huit-hies\/","title":{"rendered":"Hui ou\u00eftes huis o\u00f9 tu y tues huit hies."},"content":{"rendered":"<div id=\"photo\">\n<p><img decoding=\"async\" src=\"https:\/\/www.wallendorff.com\/belogue\/photo\/2009\/02\/20090213.jpg\" \/><br \/>\nPlace des Vosges, Paris, 13 janvier.<\/p>\n<\/div>\n<p style=\"text-align:right\">Oui.<\/p>\n<div id=\"bandeson\">\n<p><img decoding=\"async\" src=\"https:\/\/www.wallendorff.com\/belogue\/photo\/pochettes\/d\/decemberists_the-the_hazards_of_love.jpg\" align=\"left\" \/>&nbsp;<a href=\"http:\/\/www.decemberists.com\/\">The Decemberists<\/a> &ndash; <em>The Rake&rsquo;s Song<\/em><\/p>\n<\/div>\n","protected":false},"excerpt":{"rendered":"<p>Place des Vosges, Paris, 13 janvier. Oui. &nbsp;The Decemberists &ndash; The Rake&rsquo;s Song<\/p>\n","protected":false},"author":1,"featured_media":25364,"comment_status":"open","ping_status":"open","sticky":false,"template":"","format":"standard","meta":{"_acf_changed":false,"ngg_post_thumbnail":0,"jetpack_post_was_ever_published":false,"_jetpack_newsletter_access":"","_jetpack_dont_email_post_to_subs":false,"_jetpack_newsletter_tier_id":0,"_jetpack_memberships_contains_paywalled_content":false,"_jetpack_memberships_contains_paid_content":false,"footnotes":"","jetpack_publicize_message":"","jetpack_publicize_feature_enabled":true,"jetpack_social_post_already_shared":false,"jetpack_social_options":{"image_generator_settings":{"template":"highway","default_image_id":0,"font":"","enabled":false},"version":2}},"categories":[3],"tags":[10277,1438,2615,10120,10121,10147,10098,10444,10305,2601,2700],"class_list":["post-3908","post","type-post","status-publish","format-standard","has-post-thumbnail","hentry","category-dpc","tag-10277","tag-ef-50-mm-f14-usm","tag-eos-5d-mark-ii","tag-france","tag-ile-de-france","tag-nuit","tag-paris","tag-place-des-vosges","tag-porte","tag-the-decemberists","tag-the-rakes-song"],"acf":[],"geo":{"latitude":48.8551102,"longitude":2.3645737,"description":null},"jetpack_publicize_connections":[],"jetpack_featured_media_url":"https:\/\/www.wallendorff.com\/belogue\/wp-content\/uploads\/2015\/04\/200902131.jpg","jetpack_shortlink":"https:\/\/wp.me\/p3b35P-112","jetpack_sharing_enabled":true,"jetpack-related-posts":[{"id":3673,"url":"https:\/\/www.wallendorff.com\/belogue\/2008\/12\/11\/des-nuees-teintes-erraient\/","url_meta":{"origin":3908,"position":0},"title":"Des nu\u00e9es teintes erraient.","author":"dpc","date":"11 d\u00e9cembre 2008","format":false,"excerpt":"Oslofjorden, 16 novembre. The Decemberists \u2013 Sons & Daughters Mon dieu.","rel":"","context":"Dans &quot;DPC&quot;","block_context":{"text":"DPC","link":"https:\/\/www.wallendorff.com\/belogue\/category\/dpc\/"},"img":{"alt_text":"","src":"https:\/\/i0.wp.com\/www.wallendorff.com\/belogue\/wp-content\/uploads\/2015\/04\/200812111.jpg?resize=350%2C200&ssl=1","width":350,"height":200},"classes":[]},{"id":11184,"url":"https:\/\/www.wallendorff.com\/belogue\/2011\/01\/02\/bouee-de-vingt-scenes\/","url_meta":{"origin":3908,"position":1},"title":"Bou\u00e9e de vingt sc\u00e8nes.","author":"dpc","date":"2 janvier 2011","format":false,"excerpt":"\u00ab\u00a0Cette bou\u00e9e a sauv\u00e9 des vies.\u00a0\u00bb Pointe de la Torche, 2 novembre 2010. The Decemberists \u2013 January Hymn","rel":"","context":"Dans &quot;DPC&quot;","block_context":{"text":"DPC","link":"https:\/\/www.wallendorff.com\/belogue\/category\/dpc\/"},"img":{"alt_text":"","src":"https:\/\/i0.wp.com\/www.wallendorff.com\/belogue\/wp-content\/uploads\/2015\/04\/201101021.jpg?resize=350%2C200&ssl=1","width":350,"height":200},"classes":[]},{"id":6352,"url":"https:\/\/www.wallendorff.com\/belogue\/2010\/01\/27\/neut-huit-nuits-inuites1\/","url_meta":{"origin":3908,"position":2},"title":"N&rsquo;eut huit nuits inuites1.","author":"dpc","date":"27 janvier 2010","format":false,"excerpt":"Rue des Moulins, Strasbourg, 26 d\u00e9cembre 2009. \u00a0The Decemberists \u2013 From My Own True Love (Lost at Sea) Bon. _____ 1 \u00c0 r\u00e9p\u00e9ter \u00e0 haute voix 22 fois de suite tous les matins devant sa glace pour avoir un beau sourire de star vendeuse de caf\u00e9.","rel":"","context":"Dans &quot;DPC&quot;","block_context":{"text":"DPC","link":"https:\/\/www.wallendorff.com\/belogue\/category\/dpc\/"},"img":{"alt_text":"","src":"https:\/\/i0.wp.com\/www.wallendorff.com\/belogue\/wp-content\/uploads\/2015\/04\/201001271.jpg?resize=350%2C200&ssl=1","width":350,"height":200},"classes":[]},{"id":402,"url":"https:\/\/www.wallendorff.com\/belogue\/2005\/04\/17\/ramures-s-ebattent-aux-poles\/","url_meta":{"origin":3908,"position":3},"title":"Ramures s&rsquo;&eacute;battent aux p&ocirc;les.","author":"dpc","date":"17 avril 2005","format":false,"excerpt":"Place des Vosges, Paris, 10 avril. \u00a0The Detroit Cobras \u2013 Hey Sailor (Micky Lee Lane cover)","rel":"","context":"Dans &quot;DPC&quot;","block_context":{"text":"DPC","link":"https:\/\/www.wallendorff.com\/belogue\/category\/dpc\/"},"img":{"alt_text":"","src":"https:\/\/i0.wp.com\/www.wallendorff.com\/belogue\/wp-content\/uploads\/2015\/04\/200504171.jpg?resize=350%2C200&ssl=1","width":350,"height":200},"classes":[]},{"id":9753,"url":"https:\/\/www.wallendorff.com\/belogue\/2010\/11\/04\/car-haubans-encore\/","url_meta":{"origin":3908,"position":4},"title":"Car haubans, encore.","author":"dpc","date":"4 novembre 2010","format":false,"excerpt":"AF Chapman, Stockholm, 29 ao\u00fbt. The Decemberists \u2013 Down By the Water","rel":"","context":"Dans &quot;DPC&quot;","block_context":{"text":"DPC","link":"https:\/\/www.wallendorff.com\/belogue\/category\/dpc\/"},"img":{"alt_text":"","src":"https:\/\/i0.wp.com\/www.wallendorff.com\/belogue\/wp-content\/uploads\/2015\/04\/201011041.jpg?resize=350%2C200&ssl=1","width":350,"height":200},"classes":[]},{"id":4198,"url":"https:\/\/www.wallendorff.com\/belogue\/2009\/05\/16\/tu-pus-du-cru\/","url_meta":{"origin":3908,"position":5},"title":"Tu pus du cr\u00fb.","author":"dpc","date":"16 mai 2009","format":false,"excerpt":"Terminal 2F, a\u00e9roport Charles de Gaulle, 24 avril. [Meoow.] \u00a0The Decemberists \u2013 Sons & Daughters","rel":"","context":"Dans &quot;DPC&quot;","block_context":{"text":"DPC","link":"https:\/\/www.wallendorff.com\/belogue\/category\/dpc\/"},"img":{"alt_text":"","src":"https:\/\/i0.wp.com\/www.wallendorff.com\/belogue\/wp-content\/uploads\/2015\/04\/200905161.jpg?resize=350%2C200&ssl=1","width":350,"height":200},"classes":[]}],"_links":{"self":[{"href":"https:\/\/www.wallendorff.com\/belogue\/wp-json\/wp\/v2\/posts\/3908","targetHints":{"allow":["GET"]}}],"collection":[{"href":"https:\/\/www.wallendorff.com\/belogue\/wp-json\/wp\/v2\/posts"}],"about":[{"href":"https:\/\/www.wallendorff.com\/belogue\/wp-json\/wp\/v2\/types\/post"}],"author":[{"embeddable":true,"href":"https:\/\/www.wallendorff.com\/belogue\/wp-json\/wp\/v2\/users\/1"}],"replies":[{"embeddable":true,"href":"https:\/\/www.wallendorff.com\/belogue\/wp-json\/wp\/v2\/comments?post=3908"}],"version-history":[{"count":1,"href":"https:\/\/www.wallendorff.com\/belogue\/wp-json\/wp\/v2\/posts\/3908\/revisions"}],"predecessor-version":[{"id":15658,"href":"https:\/\/www.wallendorff.com\/belogue\/wp-json\/wp\/v2\/posts\/3908\/revisions\/15658"}],"wp:featuredmedia":[{"embeddable":true,"href":"https:\/\/www.wallendorff.com\/belogue\/wp-json\/wp\/v2\/media\/25364"}],"wp:attachment":[{"href":"https:\/\/www.wallendorff.com\/belogue\/wp-json\/wp\/v2\/media?parent=3908"}],"wp:term":[{"taxonomy":"category","embeddable":true,"href":"https:\/\/www.wallendorff.com\/belogue\/wp-json\/wp\/v2\/categories?post=3908"},{"taxonomy":"post_tag","embeddable":true,"href":"https:\/\/www.wallendorff.com\/belogue\/wp-json\/wp\/v2\/tags?post=3908"}],"curies":[{"name":"wp","href":"https:\/\/api.w.org\/{rel}","templated":true}]}}