{"id":3903,"date":"2009-02-12T12:38:03","date_gmt":"2009-02-12T11:38:03","guid":{"rendered":"http:\/\/www.po-l.com\/belogue\/?p=3903"},"modified":"2011-10-24T13:30:51","modified_gmt":"2011-10-24T11:30:51","slug":"main-square-festival-arras-6-juillet-2008","status":"publish","type":"post","link":"https:\/\/www.wallendorff.com\/belogue\/2009\/02\/12\/main-square-festival-arras-6-juillet-2008\/","title":{"rendered":"Main Square Festival, Arras, 6 juillet 2008."},"content":{"rendered":"<div id=\"photo\">\n<p><img decoding=\"async\" src=\"https:\/\/www.wallendorff.com\/belogue\/photo\/2009\/02\/20090212.jpg\" \/><\/p>\n<\/div>\n<h1>Vampire Weekend<\/h1>ngg_shortcode_0_placeholder<p>&nbsp;<\/p>\n<h1>\n<h1>The Wombats<\/h1>ngg_shortcode_1_placeholder<p>&nbsp;<\/p>\n<h1>The D&oslash;<\/h1>ngg_shortcode_2_placeholder<p>&nbsp;<\/p>\n<h1>Sigur R&oacute;s<\/h1>ngg_shortcode_3_placeholder<p>&nbsp;<\/p>\n<h1>Radiohead<\/h1>ngg_shortcode_4_placeholder<p>&nbsp;<\/p>\n","protected":false},"excerpt":{"rendered":"<p>Vampire Weekend &nbsp; The Wombats &nbsp; The D&oslash; &nbsp; Sigur R&oacute;s &nbsp; Radiohead &nbsp;<\/p>\n","protected":false},"author":1,"featured_media":25363,"comment_status":"open","ping_status":"open","sticky":false,"template":"","format":"standard","meta":{"_acf_changed":false,"ngg_post_thumbnail":0,"jetpack_post_was_ever_published":false,"_jetpack_newsletter_access":"","_jetpack_dont_email_post_to_subs":false,"_jetpack_newsletter_tier_id":0,"_jetpack_memberships_contains_paywalled_content":false,"_jetpack_memberships_contains_paid_content":false,"footnotes":"","jetpack_publicize_message":"","jetpack_publicize_feature_enabled":true,"jetpack_social_post_already_shared":false,"jetpack_social_options":{"image_generator_settings":{"template":"highway","default_image_id":0,"font":"","enabled":false},"version":2}},"categories":[7],"tags":[203,10084,10490,181,187,10136,10489,3935,2547,10492,128,950,2233,10458,10516],"class_list":["post-3903","post","type-post","status-publish","format-standard","has-post-thumbnail","hentry","category-alive","tag-203","tag-alive","tag-arras","tag-ef-70-200-mm-f28l-usm","tag-eos-1d-mark-ii","tag-festival","tag-main-square-festival","tag-main-square-festival-2008","tag-nord","tag-nord-pas-de-calais","tag-radiohead","tag-sigur-ros","tag-the-d","tag-the-wombats","tag-vampire-weekend"],"acf":[],"geo":{"latitude":50.2923317,"longitude":2.7805121,"description":null},"jetpack_publicize_connections":[],"jetpack_featured_media_url":"https:\/\/www.wallendorff.com\/belogue\/wp-content\/uploads\/2015\/04\/200902121.jpg","jetpack_shortlink":"https:\/\/wp.me\/p3b35P-10X","jetpack_sharing_enabled":true,"jetpack-related-posts":[{"id":1264,"url":"https:\/\/www.wallendorff.com\/belogue\/2008\/07\/07\/main-square-festival-arras-5-6-juillet\/","url_meta":{"origin":3903,"position":0},"title":"Main Square Festival, Arras, 5-6 juillet.","author":"dpc","date":"7 juillet 2008","format":false,"excerpt":"\u00a0Radiohead \u2013 The National Anthem (live) Et se dire que finalement, apr\u00e8s avoir eu Radiohead rien que pour soi dans un concert meilleur que celui de Bercy, apr\u00e8s avoir d\u00e9couvert que les Kooks ne sont pas si anecdotiques que \u00e7a, apr\u00e8s avoir pu passer du temps avec des gens pas\u2026","rel":"","context":"Dans &quot;Alive&quot;","block_context":{"text":"Alive","link":"https:\/\/www.wallendorff.com\/belogue\/category\/alive\/"},"img":{"alt_text":"","src":"https:\/\/i0.wp.com\/www.wallendorff.com\/belogue\/wp-content\/uploads\/2017\/07\/20080707.jpg?resize=350%2C200&ssl=1","width":350,"height":200,"srcset":"https:\/\/i0.wp.com\/www.wallendorff.com\/belogue\/wp-content\/uploads\/2017\/07\/20080707.jpg?resize=350%2C200&ssl=1 1x, https:\/\/i0.wp.com\/www.wallendorff.com\/belogue\/wp-content\/uploads\/2017\/07\/20080707.jpg?resize=525%2C300&ssl=1 1.5x, https:\/\/i0.wp.com\/www.wallendorff.com\/belogue\/wp-content\/uploads\/2017\/07\/20080707.jpg?resize=700%2C400&ssl=1 2x, https:\/\/i0.wp.com\/www.wallendorff.com\/belogue\/wp-content\/uploads\/2017\/07\/20080707.jpg?resize=1050%2C600&ssl=1 3x"},"classes":[]},{"id":3721,"url":"https:\/\/www.wallendorff.com\/belogue\/2008\/12\/28\/2008en-3\/","url_meta":{"origin":3903,"position":1},"title":"2008 en&#8230; #3.","author":"dpc","date":"28 d\u00e9cembre 2008","format":false,"excerpt":"La Maroquinerie, Paris, 28 mai. pr\u00e9sentent 2008 en 10 soir\u00e9es qui tachent grave je te dis pas Je crois en avoir parl\u00e9 comme il fallait d\u00e8s le lendemain du concert. Ce 27 mai, la meute de damn\u00e9s de Flogging Molly a pris la Maroquinerie, l'a retourn\u00e9e et l'a secou\u00e9e sans\u2026","rel":"","context":"Dans &quot;DPC&quot;","block_context":{"text":"DPC","link":"https:\/\/www.wallendorff.com\/belogue\/category\/dpc\/"},"img":{"alt_text":"","src":"https:\/\/i0.wp.com\/www.wallendorff.com\/belogue\/wp-content\/uploads\/2015\/04\/200812281.jpg?resize=350%2C200&ssl=1","width":350,"height":200},"classes":[]},{"id":4325,"url":"https:\/\/www.wallendorff.com\/belogue\/2009\/06\/24\/some-things-will-never-wash-away\/","url_meta":{"origin":3903,"position":2},"title":"Some things will never wash away.","author":"dpc","date":"24 juin 2009","format":false,"excerpt":"Grant Park, Chicago, 29 avril. Radiohead \u2013 Fog (Again) (live)","rel":"","context":"Dans &quot;DPC&quot;","block_context":{"text":"DPC","link":"https:\/\/www.wallendorff.com\/belogue\/category\/dpc\/"},"img":{"alt_text":"","src":"https:\/\/i0.wp.com\/www.wallendorff.com\/belogue\/wp-content\/uploads\/2015\/04\/200906241.jpg?resize=350%2C200&ssl=1","width":350,"height":200},"classes":[]},{"id":3898,"url":"https:\/\/www.wallendorff.com\/belogue\/2009\/02\/10\/main-square-festival-arras-05-juillet-2008\/","url_meta":{"origin":3903,"position":3},"title":"Main Square Festival, Arras, 5 juillet 2008.","author":"dpc","date":"10 f\u00e9vrier 2009","format":false,"excerpt":"Je les avais promises l'ann\u00e9e derni\u00e8re et hop les voil\u00e0, les photos du Main Square Festival \u2015\u00a0Munster festival pour les intimes\u00a0\u2015, pr\u00e8s de 7 mois apr\u00e8s la bataille. Youpi. Hoosiers \u00a0 Panic at the Disco \u00a0 BB Brunes \u00a0 The Kooks \u00a0 Mika \u00a0 Apr\u00e8s cette belle s\u00e9ries de photos\u2026","rel":"","context":"Dans &quot;Alive&quot;","block_context":{"text":"Alive","link":"https:\/\/www.wallendorff.com\/belogue\/category\/alive\/"},"img":{"alt_text":"","src":"https:\/\/i0.wp.com\/www.wallendorff.com\/belogue\/wp-content\/uploads\/2015\/04\/200902101.jpg?resize=350%2C200&ssl=1","width":350,"height":200,"srcset":"https:\/\/i0.wp.com\/www.wallendorff.com\/belogue\/wp-content\/uploads\/2015\/04\/200902101.jpg?resize=350%2C200&ssl=1 1x, https:\/\/i0.wp.com\/www.wallendorff.com\/belogue\/wp-content\/uploads\/2015\/04\/200902101.jpg?resize=525%2C300&ssl=1 1.5x, https:\/\/i0.wp.com\/www.wallendorff.com\/belogue\/wp-content\/uploads\/2015\/04\/200902101.jpg?resize=700%2C400&ssl=1 2x"},"classes":[]},{"id":1267,"url":"https:\/\/www.wallendorff.com\/belogue\/2008\/07\/10\/shooting-people-31\/","url_meta":{"origin":3903,"position":4},"title":"Shooting people #31.","author":"dpc","date":"10 juillet 2008","format":false,"excerpt":"Main Square Festival, Arras, 5 juillet. If I had known then what I know now. \u00a0 Pearl Jam \u2013 Red Mosquito","rel":"","context":"Dans &quot;Portraits&quot;","block_context":{"text":"Portraits","link":"https:\/\/www.wallendorff.com\/belogue\/category\/portraits\/"},"img":{"alt_text":"","src":"https:\/\/i0.wp.com\/www.wallendorff.com\/belogue\/wp-content\/uploads\/2015\/04\/200807101.jpg?resize=350%2C200&ssl=1","width":350,"height":200,"srcset":"https:\/\/i0.wp.com\/www.wallendorff.com\/belogue\/wp-content\/uploads\/2015\/04\/200807101.jpg?resize=350%2C200&ssl=1 1x, https:\/\/i0.wp.com\/www.wallendorff.com\/belogue\/wp-content\/uploads\/2015\/04\/200807101.jpg?resize=525%2C300&ssl=1 1.5x, https:\/\/i0.wp.com\/www.wallendorff.com\/belogue\/wp-content\/uploads\/2015\/04\/200807101.jpg?resize=700%2C400&ssl=1 2x"},"classes":[]},{"id":12964,"url":"https:\/\/www.wallendorff.com\/belogue\/2011\/07\/04\/main-square-festival-arras-1er-3-juillet\/","url_meta":{"origin":3903,"position":5},"title":"Main Square Festival, Arras, 1er-3 juillet.","author":"dpc","date":"4 juillet 2011","format":false,"excerpt":"Arras, 2 juillet. Parce que je suis un homme de tradition-tion. Les photos suivront. \u00a0Tom Vek \u2013 A Chore [youtube]http:\/\/www.youtube.com\/watch?v=aCfWUl5OvB0[\/youtube]","rel":"","context":"Dans &quot;Alive&quot;","block_context":{"text":"Alive","link":"https:\/\/www.wallendorff.com\/belogue\/category\/alive\/"},"img":{"alt_text":"","src":"https:\/\/i0.wp.com\/www.wallendorff.com\/belogue\/wp-content\/uploads\/2017\/07\/20110704.jpg?resize=350%2C200&ssl=1","width":350,"height":200,"srcset":"https:\/\/i0.wp.com\/www.wallendorff.com\/belogue\/wp-content\/uploads\/2017\/07\/20110704.jpg?resize=350%2C200&ssl=1 1x, https:\/\/i0.wp.com\/www.wallendorff.com\/belogue\/wp-content\/uploads\/2017\/07\/20110704.jpg?resize=525%2C300&ssl=1 1.5x, https:\/\/i0.wp.com\/www.wallendorff.com\/belogue\/wp-content\/uploads\/2017\/07\/20110704.jpg?resize=700%2C400&ssl=1 2x, https:\/\/i0.wp.com\/www.wallendorff.com\/belogue\/wp-content\/uploads\/2017\/07\/20110704.jpg?resize=1050%2C600&ssl=1 3x"},"classes":[]}],"_links":{"self":[{"href":"https:\/\/www.wallendorff.com\/belogue\/wp-json\/wp\/v2\/posts\/3903","targetHints":{"allow":["GET"]}}],"collection":[{"href":"https:\/\/www.wallendorff.com\/belogue\/wp-json\/wp\/v2\/posts"}],"about":[{"href":"https:\/\/www.wallendorff.com\/belogue\/wp-json\/wp\/v2\/types\/post"}],"author":[{"embeddable":true,"href":"https:\/\/www.wallendorff.com\/belogue\/wp-json\/wp\/v2\/users\/1"}],"replies":[{"embeddable":true,"href":"https:\/\/www.wallendorff.com\/belogue\/wp-json\/wp\/v2\/comments?post=3903"}],"version-history":[{"count":4,"href":"https:\/\/www.wallendorff.com\/belogue\/wp-json\/wp\/v2\/posts\/3903\/revisions"}],"predecessor-version":[{"id":13859,"href":"https:\/\/www.wallendorff.com\/belogue\/wp-json\/wp\/v2\/posts\/3903\/revisions\/13859"}],"wp:featuredmedia":[{"embeddable":true,"href":"https:\/\/www.wallendorff.com\/belogue\/wp-json\/wp\/v2\/media\/25363"}],"wp:attachment":[{"href":"https:\/\/www.wallendorff.com\/belogue\/wp-json\/wp\/v2\/media?parent=3903"}],"wp:term":[{"taxonomy":"category","embeddable":true,"href":"https:\/\/www.wallendorff.com\/belogue\/wp-json\/wp\/v2\/categories?post=3903"},{"taxonomy":"post_tag","embeddable":true,"href":"https:\/\/www.wallendorff.com\/belogue\/wp-json\/wp\/v2\/tags?post=3903"}],"curies":[{"name":"wp","href":"https:\/\/api.w.org\/{rel}","templated":true}]}}