{"id":3898,"date":"2009-02-10T12:15:24","date_gmt":"2009-02-10T11:15:24","guid":{"rendered":"http:\/\/www.po-l.com\/belogue\/?p=3898"},"modified":"2011-10-24T13:32:52","modified_gmt":"2011-10-24T11:32:52","slug":"main-square-festival-arras-05-juillet-2008","status":"publish","type":"post","link":"https:\/\/www.wallendorff.com\/belogue\/2009\/02\/10\/main-square-festival-arras-05-juillet-2008\/","title":{"rendered":"Main Square Festival, Arras, 5 juillet 2008."},"content":{"rendered":"<div id=\"photo\">\n<p><img decoding=\"async\" src=\"https:\/\/www.wallendorff.com\/belogue\/photo\/2009\/02\/20090210.jpg\" \/><\/p>\n<\/div>\n<p><a href=\"https:\/\/www.wallendorff.com\/belogue\/2008\/12\/28\/2008en-3\/\">Je les avais promises l&rsquo;ann&eacute;e derni&egrave;re<\/a> et hop les voil&agrave;, les photos du Main Square Festival &#8213;&nbsp;Munster festival pour les intimes&nbsp;&#8213;, pr&egrave;s de 7 mois apr&egrave;s la bataille. Youpi.<\/p>\n<h1 >Hoosiers<\/h1>ngg_shortcode_0_placeholder<p>&nbsp;<\/p>\n<h1 >Panic at the Disco<\/h1>ngg_shortcode_1_placeholder<p>&nbsp;<\/p>\n<h1 >BB Brunes<\/h1>ngg_shortcode_2_placeholder<p>&nbsp;<\/p>\n<h1 >The Kooks<\/h1>ngg_shortcode_3_placeholder<p>&nbsp;<\/p>\n<h1 >Mika<\/h1>ngg_shortcode_4_placeholder<p>&nbsp;<\/p>\n<p >Apr&egrave;s cette belle s&eacute;ries de photos de Mika qui est d&eacute;cid&eacute;ment mon artiste pr&eacute;f&eacute;r&eacute; du monde, je pr&eacute;f&egrave;re ne pas mettre de bande-son du jour pour que tous ensemble nous restions avec <em>Grosse fille (Tu es tr&egrave;s jolie)<\/em> dans la t&ecirc;te pour la journ&eacute;e. Non non, ne me remerciez pas, c&rsquo;est bien normal.<\/p>\n","protected":false},"excerpt":{"rendered":"<p>Je les avais promises l&rsquo;ann&eacute;e derni&egrave;re et hop les voil&agrave;, les photos du Main Square Festival &#8213;&nbsp;Munster festival pour les intimes&nbsp;&#8213;, pr&egrave;s de 7 mois apr&egrave;s la bataille. Youpi. Hoosiers &nbsp; Panic at the Disco &nbsp; BB Brunes &nbsp; The Kooks &nbsp; Mika &nbsp; Apr&egrave;s cette belle s&eacute;ries de photos de Mika qui est d&eacute;cid&eacute;ment&hellip;<\/p>\n","protected":false},"author":1,"featured_media":25362,"comment_status":"open","ping_status":"open","sticky":false,"template":"","format":"standard","meta":{"_acf_changed":false,"ngg_post_thumbnail":0,"jetpack_post_was_ever_published":false,"_jetpack_newsletter_access":"","_jetpack_dont_email_post_to_subs":false,"_jetpack_newsletter_tier_id":0,"_jetpack_memberships_contains_paywalled_content":false,"_jetpack_memberships_contains_paid_content":false,"footnotes":"","jetpack_publicize_message":"","jetpack_publicize_feature_enabled":true,"jetpack_social_post_already_shared":false,"jetpack_social_options":{"image_generator_settings":{"template":"highway","default_image_id":0,"font":"","enabled":false},"version":2}},"categories":[7],"tags":[10490,10469,181,187,10136,2698,10489,3935,10471,2547,10492,2628,2381],"class_list":["post-3898","post","type-post","status-publish","format-standard","has-post-thumbnail","hentry","category-alive","tag-arras","tag-bb-brunes","tag-ef-70-200-mm-f28l-usm","tag-eos-1d-mark-ii","tag-festival","tag-hoosiers","tag-main-square-festival","tag-main-square-festival-2008","tag-mika","tag-nord","tag-nord-pas-de-calais","tag-panic-at-the-disco","tag-the-kooks"],"acf":[],"geo":{"latitude":50.2923317,"longitude":2.7805121,"description":null},"jetpack_publicize_connections":[],"jetpack_featured_media_url":"https:\/\/www.wallendorff.com\/belogue\/wp-content\/uploads\/2015\/04\/200902101.jpg","jetpack_shortlink":"https:\/\/wp.me\/p3b35P-10S","jetpack_sharing_enabled":true,"jetpack-related-posts":[{"id":1264,"url":"https:\/\/www.wallendorff.com\/belogue\/2008\/07\/07\/main-square-festival-arras-5-6-juillet\/","url_meta":{"origin":3898,"position":0},"title":"Main Square Festival, Arras, 5-6 juillet.","author":"dpc","date":"7 juillet 2008","format":false,"excerpt":"\u00a0Radiohead \u2013 The National Anthem (live) Et se dire que finalement, apr\u00e8s avoir eu Radiohead rien que pour soi dans un concert meilleur que celui de Bercy, apr\u00e8s avoir d\u00e9couvert que les Kooks ne sont pas si anecdotiques que \u00e7a, apr\u00e8s avoir pu passer du temps avec des gens pas\u2026","rel":"","context":"Dans &quot;Alive&quot;","block_context":{"text":"Alive","link":"https:\/\/www.wallendorff.com\/belogue\/category\/alive\/"},"img":{"alt_text":"","src":"https:\/\/i0.wp.com\/www.wallendorff.com\/belogue\/wp-content\/uploads\/2017\/07\/20080707.jpg?resize=350%2C200&ssl=1","width":350,"height":200,"srcset":"https:\/\/i0.wp.com\/www.wallendorff.com\/belogue\/wp-content\/uploads\/2017\/07\/20080707.jpg?resize=350%2C200&ssl=1 1x, https:\/\/i0.wp.com\/www.wallendorff.com\/belogue\/wp-content\/uploads\/2017\/07\/20080707.jpg?resize=525%2C300&ssl=1 1.5x, https:\/\/i0.wp.com\/www.wallendorff.com\/belogue\/wp-content\/uploads\/2017\/07\/20080707.jpg?resize=700%2C400&ssl=1 2x, https:\/\/i0.wp.com\/www.wallendorff.com\/belogue\/wp-content\/uploads\/2017\/07\/20080707.jpg?resize=1050%2C600&ssl=1 3x"},"classes":[]},{"id":18051,"url":"https:\/\/www.wallendorff.com\/belogue\/2012\/07\/04\/main-square-festival-jour-2-2\/","url_meta":{"origin":3898,"position":1},"title":"Main Square Festival 2012, jour 2.","author":"dpc","date":"4 juillet 2012","format":false,"excerpt":"D\u00e9couvrir qu'on est valid\u00e9 pour Pearl Jam. Rater \u00e0 deux reprises le saut du chanteur de Skip the Use. Aller s'assurer qu'on est bien valid\u00e9 pour Pearl Jam. Se faire saucer. Chiper un poncho Virgin Radio. Rater Within Temptation. Aller voir si on est toujours valid\u00e9 pour Pearl Jam. Se\u2026","rel":"","context":"Dans &quot;Alive&quot;","block_context":{"text":"Alive","link":"https:\/\/www.wallendorff.com\/belogue\/category\/alive\/"},"img":{"alt_text":"","src":"https:\/\/i0.wp.com\/www.wallendorff.com\/belogue\/wp-content\/uploads\/2015\/04\/201207041.jpg?resize=350%2C200&ssl=1","width":350,"height":200,"srcset":"https:\/\/i0.wp.com\/www.wallendorff.com\/belogue\/wp-content\/uploads\/2015\/04\/201207041.jpg?resize=350%2C200&ssl=1 1x, https:\/\/i0.wp.com\/www.wallendorff.com\/belogue\/wp-content\/uploads\/2015\/04\/201207041.jpg?resize=525%2C300&ssl=1 1.5x, https:\/\/i0.wp.com\/www.wallendorff.com\/belogue\/wp-content\/uploads\/2015\/04\/201207041.jpg?resize=700%2C400&ssl=1 2x"},"classes":[]},{"id":128393,"url":"https:\/\/www.wallendorff.com\/belogue\/2024\/06\/16\/cetait-2008\/","url_meta":{"origin":3898,"position":2},"title":"C&rsquo;\u00e9tait 2008.","author":"dpc","date":"16 juin 2024","format":false,"excerpt":"2008, fin de cycles. KillerPilze @ le Trabendo, Paris, 12 janvier 2008. Linkin Park @ le Galaxie, Amn\u00e9ville, 17 janvier 2008. Paris, 27 janvier 2008. Mademoiselle K @ studios Jet, Bruxelles, 16 f\u00e9vrier 2008. Londres, 18 f\u00e9vrier 2008. Amsterdam, 2 avril 2008. Editors @ le Bataclan, Paris, 07 avril 2008\u2026","rel":"","context":"Dans &quot;DPC&quot;","block_context":{"text":"DPC","link":"https:\/\/www.wallendorff.com\/belogue\/category\/dpc\/"},"img":{"alt_text":"","src":"https:\/\/i0.wp.com\/www.wallendorff.com\/belogue\/wp-content\/uploads\/2024\/06\/20240616-04.jpg?resize=350%2C200&ssl=1","width":350,"height":200,"srcset":"https:\/\/i0.wp.com\/www.wallendorff.com\/belogue\/wp-content\/uploads\/2024\/06\/20240616-04.jpg?resize=350%2C200&ssl=1 1x, https:\/\/i0.wp.com\/www.wallendorff.com\/belogue\/wp-content\/uploads\/2024\/06\/20240616-04.jpg?resize=525%2C300&ssl=1 1.5x, https:\/\/i0.wp.com\/www.wallendorff.com\/belogue\/wp-content\/uploads\/2024\/06\/20240616-04.jpg?resize=700%2C400&ssl=1 2x, https:\/\/i0.wp.com\/www.wallendorff.com\/belogue\/wp-content\/uploads\/2024\/06\/20240616-04.jpg?resize=1050%2C600&ssl=1 3x"},"classes":[]},{"id":7803,"url":"https:\/\/www.wallendorff.com\/belogue\/2010\/07\/05\/main-square-festival-arras-2-4-juillet\/","url_meta":{"origin":3898,"position":3},"title":"Main Square Festival, Arras, 2-4 juillet.","author":"dpc","date":"5 juillet 2010","format":false,"excerpt":"Arras, 4 juillet. Parce que je suis un homme de traditions. Les photos viendront plus tard, en attendant j'ai laiss\u00e9 tra\u00eener 2-3 flash infos sur Truitteur, pour ceux qui veulent. Woohoo. \u00a0Ikara Colt \u2013 One Note","rel":"","context":"Dans &quot;Alive&quot;","block_context":{"text":"Alive","link":"https:\/\/www.wallendorff.com\/belogue\/category\/alive\/"},"img":{"alt_text":"","src":"https:\/\/i0.wp.com\/www.wallendorff.com\/belogue\/wp-content\/uploads\/2017\/07\/20100705.jpg?resize=350%2C200&ssl=1","width":350,"height":200,"srcset":"https:\/\/i0.wp.com\/www.wallendorff.com\/belogue\/wp-content\/uploads\/2017\/07\/20100705.jpg?resize=350%2C200&ssl=1 1x, https:\/\/i0.wp.com\/www.wallendorff.com\/belogue\/wp-content\/uploads\/2017\/07\/20100705.jpg?resize=525%2C300&ssl=1 1.5x, https:\/\/i0.wp.com\/www.wallendorff.com\/belogue\/wp-content\/uploads\/2017\/07\/20100705.jpg?resize=700%2C400&ssl=1 2x, https:\/\/i0.wp.com\/www.wallendorff.com\/belogue\/wp-content\/uploads\/2017\/07\/20100705.jpg?resize=1050%2C600&ssl=1 3x"},"classes":[]},{"id":18015,"url":"https:\/\/www.wallendorff.com\/belogue\/2012\/07\/02\/main-square-festival-arras-29-juin-1er-juillet\/","url_meta":{"origin":3898,"position":4},"title":"Main Square Festival, Arras, 29 juin &#8211; 1er juillet.","author":"dpc","date":"2 juillet 2012","format":false,"excerpt":"Arras, 1er juillet. Parce que je suis un homme de tradition-tion-tion. Messages personnels\u00a0: Pardon, pardon, pardon \u00e0 toi l'Italien de samedi soir. Je m'en voudrai toute ma vie. Pardon. Merci \u00e0 toi du premier rang qui m'a reconnu vendredi avant Greenshape [ou Stuck in the Sound, je ne sais plus\u2026","rel":"","context":"Dans &quot;Alive&quot;","block_context":{"text":"Alive","link":"https:\/\/www.wallendorff.com\/belogue\/category\/alive\/"},"img":{"alt_text":"","src":"https:\/\/i0.wp.com\/www.wallendorff.com\/belogue\/wp-content\/uploads\/2012\/07\/20120702.jpg?resize=350%2C200&ssl=1","width":350,"height":200,"srcset":"https:\/\/i0.wp.com\/www.wallendorff.com\/belogue\/wp-content\/uploads\/2012\/07\/20120702.jpg?resize=350%2C200&ssl=1 1x, https:\/\/i0.wp.com\/www.wallendorff.com\/belogue\/wp-content\/uploads\/2012\/07\/20120702.jpg?resize=525%2C300&ssl=1 1.5x, https:\/\/i0.wp.com\/www.wallendorff.com\/belogue\/wp-content\/uploads\/2012\/07\/20120702.jpg?resize=700%2C400&ssl=1 2x, https:\/\/i0.wp.com\/www.wallendorff.com\/belogue\/wp-content\/uploads\/2012\/07\/20120702.jpg?resize=1050%2C600&ssl=1 3x"},"classes":[]},{"id":12964,"url":"https:\/\/www.wallendorff.com\/belogue\/2011\/07\/04\/main-square-festival-arras-1er-3-juillet\/","url_meta":{"origin":3898,"position":5},"title":"Main Square Festival, Arras, 1er-3 juillet.","author":"dpc","date":"4 juillet 2011","format":false,"excerpt":"Arras, 2 juillet. Parce que je suis un homme de tradition-tion. Les photos suivront. \u00a0Tom Vek \u2013 A Chore [youtube]http:\/\/www.youtube.com\/watch?v=aCfWUl5OvB0[\/youtube]","rel":"","context":"Dans &quot;Alive&quot;","block_context":{"text":"Alive","link":"https:\/\/www.wallendorff.com\/belogue\/category\/alive\/"},"img":{"alt_text":"","src":"https:\/\/i0.wp.com\/www.wallendorff.com\/belogue\/wp-content\/uploads\/2017\/07\/20110704.jpg?resize=350%2C200&ssl=1","width":350,"height":200,"srcset":"https:\/\/i0.wp.com\/www.wallendorff.com\/belogue\/wp-content\/uploads\/2017\/07\/20110704.jpg?resize=350%2C200&ssl=1 1x, https:\/\/i0.wp.com\/www.wallendorff.com\/belogue\/wp-content\/uploads\/2017\/07\/20110704.jpg?resize=525%2C300&ssl=1 1.5x, https:\/\/i0.wp.com\/www.wallendorff.com\/belogue\/wp-content\/uploads\/2017\/07\/20110704.jpg?resize=700%2C400&ssl=1 2x, https:\/\/i0.wp.com\/www.wallendorff.com\/belogue\/wp-content\/uploads\/2017\/07\/20110704.jpg?resize=1050%2C600&ssl=1 3x"},"classes":[]}],"_links":{"self":[{"href":"https:\/\/www.wallendorff.com\/belogue\/wp-json\/wp\/v2\/posts\/3898","targetHints":{"allow":["GET"]}}],"collection":[{"href":"https:\/\/www.wallendorff.com\/belogue\/wp-json\/wp\/v2\/posts"}],"about":[{"href":"https:\/\/www.wallendorff.com\/belogue\/wp-json\/wp\/v2\/types\/post"}],"author":[{"embeddable":true,"href":"https:\/\/www.wallendorff.com\/belogue\/wp-json\/wp\/v2\/users\/1"}],"replies":[{"embeddable":true,"href":"https:\/\/www.wallendorff.com\/belogue\/wp-json\/wp\/v2\/comments?post=3898"}],"version-history":[{"count":4,"href":"https:\/\/www.wallendorff.com\/belogue\/wp-json\/wp\/v2\/posts\/3898\/revisions"}],"predecessor-version":[{"id":13863,"href":"https:\/\/www.wallendorff.com\/belogue\/wp-json\/wp\/v2\/posts\/3898\/revisions\/13863"}],"wp:featuredmedia":[{"embeddable":true,"href":"https:\/\/www.wallendorff.com\/belogue\/wp-json\/wp\/v2\/media\/25362"}],"wp:attachment":[{"href":"https:\/\/www.wallendorff.com\/belogue\/wp-json\/wp\/v2\/media?parent=3898"}],"wp:term":[{"taxonomy":"category","embeddable":true,"href":"https:\/\/www.wallendorff.com\/belogue\/wp-json\/wp\/v2\/categories?post=3898"},{"taxonomy":"post_tag","embeddable":true,"href":"https:\/\/www.wallendorff.com\/belogue\/wp-json\/wp\/v2\/tags?post=3898"}],"curies":[{"name":"wp","href":"https:\/\/api.w.org\/{rel}","templated":true}]}}