{"id":3891,"date":"2009-02-09T09:36:12","date_gmt":"2009-02-09T08:36:12","guid":{"rendered":"http:\/\/www.po-l.com\/belogue\/?p=3891"},"modified":"2012-11-06T14:23:55","modified_gmt":"2012-11-06T12:23:55","slug":"3891","status":"publish","type":"post","link":"https:\/\/www.wallendorff.com\/belogue\/2009\/02\/09\/3891\/","title":{"rendered":"Cense unique."},"content":{"rendered":"<div id=\"photo\">\n<p><img decoding=\"async\" src=\"https:\/\/www.wallendorff.com\/belogue\/photo\/2009\/02\/20090209.jpg\" \/><br \/>\nRue Lepic, Paris, 11 janvier.<\/p>\n<\/div>\n<p style=\"text-align:right\">Le lundi matin, il faut toujours d&eacute;marrer calmement.<\/p>\n<div id=\"bandeson\">\n<p><img decoding=\"async\" src=\"https:\/\/www.wallendorff.com\/belogue\/photo\/pochettes\/f\/foreman_jon-fall.jpg\" align=\"left\" \/> <a href=\"http:\/\/www.jonforeman.com\/\">Jon Foreman <\/a>&ndash; <em>The Cure for Pain<\/em><\/p>\n<\/div>\n","protected":false},"excerpt":{"rendered":"<p>Rue Lepic, Paris, 11 janvier. Le lundi matin, il faut toujours d&eacute;marrer calmement. Jon Foreman &ndash; The Cure for Pain<\/p>\n","protected":false},"author":1,"featured_media":25361,"comment_status":"open","ping_status":"open","sticky":false,"template":"","format":"standard","meta":{"_acf_changed":false,"ngg_post_thumbnail":0,"jetpack_post_was_ever_published":false,"_jetpack_newsletter_access":"","_jetpack_dont_email_post_to_subs":false,"_jetpack_newsletter_tier_id":0,"_jetpack_memberships_contains_paywalled_content":false,"_jetpack_memberships_contains_paid_content":false,"footnotes":"","jetpack_publicize_message":"","jetpack_publicize_feature_enabled":true,"jetpack_social_post_already_shared":false,"jetpack_social_options":{"image_generator_settings":{"template":"highway","default_image_id":0,"font":"","enabled":false},"version":2}},"categories":[3],"tags":[10143,2571,2615,10120,10121,2696,10278,10142,10147,10098,10305,2695,2697],"class_list":["post-3891","post","type-post","status-publish","format-standard","has-post-thumbnail","hentry","category-dpc","tag-10143","tag-ef-16-35-mm-f28l-ii-usm","tag-eos-5d-mark-ii","tag-france","tag-ile-de-france","tag-jon-foreman","tag-lampadaire","tag-montmartre","tag-nuit","tag-paris","tag-porte","tag-rue-lepic","tag-the-cure-for-pain"],"acf":[],"geo":{"latitude":48.8870964,"longitude":2.333833,"description":"1 Rue Tourlaque, 75018 Paris, France"},"jetpack_publicize_connections":[],"jetpack_featured_media_url":"https:\/\/www.wallendorff.com\/belogue\/wp-content\/uploads\/2015\/04\/200902091.jpg","jetpack_shortlink":"https:\/\/wp.me\/s3b35P-3891","jetpack_sharing_enabled":true,"jetpack-related-posts":[{"id":12759,"url":"https:\/\/www.wallendorff.com\/belogue\/2011\/05\/16\/follow-v\/","url_meta":{"origin":3891,"position":0},"title":"Follow [V].","author":"dpc","date":"16 mai 2011","format":false,"excerpt":"Rue Lepic, Paris, 20 avril. \u00a0Junip \u2013 Nackrosdammen","rel":"","context":"Dans &quot;DPC&quot;","block_context":{"text":"DPC","link":"https:\/\/www.wallendorff.com\/belogue\/category\/dpc\/"},"img":{"alt_text":"","src":"https:\/\/i0.wp.com\/www.wallendorff.com\/belogue\/wp-content\/uploads\/2015\/04\/201105161.jpg?resize=350%2C200&ssl=1","width":350,"height":200},"classes":[]},{"id":15525,"url":"https:\/\/www.wallendorff.com\/belogue\/2012\/01\/25\/tole-et-courson-permis\/","url_meta":{"origin":3891,"position":1},"title":"T\u00f4le et courson permis.","author":"dpc","date":"25 janvier 2012","format":false,"excerpt":"Hameau des Artistes, Paris, 4 d\u00e9cembre 2011. Me rappelle grave cette photo-l\u00e0. Editors \u2013 No Sound But the Wind (full band version) [youtube]http:\/\/www.youtube.com\/watch?v=ZK5TkPQ6HpU[\/youtube]","rel":"","context":"Dans &quot;DPC&quot;","block_context":{"text":"DPC","link":"https:\/\/www.wallendorff.com\/belogue\/category\/dpc\/"},"img":{"alt_text":"","src":"https:\/\/i0.wp.com\/www.wallendorff.com\/belogue\/wp-content\/uploads\/2015\/04\/201201251.jpg?resize=350%2C200&ssl=1","width":350,"height":200,"srcset":"https:\/\/i0.wp.com\/www.wallendorff.com\/belogue\/wp-content\/uploads\/2015\/04\/201201251.jpg?resize=350%2C200&ssl=1 1x, https:\/\/i0.wp.com\/www.wallendorff.com\/belogue\/wp-content\/uploads\/2015\/04\/201201251.jpg?resize=525%2C300&ssl=1 1.5x, https:\/\/i0.wp.com\/www.wallendorff.com\/belogue\/wp-content\/uploads\/2015\/04\/201201251.jpg?resize=700%2C400&ssl=1 2x"},"classes":[]},{"id":131069,"url":"https:\/\/www.wallendorff.com\/belogue\/2024\/10\/31\/octobre-2024\/","url_meta":{"origin":3891,"position":2},"title":"Octobre 2024.","author":"dpc","date":"31 octobre 2024","format":false,"excerpt":"Un ap\u00e9ro, une fresque, un ap\u00e9ro, un au-revoir, un reflet, une valise, des avions, une ruelle, un chat pr\u00e9nomm\u00e9 PREEEEGO, un livre \u00e0 l\u2019ombre, un reflet, une \u0153uvre d\u2019art, une pause, un avion, des toques, un graffiti, une bande dessin\u00e9e, un mus\u00e9e, une tour, un chat pr\u00e9nomm\u00e9 Plume, une expo,\u2026","rel":"","context":"Dans &quot;Blog-note&quot;","block_context":{"text":"Blog-note","link":"https:\/\/www.wallendorff.com\/belogue\/category\/blog-note\/"},"img":{"alt_text":"","src":"https:\/\/i0.wp.com\/www.wallendorff.com\/belogue\/wp-content\/uploads\/2024\/11\/20241116-09.jpg?resize=350%2C200&ssl=1","width":350,"height":200,"srcset":"https:\/\/i0.wp.com\/www.wallendorff.com\/belogue\/wp-content\/uploads\/2024\/11\/20241116-09.jpg?resize=350%2C200&ssl=1 1x, https:\/\/i0.wp.com\/www.wallendorff.com\/belogue\/wp-content\/uploads\/2024\/11\/20241116-09.jpg?resize=525%2C300&ssl=1 1.5x, https:\/\/i0.wp.com\/www.wallendorff.com\/belogue\/wp-content\/uploads\/2024\/11\/20241116-09.jpg?resize=700%2C400&ssl=1 2x, https:\/\/i0.wp.com\/www.wallendorff.com\/belogue\/wp-content\/uploads\/2024\/11\/20241116-09.jpg?resize=1050%2C600&ssl=1 3x"},"classes":[]},{"id":45426,"url":"https:\/\/www.wallendorff.com\/belogue\/2020\/03\/31\/mars-2020\/","url_meta":{"origin":3891,"position":3},"title":"Mars 2020.","author":"dpc","date":"31 mars 2020","format":false,"excerpt":"Une gare, un train, un boulevard, une fen\u00eatre, un souper, un escalier, une statue, un arbre, un m\u00e9tro, un concert, un num\u00e9ro, un chat, un PC, une flaque de jour, une flaque de nuit, un cor de chasse, une tour, un quai, un skieur, une pause-caf\u00e9, une ruelle, un boulevard,\u2026","rel":"","context":"Dans &quot;Blog-note&quot;","block_context":{"text":"Blog-note","link":"https:\/\/www.wallendorff.com\/belogue\/category\/blog-note\/"},"img":{"alt_text":"","src":"https:\/\/i0.wp.com\/www.wallendorff.com\/belogue\/wp-content\/uploads\/2020\/04\/20200407-45.jpg?resize=350%2C200&ssl=1","width":350,"height":200,"srcset":"https:\/\/i0.wp.com\/www.wallendorff.com\/belogue\/wp-content\/uploads\/2020\/04\/20200407-45.jpg?resize=350%2C200&ssl=1 1x, https:\/\/i0.wp.com\/www.wallendorff.com\/belogue\/wp-content\/uploads\/2020\/04\/20200407-45.jpg?resize=525%2C300&ssl=1 1.5x, https:\/\/i0.wp.com\/www.wallendorff.com\/belogue\/wp-content\/uploads\/2020\/04\/20200407-45.jpg?resize=700%2C400&ssl=1 2x, https:\/\/i0.wp.com\/www.wallendorff.com\/belogue\/wp-content\/uploads\/2020\/04\/20200407-45.jpg?resize=1050%2C600&ssl=1 3x"},"classes":[]},{"id":5145,"url":"https:\/\/www.wallendorff.com\/belogue\/2009\/11\/23\/ta-vie-des-jaunes-atteint\/","url_meta":{"origin":3891,"position":4},"title":"Ta vie des jaunes atteint.","author":"dpc","date":"23 novembre 2009","format":false,"excerpt":"Rue du G\u00e9n\u00e9ral Renault, Paris, 1er ao\u00fbt. \u00a0The Pains of Being Pure at Heart \u2013 103","rel":"","context":"Dans &quot;DPC&quot;","block_context":{"text":"DPC","link":"https:\/\/www.wallendorff.com\/belogue\/category\/dpc\/"},"img":{"alt_text":"","src":"https:\/\/i0.wp.com\/www.wallendorff.com\/belogue\/wp-content\/uploads\/2015\/04\/200911231.jpg?resize=350%2C200&ssl=1","width":350,"height":200},"classes":[]},{"id":47312,"url":"https:\/\/www.wallendorff.com\/belogue\/2020\/11\/30\/novembre-2020\/","url_meta":{"origin":3891,"position":5},"title":"Novembre 2020.","author":"dpc","date":"30 novembre 2020","format":false,"excerpt":"Un chat pr\u00e9nomm\u00e9 STOPTHECOUNT, une soir\u00e9e guitare, des chaises, une avenue, un m\u00e9tro, une tour, une passerelle, des cadenas, un pont, un pont, un pont, des pigeons, un m\u00e9tro, une rue vide, une rue vide, un m\u00e9tro, un quai de gare, une gare, un banc, un tournage, un quai, un\u2026","rel":"","context":"Dans &quot;Blog-note&quot;","block_context":{"text":"Blog-note","link":"https:\/\/www.wallendorff.com\/belogue\/category\/blog-note\/"},"img":{"alt_text":"","src":"https:\/\/i0.wp.com\/www.wallendorff.com\/belogue\/wp-content\/uploads\/2020\/12\/20201215-67.jpg?resize=350%2C200&ssl=1","width":350,"height":200,"srcset":"https:\/\/i0.wp.com\/www.wallendorff.com\/belogue\/wp-content\/uploads\/2020\/12\/20201215-67.jpg?resize=350%2C200&ssl=1 1x, https:\/\/i0.wp.com\/www.wallendorff.com\/belogue\/wp-content\/uploads\/2020\/12\/20201215-67.jpg?resize=525%2C300&ssl=1 1.5x, https:\/\/i0.wp.com\/www.wallendorff.com\/belogue\/wp-content\/uploads\/2020\/12\/20201215-67.jpg?resize=700%2C400&ssl=1 2x, https:\/\/i0.wp.com\/www.wallendorff.com\/belogue\/wp-content\/uploads\/2020\/12\/20201215-67.jpg?resize=1050%2C600&ssl=1 3x"},"classes":[]}],"_links":{"self":[{"href":"https:\/\/www.wallendorff.com\/belogue\/wp-json\/wp\/v2\/posts\/3891","targetHints":{"allow":["GET"]}}],"collection":[{"href":"https:\/\/www.wallendorff.com\/belogue\/wp-json\/wp\/v2\/posts"}],"about":[{"href":"https:\/\/www.wallendorff.com\/belogue\/wp-json\/wp\/v2\/types\/post"}],"author":[{"embeddable":true,"href":"https:\/\/www.wallendorff.com\/belogue\/wp-json\/wp\/v2\/users\/1"}],"replies":[{"embeddable":true,"href":"https:\/\/www.wallendorff.com\/belogue\/wp-json\/wp\/v2\/comments?post=3891"}],"version-history":[{"count":2,"href":"https:\/\/www.wallendorff.com\/belogue\/wp-json\/wp\/v2\/posts\/3891\/revisions"}],"predecessor-version":[{"id":19519,"href":"https:\/\/www.wallendorff.com\/belogue\/wp-json\/wp\/v2\/posts\/3891\/revisions\/19519"}],"wp:featuredmedia":[{"embeddable":true,"href":"https:\/\/www.wallendorff.com\/belogue\/wp-json\/wp\/v2\/media\/25361"}],"wp:attachment":[{"href":"https:\/\/www.wallendorff.com\/belogue\/wp-json\/wp\/v2\/media?parent=3891"}],"wp:term":[{"taxonomy":"category","embeddable":true,"href":"https:\/\/www.wallendorff.com\/belogue\/wp-json\/wp\/v2\/categories?post=3891"},{"taxonomy":"post_tag","embeddable":true,"href":"https:\/\/www.wallendorff.com\/belogue\/wp-json\/wp\/v2\/tags?post=3891"}],"curies":[{"name":"wp","href":"https:\/\/api.w.org\/{rel}","templated":true}]}}