{"id":38836,"date":"2018-07-19T15:55:44","date_gmt":"2018-07-19T13:55:44","guid":{"rendered":"http:\/\/www.wallendorff.com\/belogue\/?p=38836"},"modified":"2018-07-19T15:55:44","modified_gmt":"2018-07-19T13:55:44","slug":"paleo-festival-2018-jour-2","status":"publish","type":"post","link":"https:\/\/www.wallendorff.com\/belogue\/2018\/07\/19\/paleo-festival-2018-jour-2\/","title":{"rendered":"Pal\u00e9o Festival 2018, jour 2."},"content":{"rendered":"<div id=\"photo\">\n<p><img decoding=\"async\" src=\"https:\/\/www.wallendorff.com\/belogue\/wp-content\/uploads\/2018\/07\/20180719-50.jpg\"><\/p>\n<\/div>\n<p style=\"text-align: right;\">Les autres jours s(er)ont publi&eacute;s sur <a href=\"https:\/\/www.wallendorff.com\/belogue\/tag\/paleo-festival-2018\">ce lien<\/a>.<\/p>\n<div id='gallery-1' class='gallery galleryid-38836 gallery-columns-3 gallery-size-large'><figure class='gallery-item'>\n\t\t\t<div class='gallery-icon landscape'>\n\t\t\t\t<a href='https:\/\/www.wallendorff.com\/belogue\/2018\/07\/19\/paleo-festival-2018-jour-2\/paleo-festival-nyon-18-07-2018\/'><img fetchpriority=\"high\" decoding=\"async\" width=\"1170\" height=\"780\" src=\"https:\/\/www.wallendorff.com\/belogue\/wp-content\/uploads\/2018\/07\/20180719-01-1170x780.jpg\" class=\"attachment-large size-large\" alt=\"\" aria-describedby=\"gallery-1-38876\" srcset=\"https:\/\/www.wallendorff.com\/belogue\/wp-content\/uploads\/2018\/07\/20180719-01.jpg 1170w, https:\/\/www.wallendorff.com\/belogue\/wp-content\/uploads\/2018\/07\/20180719-01-820x547.jpg 820w, https:\/\/www.wallendorff.com\/belogue\/wp-content\/uploads\/2018\/07\/20180719-01-200x133.jpg 200w, https:\/\/www.wallendorff.com\/belogue\/wp-content\/uploads\/2018\/07\/20180719-01-300x200.jpg 300w, https:\/\/www.wallendorff.com\/belogue\/wp-content\/uploads\/2018\/07\/20180719-01-1116x744.jpg 1116w, https:\/\/www.wallendorff.com\/belogue\/wp-content\/uploads\/2018\/07\/20180719-01-806x537.jpg 806w, https:\/\/www.wallendorff.com\/belogue\/wp-content\/uploads\/2018\/07\/20180719-01-558x372.jpg 558w, https:\/\/www.wallendorff.com\/belogue\/wp-content\/uploads\/2018\/07\/20180719-01-655x437.jpg 655w, https:\/\/www.wallendorff.com\/belogue\/wp-content\/uploads\/2018\/07\/20180719-01-600x400.jpg 600w\" sizes=\"(max-width: 1170px) 100vw, 1170px\" \/><\/a>\n\t\t\t<\/div>\n\t\t\t\t<figcaption class='wp-caption-text gallery-caption' id='gallery-1-38876'>\n\t\t\t\tPal\u00e9o Festival, Nyon, 18\/07\/2018\n\t\t\t\t<\/figcaption><\/figure><figure class='gallery-item'>\n\t\t\t<div class='gallery-icon landscape'>\n\t\t\t\t<a href='https:\/\/www.wallendorff.com\/belogue\/2018\/07\/19\/paleo-festival-2018-jour-2\/paleo-festival-nyon-18-07-2018-2\/'><img decoding=\"async\" width=\"1170\" height=\"780\" src=\"https:\/\/www.wallendorff.com\/belogue\/wp-content\/uploads\/2018\/07\/20180719-02-1170x780.jpg\" class=\"attachment-large size-large\" alt=\"\" aria-describedby=\"gallery-1-38877\" srcset=\"https:\/\/www.wallendorff.com\/belogue\/wp-content\/uploads\/2018\/07\/20180719-02.jpg 1170w, https:\/\/www.wallendorff.com\/belogue\/wp-content\/uploads\/2018\/07\/20180719-02-820x547.jpg 820w, https:\/\/www.wallendorff.com\/belogue\/wp-content\/uploads\/2018\/07\/20180719-02-200x133.jpg 200w, https:\/\/www.wallendorff.com\/belogue\/wp-content\/uploads\/2018\/07\/20180719-02-300x200.jpg 300w, https:\/\/www.wallendorff.com\/belogue\/wp-content\/uploads\/2018\/07\/20180719-02-1116x744.jpg 1116w, https:\/\/www.wallendorff.com\/belogue\/wp-content\/uploads\/2018\/07\/20180719-02-806x537.jpg 806w, https:\/\/www.wallendorff.com\/belogue\/wp-content\/uploads\/2018\/07\/20180719-02-558x372.jpg 558w, https:\/\/www.wallendorff.com\/belogue\/wp-content\/uploads\/2018\/07\/20180719-02-655x437.jpg 655w, https:\/\/www.wallendorff.com\/belogue\/wp-content\/uploads\/2018\/07\/20180719-02-600x400.jpg 600w\" sizes=\"(max-width: 1170px) 100vw, 1170px\" \/><\/a>\n\t\t\t<\/div>\n\t\t\t\t<figcaption class='wp-caption-text gallery-caption' id='gallery-1-38877'>\n\t\t\t\tPal\u00e9o Festival, Nyon, 18\/07\/2018\n\t\t\t\t<\/figcaption><\/figure><figure class='gallery-item'>\n\t\t\t<div class='gallery-icon landscape'>\n\t\t\t\t<a href='https:\/\/www.wallendorff.com\/belogue\/2018\/07\/19\/paleo-festival-2018-jour-2\/paleo-festival-nyon-18-07-2018-3\/'><img decoding=\"async\" width=\"1170\" height=\"780\" src=\"https:\/\/www.wallendorff.com\/belogue\/wp-content\/uploads\/2018\/07\/20180719-03-1170x780.jpg\" class=\"attachment-large size-large\" alt=\"\" aria-describedby=\"gallery-1-38878\" srcset=\"https:\/\/www.wallendorff.com\/belogue\/wp-content\/uploads\/2018\/07\/20180719-03.jpg 1170w, https:\/\/www.wallendorff.com\/belogue\/wp-content\/uploads\/2018\/07\/20180719-03-820x547.jpg 820w, https:\/\/www.wallendorff.com\/belogue\/wp-content\/uploads\/2018\/07\/20180719-03-200x133.jpg 200w, https:\/\/www.wallendorff.com\/belogue\/wp-content\/uploads\/2018\/07\/20180719-03-300x200.jpg 300w, https:\/\/www.wallendorff.com\/belogue\/wp-content\/uploads\/2018\/07\/20180719-03-1116x744.jpg 1116w, https:\/\/www.wallendorff.com\/belogue\/wp-content\/uploads\/2018\/07\/20180719-03-806x537.jpg 806w, https:\/\/www.wallendorff.com\/belogue\/wp-content\/uploads\/2018\/07\/20180719-03-558x372.jpg 558w, https:\/\/www.wallendorff.com\/belogue\/wp-content\/uploads\/2018\/07\/20180719-03-655x437.jpg 655w, https:\/\/www.wallendorff.com\/belogue\/wp-content\/uploads\/2018\/07\/20180719-03-600x400.jpg 600w\" sizes=\"(max-width: 1170px) 100vw, 1170px\" \/><\/a>\n\t\t\t<\/div>\n\t\t\t\t<figcaption class='wp-caption-text gallery-caption' id='gallery-1-38878'>\n\t\t\t\tPal\u00e9o Festival, Nyon, 18\/07\/2018\n\t\t\t\t<\/figcaption><\/figure><figure class='gallery-item'>\n\t\t\t<div class='gallery-icon portrait'>\n\t\t\t\t<a href='https:\/\/www.wallendorff.com\/belogue\/2018\/07\/19\/paleo-festival-2018-jour-2\/paleo-festival-nyon-18-07-2018-4\/'><img loading=\"lazy\" decoding=\"async\" width=\"683\" height=\"1024\" src=\"https:\/\/www.wallendorff.com\/belogue\/wp-content\/uploads\/2018\/07\/20180719-04-683x1024.jpg\" class=\"attachment-large size-large\" alt=\"\" aria-describedby=\"gallery-1-38879\" srcset=\"https:\/\/www.wallendorff.com\/belogue\/wp-content\/uploads\/2018\/07\/20180719-04-683x1024.jpg 683w, https:\/\/www.wallendorff.com\/belogue\/wp-content\/uploads\/2018\/07\/20180719-04-133x200.jpg 133w, https:\/\/www.wallendorff.com\/belogue\/wp-content\/uploads\/2018\/07\/20180719-04-200x300.jpg 200w, https:\/\/www.wallendorff.com\/belogue\/wp-content\/uploads\/2018\/07\/20180719-04-558x837.jpg 558w, https:\/\/www.wallendorff.com\/belogue\/wp-content\/uploads\/2018\/07\/20180719-04-655x983.jpg 655w, https:\/\/www.wallendorff.com\/belogue\/wp-content\/uploads\/2018\/07\/20180719-04-600x900.jpg 600w, https:\/\/www.wallendorff.com\/belogue\/wp-content\/uploads\/2018\/07\/20180719-04.jpg 780w\" sizes=\"(max-width: 683px) 100vw, 683px\" \/><\/a>\n\t\t\t<\/div>\n\t\t\t\t<figcaption class='wp-caption-text gallery-caption' id='gallery-1-38879'>\n\t\t\t\tPal\u00e9o Festival, Nyon, 18\/07\/2018\n\t\t\t\t<\/figcaption><\/figure><figure class='gallery-item'>\n\t\t\t<div class='gallery-icon landscape'>\n\t\t\t\t<a href='https:\/\/www.wallendorff.com\/belogue\/2018\/07\/19\/paleo-festival-2018-jour-2\/paleo-festival-nyon-18-07-2018-5\/'><img loading=\"lazy\" decoding=\"async\" width=\"1170\" height=\"780\" src=\"https:\/\/www.wallendorff.com\/belogue\/wp-content\/uploads\/2018\/07\/20180719-05-1170x780.jpg\" class=\"attachment-large size-large\" alt=\"\" aria-describedby=\"gallery-1-38880\" srcset=\"https:\/\/www.wallendorff.com\/belogue\/wp-content\/uploads\/2018\/07\/20180719-05.jpg 1170w, https:\/\/www.wallendorff.com\/belogue\/wp-content\/uploads\/2018\/07\/20180719-05-820x547.jpg 820w, https:\/\/www.wallendorff.com\/belogue\/wp-content\/uploads\/2018\/07\/20180719-05-200x133.jpg 200w, https:\/\/www.wallendorff.com\/belogue\/wp-content\/uploads\/2018\/07\/20180719-05-300x200.jpg 300w, https:\/\/www.wallendorff.com\/belogue\/wp-content\/uploads\/2018\/07\/20180719-05-1116x744.jpg 1116w, https:\/\/www.wallendorff.com\/belogue\/wp-content\/uploads\/2018\/07\/20180719-05-806x537.jpg 806w, https:\/\/www.wallendorff.com\/belogue\/wp-content\/uploads\/2018\/07\/20180719-05-558x372.jpg 558w, https:\/\/www.wallendorff.com\/belogue\/wp-content\/uploads\/2018\/07\/20180719-05-655x437.jpg 655w, https:\/\/www.wallendorff.com\/belogue\/wp-content\/uploads\/2018\/07\/20180719-05-600x400.jpg 600w\" sizes=\"(max-width: 1170px) 100vw, 1170px\" \/><\/a>\n\t\t\t<\/div>\n\t\t\t\t<figcaption class='wp-caption-text gallery-caption' id='gallery-1-38880'>\n\t\t\t\tPal\u00e9o Festival, Nyon, 18\/07\/2018\n\t\t\t\t<\/figcaption><\/figure><figure class='gallery-item'>\n\t\t\t<div class='gallery-icon landscape'>\n\t\t\t\t<a href='https:\/\/www.wallendorff.com\/belogue\/2018\/07\/19\/paleo-festival-2018-jour-2\/paleo-festival-nyon-18-07-2018-6\/'><img loading=\"lazy\" decoding=\"async\" width=\"1170\" height=\"780\" src=\"https:\/\/www.wallendorff.com\/belogue\/wp-content\/uploads\/2018\/07\/20180719-06-1170x780.jpg\" class=\"attachment-large size-large\" alt=\"\" aria-describedby=\"gallery-1-38881\" srcset=\"https:\/\/www.wallendorff.com\/belogue\/wp-content\/uploads\/2018\/07\/20180719-06.jpg 1170w, https:\/\/www.wallendorff.com\/belogue\/wp-content\/uploads\/2018\/07\/20180719-06-820x547.jpg 820w, https:\/\/www.wallendorff.com\/belogue\/wp-content\/uploads\/2018\/07\/20180719-06-200x133.jpg 200w, https:\/\/www.wallendorff.com\/belogue\/wp-content\/uploads\/2018\/07\/20180719-06-300x200.jpg 300w, https:\/\/www.wallendorff.com\/belogue\/wp-content\/uploads\/2018\/07\/20180719-06-1116x744.jpg 1116w, https:\/\/www.wallendorff.com\/belogue\/wp-content\/uploads\/2018\/07\/20180719-06-806x537.jpg 806w, https:\/\/www.wallendorff.com\/belogue\/wp-content\/uploads\/2018\/07\/20180719-06-558x372.jpg 558w, https:\/\/www.wallendorff.com\/belogue\/wp-content\/uploads\/2018\/07\/20180719-06-655x437.jpg 655w, https:\/\/www.wallendorff.com\/belogue\/wp-content\/uploads\/2018\/07\/20180719-06-600x400.jpg 600w\" sizes=\"(max-width: 1170px) 100vw, 1170px\" \/><\/a>\n\t\t\t<\/div>\n\t\t\t\t<figcaption class='wp-caption-text gallery-caption' id='gallery-1-38881'>\n\t\t\t\tPal\u00e9o Festival, Nyon, 18\/07\/2018\n\t\t\t\t<\/figcaption><\/figure><figure class='gallery-item'>\n\t\t\t<div class='gallery-icon landscape'>\n\t\t\t\t<a href='https:\/\/www.wallendorff.com\/belogue\/2018\/07\/19\/paleo-festival-2018-jour-2\/paleo-festival-nyon-18-07-2018-7\/'><img loading=\"lazy\" decoding=\"async\" width=\"1170\" height=\"780\" src=\"https:\/\/www.wallendorff.com\/belogue\/wp-content\/uploads\/2018\/07\/20180719-07-1170x780.jpg\" class=\"attachment-large size-large\" alt=\"\" aria-describedby=\"gallery-1-38882\" srcset=\"https:\/\/www.wallendorff.com\/belogue\/wp-content\/uploads\/2018\/07\/20180719-07.jpg 1170w, https:\/\/www.wallendorff.com\/belogue\/wp-content\/uploads\/2018\/07\/20180719-07-820x547.jpg 820w, https:\/\/www.wallendorff.com\/belogue\/wp-content\/uploads\/2018\/07\/20180719-07-200x133.jpg 200w, https:\/\/www.wallendorff.com\/belogue\/wp-content\/uploads\/2018\/07\/20180719-07-300x200.jpg 300w, https:\/\/www.wallendorff.com\/belogue\/wp-content\/uploads\/2018\/07\/20180719-07-1116x744.jpg 1116w, https:\/\/www.wallendorff.com\/belogue\/wp-content\/uploads\/2018\/07\/20180719-07-806x537.jpg 806w, https:\/\/www.wallendorff.com\/belogue\/wp-content\/uploads\/2018\/07\/20180719-07-558x372.jpg 558w, https:\/\/www.wallendorff.com\/belogue\/wp-content\/uploads\/2018\/07\/20180719-07-655x437.jpg 655w, https:\/\/www.wallendorff.com\/belogue\/wp-content\/uploads\/2018\/07\/20180719-07-600x400.jpg 600w\" sizes=\"(max-width: 1170px) 100vw, 1170px\" \/><\/a>\n\t\t\t<\/div>\n\t\t\t\t<figcaption class='wp-caption-text gallery-caption' id='gallery-1-38882'>\n\t\t\t\tPal\u00e9o Festival, Nyon, 18\/07\/2018\n\t\t\t\t<\/figcaption><\/figure><figure class='gallery-item'>\n\t\t\t<div class='gallery-icon portrait'>\n\t\t\t\t<a href='https:\/\/www.wallendorff.com\/belogue\/2018\/07\/19\/paleo-festival-2018-jour-2\/paleo-festival-nyon-18-07-2018-8\/'><img loading=\"lazy\" decoding=\"async\" width=\"683\" height=\"1024\" src=\"https:\/\/www.wallendorff.com\/belogue\/wp-content\/uploads\/2018\/07\/20180719-08-683x1024.jpg\" class=\"attachment-large size-large\" alt=\"\" aria-describedby=\"gallery-1-38883\" srcset=\"https:\/\/www.wallendorff.com\/belogue\/wp-content\/uploads\/2018\/07\/20180719-08-683x1024.jpg 683w, https:\/\/www.wallendorff.com\/belogue\/wp-content\/uploads\/2018\/07\/20180719-08-133x200.jpg 133w, https:\/\/www.wallendorff.com\/belogue\/wp-content\/uploads\/2018\/07\/20180719-08-200x300.jpg 200w, https:\/\/www.wallendorff.com\/belogue\/wp-content\/uploads\/2018\/07\/20180719-08-558x837.jpg 558w, https:\/\/www.wallendorff.com\/belogue\/wp-content\/uploads\/2018\/07\/20180719-08-655x983.jpg 655w, https:\/\/www.wallendorff.com\/belogue\/wp-content\/uploads\/2018\/07\/20180719-08-600x900.jpg 600w, https:\/\/www.wallendorff.com\/belogue\/wp-content\/uploads\/2018\/07\/20180719-08.jpg 780w\" sizes=\"(max-width: 683px) 100vw, 683px\" \/><\/a>\n\t\t\t<\/div>\n\t\t\t\t<figcaption class='wp-caption-text gallery-caption' id='gallery-1-38883'>\n\t\t\t\tPal\u00e9o Festival, Nyon, 18\/07\/2018\n\t\t\t\t<\/figcaption><\/figure><figure class='gallery-item'>\n\t\t\t<div class='gallery-icon landscape'>\n\t\t\t\t<a href='https:\/\/www.wallendorff.com\/belogue\/2018\/07\/19\/paleo-festival-2018-jour-2\/paleo-festival-nyon-18-07-2018-9\/'><img loading=\"lazy\" decoding=\"async\" width=\"1170\" height=\"780\" src=\"https:\/\/www.wallendorff.com\/belogue\/wp-content\/uploads\/2018\/07\/20180719-09-1170x780.jpg\" class=\"attachment-large size-large\" alt=\"\" aria-describedby=\"gallery-1-38884\" srcset=\"https:\/\/www.wallendorff.com\/belogue\/wp-content\/uploads\/2018\/07\/20180719-09.jpg 1170w, https:\/\/www.wallendorff.com\/belogue\/wp-content\/uploads\/2018\/07\/20180719-09-820x547.jpg 820w, https:\/\/www.wallendorff.com\/belogue\/wp-content\/uploads\/2018\/07\/20180719-09-200x133.jpg 200w, https:\/\/www.wallendorff.com\/belogue\/wp-content\/uploads\/2018\/07\/20180719-09-300x200.jpg 300w, https:\/\/www.wallendorff.com\/belogue\/wp-content\/uploads\/2018\/07\/20180719-09-1116x744.jpg 1116w, https:\/\/www.wallendorff.com\/belogue\/wp-content\/uploads\/2018\/07\/20180719-09-806x537.jpg 806w, https:\/\/www.wallendorff.com\/belogue\/wp-content\/uploads\/2018\/07\/20180719-09-558x372.jpg 558w, https:\/\/www.wallendorff.com\/belogue\/wp-content\/uploads\/2018\/07\/20180719-09-655x437.jpg 655w, https:\/\/www.wallendorff.com\/belogue\/wp-content\/uploads\/2018\/07\/20180719-09-600x400.jpg 600w\" sizes=\"(max-width: 1170px) 100vw, 1170px\" \/><\/a>\n\t\t\t<\/div>\n\t\t\t\t<figcaption class='wp-caption-text gallery-caption' id='gallery-1-38884'>\n\t\t\t\tPal\u00e9o Festival, Nyon, 18\/07\/2018\n\t\t\t\t<\/figcaption><\/figure><figure class='gallery-item'>\n\t\t\t<div class='gallery-icon portrait'>\n\t\t\t\t<a href='https:\/\/www.wallendorff.com\/belogue\/2018\/07\/19\/paleo-festival-2018-jour-2\/paleo-festival-nyon-18-07-2018-10\/'><img loading=\"lazy\" decoding=\"async\" width=\"683\" height=\"1024\" src=\"https:\/\/www.wallendorff.com\/belogue\/wp-content\/uploads\/2018\/07\/20180719-10-683x1024.jpg\" class=\"attachment-large size-large\" alt=\"\" aria-describedby=\"gallery-1-38885\" srcset=\"https:\/\/www.wallendorff.com\/belogue\/wp-content\/uploads\/2018\/07\/20180719-10-683x1024.jpg 683w, https:\/\/www.wallendorff.com\/belogue\/wp-content\/uploads\/2018\/07\/20180719-10-133x200.jpg 133w, https:\/\/www.wallendorff.com\/belogue\/wp-content\/uploads\/2018\/07\/20180719-10-200x300.jpg 200w, https:\/\/www.wallendorff.com\/belogue\/wp-content\/uploads\/2018\/07\/20180719-10-558x837.jpg 558w, https:\/\/www.wallendorff.com\/belogue\/wp-content\/uploads\/2018\/07\/20180719-10-655x983.jpg 655w, https:\/\/www.wallendorff.com\/belogue\/wp-content\/uploads\/2018\/07\/20180719-10-600x900.jpg 600w, https:\/\/www.wallendorff.com\/belogue\/wp-content\/uploads\/2018\/07\/20180719-10.jpg 780w\" sizes=\"(max-width: 683px) 100vw, 683px\" \/><\/a>\n\t\t\t<\/div>\n\t\t\t\t<figcaption class='wp-caption-text gallery-caption' id='gallery-1-38885'>\n\t\t\t\tPal\u00e9o Festival, Nyon, 18\/07\/2018\n\t\t\t\t<\/figcaption><\/figure><figure class='gallery-item'>\n\t\t\t<div class='gallery-icon landscape'>\n\t\t\t\t<a href='https:\/\/www.wallendorff.com\/belogue\/2018\/07\/19\/paleo-festival-2018-jour-2\/paleo-festival-nyon-18-07-2018-11\/'><img loading=\"lazy\" decoding=\"async\" width=\"1170\" height=\"780\" src=\"https:\/\/www.wallendorff.com\/belogue\/wp-content\/uploads\/2018\/07\/20180719-11-1170x780.jpg\" class=\"attachment-large size-large\" alt=\"\" aria-describedby=\"gallery-1-38886\" srcset=\"https:\/\/www.wallendorff.com\/belogue\/wp-content\/uploads\/2018\/07\/20180719-11.jpg 1170w, https:\/\/www.wallendorff.com\/belogue\/wp-content\/uploads\/2018\/07\/20180719-11-820x547.jpg 820w, https:\/\/www.wallendorff.com\/belogue\/wp-content\/uploads\/2018\/07\/20180719-11-200x133.jpg 200w, https:\/\/www.wallendorff.com\/belogue\/wp-content\/uploads\/2018\/07\/20180719-11-300x200.jpg 300w, https:\/\/www.wallendorff.com\/belogue\/wp-content\/uploads\/2018\/07\/20180719-11-1116x744.jpg 1116w, https:\/\/www.wallendorff.com\/belogue\/wp-content\/uploads\/2018\/07\/20180719-11-806x537.jpg 806w, https:\/\/www.wallendorff.com\/belogue\/wp-content\/uploads\/2018\/07\/20180719-11-558x372.jpg 558w, https:\/\/www.wallendorff.com\/belogue\/wp-content\/uploads\/2018\/07\/20180719-11-655x437.jpg 655w, https:\/\/www.wallendorff.com\/belogue\/wp-content\/uploads\/2018\/07\/20180719-11-600x400.jpg 600w\" sizes=\"(max-width: 1170px) 100vw, 1170px\" \/><\/a>\n\t\t\t<\/div>\n\t\t\t\t<figcaption class='wp-caption-text gallery-caption' id='gallery-1-38886'>\n\t\t\t\tPal\u00e9o Festival, Nyon, 18\/07\/2018\n\t\t\t\t<\/figcaption><\/figure><figure class='gallery-item'>\n\t\t\t<div class='gallery-icon portrait'>\n\t\t\t\t<a href='https:\/\/www.wallendorff.com\/belogue\/2018\/07\/19\/paleo-festival-2018-jour-2\/paleo-festival-nyon-18-07-2018-12\/'><img loading=\"lazy\" decoding=\"async\" width=\"683\" height=\"1024\" src=\"https:\/\/www.wallendorff.com\/belogue\/wp-content\/uploads\/2018\/07\/20180719-12-683x1024.jpg\" class=\"attachment-large size-large\" alt=\"\" aria-describedby=\"gallery-1-38887\" srcset=\"https:\/\/www.wallendorff.com\/belogue\/wp-content\/uploads\/2018\/07\/20180719-12-683x1024.jpg 683w, https:\/\/www.wallendorff.com\/belogue\/wp-content\/uploads\/2018\/07\/20180719-12-133x200.jpg 133w, https:\/\/www.wallendorff.com\/belogue\/wp-content\/uploads\/2018\/07\/20180719-12-200x300.jpg 200w, https:\/\/www.wallendorff.com\/belogue\/wp-content\/uploads\/2018\/07\/20180719-12-558x837.jpg 558w, https:\/\/www.wallendorff.com\/belogue\/wp-content\/uploads\/2018\/07\/20180719-12-655x983.jpg 655w, https:\/\/www.wallendorff.com\/belogue\/wp-content\/uploads\/2018\/07\/20180719-12-600x900.jpg 600w, https:\/\/www.wallendorff.com\/belogue\/wp-content\/uploads\/2018\/07\/20180719-12.jpg 780w\" sizes=\"(max-width: 683px) 100vw, 683px\" \/><\/a>\n\t\t\t<\/div>\n\t\t\t\t<figcaption class='wp-caption-text gallery-caption' id='gallery-1-38887'>\n\t\t\t\tPal\u00e9o Festival, Nyon, 18\/07\/2018\n\t\t\t\t<\/figcaption><\/figure><figure class='gallery-item'>\n\t\t\t<div class='gallery-icon landscape'>\n\t\t\t\t<a href='https:\/\/www.wallendorff.com\/belogue\/2018\/07\/19\/paleo-festival-2018-jour-2\/paleo-festival-nyon-18-07-2018-13\/'><img loading=\"lazy\" decoding=\"async\" width=\"1170\" height=\"780\" src=\"https:\/\/www.wallendorff.com\/belogue\/wp-content\/uploads\/2018\/07\/20180719-13-1170x780.jpg\" class=\"attachment-large size-large\" alt=\"\" aria-describedby=\"gallery-1-38888\" srcset=\"https:\/\/www.wallendorff.com\/belogue\/wp-content\/uploads\/2018\/07\/20180719-13.jpg 1170w, https:\/\/www.wallendorff.com\/belogue\/wp-content\/uploads\/2018\/07\/20180719-13-820x547.jpg 820w, https:\/\/www.wallendorff.com\/belogue\/wp-content\/uploads\/2018\/07\/20180719-13-200x133.jpg 200w, https:\/\/www.wallendorff.com\/belogue\/wp-content\/uploads\/2018\/07\/20180719-13-300x200.jpg 300w, https:\/\/www.wallendorff.com\/belogue\/wp-content\/uploads\/2018\/07\/20180719-13-1116x744.jpg 1116w, https:\/\/www.wallendorff.com\/belogue\/wp-content\/uploads\/2018\/07\/20180719-13-806x537.jpg 806w, https:\/\/www.wallendorff.com\/belogue\/wp-content\/uploads\/2018\/07\/20180719-13-558x372.jpg 558w, https:\/\/www.wallendorff.com\/belogue\/wp-content\/uploads\/2018\/07\/20180719-13-655x437.jpg 655w, https:\/\/www.wallendorff.com\/belogue\/wp-content\/uploads\/2018\/07\/20180719-13-600x400.jpg 600w\" sizes=\"(max-width: 1170px) 100vw, 1170px\" \/><\/a>\n\t\t\t<\/div>\n\t\t\t\t<figcaption class='wp-caption-text gallery-caption' id='gallery-1-38888'>\n\t\t\t\tPal\u00e9o Festival, Nyon, 18\/07\/2018\n\t\t\t\t<\/figcaption><\/figure><figure class='gallery-item'>\n\t\t\t<div class='gallery-icon landscape'>\n\t\t\t\t<a href='https:\/\/www.wallendorff.com\/belogue\/2018\/07\/19\/paleo-festival-2018-jour-2\/paleo-festival-nyon-18-07-2018-14\/'><img loading=\"lazy\" decoding=\"async\" width=\"1170\" height=\"780\" src=\"https:\/\/www.wallendorff.com\/belogue\/wp-content\/uploads\/2018\/07\/20180719-14-1170x780.jpg\" class=\"attachment-large size-large\" alt=\"\" aria-describedby=\"gallery-1-38889\" srcset=\"https:\/\/www.wallendorff.com\/belogue\/wp-content\/uploads\/2018\/07\/20180719-14.jpg 1170w, https:\/\/www.wallendorff.com\/belogue\/wp-content\/uploads\/2018\/07\/20180719-14-820x547.jpg 820w, https:\/\/www.wallendorff.com\/belogue\/wp-content\/uploads\/2018\/07\/20180719-14-200x133.jpg 200w, https:\/\/www.wallendorff.com\/belogue\/wp-content\/uploads\/2018\/07\/20180719-14-300x200.jpg 300w, https:\/\/www.wallendorff.com\/belogue\/wp-content\/uploads\/2018\/07\/20180719-14-1116x744.jpg 1116w, https:\/\/www.wallendorff.com\/belogue\/wp-content\/uploads\/2018\/07\/20180719-14-806x537.jpg 806w, https:\/\/www.wallendorff.com\/belogue\/wp-content\/uploads\/2018\/07\/20180719-14-558x372.jpg 558w, https:\/\/www.wallendorff.com\/belogue\/wp-content\/uploads\/2018\/07\/20180719-14-655x437.jpg 655w, https:\/\/www.wallendorff.com\/belogue\/wp-content\/uploads\/2018\/07\/20180719-14-600x400.jpg 600w\" sizes=\"(max-width: 1170px) 100vw, 1170px\" \/><\/a>\n\t\t\t<\/div>\n\t\t\t\t<figcaption class='wp-caption-text gallery-caption' id='gallery-1-38889'>\n\t\t\t\tPal\u00e9o Festival, Nyon, 18\/07\/2018\n\t\t\t\t<\/figcaption><\/figure><figure class='gallery-item'>\n\t\t\t<div class='gallery-icon landscape'>\n\t\t\t\t<a href='https:\/\/www.wallendorff.com\/belogue\/2018\/07\/19\/paleo-festival-2018-jour-2\/paleo-festival-nyon-18-07-2018-15\/'><img loading=\"lazy\" decoding=\"async\" width=\"1170\" height=\"780\" src=\"https:\/\/www.wallendorff.com\/belogue\/wp-content\/uploads\/2018\/07\/20180719-15-1170x780.jpg\" class=\"attachment-large size-large\" alt=\"\" aria-describedby=\"gallery-1-38890\" srcset=\"https:\/\/www.wallendorff.com\/belogue\/wp-content\/uploads\/2018\/07\/20180719-15.jpg 1170w, https:\/\/www.wallendorff.com\/belogue\/wp-content\/uploads\/2018\/07\/20180719-15-820x547.jpg 820w, https:\/\/www.wallendorff.com\/belogue\/wp-content\/uploads\/2018\/07\/20180719-15-200x133.jpg 200w, https:\/\/www.wallendorff.com\/belogue\/wp-content\/uploads\/2018\/07\/20180719-15-300x200.jpg 300w, https:\/\/www.wallendorff.com\/belogue\/wp-content\/uploads\/2018\/07\/20180719-15-1116x744.jpg 1116w, https:\/\/www.wallendorff.com\/belogue\/wp-content\/uploads\/2018\/07\/20180719-15-806x537.jpg 806w, https:\/\/www.wallendorff.com\/belogue\/wp-content\/uploads\/2018\/07\/20180719-15-558x372.jpg 558w, https:\/\/www.wallendorff.com\/belogue\/wp-content\/uploads\/2018\/07\/20180719-15-655x437.jpg 655w, https:\/\/www.wallendorff.com\/belogue\/wp-content\/uploads\/2018\/07\/20180719-15-600x400.jpg 600w\" sizes=\"(max-width: 1170px) 100vw, 1170px\" \/><\/a>\n\t\t\t<\/div>\n\t\t\t\t<figcaption class='wp-caption-text gallery-caption' id='gallery-1-38890'>\n\t\t\t\tPal\u00e9o Festival, Nyon, 18\/07\/2018\n\t\t\t\t<\/figcaption><\/figure><figure class='gallery-item'>\n\t\t\t<div class='gallery-icon landscape'>\n\t\t\t\t<a href='https:\/\/www.wallendorff.com\/belogue\/2018\/07\/19\/paleo-festival-2018-jour-2\/paleo-festival-nyon-18-07-2018-16\/'><img loading=\"lazy\" decoding=\"async\" width=\"1170\" height=\"780\" src=\"https:\/\/www.wallendorff.com\/belogue\/wp-content\/uploads\/2018\/07\/20180719-16-1170x780.jpg\" class=\"attachment-large size-large\" alt=\"\" aria-describedby=\"gallery-1-38891\" srcset=\"https:\/\/www.wallendorff.com\/belogue\/wp-content\/uploads\/2018\/07\/20180719-16.jpg 1170w, https:\/\/www.wallendorff.com\/belogue\/wp-content\/uploads\/2018\/07\/20180719-16-820x547.jpg 820w, https:\/\/www.wallendorff.com\/belogue\/wp-content\/uploads\/2018\/07\/20180719-16-200x133.jpg 200w, https:\/\/www.wallendorff.com\/belogue\/wp-content\/uploads\/2018\/07\/20180719-16-300x200.jpg 300w, https:\/\/www.wallendorff.com\/belogue\/wp-content\/uploads\/2018\/07\/20180719-16-1116x744.jpg 1116w, https:\/\/www.wallendorff.com\/belogue\/wp-content\/uploads\/2018\/07\/20180719-16-806x537.jpg 806w, https:\/\/www.wallendorff.com\/belogue\/wp-content\/uploads\/2018\/07\/20180719-16-558x372.jpg 558w, https:\/\/www.wallendorff.com\/belogue\/wp-content\/uploads\/2018\/07\/20180719-16-655x437.jpg 655w, https:\/\/www.wallendorff.com\/belogue\/wp-content\/uploads\/2018\/07\/20180719-16-600x400.jpg 600w\" sizes=\"(max-width: 1170px) 100vw, 1170px\" \/><\/a>\n\t\t\t<\/div>\n\t\t\t\t<figcaption class='wp-caption-text gallery-caption' id='gallery-1-38891'>\n\t\t\t\tPal\u00e9o Festival, Nyon, 18\/07\/2018\n\t\t\t\t<\/figcaption><\/figure><figure class='gallery-item'>\n\t\t\t<div class='gallery-icon landscape'>\n\t\t\t\t<a href='https:\/\/www.wallendorff.com\/belogue\/2018\/07\/19\/paleo-festival-2018-jour-2\/black-rebel-motorcycle-club-paleo-festival-nyon-18-07-2018\/'><img loading=\"lazy\" decoding=\"async\" width=\"1170\" height=\"780\" src=\"https:\/\/www.wallendorff.com\/belogue\/wp-content\/uploads\/2018\/07\/20180719-17-1170x780.jpg\" class=\"attachment-large size-large\" alt=\"\" aria-describedby=\"gallery-1-38892\" srcset=\"https:\/\/www.wallendorff.com\/belogue\/wp-content\/uploads\/2018\/07\/20180719-17.jpg 1170w, https:\/\/www.wallendorff.com\/belogue\/wp-content\/uploads\/2018\/07\/20180719-17-820x547.jpg 820w, https:\/\/www.wallendorff.com\/belogue\/wp-content\/uploads\/2018\/07\/20180719-17-200x133.jpg 200w, https:\/\/www.wallendorff.com\/belogue\/wp-content\/uploads\/2018\/07\/20180719-17-300x200.jpg 300w, https:\/\/www.wallendorff.com\/belogue\/wp-content\/uploads\/2018\/07\/20180719-17-1116x744.jpg 1116w, https:\/\/www.wallendorff.com\/belogue\/wp-content\/uploads\/2018\/07\/20180719-17-806x537.jpg 806w, https:\/\/www.wallendorff.com\/belogue\/wp-content\/uploads\/2018\/07\/20180719-17-558x372.jpg 558w, https:\/\/www.wallendorff.com\/belogue\/wp-content\/uploads\/2018\/07\/20180719-17-655x437.jpg 655w, https:\/\/www.wallendorff.com\/belogue\/wp-content\/uploads\/2018\/07\/20180719-17-600x400.jpg 600w\" sizes=\"(max-width: 1170px) 100vw, 1170px\" \/><\/a>\n\t\t\t<\/div>\n\t\t\t\t<figcaption class='wp-caption-text gallery-caption' id='gallery-1-38892'>\n\t\t\t\tBlack Rebel Motorcycle Club @ Pal\u00e9o Festival, Nyon, 18\/07\/2018\n\t\t\t\t<\/figcaption><\/figure><figure class='gallery-item'>\n\t\t\t<div class='gallery-icon landscape'>\n\t\t\t\t<a href='https:\/\/www.wallendorff.com\/belogue\/2018\/07\/19\/paleo-festival-2018-jour-2\/black-rebel-motorcycle-club-paleo-festival-nyon-18-07-2018-2\/'><img loading=\"lazy\" decoding=\"async\" width=\"1170\" height=\"780\" src=\"https:\/\/www.wallendorff.com\/belogue\/wp-content\/uploads\/2018\/07\/20180719-18-1170x780.jpg\" class=\"attachment-large size-large\" alt=\"\" aria-describedby=\"gallery-1-38893\" srcset=\"https:\/\/www.wallendorff.com\/belogue\/wp-content\/uploads\/2018\/07\/20180719-18.jpg 1170w, https:\/\/www.wallendorff.com\/belogue\/wp-content\/uploads\/2018\/07\/20180719-18-820x547.jpg 820w, https:\/\/www.wallendorff.com\/belogue\/wp-content\/uploads\/2018\/07\/20180719-18-200x133.jpg 200w, https:\/\/www.wallendorff.com\/belogue\/wp-content\/uploads\/2018\/07\/20180719-18-300x200.jpg 300w, https:\/\/www.wallendorff.com\/belogue\/wp-content\/uploads\/2018\/07\/20180719-18-1116x744.jpg 1116w, https:\/\/www.wallendorff.com\/belogue\/wp-content\/uploads\/2018\/07\/20180719-18-806x537.jpg 806w, https:\/\/www.wallendorff.com\/belogue\/wp-content\/uploads\/2018\/07\/20180719-18-558x372.jpg 558w, https:\/\/www.wallendorff.com\/belogue\/wp-content\/uploads\/2018\/07\/20180719-18-655x437.jpg 655w, https:\/\/www.wallendorff.com\/belogue\/wp-content\/uploads\/2018\/07\/20180719-18-600x400.jpg 600w\" sizes=\"(max-width: 1170px) 100vw, 1170px\" \/><\/a>\n\t\t\t<\/div>\n\t\t\t\t<figcaption class='wp-caption-text gallery-caption' id='gallery-1-38893'>\n\t\t\t\tBlack Rebel Motorcycle Club @ Pal\u00e9o Festival, Nyon, 18\/07\/2018\n\t\t\t\t<\/figcaption><\/figure><figure class='gallery-item'>\n\t\t\t<div class='gallery-icon landscape'>\n\t\t\t\t<a href='https:\/\/www.wallendorff.com\/belogue\/2018\/07\/19\/paleo-festival-2018-jour-2\/paleo-festival-nyon-18-07-2018-17\/'><img loading=\"lazy\" decoding=\"async\" width=\"1170\" height=\"780\" src=\"https:\/\/www.wallendorff.com\/belogue\/wp-content\/uploads\/2018\/07\/20180719-19-1170x780.jpg\" class=\"attachment-large size-large\" alt=\"\" aria-describedby=\"gallery-1-38894\" srcset=\"https:\/\/www.wallendorff.com\/belogue\/wp-content\/uploads\/2018\/07\/20180719-19.jpg 1170w, https:\/\/www.wallendorff.com\/belogue\/wp-content\/uploads\/2018\/07\/20180719-19-820x547.jpg 820w, https:\/\/www.wallendorff.com\/belogue\/wp-content\/uploads\/2018\/07\/20180719-19-200x133.jpg 200w, https:\/\/www.wallendorff.com\/belogue\/wp-content\/uploads\/2018\/07\/20180719-19-300x200.jpg 300w, https:\/\/www.wallendorff.com\/belogue\/wp-content\/uploads\/2018\/07\/20180719-19-1116x744.jpg 1116w, https:\/\/www.wallendorff.com\/belogue\/wp-content\/uploads\/2018\/07\/20180719-19-806x537.jpg 806w, https:\/\/www.wallendorff.com\/belogue\/wp-content\/uploads\/2018\/07\/20180719-19-558x372.jpg 558w, https:\/\/www.wallendorff.com\/belogue\/wp-content\/uploads\/2018\/07\/20180719-19-655x437.jpg 655w, https:\/\/www.wallendorff.com\/belogue\/wp-content\/uploads\/2018\/07\/20180719-19-600x400.jpg 600w\" sizes=\"(max-width: 1170px) 100vw, 1170px\" \/><\/a>\n\t\t\t<\/div>\n\t\t\t\t<figcaption class='wp-caption-text gallery-caption' id='gallery-1-38894'>\n\t\t\t\tPal\u00e9o Festival, Nyon, 18\/07\/2018\n\t\t\t\t<\/figcaption><\/figure><figure class='gallery-item'>\n\t\t\t<div class='gallery-icon landscape'>\n\t\t\t\t<a href='https:\/\/www.wallendorff.com\/belogue\/2018\/07\/19\/paleo-festival-2018-jour-2\/black-rebel-motorcycle-club-paleo-festival-nyon-18-07-2018-3\/'><img loading=\"lazy\" decoding=\"async\" width=\"1170\" height=\"780\" src=\"https:\/\/www.wallendorff.com\/belogue\/wp-content\/uploads\/2018\/07\/20180719-20-1170x780.jpg\" class=\"attachment-large size-large\" alt=\"\" aria-describedby=\"gallery-1-38895\" srcset=\"https:\/\/www.wallendorff.com\/belogue\/wp-content\/uploads\/2018\/07\/20180719-20.jpg 1170w, https:\/\/www.wallendorff.com\/belogue\/wp-content\/uploads\/2018\/07\/20180719-20-820x547.jpg 820w, https:\/\/www.wallendorff.com\/belogue\/wp-content\/uploads\/2018\/07\/20180719-20-200x133.jpg 200w, https:\/\/www.wallendorff.com\/belogue\/wp-content\/uploads\/2018\/07\/20180719-20-300x200.jpg 300w, https:\/\/www.wallendorff.com\/belogue\/wp-content\/uploads\/2018\/07\/20180719-20-1116x744.jpg 1116w, https:\/\/www.wallendorff.com\/belogue\/wp-content\/uploads\/2018\/07\/20180719-20-806x537.jpg 806w, https:\/\/www.wallendorff.com\/belogue\/wp-content\/uploads\/2018\/07\/20180719-20-558x372.jpg 558w, https:\/\/www.wallendorff.com\/belogue\/wp-content\/uploads\/2018\/07\/20180719-20-655x437.jpg 655w, https:\/\/www.wallendorff.com\/belogue\/wp-content\/uploads\/2018\/07\/20180719-20-600x400.jpg 600w\" sizes=\"(max-width: 1170px) 100vw, 1170px\" \/><\/a>\n\t\t\t<\/div>\n\t\t\t\t<figcaption class='wp-caption-text gallery-caption' id='gallery-1-38895'>\n\t\t\t\tBlack Rebel Motorcycle Club @ Pal\u00e9o Festival, Nyon, 18\/07\/2018\n\t\t\t\t<\/figcaption><\/figure><figure class='gallery-item'>\n\t\t\t<div class='gallery-icon portrait'>\n\t\t\t\t<a href='https:\/\/www.wallendorff.com\/belogue\/2018\/07\/19\/paleo-festival-2018-jour-2\/black-rebel-motorcycle-club-paleo-festival-nyon-18-07-2018-4\/'><img loading=\"lazy\" decoding=\"async\" width=\"683\" height=\"1024\" src=\"https:\/\/www.wallendorff.com\/belogue\/wp-content\/uploads\/2018\/07\/20180719-21-683x1024.jpg\" class=\"attachment-large size-large\" alt=\"\" aria-describedby=\"gallery-1-38896\" srcset=\"https:\/\/www.wallendorff.com\/belogue\/wp-content\/uploads\/2018\/07\/20180719-21-683x1024.jpg 683w, https:\/\/www.wallendorff.com\/belogue\/wp-content\/uploads\/2018\/07\/20180719-21-133x200.jpg 133w, https:\/\/www.wallendorff.com\/belogue\/wp-content\/uploads\/2018\/07\/20180719-21-200x300.jpg 200w, https:\/\/www.wallendorff.com\/belogue\/wp-content\/uploads\/2018\/07\/20180719-21-558x837.jpg 558w, https:\/\/www.wallendorff.com\/belogue\/wp-content\/uploads\/2018\/07\/20180719-21-655x983.jpg 655w, https:\/\/www.wallendorff.com\/belogue\/wp-content\/uploads\/2018\/07\/20180719-21-600x900.jpg 600w, https:\/\/www.wallendorff.com\/belogue\/wp-content\/uploads\/2018\/07\/20180719-21.jpg 780w\" sizes=\"(max-width: 683px) 100vw, 683px\" \/><\/a>\n\t\t\t<\/div>\n\t\t\t\t<figcaption class='wp-caption-text gallery-caption' id='gallery-1-38896'>\n\t\t\t\tBlack Rebel Motorcycle Club @ Pal\u00e9o Festival, Nyon, 18\/07\/2018\n\t\t\t\t<\/figcaption><\/figure><figure class='gallery-item'>\n\t\t\t<div class='gallery-icon landscape'>\n\t\t\t\t<a href='https:\/\/www.wallendorff.com\/belogue\/2018\/07\/19\/paleo-festival-2018-jour-2\/paleo-festival-nyon-18-07-2018-18\/'><img loading=\"lazy\" decoding=\"async\" width=\"1170\" height=\"780\" src=\"https:\/\/www.wallendorff.com\/belogue\/wp-content\/uploads\/2018\/07\/20180719-22-1170x780.jpg\" class=\"attachment-large size-large\" alt=\"\" aria-describedby=\"gallery-1-38897\" srcset=\"https:\/\/www.wallendorff.com\/belogue\/wp-content\/uploads\/2018\/07\/20180719-22.jpg 1170w, https:\/\/www.wallendorff.com\/belogue\/wp-content\/uploads\/2018\/07\/20180719-22-820x547.jpg 820w, https:\/\/www.wallendorff.com\/belogue\/wp-content\/uploads\/2018\/07\/20180719-22-200x133.jpg 200w, https:\/\/www.wallendorff.com\/belogue\/wp-content\/uploads\/2018\/07\/20180719-22-300x200.jpg 300w, https:\/\/www.wallendorff.com\/belogue\/wp-content\/uploads\/2018\/07\/20180719-22-1116x744.jpg 1116w, https:\/\/www.wallendorff.com\/belogue\/wp-content\/uploads\/2018\/07\/20180719-22-806x537.jpg 806w, https:\/\/www.wallendorff.com\/belogue\/wp-content\/uploads\/2018\/07\/20180719-22-558x372.jpg 558w, https:\/\/www.wallendorff.com\/belogue\/wp-content\/uploads\/2018\/07\/20180719-22-655x437.jpg 655w, https:\/\/www.wallendorff.com\/belogue\/wp-content\/uploads\/2018\/07\/20180719-22-600x400.jpg 600w\" sizes=\"(max-width: 1170px) 100vw, 1170px\" \/><\/a>\n\t\t\t<\/div>\n\t\t\t\t<figcaption class='wp-caption-text gallery-caption' id='gallery-1-38897'>\n\t\t\t\tPal\u00e9o Festival, Nyon, 18\/07\/2018\n\t\t\t\t<\/figcaption><\/figure><figure class='gallery-item'>\n\t\t\t<div class='gallery-icon landscape'>\n\t\t\t\t<a href='https:\/\/www.wallendorff.com\/belogue\/2018\/07\/19\/paleo-festival-2018-jour-2\/black-rebel-motorcycle-club-paleo-festival-nyon-18-07-2018-5\/'><img loading=\"lazy\" decoding=\"async\" width=\"1170\" height=\"780\" src=\"https:\/\/www.wallendorff.com\/belogue\/wp-content\/uploads\/2018\/07\/20180719-23-1170x780.jpg\" class=\"attachment-large size-large\" alt=\"\" aria-describedby=\"gallery-1-38898\" srcset=\"https:\/\/www.wallendorff.com\/belogue\/wp-content\/uploads\/2018\/07\/20180719-23.jpg 1170w, https:\/\/www.wallendorff.com\/belogue\/wp-content\/uploads\/2018\/07\/20180719-23-820x547.jpg 820w, https:\/\/www.wallendorff.com\/belogue\/wp-content\/uploads\/2018\/07\/20180719-23-200x133.jpg 200w, https:\/\/www.wallendorff.com\/belogue\/wp-content\/uploads\/2018\/07\/20180719-23-300x200.jpg 300w, https:\/\/www.wallendorff.com\/belogue\/wp-content\/uploads\/2018\/07\/20180719-23-1116x744.jpg 1116w, https:\/\/www.wallendorff.com\/belogue\/wp-content\/uploads\/2018\/07\/20180719-23-806x537.jpg 806w, https:\/\/www.wallendorff.com\/belogue\/wp-content\/uploads\/2018\/07\/20180719-23-558x372.jpg 558w, https:\/\/www.wallendorff.com\/belogue\/wp-content\/uploads\/2018\/07\/20180719-23-655x437.jpg 655w, https:\/\/www.wallendorff.com\/belogue\/wp-content\/uploads\/2018\/07\/20180719-23-600x400.jpg 600w\" sizes=\"(max-width: 1170px) 100vw, 1170px\" \/><\/a>\n\t\t\t<\/div>\n\t\t\t\t<figcaption class='wp-caption-text gallery-caption' id='gallery-1-38898'>\n\t\t\t\tBlack Rebel Motorcycle Club @ Pal\u00e9o Festival, Nyon, 18\/07\/2018\n\t\t\t\t<\/figcaption><\/figure><figure class='gallery-item'>\n\t\t\t<div class='gallery-icon landscape'>\n\t\t\t\t<a href='https:\/\/www.wallendorff.com\/belogue\/2018\/07\/19\/paleo-festival-2018-jour-2\/black-rebel-motorcycle-club-paleo-festival-nyon-18-07-2018-6\/'><img loading=\"lazy\" decoding=\"async\" width=\"1170\" height=\"780\" src=\"https:\/\/www.wallendorff.com\/belogue\/wp-content\/uploads\/2018\/07\/20180719-24-1170x780.jpg\" class=\"attachment-large size-large\" alt=\"\" aria-describedby=\"gallery-1-38899\" srcset=\"https:\/\/www.wallendorff.com\/belogue\/wp-content\/uploads\/2018\/07\/20180719-24.jpg 1170w, https:\/\/www.wallendorff.com\/belogue\/wp-content\/uploads\/2018\/07\/20180719-24-820x547.jpg 820w, https:\/\/www.wallendorff.com\/belogue\/wp-content\/uploads\/2018\/07\/20180719-24-200x133.jpg 200w, https:\/\/www.wallendorff.com\/belogue\/wp-content\/uploads\/2018\/07\/20180719-24-300x200.jpg 300w, https:\/\/www.wallendorff.com\/belogue\/wp-content\/uploads\/2018\/07\/20180719-24-1116x744.jpg 1116w, https:\/\/www.wallendorff.com\/belogue\/wp-content\/uploads\/2018\/07\/20180719-24-806x537.jpg 806w, https:\/\/www.wallendorff.com\/belogue\/wp-content\/uploads\/2018\/07\/20180719-24-558x372.jpg 558w, https:\/\/www.wallendorff.com\/belogue\/wp-content\/uploads\/2018\/07\/20180719-24-655x437.jpg 655w, https:\/\/www.wallendorff.com\/belogue\/wp-content\/uploads\/2018\/07\/20180719-24-600x400.jpg 600w\" sizes=\"(max-width: 1170px) 100vw, 1170px\" \/><\/a>\n\t\t\t<\/div>\n\t\t\t\t<figcaption class='wp-caption-text gallery-caption' id='gallery-1-38899'>\n\t\t\t\tBlack Rebel Motorcycle Club @ Pal\u00e9o Festival, Nyon, 18\/07\/2018\n\t\t\t\t<\/figcaption><\/figure><figure class='gallery-item'>\n\t\t\t<div class='gallery-icon landscape'>\n\t\t\t\t<a href='https:\/\/www.wallendorff.com\/belogue\/2018\/07\/19\/paleo-festival-2018-jour-2\/black-rebel-motorcycle-club-paleo-festival-nyon-18-07-2018-7\/'><img loading=\"lazy\" decoding=\"async\" width=\"1170\" height=\"780\" src=\"https:\/\/www.wallendorff.com\/belogue\/wp-content\/uploads\/2018\/07\/20180719-25-1170x780.jpg\" class=\"attachment-large size-large\" alt=\"\" aria-describedby=\"gallery-1-38900\" srcset=\"https:\/\/www.wallendorff.com\/belogue\/wp-content\/uploads\/2018\/07\/20180719-25.jpg 1170w, https:\/\/www.wallendorff.com\/belogue\/wp-content\/uploads\/2018\/07\/20180719-25-820x547.jpg 820w, https:\/\/www.wallendorff.com\/belogue\/wp-content\/uploads\/2018\/07\/20180719-25-200x133.jpg 200w, https:\/\/www.wallendorff.com\/belogue\/wp-content\/uploads\/2018\/07\/20180719-25-300x200.jpg 300w, https:\/\/www.wallendorff.com\/belogue\/wp-content\/uploads\/2018\/07\/20180719-25-1116x744.jpg 1116w, https:\/\/www.wallendorff.com\/belogue\/wp-content\/uploads\/2018\/07\/20180719-25-806x537.jpg 806w, https:\/\/www.wallendorff.com\/belogue\/wp-content\/uploads\/2018\/07\/20180719-25-558x372.jpg 558w, https:\/\/www.wallendorff.com\/belogue\/wp-content\/uploads\/2018\/07\/20180719-25-655x437.jpg 655w, https:\/\/www.wallendorff.com\/belogue\/wp-content\/uploads\/2018\/07\/20180719-25-600x400.jpg 600w\" sizes=\"(max-width: 1170px) 100vw, 1170px\" \/><\/a>\n\t\t\t<\/div>\n\t\t\t\t<figcaption class='wp-caption-text gallery-caption' id='gallery-1-38900'>\n\t\t\t\tBlack Rebel Motorcycle Club @ Pal\u00e9o Festival, Nyon, 18\/07\/2018\n\t\t\t\t<\/figcaption><\/figure><figure class='gallery-item'>\n\t\t\t<div class='gallery-icon landscape'>\n\t\t\t\t<a href='https:\/\/www.wallendorff.com\/belogue\/2018\/07\/19\/paleo-festival-2018-jour-2\/black-rebel-motorcycle-club-paleo-festival-nyon-18-07-2018-8\/'><img loading=\"lazy\" decoding=\"async\" width=\"1170\" height=\"780\" src=\"https:\/\/www.wallendorff.com\/belogue\/wp-content\/uploads\/2018\/07\/20180719-26-1170x780.jpg\" class=\"attachment-large size-large\" alt=\"\" aria-describedby=\"gallery-1-38901\" srcset=\"https:\/\/www.wallendorff.com\/belogue\/wp-content\/uploads\/2018\/07\/20180719-26.jpg 1170w, https:\/\/www.wallendorff.com\/belogue\/wp-content\/uploads\/2018\/07\/20180719-26-820x547.jpg 820w, https:\/\/www.wallendorff.com\/belogue\/wp-content\/uploads\/2018\/07\/20180719-26-200x133.jpg 200w, https:\/\/www.wallendorff.com\/belogue\/wp-content\/uploads\/2018\/07\/20180719-26-300x200.jpg 300w, https:\/\/www.wallendorff.com\/belogue\/wp-content\/uploads\/2018\/07\/20180719-26-1116x744.jpg 1116w, https:\/\/www.wallendorff.com\/belogue\/wp-content\/uploads\/2018\/07\/20180719-26-806x537.jpg 806w, https:\/\/www.wallendorff.com\/belogue\/wp-content\/uploads\/2018\/07\/20180719-26-558x372.jpg 558w, https:\/\/www.wallendorff.com\/belogue\/wp-content\/uploads\/2018\/07\/20180719-26-655x437.jpg 655w, https:\/\/www.wallendorff.com\/belogue\/wp-content\/uploads\/2018\/07\/20180719-26-600x400.jpg 600w\" sizes=\"(max-width: 1170px) 100vw, 1170px\" \/><\/a>\n\t\t\t<\/div>\n\t\t\t\t<figcaption class='wp-caption-text gallery-caption' id='gallery-1-38901'>\n\t\t\t\tBlack Rebel Motorcycle Club @ Pal\u00e9o Festival, Nyon, 18\/07\/2018\n\t\t\t\t<\/figcaption><\/figure><figure class='gallery-item'>\n\t\t\t<div class='gallery-icon landscape'>\n\t\t\t\t<a href='https:\/\/www.wallendorff.com\/belogue\/2018\/07\/19\/paleo-festival-2018-jour-2\/black-rebel-motorcycle-club-paleo-festival-nyon-18-07-2018-9\/'><img loading=\"lazy\" decoding=\"async\" width=\"1170\" height=\"780\" src=\"https:\/\/www.wallendorff.com\/belogue\/wp-content\/uploads\/2018\/07\/20180719-27-1170x780.jpg\" class=\"attachment-large size-large\" alt=\"\" aria-describedby=\"gallery-1-38902\" srcset=\"https:\/\/www.wallendorff.com\/belogue\/wp-content\/uploads\/2018\/07\/20180719-27.jpg 1170w, https:\/\/www.wallendorff.com\/belogue\/wp-content\/uploads\/2018\/07\/20180719-27-820x547.jpg 820w, https:\/\/www.wallendorff.com\/belogue\/wp-content\/uploads\/2018\/07\/20180719-27-200x133.jpg 200w, https:\/\/www.wallendorff.com\/belogue\/wp-content\/uploads\/2018\/07\/20180719-27-300x200.jpg 300w, https:\/\/www.wallendorff.com\/belogue\/wp-content\/uploads\/2018\/07\/20180719-27-1116x744.jpg 1116w, https:\/\/www.wallendorff.com\/belogue\/wp-content\/uploads\/2018\/07\/20180719-27-806x537.jpg 806w, https:\/\/www.wallendorff.com\/belogue\/wp-content\/uploads\/2018\/07\/20180719-27-558x372.jpg 558w, https:\/\/www.wallendorff.com\/belogue\/wp-content\/uploads\/2018\/07\/20180719-27-655x437.jpg 655w, https:\/\/www.wallendorff.com\/belogue\/wp-content\/uploads\/2018\/07\/20180719-27-600x400.jpg 600w\" sizes=\"(max-width: 1170px) 100vw, 1170px\" \/><\/a>\n\t\t\t<\/div>\n\t\t\t\t<figcaption class='wp-caption-text gallery-caption' id='gallery-1-38902'>\n\t\t\t\tBlack Rebel Motorcycle Club @ Pal\u00e9o Festival, Nyon, 18\/07\/2018\n\t\t\t\t<\/figcaption><\/figure><figure class='gallery-item'>\n\t\t\t<div class='gallery-icon landscape'>\n\t\t\t\t<a href='https:\/\/www.wallendorff.com\/belogue\/2018\/07\/19\/paleo-festival-2018-jour-2\/black-rebel-motorcycle-club-paleo-festival-nyon-18-07-2018-10\/'><img loading=\"lazy\" decoding=\"async\" width=\"1170\" height=\"780\" src=\"https:\/\/www.wallendorff.com\/belogue\/wp-content\/uploads\/2018\/07\/20180719-28-1170x780.jpg\" class=\"attachment-large size-large\" alt=\"\" aria-describedby=\"gallery-1-38903\" srcset=\"https:\/\/www.wallendorff.com\/belogue\/wp-content\/uploads\/2018\/07\/20180719-28.jpg 1170w, https:\/\/www.wallendorff.com\/belogue\/wp-content\/uploads\/2018\/07\/20180719-28-820x547.jpg 820w, https:\/\/www.wallendorff.com\/belogue\/wp-content\/uploads\/2018\/07\/20180719-28-200x133.jpg 200w, https:\/\/www.wallendorff.com\/belogue\/wp-content\/uploads\/2018\/07\/20180719-28-300x200.jpg 300w, https:\/\/www.wallendorff.com\/belogue\/wp-content\/uploads\/2018\/07\/20180719-28-1116x744.jpg 1116w, https:\/\/www.wallendorff.com\/belogue\/wp-content\/uploads\/2018\/07\/20180719-28-806x537.jpg 806w, https:\/\/www.wallendorff.com\/belogue\/wp-content\/uploads\/2018\/07\/20180719-28-558x372.jpg 558w, https:\/\/www.wallendorff.com\/belogue\/wp-content\/uploads\/2018\/07\/20180719-28-655x437.jpg 655w, https:\/\/www.wallendorff.com\/belogue\/wp-content\/uploads\/2018\/07\/20180719-28-600x400.jpg 600w\" sizes=\"(max-width: 1170px) 100vw, 1170px\" \/><\/a>\n\t\t\t<\/div>\n\t\t\t\t<figcaption class='wp-caption-text gallery-caption' id='gallery-1-38903'>\n\t\t\t\tBlack Rebel Motorcycle Club @ Pal\u00e9o Festival, Nyon, 18\/07\/2018\n\t\t\t\t<\/figcaption><\/figure><figure class='gallery-item'>\n\t\t\t<div class='gallery-icon portrait'>\n\t\t\t\t<a href='https:\/\/www.wallendorff.com\/belogue\/2018\/07\/19\/paleo-festival-2018-jour-2\/black-rebel-motorcycle-club-paleo-festival-nyon-18-07-2018-11\/'><img loading=\"lazy\" decoding=\"async\" width=\"683\" height=\"1024\" src=\"https:\/\/www.wallendorff.com\/belogue\/wp-content\/uploads\/2018\/07\/20180719-29-683x1024.jpg\" class=\"attachment-large size-large\" alt=\"\" aria-describedby=\"gallery-1-38904\" srcset=\"https:\/\/www.wallendorff.com\/belogue\/wp-content\/uploads\/2018\/07\/20180719-29-683x1024.jpg 683w, https:\/\/www.wallendorff.com\/belogue\/wp-content\/uploads\/2018\/07\/20180719-29-133x200.jpg 133w, https:\/\/www.wallendorff.com\/belogue\/wp-content\/uploads\/2018\/07\/20180719-29-200x300.jpg 200w, https:\/\/www.wallendorff.com\/belogue\/wp-content\/uploads\/2018\/07\/20180719-29-558x837.jpg 558w, https:\/\/www.wallendorff.com\/belogue\/wp-content\/uploads\/2018\/07\/20180719-29-655x983.jpg 655w, https:\/\/www.wallendorff.com\/belogue\/wp-content\/uploads\/2018\/07\/20180719-29-600x900.jpg 600w, https:\/\/www.wallendorff.com\/belogue\/wp-content\/uploads\/2018\/07\/20180719-29.jpg 780w\" sizes=\"(max-width: 683px) 100vw, 683px\" \/><\/a>\n\t\t\t<\/div>\n\t\t\t\t<figcaption class='wp-caption-text gallery-caption' id='gallery-1-38904'>\n\t\t\t\tBlack Rebel Motorcycle Club @ Pal\u00e9o Festival, Nyon, 18\/07\/2018\n\t\t\t\t<\/figcaption><\/figure><figure class='gallery-item'>\n\t\t\t<div class='gallery-icon landscape'>\n\t\t\t\t<a href='https:\/\/www.wallendorff.com\/belogue\/2018\/07\/19\/paleo-festival-2018-jour-2\/black-rebel-motorcycle-club-paleo-festival-nyon-18-07-2018-12\/'><img loading=\"lazy\" decoding=\"async\" width=\"1170\" height=\"780\" src=\"https:\/\/www.wallendorff.com\/belogue\/wp-content\/uploads\/2018\/07\/20180719-30-1170x780.jpg\" class=\"attachment-large size-large\" alt=\"\" aria-describedby=\"gallery-1-38905\" srcset=\"https:\/\/www.wallendorff.com\/belogue\/wp-content\/uploads\/2018\/07\/20180719-30.jpg 1170w, https:\/\/www.wallendorff.com\/belogue\/wp-content\/uploads\/2018\/07\/20180719-30-820x547.jpg 820w, https:\/\/www.wallendorff.com\/belogue\/wp-content\/uploads\/2018\/07\/20180719-30-200x133.jpg 200w, https:\/\/www.wallendorff.com\/belogue\/wp-content\/uploads\/2018\/07\/20180719-30-300x200.jpg 300w, https:\/\/www.wallendorff.com\/belogue\/wp-content\/uploads\/2018\/07\/20180719-30-1116x744.jpg 1116w, https:\/\/www.wallendorff.com\/belogue\/wp-content\/uploads\/2018\/07\/20180719-30-806x537.jpg 806w, https:\/\/www.wallendorff.com\/belogue\/wp-content\/uploads\/2018\/07\/20180719-30-558x372.jpg 558w, https:\/\/www.wallendorff.com\/belogue\/wp-content\/uploads\/2018\/07\/20180719-30-655x437.jpg 655w, https:\/\/www.wallendorff.com\/belogue\/wp-content\/uploads\/2018\/07\/20180719-30-600x400.jpg 600w\" sizes=\"(max-width: 1170px) 100vw, 1170px\" \/><\/a>\n\t\t\t<\/div>\n\t\t\t\t<figcaption class='wp-caption-text gallery-caption' id='gallery-1-38905'>\n\t\t\t\tBlack Rebel Motorcycle Club @ Pal\u00e9o Festival, Nyon, 18\/07\/2018\n\t\t\t\t<\/figcaption><\/figure><figure class='gallery-item'>\n\t\t\t<div class='gallery-icon landscape'>\n\t\t\t\t<a href='https:\/\/www.wallendorff.com\/belogue\/2018\/07\/19\/paleo-festival-2018-jour-2\/black-rebel-motorcycle-club-paleo-festival-nyon-18-07-2018-13\/'><img loading=\"lazy\" decoding=\"async\" width=\"1170\" height=\"780\" src=\"https:\/\/www.wallendorff.com\/belogue\/wp-content\/uploads\/2018\/07\/20180719-31-1170x780.jpg\" class=\"attachment-large size-large\" alt=\"\" aria-describedby=\"gallery-1-38906\" srcset=\"https:\/\/www.wallendorff.com\/belogue\/wp-content\/uploads\/2018\/07\/20180719-31.jpg 1170w, https:\/\/www.wallendorff.com\/belogue\/wp-content\/uploads\/2018\/07\/20180719-31-820x547.jpg 820w, https:\/\/www.wallendorff.com\/belogue\/wp-content\/uploads\/2018\/07\/20180719-31-200x133.jpg 200w, https:\/\/www.wallendorff.com\/belogue\/wp-content\/uploads\/2018\/07\/20180719-31-300x200.jpg 300w, https:\/\/www.wallendorff.com\/belogue\/wp-content\/uploads\/2018\/07\/20180719-31-1116x744.jpg 1116w, https:\/\/www.wallendorff.com\/belogue\/wp-content\/uploads\/2018\/07\/20180719-31-806x537.jpg 806w, https:\/\/www.wallendorff.com\/belogue\/wp-content\/uploads\/2018\/07\/20180719-31-558x372.jpg 558w, https:\/\/www.wallendorff.com\/belogue\/wp-content\/uploads\/2018\/07\/20180719-31-655x437.jpg 655w, https:\/\/www.wallendorff.com\/belogue\/wp-content\/uploads\/2018\/07\/20180719-31-600x400.jpg 600w\" sizes=\"(max-width: 1170px) 100vw, 1170px\" \/><\/a>\n\t\t\t<\/div>\n\t\t\t\t<figcaption class='wp-caption-text gallery-caption' id='gallery-1-38906'>\n\t\t\t\tBlack Rebel Motorcycle Club @ Pal\u00e9o Festival, Nyon, 18\/07\/2018\n\t\t\t\t<\/figcaption><\/figure><figure class='gallery-item'>\n\t\t\t<div class='gallery-icon landscape'>\n\t\t\t\t<a href='https:\/\/www.wallendorff.com\/belogue\/2018\/07\/19\/paleo-festival-2018-jour-2\/black-rebel-motorcycle-club-paleo-festival-nyon-18-07-2018-14\/'><img loading=\"lazy\" decoding=\"async\" width=\"1170\" height=\"780\" src=\"https:\/\/www.wallendorff.com\/belogue\/wp-content\/uploads\/2018\/07\/20180719-32-1170x780.jpg\" class=\"attachment-large size-large\" alt=\"\" aria-describedby=\"gallery-1-38907\" srcset=\"https:\/\/www.wallendorff.com\/belogue\/wp-content\/uploads\/2018\/07\/20180719-32.jpg 1170w, https:\/\/www.wallendorff.com\/belogue\/wp-content\/uploads\/2018\/07\/20180719-32-820x547.jpg 820w, https:\/\/www.wallendorff.com\/belogue\/wp-content\/uploads\/2018\/07\/20180719-32-200x133.jpg 200w, https:\/\/www.wallendorff.com\/belogue\/wp-content\/uploads\/2018\/07\/20180719-32-300x200.jpg 300w, https:\/\/www.wallendorff.com\/belogue\/wp-content\/uploads\/2018\/07\/20180719-32-1116x744.jpg 1116w, https:\/\/www.wallendorff.com\/belogue\/wp-content\/uploads\/2018\/07\/20180719-32-806x537.jpg 806w, https:\/\/www.wallendorff.com\/belogue\/wp-content\/uploads\/2018\/07\/20180719-32-558x372.jpg 558w, https:\/\/www.wallendorff.com\/belogue\/wp-content\/uploads\/2018\/07\/20180719-32-655x437.jpg 655w, https:\/\/www.wallendorff.com\/belogue\/wp-content\/uploads\/2018\/07\/20180719-32-600x400.jpg 600w\" sizes=\"(max-width: 1170px) 100vw, 1170px\" \/><\/a>\n\t\t\t<\/div>\n\t\t\t\t<figcaption class='wp-caption-text gallery-caption' id='gallery-1-38907'>\n\t\t\t\tBlack Rebel Motorcycle Club @ Pal\u00e9o Festival, Nyon, 18\/07\/2018\n\t\t\t\t<\/figcaption><\/figure><figure class='gallery-item'>\n\t\t\t<div class='gallery-icon landscape'>\n\t\t\t\t<a href='https:\/\/www.wallendorff.com\/belogue\/2018\/07\/19\/paleo-festival-2018-jour-2\/black-rebel-motorcycle-club-paleo-festival-nyon-18-07-2018-15\/'><img loading=\"lazy\" decoding=\"async\" width=\"1170\" height=\"780\" src=\"https:\/\/www.wallendorff.com\/belogue\/wp-content\/uploads\/2018\/07\/20180719-33-1170x780.jpg\" class=\"attachment-large size-large\" alt=\"\" aria-describedby=\"gallery-1-38908\" srcset=\"https:\/\/www.wallendorff.com\/belogue\/wp-content\/uploads\/2018\/07\/20180719-33.jpg 1170w, https:\/\/www.wallendorff.com\/belogue\/wp-content\/uploads\/2018\/07\/20180719-33-820x547.jpg 820w, https:\/\/www.wallendorff.com\/belogue\/wp-content\/uploads\/2018\/07\/20180719-33-200x133.jpg 200w, https:\/\/www.wallendorff.com\/belogue\/wp-content\/uploads\/2018\/07\/20180719-33-300x200.jpg 300w, https:\/\/www.wallendorff.com\/belogue\/wp-content\/uploads\/2018\/07\/20180719-33-1116x744.jpg 1116w, https:\/\/www.wallendorff.com\/belogue\/wp-content\/uploads\/2018\/07\/20180719-33-806x537.jpg 806w, https:\/\/www.wallendorff.com\/belogue\/wp-content\/uploads\/2018\/07\/20180719-33-558x372.jpg 558w, https:\/\/www.wallendorff.com\/belogue\/wp-content\/uploads\/2018\/07\/20180719-33-655x437.jpg 655w, https:\/\/www.wallendorff.com\/belogue\/wp-content\/uploads\/2018\/07\/20180719-33-600x400.jpg 600w\" sizes=\"(max-width: 1170px) 100vw, 1170px\" \/><\/a>\n\t\t\t<\/div>\n\t\t\t\t<figcaption class='wp-caption-text gallery-caption' id='gallery-1-38908'>\n\t\t\t\tBlack Rebel Motorcycle Club @ Pal\u00e9o Festival, Nyon, 18\/07\/2018\n\t\t\t\t<\/figcaption><\/figure><figure class='gallery-item'>\n\t\t\t<div class='gallery-icon landscape'>\n\t\t\t\t<a href='https:\/\/www.wallendorff.com\/belogue\/2018\/07\/19\/paleo-festival-2018-jour-2\/paleo-festival-nyon-18-07-2018-19\/'><img loading=\"lazy\" decoding=\"async\" width=\"1170\" height=\"780\" src=\"https:\/\/www.wallendorff.com\/belogue\/wp-content\/uploads\/2018\/07\/20180719-34-1170x780.jpg\" class=\"attachment-large size-large\" alt=\"\" aria-describedby=\"gallery-1-38909\" srcset=\"https:\/\/www.wallendorff.com\/belogue\/wp-content\/uploads\/2018\/07\/20180719-34.jpg 1170w, https:\/\/www.wallendorff.com\/belogue\/wp-content\/uploads\/2018\/07\/20180719-34-820x547.jpg 820w, https:\/\/www.wallendorff.com\/belogue\/wp-content\/uploads\/2018\/07\/20180719-34-200x133.jpg 200w, https:\/\/www.wallendorff.com\/belogue\/wp-content\/uploads\/2018\/07\/20180719-34-300x200.jpg 300w, https:\/\/www.wallendorff.com\/belogue\/wp-content\/uploads\/2018\/07\/20180719-34-1116x744.jpg 1116w, https:\/\/www.wallendorff.com\/belogue\/wp-content\/uploads\/2018\/07\/20180719-34-806x537.jpg 806w, https:\/\/www.wallendorff.com\/belogue\/wp-content\/uploads\/2018\/07\/20180719-34-558x372.jpg 558w, https:\/\/www.wallendorff.com\/belogue\/wp-content\/uploads\/2018\/07\/20180719-34-655x437.jpg 655w, https:\/\/www.wallendorff.com\/belogue\/wp-content\/uploads\/2018\/07\/20180719-34-600x400.jpg 600w\" sizes=\"(max-width: 1170px) 100vw, 1170px\" \/><\/a>\n\t\t\t<\/div>\n\t\t\t\t<figcaption class='wp-caption-text gallery-caption' id='gallery-1-38909'>\n\t\t\t\tPal\u00e9o Festival, Nyon, 18\/07\/2018\n\t\t\t\t<\/figcaption><\/figure><figure class='gallery-item'>\n\t\t\t<div class='gallery-icon landscape'>\n\t\t\t\t<a href='https:\/\/www.wallendorff.com\/belogue\/2018\/07\/19\/paleo-festival-2018-jour-2\/black-rebel-motorcycle-club-paleo-festival-nyon-18-07-2018-16\/'><img loading=\"lazy\" decoding=\"async\" width=\"1170\" height=\"780\" src=\"https:\/\/www.wallendorff.com\/belogue\/wp-content\/uploads\/2018\/07\/20180719-35-1170x780.jpg\" class=\"attachment-large size-large\" alt=\"\" aria-describedby=\"gallery-1-38910\" srcset=\"https:\/\/www.wallendorff.com\/belogue\/wp-content\/uploads\/2018\/07\/20180719-35.jpg 1170w, https:\/\/www.wallendorff.com\/belogue\/wp-content\/uploads\/2018\/07\/20180719-35-820x547.jpg 820w, https:\/\/www.wallendorff.com\/belogue\/wp-content\/uploads\/2018\/07\/20180719-35-200x133.jpg 200w, https:\/\/www.wallendorff.com\/belogue\/wp-content\/uploads\/2018\/07\/20180719-35-300x200.jpg 300w, https:\/\/www.wallendorff.com\/belogue\/wp-content\/uploads\/2018\/07\/20180719-35-1116x744.jpg 1116w, https:\/\/www.wallendorff.com\/belogue\/wp-content\/uploads\/2018\/07\/20180719-35-806x537.jpg 806w, https:\/\/www.wallendorff.com\/belogue\/wp-content\/uploads\/2018\/07\/20180719-35-558x372.jpg 558w, https:\/\/www.wallendorff.com\/belogue\/wp-content\/uploads\/2018\/07\/20180719-35-655x437.jpg 655w, https:\/\/www.wallendorff.com\/belogue\/wp-content\/uploads\/2018\/07\/20180719-35-600x400.jpg 600w\" sizes=\"(max-width: 1170px) 100vw, 1170px\" \/><\/a>\n\t\t\t<\/div>\n\t\t\t\t<figcaption class='wp-caption-text gallery-caption' id='gallery-1-38910'>\n\t\t\t\tBlack Rebel Motorcycle Club @ Pal\u00e9o Festival, Nyon, 18\/07\/2018\n\t\t\t\t<\/figcaption><\/figure><figure class='gallery-item'>\n\t\t\t<div class='gallery-icon landscape'>\n\t\t\t\t<a href='https:\/\/www.wallendorff.com\/belogue\/2018\/07\/19\/paleo-festival-2018-jour-2\/black-rebel-motorcycle-club-paleo-festival-nyon-18-07-2018-17\/'><img loading=\"lazy\" decoding=\"async\" width=\"1170\" height=\"780\" src=\"https:\/\/www.wallendorff.com\/belogue\/wp-content\/uploads\/2018\/07\/20180719-36-1170x780.jpg\" class=\"attachment-large size-large\" alt=\"\" aria-describedby=\"gallery-1-38911\" srcset=\"https:\/\/www.wallendorff.com\/belogue\/wp-content\/uploads\/2018\/07\/20180719-36.jpg 1170w, https:\/\/www.wallendorff.com\/belogue\/wp-content\/uploads\/2018\/07\/20180719-36-820x547.jpg 820w, https:\/\/www.wallendorff.com\/belogue\/wp-content\/uploads\/2018\/07\/20180719-36-200x133.jpg 200w, https:\/\/www.wallendorff.com\/belogue\/wp-content\/uploads\/2018\/07\/20180719-36-300x200.jpg 300w, https:\/\/www.wallendorff.com\/belogue\/wp-content\/uploads\/2018\/07\/20180719-36-1116x744.jpg 1116w, https:\/\/www.wallendorff.com\/belogue\/wp-content\/uploads\/2018\/07\/20180719-36-806x537.jpg 806w, https:\/\/www.wallendorff.com\/belogue\/wp-content\/uploads\/2018\/07\/20180719-36-558x372.jpg 558w, https:\/\/www.wallendorff.com\/belogue\/wp-content\/uploads\/2018\/07\/20180719-36-655x437.jpg 655w, https:\/\/www.wallendorff.com\/belogue\/wp-content\/uploads\/2018\/07\/20180719-36-600x400.jpg 600w\" sizes=\"(max-width: 1170px) 100vw, 1170px\" \/><\/a>\n\t\t\t<\/div>\n\t\t\t\t<figcaption class='wp-caption-text gallery-caption' id='gallery-1-38911'>\n\t\t\t\tBlack Rebel Motorcycle Club @ Pal\u00e9o Festival, Nyon, 18\/07\/2018\n\t\t\t\t<\/figcaption><\/figure><figure class='gallery-item'>\n\t\t\t<div class='gallery-icon landscape'>\n\t\t\t\t<a href='https:\/\/www.wallendorff.com\/belogue\/2018\/07\/19\/paleo-festival-2018-jour-2\/black-rebel-motorcycle-club-paleo-festival-nyon-18-07-2018-18\/'><img loading=\"lazy\" decoding=\"async\" width=\"1170\" height=\"780\" src=\"https:\/\/www.wallendorff.com\/belogue\/wp-content\/uploads\/2018\/07\/20180719-37-1170x780.jpg\" class=\"attachment-large size-large\" alt=\"\" aria-describedby=\"gallery-1-38912\" srcset=\"https:\/\/www.wallendorff.com\/belogue\/wp-content\/uploads\/2018\/07\/20180719-37.jpg 1170w, https:\/\/www.wallendorff.com\/belogue\/wp-content\/uploads\/2018\/07\/20180719-37-820x547.jpg 820w, https:\/\/www.wallendorff.com\/belogue\/wp-content\/uploads\/2018\/07\/20180719-37-200x133.jpg 200w, https:\/\/www.wallendorff.com\/belogue\/wp-content\/uploads\/2018\/07\/20180719-37-300x200.jpg 300w, https:\/\/www.wallendorff.com\/belogue\/wp-content\/uploads\/2018\/07\/20180719-37-1116x744.jpg 1116w, https:\/\/www.wallendorff.com\/belogue\/wp-content\/uploads\/2018\/07\/20180719-37-806x537.jpg 806w, https:\/\/www.wallendorff.com\/belogue\/wp-content\/uploads\/2018\/07\/20180719-37-558x372.jpg 558w, https:\/\/www.wallendorff.com\/belogue\/wp-content\/uploads\/2018\/07\/20180719-37-655x437.jpg 655w, https:\/\/www.wallendorff.com\/belogue\/wp-content\/uploads\/2018\/07\/20180719-37-600x400.jpg 600w\" sizes=\"(max-width: 1170px) 100vw, 1170px\" \/><\/a>\n\t\t\t<\/div>\n\t\t\t\t<figcaption class='wp-caption-text gallery-caption' id='gallery-1-38912'>\n\t\t\t\tBlack Rebel Motorcycle Club @ Pal\u00e9o Festival, Nyon, 18\/07\/2018\n\t\t\t\t<\/figcaption><\/figure><figure class='gallery-item'>\n\t\t\t<div class='gallery-icon landscape'>\n\t\t\t\t<a href='https:\/\/www.wallendorff.com\/belogue\/2018\/07\/19\/paleo-festival-2018-jour-2\/black-rebel-motorcycle-club-paleo-festival-nyon-18-07-2018-19\/'><img loading=\"lazy\" decoding=\"async\" width=\"1170\" height=\"780\" src=\"https:\/\/www.wallendorff.com\/belogue\/wp-content\/uploads\/2018\/07\/20180719-38-1170x780.jpg\" class=\"attachment-large size-large\" alt=\"\" aria-describedby=\"gallery-1-38913\" srcset=\"https:\/\/www.wallendorff.com\/belogue\/wp-content\/uploads\/2018\/07\/20180719-38.jpg 1170w, https:\/\/www.wallendorff.com\/belogue\/wp-content\/uploads\/2018\/07\/20180719-38-820x547.jpg 820w, https:\/\/www.wallendorff.com\/belogue\/wp-content\/uploads\/2018\/07\/20180719-38-200x133.jpg 200w, https:\/\/www.wallendorff.com\/belogue\/wp-content\/uploads\/2018\/07\/20180719-38-300x200.jpg 300w, https:\/\/www.wallendorff.com\/belogue\/wp-content\/uploads\/2018\/07\/20180719-38-1116x744.jpg 1116w, https:\/\/www.wallendorff.com\/belogue\/wp-content\/uploads\/2018\/07\/20180719-38-806x537.jpg 806w, https:\/\/www.wallendorff.com\/belogue\/wp-content\/uploads\/2018\/07\/20180719-38-558x372.jpg 558w, https:\/\/www.wallendorff.com\/belogue\/wp-content\/uploads\/2018\/07\/20180719-38-655x437.jpg 655w, https:\/\/www.wallendorff.com\/belogue\/wp-content\/uploads\/2018\/07\/20180719-38-600x400.jpg 600w\" sizes=\"(max-width: 1170px) 100vw, 1170px\" \/><\/a>\n\t\t\t<\/div>\n\t\t\t\t<figcaption class='wp-caption-text gallery-caption' id='gallery-1-38913'>\n\t\t\t\tBlack Rebel Motorcycle Club @ Pal\u00e9o Festival, Nyon, 18\/07\/2018\n\t\t\t\t<\/figcaption><\/figure><figure class='gallery-item'>\n\t\t\t<div class='gallery-icon landscape'>\n\t\t\t\t<a href='https:\/\/www.wallendorff.com\/belogue\/2018\/07\/19\/paleo-festival-2018-jour-2\/black-rebel-motorcycle-club-paleo-festival-nyon-18-07-2018-20\/'><img loading=\"lazy\" decoding=\"async\" width=\"1170\" height=\"780\" src=\"https:\/\/www.wallendorff.com\/belogue\/wp-content\/uploads\/2018\/07\/20180719-39-1170x780.jpg\" class=\"attachment-large size-large\" alt=\"\" aria-describedby=\"gallery-1-38914\" srcset=\"https:\/\/www.wallendorff.com\/belogue\/wp-content\/uploads\/2018\/07\/20180719-39.jpg 1170w, https:\/\/www.wallendorff.com\/belogue\/wp-content\/uploads\/2018\/07\/20180719-39-820x547.jpg 820w, https:\/\/www.wallendorff.com\/belogue\/wp-content\/uploads\/2018\/07\/20180719-39-200x133.jpg 200w, https:\/\/www.wallendorff.com\/belogue\/wp-content\/uploads\/2018\/07\/20180719-39-300x200.jpg 300w, https:\/\/www.wallendorff.com\/belogue\/wp-content\/uploads\/2018\/07\/20180719-39-1116x744.jpg 1116w, https:\/\/www.wallendorff.com\/belogue\/wp-content\/uploads\/2018\/07\/20180719-39-806x537.jpg 806w, https:\/\/www.wallendorff.com\/belogue\/wp-content\/uploads\/2018\/07\/20180719-39-558x372.jpg 558w, https:\/\/www.wallendorff.com\/belogue\/wp-content\/uploads\/2018\/07\/20180719-39-655x437.jpg 655w, https:\/\/www.wallendorff.com\/belogue\/wp-content\/uploads\/2018\/07\/20180719-39-600x400.jpg 600w\" sizes=\"(max-width: 1170px) 100vw, 1170px\" \/><\/a>\n\t\t\t<\/div>\n\t\t\t\t<figcaption class='wp-caption-text gallery-caption' id='gallery-1-38914'>\n\t\t\t\tBlack Rebel Motorcycle Club @ Pal\u00e9o Festival, Nyon, 18\/07\/2018\n\t\t\t\t<\/figcaption><\/figure><figure class='gallery-item'>\n\t\t\t<div class='gallery-icon landscape'>\n\t\t\t\t<a href='https:\/\/www.wallendorff.com\/belogue\/2018\/07\/19\/paleo-festival-2018-jour-2\/paleo-festival-nyon-18-07-2018-20\/'><img loading=\"lazy\" decoding=\"async\" width=\"1170\" height=\"780\" src=\"https:\/\/www.wallendorff.com\/belogue\/wp-content\/uploads\/2018\/07\/20180719-40-1170x780.jpg\" class=\"attachment-large size-large\" alt=\"\" aria-describedby=\"gallery-1-38915\" srcset=\"https:\/\/www.wallendorff.com\/belogue\/wp-content\/uploads\/2018\/07\/20180719-40.jpg 1170w, https:\/\/www.wallendorff.com\/belogue\/wp-content\/uploads\/2018\/07\/20180719-40-820x547.jpg 820w, https:\/\/www.wallendorff.com\/belogue\/wp-content\/uploads\/2018\/07\/20180719-40-200x133.jpg 200w, https:\/\/www.wallendorff.com\/belogue\/wp-content\/uploads\/2018\/07\/20180719-40-300x200.jpg 300w, https:\/\/www.wallendorff.com\/belogue\/wp-content\/uploads\/2018\/07\/20180719-40-1116x744.jpg 1116w, https:\/\/www.wallendorff.com\/belogue\/wp-content\/uploads\/2018\/07\/20180719-40-806x537.jpg 806w, https:\/\/www.wallendorff.com\/belogue\/wp-content\/uploads\/2018\/07\/20180719-40-558x372.jpg 558w, https:\/\/www.wallendorff.com\/belogue\/wp-content\/uploads\/2018\/07\/20180719-40-655x437.jpg 655w, https:\/\/www.wallendorff.com\/belogue\/wp-content\/uploads\/2018\/07\/20180719-40-600x400.jpg 600w\" sizes=\"(max-width: 1170px) 100vw, 1170px\" \/><\/a>\n\t\t\t<\/div>\n\t\t\t\t<figcaption class='wp-caption-text gallery-caption' id='gallery-1-38915'>\n\t\t\t\tPal\u00e9o Festival, Nyon, 18\/07\/2018\n\t\t\t\t<\/figcaption><\/figure><figure class='gallery-item'>\n\t\t\t<div class='gallery-icon landscape'>\n\t\t\t\t<a href='https:\/\/www.wallendorff.com\/belogue\/2018\/07\/19\/paleo-festival-2018-jour-2\/black-rebel-motorcycle-club-paleo-festival-nyon-18-07-2018-21\/'><img loading=\"lazy\" decoding=\"async\" width=\"1170\" height=\"780\" src=\"https:\/\/www.wallendorff.com\/belogue\/wp-content\/uploads\/2018\/07\/20180719-41-1170x780.jpg\" class=\"attachment-large size-large\" alt=\"\" aria-describedby=\"gallery-1-38916\" srcset=\"https:\/\/www.wallendorff.com\/belogue\/wp-content\/uploads\/2018\/07\/20180719-41.jpg 1170w, https:\/\/www.wallendorff.com\/belogue\/wp-content\/uploads\/2018\/07\/20180719-41-820x547.jpg 820w, https:\/\/www.wallendorff.com\/belogue\/wp-content\/uploads\/2018\/07\/20180719-41-200x133.jpg 200w, https:\/\/www.wallendorff.com\/belogue\/wp-content\/uploads\/2018\/07\/20180719-41-300x200.jpg 300w, https:\/\/www.wallendorff.com\/belogue\/wp-content\/uploads\/2018\/07\/20180719-41-1116x744.jpg 1116w, https:\/\/www.wallendorff.com\/belogue\/wp-content\/uploads\/2018\/07\/20180719-41-806x537.jpg 806w, https:\/\/www.wallendorff.com\/belogue\/wp-content\/uploads\/2018\/07\/20180719-41-558x372.jpg 558w, https:\/\/www.wallendorff.com\/belogue\/wp-content\/uploads\/2018\/07\/20180719-41-655x437.jpg 655w, https:\/\/www.wallendorff.com\/belogue\/wp-content\/uploads\/2018\/07\/20180719-41-600x400.jpg 600w\" sizes=\"(max-width: 1170px) 100vw, 1170px\" \/><\/a>\n\t\t\t<\/div>\n\t\t\t\t<figcaption class='wp-caption-text gallery-caption' id='gallery-1-38916'>\n\t\t\t\tBlack Rebel Motorcycle Club @ Pal\u00e9o Festival, Nyon, 18\/07\/2018\n\t\t\t\t<\/figcaption><\/figure><figure class='gallery-item'>\n\t\t\t<div class='gallery-icon portrait'>\n\t\t\t\t<a href='https:\/\/www.wallendorff.com\/belogue\/2018\/07\/19\/paleo-festival-2018-jour-2\/black-rebel-motorcycle-club-paleo-festival-nyon-18-07-2018-22\/'><img loading=\"lazy\" decoding=\"async\" width=\"683\" height=\"1024\" src=\"https:\/\/www.wallendorff.com\/belogue\/wp-content\/uploads\/2018\/07\/20180719-42-683x1024.jpg\" class=\"attachment-large size-large\" alt=\"\" aria-describedby=\"gallery-1-38917\" srcset=\"https:\/\/www.wallendorff.com\/belogue\/wp-content\/uploads\/2018\/07\/20180719-42-683x1024.jpg 683w, https:\/\/www.wallendorff.com\/belogue\/wp-content\/uploads\/2018\/07\/20180719-42-133x200.jpg 133w, https:\/\/www.wallendorff.com\/belogue\/wp-content\/uploads\/2018\/07\/20180719-42-200x300.jpg 200w, https:\/\/www.wallendorff.com\/belogue\/wp-content\/uploads\/2018\/07\/20180719-42-558x837.jpg 558w, https:\/\/www.wallendorff.com\/belogue\/wp-content\/uploads\/2018\/07\/20180719-42-655x983.jpg 655w, https:\/\/www.wallendorff.com\/belogue\/wp-content\/uploads\/2018\/07\/20180719-42-600x900.jpg 600w, https:\/\/www.wallendorff.com\/belogue\/wp-content\/uploads\/2018\/07\/20180719-42.jpg 780w\" sizes=\"(max-width: 683px) 100vw, 683px\" \/><\/a>\n\t\t\t<\/div>\n\t\t\t\t<figcaption class='wp-caption-text gallery-caption' id='gallery-1-38917'>\n\t\t\t\tBlack Rebel Motorcycle Club @ Pal\u00e9o Festival, Nyon, 18\/07\/2018\n\t\t\t\t<\/figcaption><\/figure><figure class='gallery-item'>\n\t\t\t<div class='gallery-icon landscape'>\n\t\t\t\t<a href='https:\/\/www.wallendorff.com\/belogue\/2018\/07\/19\/paleo-festival-2018-jour-2\/black-rebel-motorcycle-club-paleo-festival-nyon-18-07-2018-23\/'><img loading=\"lazy\" decoding=\"async\" width=\"1170\" height=\"780\" src=\"https:\/\/www.wallendorff.com\/belogue\/wp-content\/uploads\/2018\/07\/20180719-43-1170x780.jpg\" class=\"attachment-large size-large\" alt=\"\" aria-describedby=\"gallery-1-38918\" srcset=\"https:\/\/www.wallendorff.com\/belogue\/wp-content\/uploads\/2018\/07\/20180719-43.jpg 1170w, https:\/\/www.wallendorff.com\/belogue\/wp-content\/uploads\/2018\/07\/20180719-43-820x547.jpg 820w, https:\/\/www.wallendorff.com\/belogue\/wp-content\/uploads\/2018\/07\/20180719-43-200x133.jpg 200w, https:\/\/www.wallendorff.com\/belogue\/wp-content\/uploads\/2018\/07\/20180719-43-300x200.jpg 300w, https:\/\/www.wallendorff.com\/belogue\/wp-content\/uploads\/2018\/07\/20180719-43-1116x744.jpg 1116w, https:\/\/www.wallendorff.com\/belogue\/wp-content\/uploads\/2018\/07\/20180719-43-806x537.jpg 806w, https:\/\/www.wallendorff.com\/belogue\/wp-content\/uploads\/2018\/07\/20180719-43-558x372.jpg 558w, https:\/\/www.wallendorff.com\/belogue\/wp-content\/uploads\/2018\/07\/20180719-43-655x437.jpg 655w, https:\/\/www.wallendorff.com\/belogue\/wp-content\/uploads\/2018\/07\/20180719-43-600x400.jpg 600w\" sizes=\"(max-width: 1170px) 100vw, 1170px\" \/><\/a>\n\t\t\t<\/div>\n\t\t\t\t<figcaption class='wp-caption-text gallery-caption' id='gallery-1-38918'>\n\t\t\t\tBlack Rebel Motorcycle Club @ Pal\u00e9o Festival, Nyon, 18\/07\/2018\n\t\t\t\t<\/figcaption><\/figure><figure class='gallery-item'>\n\t\t\t<div class='gallery-icon landscape'>\n\t\t\t\t<a href='https:\/\/www.wallendorff.com\/belogue\/2018\/07\/19\/paleo-festival-2018-jour-2\/black-rebel-motorcycle-club-paleo-festival-nyon-18-07-2018-24\/'><img loading=\"lazy\" decoding=\"async\" width=\"1170\" height=\"780\" src=\"https:\/\/www.wallendorff.com\/belogue\/wp-content\/uploads\/2018\/07\/20180719-44-1170x780.jpg\" class=\"attachment-large size-large\" alt=\"\" aria-describedby=\"gallery-1-38919\" srcset=\"https:\/\/www.wallendorff.com\/belogue\/wp-content\/uploads\/2018\/07\/20180719-44.jpg 1170w, https:\/\/www.wallendorff.com\/belogue\/wp-content\/uploads\/2018\/07\/20180719-44-820x547.jpg 820w, https:\/\/www.wallendorff.com\/belogue\/wp-content\/uploads\/2018\/07\/20180719-44-200x133.jpg 200w, https:\/\/www.wallendorff.com\/belogue\/wp-content\/uploads\/2018\/07\/20180719-44-300x200.jpg 300w, https:\/\/www.wallendorff.com\/belogue\/wp-content\/uploads\/2018\/07\/20180719-44-1116x744.jpg 1116w, https:\/\/www.wallendorff.com\/belogue\/wp-content\/uploads\/2018\/07\/20180719-44-806x537.jpg 806w, https:\/\/www.wallendorff.com\/belogue\/wp-content\/uploads\/2018\/07\/20180719-44-558x372.jpg 558w, https:\/\/www.wallendorff.com\/belogue\/wp-content\/uploads\/2018\/07\/20180719-44-655x437.jpg 655w, https:\/\/www.wallendorff.com\/belogue\/wp-content\/uploads\/2018\/07\/20180719-44-600x400.jpg 600w\" sizes=\"(max-width: 1170px) 100vw, 1170px\" \/><\/a>\n\t\t\t<\/div>\n\t\t\t\t<figcaption class='wp-caption-text gallery-caption' id='gallery-1-38919'>\n\t\t\t\tBlack Rebel Motorcycle Club @ Pal\u00e9o Festival, Nyon, 18\/07\/2018\n\t\t\t\t<\/figcaption><\/figure><figure class='gallery-item'>\n\t\t\t<div class='gallery-icon landscape'>\n\t\t\t\t<a href='https:\/\/www.wallendorff.com\/belogue\/2018\/07\/19\/paleo-festival-2018-jour-2\/paleo-festival-nyon-18-07-2018-21\/'><img loading=\"lazy\" decoding=\"async\" width=\"1170\" height=\"780\" src=\"https:\/\/www.wallendorff.com\/belogue\/wp-content\/uploads\/2018\/07\/20180719-45-1170x780.jpg\" class=\"attachment-large size-large\" alt=\"\" aria-describedby=\"gallery-1-38920\" srcset=\"https:\/\/www.wallendorff.com\/belogue\/wp-content\/uploads\/2018\/07\/20180719-45.jpg 1170w, https:\/\/www.wallendorff.com\/belogue\/wp-content\/uploads\/2018\/07\/20180719-45-820x547.jpg 820w, https:\/\/www.wallendorff.com\/belogue\/wp-content\/uploads\/2018\/07\/20180719-45-200x133.jpg 200w, https:\/\/www.wallendorff.com\/belogue\/wp-content\/uploads\/2018\/07\/20180719-45-300x200.jpg 300w, https:\/\/www.wallendorff.com\/belogue\/wp-content\/uploads\/2018\/07\/20180719-45-1116x744.jpg 1116w, https:\/\/www.wallendorff.com\/belogue\/wp-content\/uploads\/2018\/07\/20180719-45-806x537.jpg 806w, https:\/\/www.wallendorff.com\/belogue\/wp-content\/uploads\/2018\/07\/20180719-45-558x372.jpg 558w, https:\/\/www.wallendorff.com\/belogue\/wp-content\/uploads\/2018\/07\/20180719-45-655x437.jpg 655w, https:\/\/www.wallendorff.com\/belogue\/wp-content\/uploads\/2018\/07\/20180719-45-600x400.jpg 600w\" sizes=\"(max-width: 1170px) 100vw, 1170px\" \/><\/a>\n\t\t\t<\/div>\n\t\t\t\t<figcaption class='wp-caption-text gallery-caption' id='gallery-1-38920'>\n\t\t\t\tPal\u00e9o Festival, Nyon, 18\/07\/2018\n\t\t\t\t<\/figcaption><\/figure><figure class='gallery-item'>\n\t\t\t<div class='gallery-icon landscape'>\n\t\t\t\t<a href='https:\/\/www.wallendorff.com\/belogue\/2018\/07\/19\/paleo-festival-2018-jour-2\/black-rebel-motorcycle-club-paleo-festival-nyon-18-07-2018-25\/'><img loading=\"lazy\" decoding=\"async\" width=\"1170\" height=\"780\" src=\"https:\/\/www.wallendorff.com\/belogue\/wp-content\/uploads\/2018\/07\/20180719-46-1170x780.jpg\" class=\"attachment-large size-large\" alt=\"\" aria-describedby=\"gallery-1-38921\" srcset=\"https:\/\/www.wallendorff.com\/belogue\/wp-content\/uploads\/2018\/07\/20180719-46.jpg 1170w, https:\/\/www.wallendorff.com\/belogue\/wp-content\/uploads\/2018\/07\/20180719-46-820x547.jpg 820w, https:\/\/www.wallendorff.com\/belogue\/wp-content\/uploads\/2018\/07\/20180719-46-200x133.jpg 200w, https:\/\/www.wallendorff.com\/belogue\/wp-content\/uploads\/2018\/07\/20180719-46-300x200.jpg 300w, https:\/\/www.wallendorff.com\/belogue\/wp-content\/uploads\/2018\/07\/20180719-46-1116x744.jpg 1116w, https:\/\/www.wallendorff.com\/belogue\/wp-content\/uploads\/2018\/07\/20180719-46-806x537.jpg 806w, https:\/\/www.wallendorff.com\/belogue\/wp-content\/uploads\/2018\/07\/20180719-46-558x372.jpg 558w, https:\/\/www.wallendorff.com\/belogue\/wp-content\/uploads\/2018\/07\/20180719-46-655x437.jpg 655w, https:\/\/www.wallendorff.com\/belogue\/wp-content\/uploads\/2018\/07\/20180719-46-600x400.jpg 600w\" sizes=\"(max-width: 1170px) 100vw, 1170px\" \/><\/a>\n\t\t\t<\/div>\n\t\t\t\t<figcaption class='wp-caption-text gallery-caption' id='gallery-1-38921'>\n\t\t\t\tBlack Rebel Motorcycle Club @ Pal\u00e9o Festival, Nyon, 18\/07\/2018\n\t\t\t\t<\/figcaption><\/figure><figure class='gallery-item'>\n\t\t\t<div class='gallery-icon landscape'>\n\t\t\t\t<a href='https:\/\/www.wallendorff.com\/belogue\/2018\/07\/19\/paleo-festival-2018-jour-2\/black-rebel-motorcycle-club-paleo-festival-nyon-18-07-2018-26\/'><img loading=\"lazy\" decoding=\"async\" width=\"1170\" height=\"780\" src=\"https:\/\/www.wallendorff.com\/belogue\/wp-content\/uploads\/2018\/07\/20180719-47-1170x780.jpg\" class=\"attachment-large size-large\" alt=\"\" aria-describedby=\"gallery-1-38922\" srcset=\"https:\/\/www.wallendorff.com\/belogue\/wp-content\/uploads\/2018\/07\/20180719-47.jpg 1170w, https:\/\/www.wallendorff.com\/belogue\/wp-content\/uploads\/2018\/07\/20180719-47-820x547.jpg 820w, https:\/\/www.wallendorff.com\/belogue\/wp-content\/uploads\/2018\/07\/20180719-47-200x133.jpg 200w, https:\/\/www.wallendorff.com\/belogue\/wp-content\/uploads\/2018\/07\/20180719-47-300x200.jpg 300w, https:\/\/www.wallendorff.com\/belogue\/wp-content\/uploads\/2018\/07\/20180719-47-1116x744.jpg 1116w, https:\/\/www.wallendorff.com\/belogue\/wp-content\/uploads\/2018\/07\/20180719-47-806x537.jpg 806w, https:\/\/www.wallendorff.com\/belogue\/wp-content\/uploads\/2018\/07\/20180719-47-558x372.jpg 558w, https:\/\/www.wallendorff.com\/belogue\/wp-content\/uploads\/2018\/07\/20180719-47-655x437.jpg 655w, https:\/\/www.wallendorff.com\/belogue\/wp-content\/uploads\/2018\/07\/20180719-47-600x400.jpg 600w\" sizes=\"(max-width: 1170px) 100vw, 1170px\" \/><\/a>\n\t\t\t<\/div>\n\t\t\t\t<figcaption class='wp-caption-text gallery-caption' id='gallery-1-38922'>\n\t\t\t\tBlack Rebel Motorcycle Club @ Pal\u00e9o Festival, Nyon, 18\/07\/2018\n\t\t\t\t<\/figcaption><\/figure><figure class='gallery-item'>\n\t\t\t<div class='gallery-icon landscape'>\n\t\t\t\t<a href='https:\/\/www.wallendorff.com\/belogue\/2018\/07\/19\/paleo-festival-2018-jour-2\/black-rebel-motorcycle-club-paleo-festival-nyon-18-07-2018-27\/'><img loading=\"lazy\" decoding=\"async\" width=\"1170\" height=\"780\" src=\"https:\/\/www.wallendorff.com\/belogue\/wp-content\/uploads\/2018\/07\/20180719-48-1170x780.jpg\" class=\"attachment-large size-large\" alt=\"\" aria-describedby=\"gallery-1-38923\" srcset=\"https:\/\/www.wallendorff.com\/belogue\/wp-content\/uploads\/2018\/07\/20180719-48.jpg 1170w, https:\/\/www.wallendorff.com\/belogue\/wp-content\/uploads\/2018\/07\/20180719-48-820x547.jpg 820w, https:\/\/www.wallendorff.com\/belogue\/wp-content\/uploads\/2018\/07\/20180719-48-200x133.jpg 200w, https:\/\/www.wallendorff.com\/belogue\/wp-content\/uploads\/2018\/07\/20180719-48-300x200.jpg 300w, https:\/\/www.wallendorff.com\/belogue\/wp-content\/uploads\/2018\/07\/20180719-48-1116x744.jpg 1116w, https:\/\/www.wallendorff.com\/belogue\/wp-content\/uploads\/2018\/07\/20180719-48-806x537.jpg 806w, https:\/\/www.wallendorff.com\/belogue\/wp-content\/uploads\/2018\/07\/20180719-48-558x372.jpg 558w, https:\/\/www.wallendorff.com\/belogue\/wp-content\/uploads\/2018\/07\/20180719-48-655x437.jpg 655w, https:\/\/www.wallendorff.com\/belogue\/wp-content\/uploads\/2018\/07\/20180719-48-600x400.jpg 600w\" sizes=\"(max-width: 1170px) 100vw, 1170px\" \/><\/a>\n\t\t\t<\/div>\n\t\t\t\t<figcaption class='wp-caption-text gallery-caption' id='gallery-1-38923'>\n\t\t\t\tBlack Rebel Motorcycle Club @ Pal\u00e9o Festival, Nyon, 18\/07\/2018\n\t\t\t\t<\/figcaption><\/figure><figure class='gallery-item'>\n\t\t\t<div class='gallery-icon landscape'>\n\t\t\t\t<a href='https:\/\/www.wallendorff.com\/belogue\/2018\/07\/19\/paleo-festival-2018-jour-2\/black-rebel-motorcycle-club-paleo-festival-nyon-18-07-2018-28\/'><img loading=\"lazy\" decoding=\"async\" width=\"1170\" height=\"780\" src=\"https:\/\/www.wallendorff.com\/belogue\/wp-content\/uploads\/2018\/07\/20180719-49-1170x780.jpg\" class=\"attachment-large size-large\" alt=\"\" aria-describedby=\"gallery-1-38924\" srcset=\"https:\/\/www.wallendorff.com\/belogue\/wp-content\/uploads\/2018\/07\/20180719-49.jpg 1170w, https:\/\/www.wallendorff.com\/belogue\/wp-content\/uploads\/2018\/07\/20180719-49-820x547.jpg 820w, https:\/\/www.wallendorff.com\/belogue\/wp-content\/uploads\/2018\/07\/20180719-49-200x133.jpg 200w, https:\/\/www.wallendorff.com\/belogue\/wp-content\/uploads\/2018\/07\/20180719-49-300x200.jpg 300w, https:\/\/www.wallendorff.com\/belogue\/wp-content\/uploads\/2018\/07\/20180719-49-1116x744.jpg 1116w, https:\/\/www.wallendorff.com\/belogue\/wp-content\/uploads\/2018\/07\/20180719-49-806x537.jpg 806w, https:\/\/www.wallendorff.com\/belogue\/wp-content\/uploads\/2018\/07\/20180719-49-558x372.jpg 558w, https:\/\/www.wallendorff.com\/belogue\/wp-content\/uploads\/2018\/07\/20180719-49-655x437.jpg 655w, https:\/\/www.wallendorff.com\/belogue\/wp-content\/uploads\/2018\/07\/20180719-49-600x400.jpg 600w\" sizes=\"(max-width: 1170px) 100vw, 1170px\" \/><\/a>\n\t\t\t<\/div>\n\t\t\t\t<figcaption class='wp-caption-text gallery-caption' id='gallery-1-38924'>\n\t\t\t\tBlack Rebel Motorcycle Club @ Pal\u00e9o Festival, Nyon, 18\/07\/2018\n\t\t\t\t<\/figcaption><\/figure><figure class='gallery-item'>\n\t\t\t<div class='gallery-icon landscape'>\n\t\t\t\t<a href='https:\/\/www.wallendorff.com\/belogue\/2018\/07\/19\/paleo-festival-2018-jour-2\/black-rebel-motorcycle-club-paleo-festival-nyon-18-07-2018-29\/'><img loading=\"lazy\" decoding=\"async\" width=\"1170\" height=\"780\" src=\"https:\/\/www.wallendorff.com\/belogue\/wp-content\/uploads\/2018\/07\/20180719-50-1170x780.jpg\" class=\"attachment-large size-large\" alt=\"\" aria-describedby=\"gallery-1-38925\" srcset=\"https:\/\/www.wallendorff.com\/belogue\/wp-content\/uploads\/2018\/07\/20180719-50.jpg 1170w, https:\/\/www.wallendorff.com\/belogue\/wp-content\/uploads\/2018\/07\/20180719-50-820x547.jpg 820w, https:\/\/www.wallendorff.com\/belogue\/wp-content\/uploads\/2018\/07\/20180719-50-200x133.jpg 200w, https:\/\/www.wallendorff.com\/belogue\/wp-content\/uploads\/2018\/07\/20180719-50-300x200.jpg 300w, https:\/\/www.wallendorff.com\/belogue\/wp-content\/uploads\/2018\/07\/20180719-50-1116x744.jpg 1116w, https:\/\/www.wallendorff.com\/belogue\/wp-content\/uploads\/2018\/07\/20180719-50-806x537.jpg 806w, https:\/\/www.wallendorff.com\/belogue\/wp-content\/uploads\/2018\/07\/20180719-50-558x372.jpg 558w, https:\/\/www.wallendorff.com\/belogue\/wp-content\/uploads\/2018\/07\/20180719-50-655x437.jpg 655w, https:\/\/www.wallendorff.com\/belogue\/wp-content\/uploads\/2018\/07\/20180719-50-600x400.jpg 600w\" sizes=\"(max-width: 1170px) 100vw, 1170px\" \/><\/a>\n\t\t\t<\/div>\n\t\t\t\t<figcaption class='wp-caption-text gallery-caption' id='gallery-1-38925'>\n\t\t\t\tBlack Rebel Motorcycle Club @ Pal\u00e9o Festival, Nyon, 18\/07\/2018\n\t\t\t\t<\/figcaption><\/figure><figure class='gallery-item'>\n\t\t\t<div class='gallery-icon landscape'>\n\t\t\t\t<a href='https:\/\/www.wallendorff.com\/belogue\/2018\/07\/19\/paleo-festival-2018-jour-2\/paleo-festival-nyon-18-07-2018-22\/'><img loading=\"lazy\" decoding=\"async\" width=\"1170\" height=\"780\" src=\"https:\/\/www.wallendorff.com\/belogue\/wp-content\/uploads\/2018\/07\/20180719-51-1170x780.jpg\" class=\"attachment-large size-large\" alt=\"\" aria-describedby=\"gallery-1-38926\" srcset=\"https:\/\/www.wallendorff.com\/belogue\/wp-content\/uploads\/2018\/07\/20180719-51.jpg 1170w, https:\/\/www.wallendorff.com\/belogue\/wp-content\/uploads\/2018\/07\/20180719-51-820x547.jpg 820w, https:\/\/www.wallendorff.com\/belogue\/wp-content\/uploads\/2018\/07\/20180719-51-200x133.jpg 200w, https:\/\/www.wallendorff.com\/belogue\/wp-content\/uploads\/2018\/07\/20180719-51-300x200.jpg 300w, https:\/\/www.wallendorff.com\/belogue\/wp-content\/uploads\/2018\/07\/20180719-51-1116x744.jpg 1116w, https:\/\/www.wallendorff.com\/belogue\/wp-content\/uploads\/2018\/07\/20180719-51-806x537.jpg 806w, https:\/\/www.wallendorff.com\/belogue\/wp-content\/uploads\/2018\/07\/20180719-51-558x372.jpg 558w, https:\/\/www.wallendorff.com\/belogue\/wp-content\/uploads\/2018\/07\/20180719-51-655x437.jpg 655w, https:\/\/www.wallendorff.com\/belogue\/wp-content\/uploads\/2018\/07\/20180719-51-600x400.jpg 600w\" sizes=\"(max-width: 1170px) 100vw, 1170px\" \/><\/a>\n\t\t\t<\/div>\n\t\t\t\t<figcaption class='wp-caption-text gallery-caption' id='gallery-1-38926'>\n\t\t\t\tPal\u00e9o Festival, Nyon, 18\/07\/2018\n\t\t\t\t<\/figcaption><\/figure><figure class='gallery-item'>\n\t\t\t<div class='gallery-icon landscape'>\n\t\t\t\t<a href='https:\/\/www.wallendorff.com\/belogue\/2018\/07\/19\/paleo-festival-2018-jour-2\/paleo-festival-nyon-18-07-2018-23\/'><img loading=\"lazy\" decoding=\"async\" width=\"1170\" height=\"780\" src=\"https:\/\/www.wallendorff.com\/belogue\/wp-content\/uploads\/2018\/07\/20180719-52-1170x780.jpg\" class=\"attachment-large size-large\" alt=\"\" aria-describedby=\"gallery-1-38927\" srcset=\"https:\/\/www.wallendorff.com\/belogue\/wp-content\/uploads\/2018\/07\/20180719-52.jpg 1170w, https:\/\/www.wallendorff.com\/belogue\/wp-content\/uploads\/2018\/07\/20180719-52-820x547.jpg 820w, https:\/\/www.wallendorff.com\/belogue\/wp-content\/uploads\/2018\/07\/20180719-52-200x133.jpg 200w, https:\/\/www.wallendorff.com\/belogue\/wp-content\/uploads\/2018\/07\/20180719-52-300x200.jpg 300w, https:\/\/www.wallendorff.com\/belogue\/wp-content\/uploads\/2018\/07\/20180719-52-1116x744.jpg 1116w, https:\/\/www.wallendorff.com\/belogue\/wp-content\/uploads\/2018\/07\/20180719-52-806x537.jpg 806w, https:\/\/www.wallendorff.com\/belogue\/wp-content\/uploads\/2018\/07\/20180719-52-558x372.jpg 558w, https:\/\/www.wallendorff.com\/belogue\/wp-content\/uploads\/2018\/07\/20180719-52-655x437.jpg 655w, https:\/\/www.wallendorff.com\/belogue\/wp-content\/uploads\/2018\/07\/20180719-52-600x400.jpg 600w\" sizes=\"(max-width: 1170px) 100vw, 1170px\" \/><\/a>\n\t\t\t<\/div>\n\t\t\t\t<figcaption class='wp-caption-text gallery-caption' id='gallery-1-38927'>\n\t\t\t\tPal\u00e9o Festival, Nyon, 18\/07\/2018\n\t\t\t\t<\/figcaption><\/figure><figure class='gallery-item'>\n\t\t\t<div class='gallery-icon landscape'>\n\t\t\t\t<a href='https:\/\/www.wallendorff.com\/belogue\/2018\/07\/19\/paleo-festival-2018-jour-2\/la-pegatina-paleo-festival-nyon-18-07-2018\/'><img loading=\"lazy\" decoding=\"async\" width=\"1170\" height=\"780\" src=\"https:\/\/www.wallendorff.com\/belogue\/wp-content\/uploads\/2018\/07\/20180719-53-1170x780.jpg\" class=\"attachment-large size-large\" alt=\"\" aria-describedby=\"gallery-1-38928\" srcset=\"https:\/\/www.wallendorff.com\/belogue\/wp-content\/uploads\/2018\/07\/20180719-53.jpg 1170w, https:\/\/www.wallendorff.com\/belogue\/wp-content\/uploads\/2018\/07\/20180719-53-820x547.jpg 820w, https:\/\/www.wallendorff.com\/belogue\/wp-content\/uploads\/2018\/07\/20180719-53-200x133.jpg 200w, https:\/\/www.wallendorff.com\/belogue\/wp-content\/uploads\/2018\/07\/20180719-53-300x200.jpg 300w, https:\/\/www.wallendorff.com\/belogue\/wp-content\/uploads\/2018\/07\/20180719-53-1116x744.jpg 1116w, https:\/\/www.wallendorff.com\/belogue\/wp-content\/uploads\/2018\/07\/20180719-53-806x537.jpg 806w, https:\/\/www.wallendorff.com\/belogue\/wp-content\/uploads\/2018\/07\/20180719-53-558x372.jpg 558w, https:\/\/www.wallendorff.com\/belogue\/wp-content\/uploads\/2018\/07\/20180719-53-655x437.jpg 655w, https:\/\/www.wallendorff.com\/belogue\/wp-content\/uploads\/2018\/07\/20180719-53-600x400.jpg 600w\" sizes=\"(max-width: 1170px) 100vw, 1170px\" \/><\/a>\n\t\t\t<\/div>\n\t\t\t\t<figcaption class='wp-caption-text gallery-caption' id='gallery-1-38928'>\n\t\t\t\tLa Pegatina @ Pal\u00e9o Festival, Nyon, 18\/07\/2018\n\t\t\t\t<\/figcaption><\/figure><figure class='gallery-item'>\n\t\t\t<div class='gallery-icon landscape'>\n\t\t\t\t<a href='https:\/\/www.wallendorff.com\/belogue\/2018\/07\/19\/paleo-festival-2018-jour-2\/la-pegatina-paleo-festival-nyon-18-07-2018-2\/'><img loading=\"lazy\" decoding=\"async\" width=\"1170\" height=\"780\" src=\"https:\/\/www.wallendorff.com\/belogue\/wp-content\/uploads\/2018\/07\/20180719-54-1170x780.jpg\" class=\"attachment-large size-large\" alt=\"\" aria-describedby=\"gallery-1-38929\" srcset=\"https:\/\/www.wallendorff.com\/belogue\/wp-content\/uploads\/2018\/07\/20180719-54.jpg 1170w, https:\/\/www.wallendorff.com\/belogue\/wp-content\/uploads\/2018\/07\/20180719-54-820x547.jpg 820w, https:\/\/www.wallendorff.com\/belogue\/wp-content\/uploads\/2018\/07\/20180719-54-200x133.jpg 200w, https:\/\/www.wallendorff.com\/belogue\/wp-content\/uploads\/2018\/07\/20180719-54-300x200.jpg 300w, https:\/\/www.wallendorff.com\/belogue\/wp-content\/uploads\/2018\/07\/20180719-54-1116x744.jpg 1116w, https:\/\/www.wallendorff.com\/belogue\/wp-content\/uploads\/2018\/07\/20180719-54-806x537.jpg 806w, https:\/\/www.wallendorff.com\/belogue\/wp-content\/uploads\/2018\/07\/20180719-54-558x372.jpg 558w, https:\/\/www.wallendorff.com\/belogue\/wp-content\/uploads\/2018\/07\/20180719-54-655x437.jpg 655w, https:\/\/www.wallendorff.com\/belogue\/wp-content\/uploads\/2018\/07\/20180719-54-600x400.jpg 600w\" sizes=\"(max-width: 1170px) 100vw, 1170px\" \/><\/a>\n\t\t\t<\/div>\n\t\t\t\t<figcaption class='wp-caption-text gallery-caption' id='gallery-1-38929'>\n\t\t\t\tLa Pegatina @ Pal\u00e9o Festival, Nyon, 18\/07\/2018\n\t\t\t\t<\/figcaption><\/figure><figure class='gallery-item'>\n\t\t\t<div class='gallery-icon portrait'>\n\t\t\t\t<a href='https:\/\/www.wallendorff.com\/belogue\/2018\/07\/19\/paleo-festival-2018-jour-2\/paleo-festival-nyon-18-07-2018-24\/'><img loading=\"lazy\" decoding=\"async\" width=\"683\" height=\"1024\" src=\"https:\/\/www.wallendorff.com\/belogue\/wp-content\/uploads\/2018\/07\/20180719-55-683x1024.jpg\" class=\"attachment-large size-large\" alt=\"\" aria-describedby=\"gallery-1-38930\" srcset=\"https:\/\/www.wallendorff.com\/belogue\/wp-content\/uploads\/2018\/07\/20180719-55-683x1024.jpg 683w, https:\/\/www.wallendorff.com\/belogue\/wp-content\/uploads\/2018\/07\/20180719-55-133x200.jpg 133w, https:\/\/www.wallendorff.com\/belogue\/wp-content\/uploads\/2018\/07\/20180719-55-200x300.jpg 200w, https:\/\/www.wallendorff.com\/belogue\/wp-content\/uploads\/2018\/07\/20180719-55-558x837.jpg 558w, https:\/\/www.wallendorff.com\/belogue\/wp-content\/uploads\/2018\/07\/20180719-55-655x983.jpg 655w, https:\/\/www.wallendorff.com\/belogue\/wp-content\/uploads\/2018\/07\/20180719-55-600x900.jpg 600w, https:\/\/www.wallendorff.com\/belogue\/wp-content\/uploads\/2018\/07\/20180719-55.jpg 780w\" sizes=\"(max-width: 683px) 100vw, 683px\" \/><\/a>\n\t\t\t<\/div>\n\t\t\t\t<figcaption class='wp-caption-text gallery-caption' id='gallery-1-38930'>\n\t\t\t\tPal\u00e9o Festival, Nyon, 18\/07\/2018\n\t\t\t\t<\/figcaption><\/figure><figure class='gallery-item'>\n\t\t\t<div class='gallery-icon portrait'>\n\t\t\t\t<a href='https:\/\/www.wallendorff.com\/belogue\/2018\/07\/19\/paleo-festival-2018-jour-2\/la-pegatina-paleo-festival-nyon-18-07-2018-3\/'><img loading=\"lazy\" decoding=\"async\" width=\"683\" height=\"1024\" src=\"https:\/\/www.wallendorff.com\/belogue\/wp-content\/uploads\/2018\/07\/20180719-56-683x1024.jpg\" class=\"attachment-large size-large\" alt=\"\" aria-describedby=\"gallery-1-38931\" srcset=\"https:\/\/www.wallendorff.com\/belogue\/wp-content\/uploads\/2018\/07\/20180719-56-683x1024.jpg 683w, https:\/\/www.wallendorff.com\/belogue\/wp-content\/uploads\/2018\/07\/20180719-56-133x200.jpg 133w, https:\/\/www.wallendorff.com\/belogue\/wp-content\/uploads\/2018\/07\/20180719-56-200x300.jpg 200w, https:\/\/www.wallendorff.com\/belogue\/wp-content\/uploads\/2018\/07\/20180719-56-558x837.jpg 558w, https:\/\/www.wallendorff.com\/belogue\/wp-content\/uploads\/2018\/07\/20180719-56-655x983.jpg 655w, https:\/\/www.wallendorff.com\/belogue\/wp-content\/uploads\/2018\/07\/20180719-56-600x900.jpg 600w, https:\/\/www.wallendorff.com\/belogue\/wp-content\/uploads\/2018\/07\/20180719-56.jpg 780w\" sizes=\"(max-width: 683px) 100vw, 683px\" \/><\/a>\n\t\t\t<\/div>\n\t\t\t\t<figcaption class='wp-caption-text gallery-caption' id='gallery-1-38931'>\n\t\t\t\tLa Pegatina @ Pal\u00e9o Festival, Nyon, 18\/07\/2018\n\t\t\t\t<\/figcaption><\/figure><figure class='gallery-item'>\n\t\t\t<div class='gallery-icon landscape'>\n\t\t\t\t<a href='https:\/\/www.wallendorff.com\/belogue\/2018\/07\/19\/paleo-festival-2018-jour-2\/paleo-festival-nyon-18-07-2018-25\/'><img loading=\"lazy\" decoding=\"async\" width=\"1170\" height=\"780\" src=\"https:\/\/www.wallendorff.com\/belogue\/wp-content\/uploads\/2018\/07\/20180719-57-1170x780.jpg\" class=\"attachment-large size-large\" alt=\"\" aria-describedby=\"gallery-1-38932\" srcset=\"https:\/\/www.wallendorff.com\/belogue\/wp-content\/uploads\/2018\/07\/20180719-57.jpg 1170w, https:\/\/www.wallendorff.com\/belogue\/wp-content\/uploads\/2018\/07\/20180719-57-820x547.jpg 820w, https:\/\/www.wallendorff.com\/belogue\/wp-content\/uploads\/2018\/07\/20180719-57-200x133.jpg 200w, https:\/\/www.wallendorff.com\/belogue\/wp-content\/uploads\/2018\/07\/20180719-57-300x200.jpg 300w, https:\/\/www.wallendorff.com\/belogue\/wp-content\/uploads\/2018\/07\/20180719-57-1116x744.jpg 1116w, https:\/\/www.wallendorff.com\/belogue\/wp-content\/uploads\/2018\/07\/20180719-57-806x537.jpg 806w, https:\/\/www.wallendorff.com\/belogue\/wp-content\/uploads\/2018\/07\/20180719-57-558x372.jpg 558w, https:\/\/www.wallendorff.com\/belogue\/wp-content\/uploads\/2018\/07\/20180719-57-655x437.jpg 655w, https:\/\/www.wallendorff.com\/belogue\/wp-content\/uploads\/2018\/07\/20180719-57-600x400.jpg 600w\" sizes=\"(max-width: 1170px) 100vw, 1170px\" \/><\/a>\n\t\t\t<\/div>\n\t\t\t\t<figcaption class='wp-caption-text gallery-caption' id='gallery-1-38932'>\n\t\t\t\tPal\u00e9o Festival, Nyon, 18\/07\/2018\n\t\t\t\t<\/figcaption><\/figure><figure class='gallery-item'>\n\t\t\t<div class='gallery-icon landscape'>\n\t\t\t\t<a href='https:\/\/www.wallendorff.com\/belogue\/2018\/07\/19\/paleo-festival-2018-jour-2\/la-pegatina-paleo-festival-nyon-18-07-2018-4\/'><img loading=\"lazy\" decoding=\"async\" width=\"1170\" height=\"780\" src=\"https:\/\/www.wallendorff.com\/belogue\/wp-content\/uploads\/2018\/07\/20180719-58-1170x780.jpg\" class=\"attachment-large size-large\" alt=\"\" aria-describedby=\"gallery-1-38933\" srcset=\"https:\/\/www.wallendorff.com\/belogue\/wp-content\/uploads\/2018\/07\/20180719-58.jpg 1170w, https:\/\/www.wallendorff.com\/belogue\/wp-content\/uploads\/2018\/07\/20180719-58-820x547.jpg 820w, https:\/\/www.wallendorff.com\/belogue\/wp-content\/uploads\/2018\/07\/20180719-58-200x133.jpg 200w, https:\/\/www.wallendorff.com\/belogue\/wp-content\/uploads\/2018\/07\/20180719-58-300x200.jpg 300w, https:\/\/www.wallendorff.com\/belogue\/wp-content\/uploads\/2018\/07\/20180719-58-1116x744.jpg 1116w, https:\/\/www.wallendorff.com\/belogue\/wp-content\/uploads\/2018\/07\/20180719-58-806x537.jpg 806w, https:\/\/www.wallendorff.com\/belogue\/wp-content\/uploads\/2018\/07\/20180719-58-558x372.jpg 558w, https:\/\/www.wallendorff.com\/belogue\/wp-content\/uploads\/2018\/07\/20180719-58-655x437.jpg 655w, https:\/\/www.wallendorff.com\/belogue\/wp-content\/uploads\/2018\/07\/20180719-58-600x400.jpg 600w\" sizes=\"(max-width: 1170px) 100vw, 1170px\" \/><\/a>\n\t\t\t<\/div>\n\t\t\t\t<figcaption class='wp-caption-text gallery-caption' id='gallery-1-38933'>\n\t\t\t\tLa Pegatina @ Pal\u00e9o Festival, Nyon, 18\/07\/2018\n\t\t\t\t<\/figcaption><\/figure><figure class='gallery-item'>\n\t\t\t<div class='gallery-icon landscape'>\n\t\t\t\t<a href='https:\/\/www.wallendorff.com\/belogue\/2018\/07\/19\/paleo-festival-2018-jour-2\/la-pegatina-paleo-festival-nyon-18-07-2018-5\/'><img loading=\"lazy\" decoding=\"async\" width=\"1170\" height=\"780\" src=\"https:\/\/www.wallendorff.com\/belogue\/wp-content\/uploads\/2018\/07\/20180719-59-1170x780.jpg\" class=\"attachment-large size-large\" alt=\"\" aria-describedby=\"gallery-1-38934\" srcset=\"https:\/\/www.wallendorff.com\/belogue\/wp-content\/uploads\/2018\/07\/20180719-59.jpg 1170w, https:\/\/www.wallendorff.com\/belogue\/wp-content\/uploads\/2018\/07\/20180719-59-820x547.jpg 820w, https:\/\/www.wallendorff.com\/belogue\/wp-content\/uploads\/2018\/07\/20180719-59-200x133.jpg 200w, https:\/\/www.wallendorff.com\/belogue\/wp-content\/uploads\/2018\/07\/20180719-59-300x200.jpg 300w, https:\/\/www.wallendorff.com\/belogue\/wp-content\/uploads\/2018\/07\/20180719-59-1116x744.jpg 1116w, https:\/\/www.wallendorff.com\/belogue\/wp-content\/uploads\/2018\/07\/20180719-59-806x537.jpg 806w, https:\/\/www.wallendorff.com\/belogue\/wp-content\/uploads\/2018\/07\/20180719-59-558x372.jpg 558w, https:\/\/www.wallendorff.com\/belogue\/wp-content\/uploads\/2018\/07\/20180719-59-655x437.jpg 655w, https:\/\/www.wallendorff.com\/belogue\/wp-content\/uploads\/2018\/07\/20180719-59-600x400.jpg 600w\" sizes=\"(max-width: 1170px) 100vw, 1170px\" \/><\/a>\n\t\t\t<\/div>\n\t\t\t\t<figcaption class='wp-caption-text gallery-caption' id='gallery-1-38934'>\n\t\t\t\tLa Pegatina @ Pal\u00e9o Festival, Nyon, 18\/07\/2018\n\t\t\t\t<\/figcaption><\/figure><figure class='gallery-item'>\n\t\t\t<div class='gallery-icon landscape'>\n\t\t\t\t<a href='https:\/\/www.wallendorff.com\/belogue\/2018\/07\/19\/paleo-festival-2018-jour-2\/lysistrata-paleo-festival-nyon-18-07-2018\/'><img loading=\"lazy\" decoding=\"async\" width=\"1170\" height=\"780\" src=\"https:\/\/www.wallendorff.com\/belogue\/wp-content\/uploads\/2018\/07\/20180719-60-1170x780.jpg\" class=\"attachment-large size-large\" alt=\"\" aria-describedby=\"gallery-1-38935\" srcset=\"https:\/\/www.wallendorff.com\/belogue\/wp-content\/uploads\/2018\/07\/20180719-60.jpg 1170w, https:\/\/www.wallendorff.com\/belogue\/wp-content\/uploads\/2018\/07\/20180719-60-820x547.jpg 820w, https:\/\/www.wallendorff.com\/belogue\/wp-content\/uploads\/2018\/07\/20180719-60-200x133.jpg 200w, https:\/\/www.wallendorff.com\/belogue\/wp-content\/uploads\/2018\/07\/20180719-60-300x200.jpg 300w, https:\/\/www.wallendorff.com\/belogue\/wp-content\/uploads\/2018\/07\/20180719-60-1116x744.jpg 1116w, https:\/\/www.wallendorff.com\/belogue\/wp-content\/uploads\/2018\/07\/20180719-60-806x537.jpg 806w, https:\/\/www.wallendorff.com\/belogue\/wp-content\/uploads\/2018\/07\/20180719-60-558x372.jpg 558w, https:\/\/www.wallendorff.com\/belogue\/wp-content\/uploads\/2018\/07\/20180719-60-655x437.jpg 655w, https:\/\/www.wallendorff.com\/belogue\/wp-content\/uploads\/2018\/07\/20180719-60-600x400.jpg 600w\" sizes=\"(max-width: 1170px) 100vw, 1170px\" \/><\/a>\n\t\t\t<\/div>\n\t\t\t\t<figcaption class='wp-caption-text gallery-caption' id='gallery-1-38935'>\n\t\t\t\tLysistrata @ Pal\u00e9o Festival, Nyon, 18\/07\/2018\n\t\t\t\t<\/figcaption><\/figure><figure class='gallery-item'>\n\t\t\t<div class='gallery-icon landscape'>\n\t\t\t\t<a href='https:\/\/www.wallendorff.com\/belogue\/2018\/07\/19\/paleo-festival-2018-jour-2\/lysistrata-paleo-festival-nyon-18-07-2018-2\/'><img loading=\"lazy\" decoding=\"async\" width=\"1170\" height=\"780\" src=\"https:\/\/www.wallendorff.com\/belogue\/wp-content\/uploads\/2018\/07\/20180719-61-1170x780.jpg\" class=\"attachment-large size-large\" alt=\"\" aria-describedby=\"gallery-1-38936\" srcset=\"https:\/\/www.wallendorff.com\/belogue\/wp-content\/uploads\/2018\/07\/20180719-61.jpg 1170w, https:\/\/www.wallendorff.com\/belogue\/wp-content\/uploads\/2018\/07\/20180719-61-820x547.jpg 820w, https:\/\/www.wallendorff.com\/belogue\/wp-content\/uploads\/2018\/07\/20180719-61-200x133.jpg 200w, https:\/\/www.wallendorff.com\/belogue\/wp-content\/uploads\/2018\/07\/20180719-61-300x200.jpg 300w, https:\/\/www.wallendorff.com\/belogue\/wp-content\/uploads\/2018\/07\/20180719-61-1116x744.jpg 1116w, https:\/\/www.wallendorff.com\/belogue\/wp-content\/uploads\/2018\/07\/20180719-61-806x537.jpg 806w, https:\/\/www.wallendorff.com\/belogue\/wp-content\/uploads\/2018\/07\/20180719-61-558x372.jpg 558w, https:\/\/www.wallendorff.com\/belogue\/wp-content\/uploads\/2018\/07\/20180719-61-655x437.jpg 655w, https:\/\/www.wallendorff.com\/belogue\/wp-content\/uploads\/2018\/07\/20180719-61-600x400.jpg 600w\" sizes=\"(max-width: 1170px) 100vw, 1170px\" \/><\/a>\n\t\t\t<\/div>\n\t\t\t\t<figcaption class='wp-caption-text gallery-caption' id='gallery-1-38936'>\n\t\t\t\tLysistrata @ Pal\u00e9o Festival, Nyon, 18\/07\/2018\n\t\t\t\t<\/figcaption><\/figure><figure class='gallery-item'>\n\t\t\t<div class='gallery-icon landscape'>\n\t\t\t\t<a href='https:\/\/www.wallendorff.com\/belogue\/2018\/07\/19\/paleo-festival-2018-jour-2\/lysistrata-paleo-festival-nyon-18-07-2018-3\/'><img loading=\"lazy\" decoding=\"async\" width=\"1170\" height=\"780\" src=\"https:\/\/www.wallendorff.com\/belogue\/wp-content\/uploads\/2018\/07\/20180719-62-1170x780.jpg\" class=\"attachment-large size-large\" alt=\"\" aria-describedby=\"gallery-1-38937\" srcset=\"https:\/\/www.wallendorff.com\/belogue\/wp-content\/uploads\/2018\/07\/20180719-62.jpg 1170w, https:\/\/www.wallendorff.com\/belogue\/wp-content\/uploads\/2018\/07\/20180719-62-820x547.jpg 820w, https:\/\/www.wallendorff.com\/belogue\/wp-content\/uploads\/2018\/07\/20180719-62-200x133.jpg 200w, https:\/\/www.wallendorff.com\/belogue\/wp-content\/uploads\/2018\/07\/20180719-62-300x200.jpg 300w, https:\/\/www.wallendorff.com\/belogue\/wp-content\/uploads\/2018\/07\/20180719-62-1116x744.jpg 1116w, https:\/\/www.wallendorff.com\/belogue\/wp-content\/uploads\/2018\/07\/20180719-62-806x537.jpg 806w, https:\/\/www.wallendorff.com\/belogue\/wp-content\/uploads\/2018\/07\/20180719-62-558x372.jpg 558w, https:\/\/www.wallendorff.com\/belogue\/wp-content\/uploads\/2018\/07\/20180719-62-655x437.jpg 655w, https:\/\/www.wallendorff.com\/belogue\/wp-content\/uploads\/2018\/07\/20180719-62-600x400.jpg 600w\" sizes=\"(max-width: 1170px) 100vw, 1170px\" \/><\/a>\n\t\t\t<\/div>\n\t\t\t\t<figcaption class='wp-caption-text gallery-caption' id='gallery-1-38937'>\n\t\t\t\tLysistrata @ Pal\u00e9o Festival, Nyon, 18\/07\/2018\n\t\t\t\t<\/figcaption><\/figure><figure class='gallery-item'>\n\t\t\t<div class='gallery-icon landscape'>\n\t\t\t\t<a href='https:\/\/www.wallendorff.com\/belogue\/2018\/07\/19\/paleo-festival-2018-jour-2\/paleo-festival-nyon-18-07-2018-26\/'><img loading=\"lazy\" decoding=\"async\" width=\"1170\" height=\"780\" src=\"https:\/\/www.wallendorff.com\/belogue\/wp-content\/uploads\/2018\/07\/20180719-63-1170x780.jpg\" class=\"attachment-large size-large\" alt=\"\" aria-describedby=\"gallery-1-38938\" srcset=\"https:\/\/www.wallendorff.com\/belogue\/wp-content\/uploads\/2018\/07\/20180719-63.jpg 1170w, https:\/\/www.wallendorff.com\/belogue\/wp-content\/uploads\/2018\/07\/20180719-63-820x547.jpg 820w, https:\/\/www.wallendorff.com\/belogue\/wp-content\/uploads\/2018\/07\/20180719-63-200x133.jpg 200w, https:\/\/www.wallendorff.com\/belogue\/wp-content\/uploads\/2018\/07\/20180719-63-300x200.jpg 300w, https:\/\/www.wallendorff.com\/belogue\/wp-content\/uploads\/2018\/07\/20180719-63-1116x744.jpg 1116w, https:\/\/www.wallendorff.com\/belogue\/wp-content\/uploads\/2018\/07\/20180719-63-806x537.jpg 806w, https:\/\/www.wallendorff.com\/belogue\/wp-content\/uploads\/2018\/07\/20180719-63-558x372.jpg 558w, https:\/\/www.wallendorff.com\/belogue\/wp-content\/uploads\/2018\/07\/20180719-63-655x437.jpg 655w, https:\/\/www.wallendorff.com\/belogue\/wp-content\/uploads\/2018\/07\/20180719-63-600x400.jpg 600w\" sizes=\"(max-width: 1170px) 100vw, 1170px\" \/><\/a>\n\t\t\t<\/div>\n\t\t\t\t<figcaption class='wp-caption-text gallery-caption' id='gallery-1-38938'>\n\t\t\t\tPal\u00e9o Festival, Nyon, 18\/07\/2018\n\t\t\t\t<\/figcaption><\/figure><figure class='gallery-item'>\n\t\t\t<div class='gallery-icon landscape'>\n\t\t\t\t<a href='https:\/\/www.wallendorff.com\/belogue\/2018\/07\/19\/paleo-festival-2018-jour-2\/lysistrata-paleo-festival-nyon-18-07-2018-4\/'><img loading=\"lazy\" decoding=\"async\" width=\"1170\" height=\"780\" src=\"https:\/\/www.wallendorff.com\/belogue\/wp-content\/uploads\/2018\/07\/20180719-64-1170x780.jpg\" class=\"attachment-large size-large\" alt=\"\" aria-describedby=\"gallery-1-38939\" srcset=\"https:\/\/www.wallendorff.com\/belogue\/wp-content\/uploads\/2018\/07\/20180719-64.jpg 1170w, https:\/\/www.wallendorff.com\/belogue\/wp-content\/uploads\/2018\/07\/20180719-64-820x547.jpg 820w, https:\/\/www.wallendorff.com\/belogue\/wp-content\/uploads\/2018\/07\/20180719-64-200x133.jpg 200w, https:\/\/www.wallendorff.com\/belogue\/wp-content\/uploads\/2018\/07\/20180719-64-300x200.jpg 300w, https:\/\/www.wallendorff.com\/belogue\/wp-content\/uploads\/2018\/07\/20180719-64-1116x744.jpg 1116w, https:\/\/www.wallendorff.com\/belogue\/wp-content\/uploads\/2018\/07\/20180719-64-806x537.jpg 806w, https:\/\/www.wallendorff.com\/belogue\/wp-content\/uploads\/2018\/07\/20180719-64-558x372.jpg 558w, https:\/\/www.wallendorff.com\/belogue\/wp-content\/uploads\/2018\/07\/20180719-64-655x437.jpg 655w, https:\/\/www.wallendorff.com\/belogue\/wp-content\/uploads\/2018\/07\/20180719-64-600x400.jpg 600w\" sizes=\"(max-width: 1170px) 100vw, 1170px\" \/><\/a>\n\t\t\t<\/div>\n\t\t\t\t<figcaption class='wp-caption-text gallery-caption' id='gallery-1-38939'>\n\t\t\t\tLysistrata @ Pal\u00e9o Festival, Nyon, 18\/07\/2018\n\t\t\t\t<\/figcaption><\/figure><figure class='gallery-item'>\n\t\t\t<div class='gallery-icon landscape'>\n\t\t\t\t<a href='https:\/\/www.wallendorff.com\/belogue\/2018\/07\/19\/paleo-festival-2018-jour-2\/idles-paleo-festival-nyon-18-07-2018\/'><img loading=\"lazy\" decoding=\"async\" width=\"1170\" height=\"780\" src=\"https:\/\/www.wallendorff.com\/belogue\/wp-content\/uploads\/2018\/07\/20180719-65-1170x780.jpg\" class=\"attachment-large size-large\" alt=\"\" aria-describedby=\"gallery-1-38940\" srcset=\"https:\/\/www.wallendorff.com\/belogue\/wp-content\/uploads\/2018\/07\/20180719-65.jpg 1170w, https:\/\/www.wallendorff.com\/belogue\/wp-content\/uploads\/2018\/07\/20180719-65-820x547.jpg 820w, https:\/\/www.wallendorff.com\/belogue\/wp-content\/uploads\/2018\/07\/20180719-65-200x133.jpg 200w, https:\/\/www.wallendorff.com\/belogue\/wp-content\/uploads\/2018\/07\/20180719-65-300x200.jpg 300w, https:\/\/www.wallendorff.com\/belogue\/wp-content\/uploads\/2018\/07\/20180719-65-1116x744.jpg 1116w, https:\/\/www.wallendorff.com\/belogue\/wp-content\/uploads\/2018\/07\/20180719-65-806x537.jpg 806w, https:\/\/www.wallendorff.com\/belogue\/wp-content\/uploads\/2018\/07\/20180719-65-558x372.jpg 558w, https:\/\/www.wallendorff.com\/belogue\/wp-content\/uploads\/2018\/07\/20180719-65-655x437.jpg 655w, https:\/\/www.wallendorff.com\/belogue\/wp-content\/uploads\/2018\/07\/20180719-65-600x400.jpg 600w\" sizes=\"(max-width: 1170px) 100vw, 1170px\" \/><\/a>\n\t\t\t<\/div>\n\t\t\t\t<figcaption class='wp-caption-text gallery-caption' id='gallery-1-38940'>\n\t\t\t\tIDLES @ Pal\u00e9o Festival, Nyon, 18\/07\/2018\n\t\t\t\t<\/figcaption><\/figure><figure class='gallery-item'>\n\t\t\t<div class='gallery-icon landscape'>\n\t\t\t\t<a href='https:\/\/www.wallendorff.com\/belogue\/2018\/07\/19\/paleo-festival-2018-jour-2\/idles-paleo-festival-nyon-18-07-2018-2\/'><img loading=\"lazy\" decoding=\"async\" width=\"1170\" height=\"780\" src=\"https:\/\/www.wallendorff.com\/belogue\/wp-content\/uploads\/2018\/07\/20180719-66-1170x780.jpg\" class=\"attachment-large size-large\" alt=\"\" aria-describedby=\"gallery-1-38941\" srcset=\"https:\/\/www.wallendorff.com\/belogue\/wp-content\/uploads\/2018\/07\/20180719-66.jpg 1170w, https:\/\/www.wallendorff.com\/belogue\/wp-content\/uploads\/2018\/07\/20180719-66-820x547.jpg 820w, https:\/\/www.wallendorff.com\/belogue\/wp-content\/uploads\/2018\/07\/20180719-66-200x133.jpg 200w, https:\/\/www.wallendorff.com\/belogue\/wp-content\/uploads\/2018\/07\/20180719-66-300x200.jpg 300w, https:\/\/www.wallendorff.com\/belogue\/wp-content\/uploads\/2018\/07\/20180719-66-1116x744.jpg 1116w, https:\/\/www.wallendorff.com\/belogue\/wp-content\/uploads\/2018\/07\/20180719-66-806x537.jpg 806w, https:\/\/www.wallendorff.com\/belogue\/wp-content\/uploads\/2018\/07\/20180719-66-558x372.jpg 558w, https:\/\/www.wallendorff.com\/belogue\/wp-content\/uploads\/2018\/07\/20180719-66-655x437.jpg 655w, https:\/\/www.wallendorff.com\/belogue\/wp-content\/uploads\/2018\/07\/20180719-66-600x400.jpg 600w\" sizes=\"(max-width: 1170px) 100vw, 1170px\" \/><\/a>\n\t\t\t<\/div>\n\t\t\t\t<figcaption class='wp-caption-text gallery-caption' id='gallery-1-38941'>\n\t\t\t\tIDLES @ Pal\u00e9o Festival, Nyon, 18\/07\/2018\n\t\t\t\t<\/figcaption><\/figure><figure class='gallery-item'>\n\t\t\t<div class='gallery-icon landscape'>\n\t\t\t\t<a href='https:\/\/www.wallendorff.com\/belogue\/2018\/07\/19\/paleo-festival-2018-jour-2\/idles-paleo-festival-nyon-18-07-2018-3\/'><img loading=\"lazy\" decoding=\"async\" width=\"1170\" height=\"780\" src=\"https:\/\/www.wallendorff.com\/belogue\/wp-content\/uploads\/2018\/07\/20180719-67-1170x780.jpg\" class=\"attachment-large size-large\" alt=\"\" aria-describedby=\"gallery-1-38942\" srcset=\"https:\/\/www.wallendorff.com\/belogue\/wp-content\/uploads\/2018\/07\/20180719-67.jpg 1170w, https:\/\/www.wallendorff.com\/belogue\/wp-content\/uploads\/2018\/07\/20180719-67-820x547.jpg 820w, https:\/\/www.wallendorff.com\/belogue\/wp-content\/uploads\/2018\/07\/20180719-67-200x133.jpg 200w, https:\/\/www.wallendorff.com\/belogue\/wp-content\/uploads\/2018\/07\/20180719-67-300x200.jpg 300w, https:\/\/www.wallendorff.com\/belogue\/wp-content\/uploads\/2018\/07\/20180719-67-1116x744.jpg 1116w, https:\/\/www.wallendorff.com\/belogue\/wp-content\/uploads\/2018\/07\/20180719-67-806x537.jpg 806w, https:\/\/www.wallendorff.com\/belogue\/wp-content\/uploads\/2018\/07\/20180719-67-558x372.jpg 558w, https:\/\/www.wallendorff.com\/belogue\/wp-content\/uploads\/2018\/07\/20180719-67-655x437.jpg 655w, https:\/\/www.wallendorff.com\/belogue\/wp-content\/uploads\/2018\/07\/20180719-67-600x400.jpg 600w\" sizes=\"(max-width: 1170px) 100vw, 1170px\" \/><\/a>\n\t\t\t<\/div>\n\t\t\t\t<figcaption class='wp-caption-text gallery-caption' id='gallery-1-38942'>\n\t\t\t\tIDLES @ Pal\u00e9o Festival, Nyon, 18\/07\/2018\n\t\t\t\t<\/figcaption><\/figure><figure class='gallery-item'>\n\t\t\t<div class='gallery-icon landscape'>\n\t\t\t\t<a href='https:\/\/www.wallendorff.com\/belogue\/2018\/07\/19\/paleo-festival-2018-jour-2\/idles-paleo-festival-nyon-18-07-2018-4\/'><img loading=\"lazy\" decoding=\"async\" width=\"1170\" height=\"780\" src=\"https:\/\/www.wallendorff.com\/belogue\/wp-content\/uploads\/2018\/07\/20180719-68-1170x780.jpg\" class=\"attachment-large size-large\" alt=\"\" aria-describedby=\"gallery-1-38943\" srcset=\"https:\/\/www.wallendorff.com\/belogue\/wp-content\/uploads\/2018\/07\/20180719-68.jpg 1170w, https:\/\/www.wallendorff.com\/belogue\/wp-content\/uploads\/2018\/07\/20180719-68-820x547.jpg 820w, https:\/\/www.wallendorff.com\/belogue\/wp-content\/uploads\/2018\/07\/20180719-68-200x133.jpg 200w, https:\/\/www.wallendorff.com\/belogue\/wp-content\/uploads\/2018\/07\/20180719-68-300x200.jpg 300w, https:\/\/www.wallendorff.com\/belogue\/wp-content\/uploads\/2018\/07\/20180719-68-1116x744.jpg 1116w, https:\/\/www.wallendorff.com\/belogue\/wp-content\/uploads\/2018\/07\/20180719-68-806x537.jpg 806w, https:\/\/www.wallendorff.com\/belogue\/wp-content\/uploads\/2018\/07\/20180719-68-558x372.jpg 558w, https:\/\/www.wallendorff.com\/belogue\/wp-content\/uploads\/2018\/07\/20180719-68-655x437.jpg 655w, https:\/\/www.wallendorff.com\/belogue\/wp-content\/uploads\/2018\/07\/20180719-68-600x400.jpg 600w\" sizes=\"(max-width: 1170px) 100vw, 1170px\" \/><\/a>\n\t\t\t<\/div>\n\t\t\t\t<figcaption class='wp-caption-text gallery-caption' id='gallery-1-38943'>\n\t\t\t\tIDLES @ Pal\u00e9o Festival, Nyon, 18\/07\/2018\n\t\t\t\t<\/figcaption><\/figure><figure class='gallery-item'>\n\t\t\t<div class='gallery-icon landscape'>\n\t\t\t\t<a href='https:\/\/www.wallendorff.com\/belogue\/2018\/07\/19\/paleo-festival-2018-jour-2\/idles-paleo-festival-nyon-18-07-2018-5\/'><img loading=\"lazy\" decoding=\"async\" width=\"1170\" height=\"780\" src=\"https:\/\/www.wallendorff.com\/belogue\/wp-content\/uploads\/2018\/07\/20180719-69-1170x780.jpg\" class=\"attachment-large size-large\" alt=\"\" aria-describedby=\"gallery-1-38944\" srcset=\"https:\/\/www.wallendorff.com\/belogue\/wp-content\/uploads\/2018\/07\/20180719-69.jpg 1170w, https:\/\/www.wallendorff.com\/belogue\/wp-content\/uploads\/2018\/07\/20180719-69-820x547.jpg 820w, https:\/\/www.wallendorff.com\/belogue\/wp-content\/uploads\/2018\/07\/20180719-69-200x133.jpg 200w, https:\/\/www.wallendorff.com\/belogue\/wp-content\/uploads\/2018\/07\/20180719-69-300x200.jpg 300w, https:\/\/www.wallendorff.com\/belogue\/wp-content\/uploads\/2018\/07\/20180719-69-1116x744.jpg 1116w, https:\/\/www.wallendorff.com\/belogue\/wp-content\/uploads\/2018\/07\/20180719-69-806x537.jpg 806w, https:\/\/www.wallendorff.com\/belogue\/wp-content\/uploads\/2018\/07\/20180719-69-558x372.jpg 558w, https:\/\/www.wallendorff.com\/belogue\/wp-content\/uploads\/2018\/07\/20180719-69-655x437.jpg 655w, https:\/\/www.wallendorff.com\/belogue\/wp-content\/uploads\/2018\/07\/20180719-69-600x400.jpg 600w\" sizes=\"(max-width: 1170px) 100vw, 1170px\" \/><\/a>\n\t\t\t<\/div>\n\t\t\t\t<figcaption class='wp-caption-text gallery-caption' id='gallery-1-38944'>\n\t\t\t\tIDLES @ Pal\u00e9o Festival, Nyon, 18\/07\/2018\n\t\t\t\t<\/figcaption><\/figure><figure class='gallery-item'>\n\t\t\t<div class='gallery-icon landscape'>\n\t\t\t\t<a href='https:\/\/www.wallendorff.com\/belogue\/2018\/07\/19\/paleo-festival-2018-jour-2\/idles-paleo-festival-nyon-18-07-2018-6\/'><img loading=\"lazy\" decoding=\"async\" width=\"1170\" height=\"780\" src=\"https:\/\/www.wallendorff.com\/belogue\/wp-content\/uploads\/2018\/07\/20180719-70-1170x780.jpg\" class=\"attachment-large size-large\" alt=\"\" aria-describedby=\"gallery-1-38945\" srcset=\"https:\/\/www.wallendorff.com\/belogue\/wp-content\/uploads\/2018\/07\/20180719-70.jpg 1170w, https:\/\/www.wallendorff.com\/belogue\/wp-content\/uploads\/2018\/07\/20180719-70-820x547.jpg 820w, https:\/\/www.wallendorff.com\/belogue\/wp-content\/uploads\/2018\/07\/20180719-70-200x133.jpg 200w, https:\/\/www.wallendorff.com\/belogue\/wp-content\/uploads\/2018\/07\/20180719-70-300x200.jpg 300w, https:\/\/www.wallendorff.com\/belogue\/wp-content\/uploads\/2018\/07\/20180719-70-1116x744.jpg 1116w, https:\/\/www.wallendorff.com\/belogue\/wp-content\/uploads\/2018\/07\/20180719-70-806x537.jpg 806w, https:\/\/www.wallendorff.com\/belogue\/wp-content\/uploads\/2018\/07\/20180719-70-558x372.jpg 558w, https:\/\/www.wallendorff.com\/belogue\/wp-content\/uploads\/2018\/07\/20180719-70-655x437.jpg 655w, https:\/\/www.wallendorff.com\/belogue\/wp-content\/uploads\/2018\/07\/20180719-70-600x400.jpg 600w\" sizes=\"(max-width: 1170px) 100vw, 1170px\" \/><\/a>\n\t\t\t<\/div>\n\t\t\t\t<figcaption class='wp-caption-text gallery-caption' id='gallery-1-38945'>\n\t\t\t\tIDLES @ Pal\u00e9o Festival, Nyon, 18\/07\/2018\n\t\t\t\t<\/figcaption><\/figure><figure class='gallery-item'>\n\t\t\t<div class='gallery-icon landscape'>\n\t\t\t\t<a href='https:\/\/www.wallendorff.com\/belogue\/2018\/07\/19\/paleo-festival-2018-jour-2\/idles-paleo-festival-nyon-18-07-2018-7\/'><img loading=\"lazy\" decoding=\"async\" width=\"1170\" height=\"780\" src=\"https:\/\/www.wallendorff.com\/belogue\/wp-content\/uploads\/2018\/07\/20180719-71-1170x780.jpg\" class=\"attachment-large size-large\" alt=\"\" aria-describedby=\"gallery-1-38946\" srcset=\"https:\/\/www.wallendorff.com\/belogue\/wp-content\/uploads\/2018\/07\/20180719-71.jpg 1170w, https:\/\/www.wallendorff.com\/belogue\/wp-content\/uploads\/2018\/07\/20180719-71-820x547.jpg 820w, https:\/\/www.wallendorff.com\/belogue\/wp-content\/uploads\/2018\/07\/20180719-71-200x133.jpg 200w, https:\/\/www.wallendorff.com\/belogue\/wp-content\/uploads\/2018\/07\/20180719-71-300x200.jpg 300w, https:\/\/www.wallendorff.com\/belogue\/wp-content\/uploads\/2018\/07\/20180719-71-1116x744.jpg 1116w, https:\/\/www.wallendorff.com\/belogue\/wp-content\/uploads\/2018\/07\/20180719-71-806x537.jpg 806w, https:\/\/www.wallendorff.com\/belogue\/wp-content\/uploads\/2018\/07\/20180719-71-558x372.jpg 558w, https:\/\/www.wallendorff.com\/belogue\/wp-content\/uploads\/2018\/07\/20180719-71-655x437.jpg 655w, https:\/\/www.wallendorff.com\/belogue\/wp-content\/uploads\/2018\/07\/20180719-71-600x400.jpg 600w\" sizes=\"(max-width: 1170px) 100vw, 1170px\" \/><\/a>\n\t\t\t<\/div>\n\t\t\t\t<figcaption class='wp-caption-text gallery-caption' id='gallery-1-38946'>\n\t\t\t\tIDLES @ Pal\u00e9o Festival, Nyon, 18\/07\/2018\n\t\t\t\t<\/figcaption><\/figure><figure class='gallery-item'>\n\t\t\t<div class='gallery-icon portrait'>\n\t\t\t\t<a href='https:\/\/www.wallendorff.com\/belogue\/2018\/07\/19\/paleo-festival-2018-jour-2\/idles-paleo-festival-nyon-18-07-2018-8\/'><img loading=\"lazy\" decoding=\"async\" width=\"683\" height=\"1024\" src=\"https:\/\/www.wallendorff.com\/belogue\/wp-content\/uploads\/2018\/07\/20180719-72-683x1024.jpg\" class=\"attachment-large size-large\" alt=\"\" aria-describedby=\"gallery-1-38947\" srcset=\"https:\/\/www.wallendorff.com\/belogue\/wp-content\/uploads\/2018\/07\/20180719-72-683x1024.jpg 683w, https:\/\/www.wallendorff.com\/belogue\/wp-content\/uploads\/2018\/07\/20180719-72-133x200.jpg 133w, https:\/\/www.wallendorff.com\/belogue\/wp-content\/uploads\/2018\/07\/20180719-72-200x300.jpg 200w, https:\/\/www.wallendorff.com\/belogue\/wp-content\/uploads\/2018\/07\/20180719-72-558x837.jpg 558w, https:\/\/www.wallendorff.com\/belogue\/wp-content\/uploads\/2018\/07\/20180719-72-655x983.jpg 655w, https:\/\/www.wallendorff.com\/belogue\/wp-content\/uploads\/2018\/07\/20180719-72-600x900.jpg 600w, https:\/\/www.wallendorff.com\/belogue\/wp-content\/uploads\/2018\/07\/20180719-72.jpg 780w\" sizes=\"(max-width: 683px) 100vw, 683px\" \/><\/a>\n\t\t\t<\/div>\n\t\t\t\t<figcaption class='wp-caption-text gallery-caption' id='gallery-1-38947'>\n\t\t\t\tIDLES @ Pal\u00e9o Festival, Nyon, 18\/07\/2018\n\t\t\t\t<\/figcaption><\/figure><figure class='gallery-item'>\n\t\t\t<div class='gallery-icon landscape'>\n\t\t\t\t<a href='https:\/\/www.wallendorff.com\/belogue\/2018\/07\/19\/paleo-festival-2018-jour-2\/idles-paleo-festival-nyon-18-07-2018-9\/'><img loading=\"lazy\" decoding=\"async\" width=\"1170\" height=\"780\" src=\"https:\/\/www.wallendorff.com\/belogue\/wp-content\/uploads\/2018\/07\/20180719-73-1170x780.jpg\" class=\"attachment-large size-large\" alt=\"\" aria-describedby=\"gallery-1-38948\" srcset=\"https:\/\/www.wallendorff.com\/belogue\/wp-content\/uploads\/2018\/07\/20180719-73.jpg 1170w, https:\/\/www.wallendorff.com\/belogue\/wp-content\/uploads\/2018\/07\/20180719-73-820x547.jpg 820w, https:\/\/www.wallendorff.com\/belogue\/wp-content\/uploads\/2018\/07\/20180719-73-200x133.jpg 200w, https:\/\/www.wallendorff.com\/belogue\/wp-content\/uploads\/2018\/07\/20180719-73-300x200.jpg 300w, https:\/\/www.wallendorff.com\/belogue\/wp-content\/uploads\/2018\/07\/20180719-73-1116x744.jpg 1116w, https:\/\/www.wallendorff.com\/belogue\/wp-content\/uploads\/2018\/07\/20180719-73-806x537.jpg 806w, https:\/\/www.wallendorff.com\/belogue\/wp-content\/uploads\/2018\/07\/20180719-73-558x372.jpg 558w, https:\/\/www.wallendorff.com\/belogue\/wp-content\/uploads\/2018\/07\/20180719-73-655x437.jpg 655w, https:\/\/www.wallendorff.com\/belogue\/wp-content\/uploads\/2018\/07\/20180719-73-600x400.jpg 600w\" sizes=\"(max-width: 1170px) 100vw, 1170px\" \/><\/a>\n\t\t\t<\/div>\n\t\t\t\t<figcaption class='wp-caption-text gallery-caption' id='gallery-1-38948'>\n\t\t\t\tIDLES @ Pal\u00e9o Festival, Nyon, 18\/07\/2018\n\t\t\t\t<\/figcaption><\/figure>\n\t\t<\/div>\n\n","protected":false},"excerpt":{"rendered":"<p>Les autres jours s(er)ont publi&eacute;s sur ce lien.<\/p>\n","protected":false},"author":1,"featured_media":38925,"comment_status":"open","ping_status":"open","sticky":false,"template":"","format":"standard","meta":{"_acf_changed":false,"ngg_post_thumbnail":0,"jetpack_post_was_ever_published":false,"_jetpack_newsletter_access":"","_jetpack_dont_email_post_to_subs":false,"_jetpack_newsletter_tier_id":0,"_jetpack_memberships_contains_paywalled_content":false,"_jetpack_memberships_contains_paid_content":false,"footnotes":"","jetpack_publicize_message":"","jetpack_publicize_feature_enabled":true,"jetpack_social_post_already_shared":true,"jetpack_social_options":{"image_generator_settings":{"template":"highway","default_image_id":0,"font":"","enabled":false},"version":2}},"categories":[7],"tags":[14460,10084,6103,14885,10118,10725,8170,181,6766,8351,10887,13155,10533,14060,7859,10136,14890,14896,14895,14887,14084,14891,14048,12098,14892,12109,14311,14893,10449,1708,14889,12099,10135,14894,10886,10007],"class_list":["post-38836","post","type-post","status-publish","format-standard","has-post-thumbnail","hentry","category-alive","tag-14460","tag-alive","tag-ambiance-2","tag-arts-de-rue","tag-black-rebel-motorcycle-club","tag-brmc","tag-ef-24-70-mm-f2-8l-ii-usm","tag-ef-70-200-mm-f28l-usm","tag-eos-5d-mark-iii","tag-eos-6d","tag-canton-de-vaud","tag-club-tent","tag-concert","tag-concert-sauvage","tag-district-de-nyon","tag-festival","tag-fujinon-xf-10-24-mm-f-4-r-ois","tag-fujinon-xf-14-mm-f-2-8-r","tag-fujinon-xf-56-mm-f-1-2-r","tag-hes-so","tag-idles","tag-la-pegatina","tag-la-ruche","tag-le-detour","tag-le-dome","tag-les-arches","tag-lysistrata","tag-monic-la-mouche","tag-nyon","tag-paleo-festival","tag-paleo-festival-2018","tag-plaine-de-lasse","tag-public","tag-saro","tag-suisse","tag-trelex"],"acf":[],"geo":{"latitude":46.4043083,"longitude":6.2068462,"description":"Signy, Canton de Vaud, 1274, CH"},"jetpack_publicize_connections":[],"jetpack_featured_media_url":"https:\/\/www.wallendorff.com\/belogue\/wp-content\/uploads\/2018\/07\/20180719-50.jpg","jetpack_shortlink":"https:\/\/wp.me\/p3b35P-a6o","jetpack_sharing_enabled":true,"jetpack-related-posts":[{"id":129697,"url":"https:\/\/www.wallendorff.com\/belogue\/2024\/07\/28\/paleo-festival-2024-nyon-jour-5\/","url_meta":{"origin":38836,"position":0},"title":"Pal\u00e9o Festival 2024, Nyon, jour 5.","author":"dpc","date":"28 juillet 2024","format":false,"excerpt":"","rel":"","context":"Dans &quot;Alive&quot;","block_context":{"text":"Alive","link":"https:\/\/www.wallendorff.com\/belogue\/category\/alive\/"},"img":{"alt_text":"","src":"https:\/\/i0.wp.com\/www.wallendorff.com\/belogue\/wp-content\/uploads\/2024\/07\/20240728-70.jpg?resize=350%2C200&ssl=1","width":350,"height":200,"srcset":"https:\/\/i0.wp.com\/www.wallendorff.com\/belogue\/wp-content\/uploads\/2024\/07\/20240728-70.jpg?resize=350%2C200&ssl=1 1x, https:\/\/i0.wp.com\/www.wallendorff.com\/belogue\/wp-content\/uploads\/2024\/07\/20240728-70.jpg?resize=525%2C300&ssl=1 1.5x, https:\/\/i0.wp.com\/www.wallendorff.com\/belogue\/wp-content\/uploads\/2024\/07\/20240728-70.jpg?resize=700%2C400&ssl=1 2x, https:\/\/i0.wp.com\/www.wallendorff.com\/belogue\/wp-content\/uploads\/2024\/07\/20240728-70.jpg?resize=1050%2C600&ssl=1 3x"},"classes":[]},{"id":125409,"url":"https:\/\/www.wallendorff.com\/belogue\/2023\/07\/20\/paleo-festival-2023-nyon-jour-2\/","url_meta":{"origin":38836,"position":1},"title":"Pal\u00e9o Festival 2023, Nyon, jour 2.","author":"dpc","date":"20 juillet 2023","format":false,"excerpt":"Ambiance, Pal\u00e9o Festival Nyon 2023 Ambiance, Pal\u00e9o Festival Nyon 2023 Ambiance, Pal\u00e9o Festival Nyon 2023 Ambiance, Pal\u00e9o Festival Nyon 2023 Ambiance, Pal\u00e9o Festival Nyon 2023 Ambiance, Pal\u00e9o Festival Nyon 2023 Ambiance, Pal\u00e9o Festival Nyon 2023 Ambiance, Pal\u00e9o Festival Nyon 2023 Ambiance, Pal\u00e9o Festival Nyon 2023 Ambiance, Pal\u00e9o Festival Nyon 2023\u2026","rel":"","context":"Dans &quot;Alive&quot;","block_context":{"text":"Alive","link":"https:\/\/www.wallendorff.com\/belogue\/category\/alive\/"},"img":{"alt_text":"","src":"https:\/\/i0.wp.com\/www.wallendorff.com\/belogue\/wp-content\/uploads\/2023\/07\/20230720-28.jpg?resize=350%2C200&ssl=1","width":350,"height":200,"srcset":"https:\/\/i0.wp.com\/www.wallendorff.com\/belogue\/wp-content\/uploads\/2023\/07\/20230720-28.jpg?resize=350%2C200&ssl=1 1x, https:\/\/i0.wp.com\/www.wallendorff.com\/belogue\/wp-content\/uploads\/2023\/07\/20230720-28.jpg?resize=525%2C300&ssl=1 1.5x, https:\/\/i0.wp.com\/www.wallendorff.com\/belogue\/wp-content\/uploads\/2023\/07\/20230720-28.jpg?resize=700%2C400&ssl=1 2x, https:\/\/i0.wp.com\/www.wallendorff.com\/belogue\/wp-content\/uploads\/2023\/07\/20230720-28.jpg?resize=1050%2C600&ssl=1 3x"},"classes":[]},{"id":133073,"url":"https:\/\/www.wallendorff.com\/belogue\/2025\/07\/28\/paleo-festival-2025-nyon-jour-5\/","url_meta":{"origin":38836,"position":2},"title":"Pal\u00e9o Festival 2025, Nyon, jour 5.","author":"dpc","date":"28 juillet 2025","format":false,"excerpt":"Ambiance, Pal\u00e9o Festival Nyon 2025 Ambiance, Pal\u00e9o Festival Nyon 2025 Ambiance, Pal\u00e9o Festival Nyon 2025 Ambiance, Pal\u00e9o Festival Nyon 2025 Ambiance, Pal\u00e9o Festival Nyon 2025 Ambiance, Pal\u00e9o Festival Nyon 2025 Ambiance, Pal\u00e9o Festival Nyon 2025 Ambiance, Pal\u00e9o Festival Nyon 2025 Ambiance, Pal\u00e9o Festival Nyon 2025 Ambiance, Pal\u00e9o Festival Nyon 2025\u2026","rel":"","context":"Dans &quot;Alive&quot;","block_context":{"text":"Alive","link":"https:\/\/www.wallendorff.com\/belogue\/category\/alive\/"},"img":{"alt_text":"","src":"https:\/\/i0.wp.com\/www.wallendorff.com\/belogue\/wp-content\/uploads\/2025\/07\/20250727-48.jpg?resize=350%2C200&ssl=1","width":350,"height":200,"srcset":"https:\/\/i0.wp.com\/www.wallendorff.com\/belogue\/wp-content\/uploads\/2025\/07\/20250727-48.jpg?resize=350%2C200&ssl=1 1x, https:\/\/i0.wp.com\/www.wallendorff.com\/belogue\/wp-content\/uploads\/2025\/07\/20250727-48.jpg?resize=525%2C300&ssl=1 1.5x, https:\/\/i0.wp.com\/www.wallendorff.com\/belogue\/wp-content\/uploads\/2025\/07\/20250727-48.jpg?resize=700%2C400&ssl=1 2x, https:\/\/i0.wp.com\/www.wallendorff.com\/belogue\/wp-content\/uploads\/2025\/07\/20250727-48.jpg?resize=1050%2C600&ssl=1 3x"},"classes":[]},{"id":133133,"url":"https:\/\/www.wallendorff.com\/belogue\/2025\/07\/29\/paleo-festival-2025-nyon-jour-6\/","url_meta":{"origin":38836,"position":3},"title":"Pal\u00e9o Festival 2025, Nyon, jour 6.","author":"dpc","date":"29 juillet 2025","format":false,"excerpt":"Ambiance, Pal\u00e9o Festival Nyon 2025 Ambiance, Pal\u00e9o Festival Nyon 2025 Ambiance, Pal\u00e9o Festival Nyon 2025 Ambiance, Pal\u00e9o Festival Nyon 2025 Ambiance, Pal\u00e9o Festival Nyon 2025 Ambiance, Pal\u00e9o Festival Nyon 2025 Ambiance, Pal\u00e9o Festival Nyon 2025 Ambiance, Pal\u00e9o Festival Nyon 2025 Ambiance, Pal\u00e9o Festival Nyon 2025 Ambiance, Pal\u00e9o Festival Nyon 2025\u2026","rel":"","context":"Dans &quot;Alive&quot;","block_context":{"text":"Alive","link":"https:\/\/www.wallendorff.com\/belogue\/category\/alive\/"},"img":{"alt_text":"","src":"https:\/\/i0.wp.com\/www.wallendorff.com\/belogue\/wp-content\/uploads\/2025\/07\/20250729-38.jpg?resize=350%2C200&ssl=1","width":350,"height":200,"srcset":"https:\/\/i0.wp.com\/www.wallendorff.com\/belogue\/wp-content\/uploads\/2025\/07\/20250729-38.jpg?resize=350%2C200&ssl=1 1x, https:\/\/i0.wp.com\/www.wallendorff.com\/belogue\/wp-content\/uploads\/2025\/07\/20250729-38.jpg?resize=525%2C300&ssl=1 1.5x, https:\/\/i0.wp.com\/www.wallendorff.com\/belogue\/wp-content\/uploads\/2025\/07\/20250729-38.jpg?resize=700%2C400&ssl=1 2x, https:\/\/i0.wp.com\/www.wallendorff.com\/belogue\/wp-content\/uploads\/2025\/07\/20250729-38.jpg?resize=1050%2C600&ssl=1 3x"},"classes":[]},{"id":133005,"url":"https:\/\/www.wallendorff.com\/belogue\/2025\/07\/26\/paleo-festival-2025-nyon-jour-4\/","url_meta":{"origin":38836,"position":4},"title":"Pal\u00e9o Festival 2025, Nyon, jour 4.","author":"dpc","date":"26 juillet 2025","format":false,"excerpt":"Ambiance, Pal\u00e9o Festival Nyon 2025 Ambiance, Pal\u00e9o Festival Nyon 2025 Ambiance, Pal\u00e9o Festival Nyon 2025 Ambiance, Pal\u00e9o Festival Nyon 2025 Ambiance, Pal\u00e9o Festival Nyon 2025 Ambiance, Pal\u00e9o Festival Nyon 2025 Ambiance, Pal\u00e9o Festival Nyon 2025 Ambiance, Pal\u00e9o Festival Nyon 2025 Ambiance, Pal\u00e9o Festival Nyon 2025 Ambiance, Pal\u00e9o Festival Nyon 2025\u2026","rel":"","context":"Dans &quot;Alive&quot;","block_context":{"text":"Alive","link":"https:\/\/www.wallendorff.com\/belogue\/category\/alive\/"},"img":{"alt_text":"","src":"https:\/\/i0.wp.com\/www.wallendorff.com\/belogue\/wp-content\/uploads\/2025\/07\/20250726-52.jpg?resize=350%2C200&ssl=1","width":350,"height":200,"srcset":"https:\/\/i0.wp.com\/www.wallendorff.com\/belogue\/wp-content\/uploads\/2025\/07\/20250726-52.jpg?resize=350%2C200&ssl=1 1x, https:\/\/i0.wp.com\/www.wallendorff.com\/belogue\/wp-content\/uploads\/2025\/07\/20250726-52.jpg?resize=525%2C300&ssl=1 1.5x, https:\/\/i0.wp.com\/www.wallendorff.com\/belogue\/wp-content\/uploads\/2025\/07\/20250726-52.jpg?resize=700%2C400&ssl=1 2x, https:\/\/i0.wp.com\/www.wallendorff.com\/belogue\/wp-content\/uploads\/2025\/07\/20250726-52.jpg?resize=1050%2C600&ssl=1 3x"},"classes":[]},{"id":42794,"url":"https:\/\/www.wallendorff.com\/belogue\/2019\/07\/25\/paleo-festival-2019-nyon-jour-2\/","url_meta":{"origin":38836,"position":5},"title":"Pal\u00e9o Festival 2019, Nyon, jour 2.","author":"dpc","date":"25 juillet 2019","format":false,"excerpt":"","rel":"","context":"Dans &quot;Alive&quot;","block_context":{"text":"Alive","link":"https:\/\/www.wallendorff.com\/belogue\/category\/alive\/"},"img":{"alt_text":"","src":"https:\/\/i0.wp.com\/www.wallendorff.com\/belogue\/wp-content\/uploads\/2019\/07\/20190725-64.jpg?resize=350%2C200&ssl=1","width":350,"height":200,"srcset":"https:\/\/i0.wp.com\/www.wallendorff.com\/belogue\/wp-content\/uploads\/2019\/07\/20190725-64.jpg?resize=350%2C200&ssl=1 1x, https:\/\/i0.wp.com\/www.wallendorff.com\/belogue\/wp-content\/uploads\/2019\/07\/20190725-64.jpg?resize=525%2C300&ssl=1 1.5x, https:\/\/i0.wp.com\/www.wallendorff.com\/belogue\/wp-content\/uploads\/2019\/07\/20190725-64.jpg?resize=700%2C400&ssl=1 2x, https:\/\/i0.wp.com\/www.wallendorff.com\/belogue\/wp-content\/uploads\/2019\/07\/20190725-64.jpg?resize=1050%2C600&ssl=1 3x"},"classes":[]}],"_links":{"self":[{"href":"https:\/\/www.wallendorff.com\/belogue\/wp-json\/wp\/v2\/posts\/38836","targetHints":{"allow":["GET"]}}],"collection":[{"href":"https:\/\/www.wallendorff.com\/belogue\/wp-json\/wp\/v2\/posts"}],"about":[{"href":"https:\/\/www.wallendorff.com\/belogue\/wp-json\/wp\/v2\/types\/post"}],"author":[{"embeddable":true,"href":"https:\/\/www.wallendorff.com\/belogue\/wp-json\/wp\/v2\/users\/1"}],"replies":[{"embeddable":true,"href":"https:\/\/www.wallendorff.com\/belogue\/wp-json\/wp\/v2\/comments?post=38836"}],"version-history":[{"count":2,"href":"https:\/\/www.wallendorff.com\/belogue\/wp-json\/wp\/v2\/posts\/38836\/revisions"}],"predecessor-version":[{"id":38949,"href":"https:\/\/www.wallendorff.com\/belogue\/wp-json\/wp\/v2\/posts\/38836\/revisions\/38949"}],"wp:featuredmedia":[{"embeddable":true,"href":"https:\/\/www.wallendorff.com\/belogue\/wp-json\/wp\/v2\/media\/38925"}],"wp:attachment":[{"href":"https:\/\/www.wallendorff.com\/belogue\/wp-json\/wp\/v2\/media?parent=38836"}],"wp:term":[{"taxonomy":"category","embeddable":true,"href":"https:\/\/www.wallendorff.com\/belogue\/wp-json\/wp\/v2\/categories?post=38836"},{"taxonomy":"post_tag","embeddable":true,"href":"https:\/\/www.wallendorff.com\/belogue\/wp-json\/wp\/v2\/tags?post=38836"}],"curies":[{"name":"wp","href":"https:\/\/api.w.org\/{rel}","templated":true}]}}