{"id":3883,"date":"2009-02-05T11:53:03","date_gmt":"2009-02-05T10:53:03","guid":{"rendered":"http:\/\/www.po-l.com\/belogue\/?p=3883"},"modified":"2012-04-04T15:17:44","modified_gmt":"2012-04-04T13:17:44","slug":"metro-station-la-maroquinerie-paris","status":"publish","type":"post","link":"https:\/\/www.wallendorff.com\/belogue\/2009\/02\/05\/metro-station-la-maroquinerie-paris\/","title":{"rendered":"Metro Station @ la Maroquinerie, Paris."},"content":{"rendered":"<div id=\"photo\">\n<p><img decoding=\"async\" src=\"https:\/\/www.wallendorff.com\/belogue\/photo\/2009\/02\/20090205.jpg\" \/><\/p>\n<\/div>\n<p>C&rsquo;est chouette, de photographier des groupes qu&rsquo;on connait mal, parce que c&rsquo;est toujours plein de surprises. Arriver en retard, entendre &agrave; travers la porte un ch&oelig;ur de vierges en furie se p&acirc;mer devant les nobles &eacute;ph&egrave;bes de la sc&egrave;ne, entrer dans la jungle et d&eacute;couvrir une vraie fosse photo &#8213;&nbsp;ma premi&egrave;re en 28 Maro&nbsp;&#8213; d&eacute;j&agrave; peupl&eacute;e <a href=\"http:\/\/www.rockonemag.com\/\">des<\/a> <a href=\"http:\/\/www.sternmusic.net\/\">m&ecirc;mes<\/a> <a href=\"http:\/\/www.photosconcerts.com\">gens<\/a> que <a href=\"https:\/\/www.wallendorff.com\/belogue\/2008\/03\/20\/killerpilze-trabendo-sessions-paris-12-janvier\/\">l&rsquo;ann&eacute;e derni&egrave;re<\/a>, vieillir &agrave; vue d&rsquo;&oelig;il &agrave; chaque fois qu&rsquo;on t&rsquo;appelle &laquo;&nbsp;monsieur,&nbsp;&raquo; se d&eacute;brouiller comme on peut entre le premier rang qui te tire les cheveux parce que tu lui bouches la vue, les bras enamour&eacute;s qui se tendent dans ton cadre pour flasher le chanteur &agrave; 3&nbsp;cm, les guitaristes qui sautent et les slammeurs [enfin <em>le <\/em>slammeur, puisqu&rsquo;il n&rsquo;y en aura pas d&rsquo;autre] qui te tombent sur la g&rsquo;le sans crier ar&eacute;oport.<\/p>\n<p>Metro Station, c&rsquo;est donc la m&ecirc;me formule que KillerPilze ou Tokio Hotel, mais en &agrave; la sauce californienne. Une masse de fans essentiellement f&eacute;minine, compl&egrave;tement &agrave; fond, qui a pay&eacute; sa place 20&nbsp;&euro; et s&ucirc;rement camp&eacute; toute la journ&eacute;e devant la Maroquinerie pour un set de 40 minutes [soient 50 centimes la minute, c&rsquo;est plus cher que le 118 218] et neuf titres [soient 2,22&nbsp;&euro; par morceau, c&rsquo;est plus cher qu&rsquo;iTunes] clos &agrave;&#8230; 21h10, record du monde battu. Mais il faut voir plus loin. La promiscuit&eacute;, l&rsquo;excitation de la journ&eacute;e pass&eacute;e &agrave; attendre, l&rsquo;effet de masse, les m&eacute;diators, setlists et serviette r&eacute;cup&eacute;r&eacute;es &agrave; la fin, tout &ccedil;a fait que &ccedil;a vaut s&ucirc;rement le coup. D&rsquo;autres dont je tairai le nom auraient s&ucirc;rement fait &ccedil;a pour Guns N&rsquo;Roses s&rsquo;ils en avaient eu l&rsquo;occase. <\/p>\n<p>Ah, et remarque technique&nbsp;: maintenant que Rhubarbe s&rsquo;est mang&eacute; sa premi&egrave;re bouteille d&rsquo;eau en pleine gueule, je sais que oui c&rsquo;est utile, la tropicalisation de bo&icirc;tier. Merci monsieur Canon.<\/p>ngg_shortcode_0_placeholder<p>Allez, cultivons-nous tous ensemble pour ne pas passer pour des d&eacute;biles aupr&egrave;s des jeunes&nbsp;:<\/p>\n<div id=\"bandeson\">\n<p><img decoding=\"async\" src=\"https:\/\/www.wallendorff.com\/belogue\/photo\/pochettes\/m\/metro_station-metro-station.jpg\" align=\"left\" \/>&nbsp;<a href=\"http:\/\/www.myspace.com\/metrostation\">Metro Station <\/a>&ndash; <em>Shake It<\/em><\/p>\n<\/div>\n","protected":false},"excerpt":{"rendered":"<p>C&rsquo;est chouette, de photographier des groupes qu&rsquo;on connait mal, parce que c&rsquo;est toujours plein de surprises. Arriver en retard, entendre &agrave; travers la porte un ch&oelig;ur de vierges en furie se p&acirc;mer devant les nobles &eacute;ph&egrave;bes de la sc&egrave;ne, entrer dans la jungle et d&eacute;couvrir une vraie fosse photo &#8213;&nbsp;ma premi&egrave;re en 28 Maro&nbsp;&#8213; d&eacute;j&agrave;&hellip;<\/p>\n","protected":false},"author":1,"featured_media":25359,"comment_status":"open","ping_status":"open","sticky":false,"template":"","format":"standard","meta":{"_acf_changed":false,"ngg_post_thumbnail":0,"jetpack_post_was_ever_published":false,"_jetpack_newsletter_access":"","_jetpack_dont_email_post_to_subs":false,"_jetpack_newsletter_tier_id":0,"_jetpack_memberships_contains_paywalled_content":false,"_jetpack_memberships_contains_paid_content":false,"footnotes":"","jetpack_publicize_message":"","jetpack_publicize_feature_enabled":true,"jetpack_social_post_already_shared":false,"jetpack_social_options":{"image_generator_settings":{"template":"highway","default_image_id":0,"font":"","enabled":false},"version":2}},"categories":[7],"tags":[10508,10216,10084,2571,2615,10120,10121,10290,2693,143,10098,2694],"class_list":["post-3883","post","type-post","status-publish","format-standard","has-post-thumbnail","hentry","category-alive","tag-10508","tag-10216","tag-alive","tag-ef-16-35-mm-f28l-ii-usm","tag-eos-5d-mark-ii","tag-france","tag-ile-de-france","tag-la-maroquinerie","tag-metro-station","tag-noir-et-blanc","tag-paris","tag-shake-it"],"acf":[],"geo":{"latitude":48.8685608,"longitude":2.3919244,"description":"18-26 Rue Boyer, 75020 Paris, France"},"jetpack_publicize_connections":[],"jetpack_featured_media_url":"https:\/\/www.wallendorff.com\/belogue\/wp-content\/uploads\/2015\/04\/200902051.jpg","jetpack_shortlink":"https:\/\/wp.me\/p3b35P-10D","jetpack_sharing_enabled":true,"jetpack-related-posts":[{"id":23464,"url":"https:\/\/www.wallendorff.com\/belogue\/2014\/10\/21\/bastian-baker-la-maroquinerie-paris\/","url_meta":{"origin":3883,"position":0},"title":"Bastian Baker @ la Maroquinerie, Paris.","author":"dpc","date":"21 octobre 2014","format":false,"excerpt":"Oui, Bastian Baker. Puisque c'est un artiste pour jeunes, on retrouve certains incontournables du concert d'artiste pour jeunes\u00a0: filles qui campent devant la Maro la nuit pr\u00e9c\u00e9dente, fosse pr\u00eate \u00e0 mordre pour d\u00e9fendre sa place au pied de la sc\u00e8ne [d'o\u00f9 les photos de loin], parents d\u00e9s\u0153uvr\u00e9s venus pour accompagner\u2026","rel":"","context":"Dans &quot;Alive&quot;","block_context":{"text":"Alive","link":"https:\/\/www.wallendorff.com\/belogue\/category\/alive\/"},"img":{"alt_text":"","src":"https:\/\/i0.wp.com\/www.wallendorff.com\/belogue\/wp-content\/uploads\/2015\/04\/201410211.jpg?resize=350%2C200&ssl=1","width":350,"height":200,"srcset":"https:\/\/i0.wp.com\/www.wallendorff.com\/belogue\/wp-content\/uploads\/2015\/04\/201410211.jpg?resize=350%2C200&ssl=1 1x, https:\/\/i0.wp.com\/www.wallendorff.com\/belogue\/wp-content\/uploads\/2015\/04\/201410211.jpg?resize=525%2C300&ssl=1 1.5x, https:\/\/i0.wp.com\/www.wallendorff.com\/belogue\/wp-content\/uploads\/2015\/04\/201410211.jpg?resize=700%2C400&ssl=1 2x"},"classes":[]},{"id":4883,"url":"https:\/\/www.wallendorff.com\/belogue\/2009\/10\/15\/obits-la-maroquinerie-paris\/","url_meta":{"origin":3883,"position":1},"title":"Obits @ la Maroquinerie, Paris.","author":"dpc","date":"15 octobre 2009","format":false,"excerpt":"\u00a0Obits \u2013 Fake Kinkade Y a des jours comme \u00e7a o\u00f9 tu regrettes d'y \u00eatre all\u00e9 seul parce que se retrouver devant un groupe pareil sans pouvoir dire en gloussant \u00e0 ton voisin \u00ab\u00a0les Obits adudulent\u00a0\u00bb ou \u00ab\u00a0Obits aussi ragent\u00a0\u00bb voire \u00ab\u00a0l'Obit ne fait pas le moine\u00a0\u00bb et \u00ab\u00a0Obit, j'ai\u2026","rel":"","context":"Dans &quot;Alive&quot;","block_context":{"text":"Alive","link":"https:\/\/www.wallendorff.com\/belogue\/category\/alive\/"},"img":{"alt_text":"","src":"https:\/\/i0.wp.com\/www.wallendorff.com\/belogue\/wp-content\/uploads\/2015\/04\/200910151.jpg?resize=350%2C200&ssl=1","width":350,"height":200,"srcset":"https:\/\/i0.wp.com\/www.wallendorff.com\/belogue\/wp-content\/uploads\/2015\/04\/200910151.jpg?resize=350%2C200&ssl=1 1x, https:\/\/i0.wp.com\/www.wallendorff.com\/belogue\/wp-content\/uploads\/2015\/04\/200910151.jpg?resize=525%2C300&ssl=1 1.5x, https:\/\/i0.wp.com\/www.wallendorff.com\/belogue\/wp-content\/uploads\/2015\/04\/200910151.jpg?resize=700%2C400&ssl=1 2x"},"classes":[]},{"id":340,"url":"https:\/\/www.wallendorff.com\/belogue\/2005\/06\/18\/the-dirtbombs-la-maroquinerie-paris\/","url_meta":{"origin":3883,"position":2},"title":"The Dirtbombs @ La Maroquinerie, Paris.","author":"dpc","date":"18 juin 2005","format":false,"excerpt":"Dans la m\u00eame soir\u00e9e, on peut\u00a0: Se sentir\u00a0de retour \u00e0\u00a0Ann Arbor, dans un Blind Pig enfum\u00e9 se secouant aux doubles rythmes des batteries de Ben Blackwell [le neveu] et de Pat Pantano [le photographe], pendant que Ko Shi, en transe, ne quitte pas le plafond des yeux et que Mick\u2026","rel":"","context":"Dans &quot;Alive&quot;","block_context":{"text":"Alive","link":"https:\/\/www.wallendorff.com\/belogue\/category\/alive\/"},"img":{"alt_text":"","src":"https:\/\/i0.wp.com\/www.wallendorff.com\/belogue\/wp-content\/uploads\/2015\/04\/200506181.jpg?resize=350%2C200&ssl=1","width":350,"height":200},"classes":[]},{"id":1169,"url":"https:\/\/www.wallendorff.com\/belogue\/2008\/02\/24\/tiny-masters-of-today-the-dodoz-la-maroquinerie-paris\/","url_meta":{"origin":3883,"position":3},"title":"Tiny Masters of Today + The Dodoz @ la Maroquinerie, Paris.","author":"dpc","date":"24 f\u00e9vrier 2008","format":false,"excerpt":"Curiosit\u00e9 du moment pour beaucoup \u2015\u00a0mais pas pour tout le monde, puisque \u00e9trangement la moiti\u00e9 de la salle est partie apr\u00e8s les Dodoz\u00a0\u2015, le fr\u00e8re, la s\u0153ur et leur batteur en forme de Kurt Cobain juv\u00e9nile d\u00e9barquent sur sc\u00e8ne pour livrer un set bien plus mou que leur Bang Bang\u2026","rel":"","context":"Dans &quot;Alive&quot;","block_context":{"text":"Alive","link":"https:\/\/www.wallendorff.com\/belogue\/category\/alive\/"},"img":{"alt_text":"","src":"https:\/\/i0.wp.com\/www.wallendorff.com\/belogue\/wp-content\/uploads\/2015\/04\/200802241.jpg?resize=350%2C200&ssl=1","width":350,"height":200,"srcset":"https:\/\/i0.wp.com\/www.wallendorff.com\/belogue\/wp-content\/uploads\/2015\/04\/200802241.jpg?resize=350%2C200&ssl=1 1x, https:\/\/i0.wp.com\/www.wallendorff.com\/belogue\/wp-content\/uploads\/2015\/04\/200802241.jpg?resize=525%2C300&ssl=1 1.5x, https:\/\/i0.wp.com\/www.wallendorff.com\/belogue\/wp-content\/uploads\/2015\/04\/200802241.jpg?resize=700%2C400&ssl=1 2x"},"classes":[]},{"id":3566,"url":"https:\/\/www.wallendorff.com\/belogue\/2008\/11\/09\/hushpuppies-la-maroquinerie-paris\/","url_meta":{"origin":3883,"position":4},"title":"Hushpuppies @ la Maroquinerie, Paris.","author":"dpc","date":"9 novembre 2008","format":false,"excerpt":"Une soir\u00e9e dont la toute premi\u00e8re photo est un slam de chanteur 10 secondes \u00e0 peine apr\u00e8s son entr\u00e9e en sc\u00e8ne, o\u00f9 il faut se battre pour trouver une place viable et nourrir son objectif comme on peut, o\u00f9 la condensation caus\u00e9e par une mar\u00e9e de corps sauteurs et hyst\u00e9riques\u2026","rel":"","context":"Dans &quot;Alive&quot;","block_context":{"text":"Alive","link":"https:\/\/www.wallendorff.com\/belogue\/category\/alive\/"},"img":{"alt_text":"","src":"https:\/\/i0.wp.com\/www.wallendorff.com\/belogue\/wp-content\/uploads\/2015\/04\/200811091.jpg?resize=350%2C200&ssl=1","width":350,"height":200,"srcset":"https:\/\/i0.wp.com\/www.wallendorff.com\/belogue\/wp-content\/uploads\/2015\/04\/200811091.jpg?resize=350%2C200&ssl=1 1x, https:\/\/i0.wp.com\/www.wallendorff.com\/belogue\/wp-content\/uploads\/2015\/04\/200811091.jpg?resize=525%2C300&ssl=1 1.5x, https:\/\/i0.wp.com\/www.wallendorff.com\/belogue\/wp-content\/uploads\/2015\/04\/200811091.jpg?resize=700%2C400&ssl=1 2x"},"classes":[]},{"id":3989,"url":"https:\/\/www.wallendorff.com\/belogue\/2009\/03\/06\/i-am-kloot-la-maroquinerie-paris\/","url_meta":{"origin":3883,"position":5},"title":"I Am Kloot @ Minimum Festival, la Maroquinerie, Paris.","author":"dpc","date":"6 mars 2009","format":false,"excerpt":"Habituellement, je passe sous silence les premi\u00e8res parties nases parce que dans la vie il faut \u00eatre sympa, ouvert d'esprit et grave tol\u00e9rant. Mais quand on te sert Arlt., duo d\u00e9primant et mixte constitu\u00e9 d'un gars et une fille aussi dr\u00f4les que des amishs \u00e0 l'enterrement de leur grand-tante, d\u00e9bitant\u2026","rel":"","context":"Dans &quot;Alive&quot;","block_context":{"text":"Alive","link":"https:\/\/www.wallendorff.com\/belogue\/category\/alive\/"},"img":{"alt_text":"","src":"https:\/\/i0.wp.com\/www.wallendorff.com\/belogue\/wp-content\/uploads\/2015\/04\/200903061.jpg?resize=350%2C200&ssl=1","width":350,"height":200,"srcset":"https:\/\/i0.wp.com\/www.wallendorff.com\/belogue\/wp-content\/uploads\/2015\/04\/200903061.jpg?resize=350%2C200&ssl=1 1x, https:\/\/i0.wp.com\/www.wallendorff.com\/belogue\/wp-content\/uploads\/2015\/04\/200903061.jpg?resize=525%2C300&ssl=1 1.5x, https:\/\/i0.wp.com\/www.wallendorff.com\/belogue\/wp-content\/uploads\/2015\/04\/200903061.jpg?resize=700%2C400&ssl=1 2x"},"classes":[]}],"_links":{"self":[{"href":"https:\/\/www.wallendorff.com\/belogue\/wp-json\/wp\/v2\/posts\/3883","targetHints":{"allow":["GET"]}}],"collection":[{"href":"https:\/\/www.wallendorff.com\/belogue\/wp-json\/wp\/v2\/posts"}],"about":[{"href":"https:\/\/www.wallendorff.com\/belogue\/wp-json\/wp\/v2\/types\/post"}],"author":[{"embeddable":true,"href":"https:\/\/www.wallendorff.com\/belogue\/wp-json\/wp\/v2\/users\/1"}],"replies":[{"embeddable":true,"href":"https:\/\/www.wallendorff.com\/belogue\/wp-json\/wp\/v2\/comments?post=3883"}],"version-history":[{"count":4,"href":"https:\/\/www.wallendorff.com\/belogue\/wp-json\/wp\/v2\/posts\/3883\/revisions"}],"predecessor-version":[{"id":16707,"href":"https:\/\/www.wallendorff.com\/belogue\/wp-json\/wp\/v2\/posts\/3883\/revisions\/16707"}],"wp:featuredmedia":[{"embeddable":true,"href":"https:\/\/www.wallendorff.com\/belogue\/wp-json\/wp\/v2\/media\/25359"}],"wp:attachment":[{"href":"https:\/\/www.wallendorff.com\/belogue\/wp-json\/wp\/v2\/media?parent=3883"}],"wp:term":[{"taxonomy":"category","embeddable":true,"href":"https:\/\/www.wallendorff.com\/belogue\/wp-json\/wp\/v2\/categories?post=3883"},{"taxonomy":"post_tag","embeddable":true,"href":"https:\/\/www.wallendorff.com\/belogue\/wp-json\/wp\/v2\/tags?post=3883"}],"curies":[{"name":"wp","href":"https:\/\/api.w.org\/{rel}","templated":true}]}}