{"id":3880,"date":"2009-02-04T13:10:10","date_gmt":"2009-02-04T12:10:10","guid":{"rendered":"http:\/\/www.po-l.com\/belogue\/?p=3880"},"modified":"2012-01-30T11:39:51","modified_gmt":"2012-01-30T09:39:51","slug":"luxe-caille-water","status":"publish","type":"post","link":"https:\/\/www.wallendorff.com\/belogue\/2009\/02\/04\/luxe-caille-water\/","title":{"rendered":"Luxe caille water."},"content":{"rendered":"<div id=\"photo\">\n<p><img decoding=\"async\" src=\"https:\/\/www.wallendorff.com\/belogue\/photo\/2009\/02\/20090204.jpg\" \/><br \/>\nPlace Joachim du Bellay, Paris, 10 janvier.<\/p>\n<\/div>\n<div id=\"bandeson\">\n<p><img decoding=\"async\" src=\"https:\/\/www.wallendorff.com\/belogue\/photo\/pochettes\/v\/vedder_eddie-into_the_wild.jpg\" align=\"left\" \/> <a href=\"http:\/\/www.tenclub.net\">Eddie Vedder<\/a> &ndash; <em>Tuolumne<\/em><\/p>\n<\/div>\n","protected":false},"excerpt":{"rendered":"<p>Place Joachim du Bellay, Paris, 10 janvier. Eddie Vedder &ndash; Tuolumne<\/p>\n","protected":false},"author":1,"featured_media":25358,"comment_status":"open","ping_status":"open","sticky":false,"template":"","format":"standard","meta":{"_acf_changed":false,"ngg_post_thumbnail":0,"jetpack_post_was_ever_published":false,"_jetpack_newsletter_access":"","_jetpack_dont_email_post_to_subs":false,"_jetpack_newsletter_tier_id":0,"_jetpack_memberships_contains_paywalled_content":false,"_jetpack_memberships_contains_paid_content":false,"footnotes":"","jetpack_publicize_message":"","jetpack_publicize_feature_enabled":true,"jetpack_social_post_already_shared":false,"jetpack_social_options":{"image_generator_settings":{"template":"highway","default_image_id":0,"font":"","enabled":false},"version":2}},"categories":[3],"tags":[10182,2571,2615,10330,10515,10120,10121,10875,10211,143,10098,2690,2692],"class_list":["post-3880","post","type-post","status-publish","format-standard","has-post-thumbnail","hentry","category-dpc","tag-10182","tag-ef-16-35-mm-f28l-ii-usm","tag-eos-5d-mark-ii","tag-eddie-vedder","tag-fontaine","tag-france","tag-ile-de-france","tag-into-the-wild","tag-neige","tag-noir-et-blanc","tag-paris","tag-place-joachim-du-bellay","tag-tuolumne"],"acf":[],"geo":{"latitude":48.8606529,"longitude":2.3481023,"description":null},"jetpack_publicize_connections":[],"jetpack_featured_media_url":"https:\/\/www.wallendorff.com\/belogue\/wp-content\/uploads\/2015\/04\/200902041.jpg","jetpack_shortlink":"https:\/\/wp.me\/p3b35P-10A","jetpack_sharing_enabled":true,"jetpack-related-posts":[{"id":12649,"url":"https:\/\/www.wallendorff.com\/belogue\/2011\/04\/18\/tes-leffes-eric\/","url_meta":{"origin":3880,"position":0},"title":"Tes Leffes, \u00c9ric.","author":"dpc","date":"18 avril 2011","format":false,"excerpt":"Morzine, 30 mars. \u00a0Eddie Vedder \u2014 Tuolumne","rel":"","context":"Dans &quot;DPC&quot;","block_context":{"text":"DPC","link":"https:\/\/www.wallendorff.com\/belogue\/category\/dpc\/"},"img":{"alt_text":"","src":"https:\/\/i0.wp.com\/www.wallendorff.com\/belogue\/wp-content\/uploads\/2015\/04\/201104181.jpg?resize=350%2C200&ssl=1","width":350,"height":200},"classes":[]},{"id":30261,"url":"https:\/\/www.wallendorff.com\/belogue\/2016\/02\/19\/alone-in-the-barque\/","url_meta":{"origin":3880,"position":1},"title":"Alone in the barque.","author":"dpc","date":"19 f\u00e9vrier 2016","format":false,"excerpt":"R\u00e9servoir de Grosbois-en-Montagne, 6 d\u00e9cembre 2015. Tuolumne Eddie Vedder","rel":"","context":"Dans &quot;DPC&quot;","block_context":{"text":"DPC","link":"https:\/\/www.wallendorff.com\/belogue\/category\/dpc\/"},"img":{"alt_text":"","src":"https:\/\/i0.wp.com\/www.wallendorff.com\/belogue\/wp-content\/uploads\/2016\/02\/20160219.jpg?resize=350%2C200&ssl=1","width":350,"height":200,"srcset":"https:\/\/i0.wp.com\/www.wallendorff.com\/belogue\/wp-content\/uploads\/2016\/02\/20160219.jpg?resize=350%2C200&ssl=1 1x, https:\/\/i0.wp.com\/www.wallendorff.com\/belogue\/wp-content\/uploads\/2016\/02\/20160219.jpg?resize=525%2C300&ssl=1 1.5x, https:\/\/i0.wp.com\/www.wallendorff.com\/belogue\/wp-content\/uploads\/2016\/02\/20160219.jpg?resize=700%2C400&ssl=1 2x"},"classes":[]},{"id":13091,"url":"https:\/\/www.wallendorff.com\/belogue\/2011\/08\/11\/man-on-the-mourn-ii\/","url_meta":{"origin":3880,"position":2},"title":"Man on the mourn [II].","author":"dpc","date":"11 ao\u00fbt 2011","format":false,"excerpt":"Rue Oberkampf, Paris, 6 juillet. \u00a0Eddie Vedder \u2013 Girl from the North Country (Bob Dylan cover) (live)","rel":"","context":"Dans &quot;DPC&quot;","block_context":{"text":"DPC","link":"https:\/\/www.wallendorff.com\/belogue\/category\/dpc\/"},"img":{"alt_text":"","src":"https:\/\/i0.wp.com\/www.wallendorff.com\/belogue\/wp-content\/uploads\/2015\/04\/201108111.jpg?resize=350%2C200&ssl=1","width":350,"height":200,"srcset":"https:\/\/i0.wp.com\/www.wallendorff.com\/belogue\/wp-content\/uploads\/2015\/04\/201108111.jpg?resize=350%2C200&ssl=1 1x, https:\/\/i0.wp.com\/www.wallendorff.com\/belogue\/wp-content\/uploads\/2015\/04\/201108111.jpg?resize=525%2C300&ssl=1 1.5x, https:\/\/i0.wp.com\/www.wallendorff.com\/belogue\/wp-content\/uploads\/2015\/04\/201108111.jpg?resize=700%2C400&ssl=1 2x"},"classes":[]},{"id":7668,"url":"https:\/\/www.wallendorff.com\/belogue\/2010\/06\/10\/pis-a-prismes-21\/","url_meta":{"origin":3880,"position":3},"title":"Pis \u00e0 prismes #21.","author":"dpc","date":"10 juin 2010","format":false,"excerpt":"Jardins Atlantique, Paris, 26 avril. Je sais que cela n'int\u00e9ressera personne mais JOIE PUTAIN \u00c0 part \u00e7a, rien. \u00a0Eddie Vedder \u2013 No More","rel":"","context":"Dans &quot;Pis \u00e0 prismes&quot;","block_context":{"text":"Pis \u00e0 prismes","link":"https:\/\/www.wallendorff.com\/belogue\/category\/pis-a-prismes\/"},"img":{"alt_text":"","src":"https:\/\/i0.wp.com\/www.wallendorff.com\/belogue\/wp-content\/uploads\/2015\/04\/201006101.jpg?resize=350%2C200&ssl=1","width":350,"height":200},"classes":[]},{"id":17338,"url":"https:\/\/www.wallendorff.com\/belogue\/2012\/05\/19\/heurs-bleus\/","url_meta":{"origin":3880,"position":4},"title":"Heurs bleus","author":"dpc","date":"19 mai 2012","format":false,"excerpt":"Rue Lamarck, Paris, 4 avril. J'ai un truc avec les fen\u00eatres allum\u00e9es au cr\u00e9puscule. Eddie Vedder \u2013 The Canyon [youtube]http:\/\/www.youtube.com\/watch?v=BfjZ_6oSiJs[\/youtube]","rel":"","context":"Dans &quot;DPC&quot;","block_context":{"text":"DPC","link":"https:\/\/www.wallendorff.com\/belogue\/category\/dpc\/"},"img":{"alt_text":"","src":"https:\/\/i0.wp.com\/www.wallendorff.com\/belogue\/wp-content\/uploads\/2015\/04\/201205181.jpg?resize=350%2C200&ssl=1","width":350,"height":200,"srcset":"https:\/\/i0.wp.com\/www.wallendorff.com\/belogue\/wp-content\/uploads\/2015\/04\/201205181.jpg?resize=350%2C200&ssl=1 1x, https:\/\/i0.wp.com\/www.wallendorff.com\/belogue\/wp-content\/uploads\/2015\/04\/201205181.jpg?resize=525%2C300&ssl=1 1.5x"},"classes":[]},{"id":1147,"url":"https:\/\/www.wallendorff.com\/belogue\/2008\/01\/25\/aux-arcs-on-rit\/","url_meta":{"origin":3880,"position":5},"title":"Aux arcs on rit.","author":"dpc","date":"25 janvier 2008","format":false,"excerpt":"Arc de Triomphe de l'\u00c9toile, Paris, 8 janvier. Arcade Fire nous refait le coup de la vid\u00e9o interactive. \u00a0Eddie Vedder \u2013 Long Nights","rel":"","context":"Dans &quot;DPC&quot;","block_context":{"text":"DPC","link":"https:\/\/www.wallendorff.com\/belogue\/category\/dpc\/"},"img":{"alt_text":"","src":"https:\/\/i0.wp.com\/www.wallendorff.com\/belogue\/wp-content\/uploads\/2015\/04\/200801251.jpg?resize=350%2C200&ssl=1","width":350,"height":200},"classes":[]}],"_links":{"self":[{"href":"https:\/\/www.wallendorff.com\/belogue\/wp-json\/wp\/v2\/posts\/3880","targetHints":{"allow":["GET"]}}],"collection":[{"href":"https:\/\/www.wallendorff.com\/belogue\/wp-json\/wp\/v2\/posts"}],"about":[{"href":"https:\/\/www.wallendorff.com\/belogue\/wp-json\/wp\/v2\/types\/post"}],"author":[{"embeddable":true,"href":"https:\/\/www.wallendorff.com\/belogue\/wp-json\/wp\/v2\/users\/1"}],"replies":[{"embeddable":true,"href":"https:\/\/www.wallendorff.com\/belogue\/wp-json\/wp\/v2\/comments?post=3880"}],"version-history":[{"count":1,"href":"https:\/\/www.wallendorff.com\/belogue\/wp-json\/wp\/v2\/posts\/3880\/revisions"}],"predecessor-version":[{"id":15598,"href":"https:\/\/www.wallendorff.com\/belogue\/wp-json\/wp\/v2\/posts\/3880\/revisions\/15598"}],"wp:featuredmedia":[{"embeddable":true,"href":"https:\/\/www.wallendorff.com\/belogue\/wp-json\/wp\/v2\/media\/25358"}],"wp:attachment":[{"href":"https:\/\/www.wallendorff.com\/belogue\/wp-json\/wp\/v2\/media?parent=3880"}],"wp:term":[{"taxonomy":"category","embeddable":true,"href":"https:\/\/www.wallendorff.com\/belogue\/wp-json\/wp\/v2\/categories?post=3880"},{"taxonomy":"post_tag","embeddable":true,"href":"https:\/\/www.wallendorff.com\/belogue\/wp-json\/wp\/v2\/tags?post=3880"}],"curies":[{"name":"wp","href":"https:\/\/api.w.org\/{rel}","templated":true}]}}