{"id":387,"date":"2005-04-30T00:22:57","date_gmt":"2005-04-30T00:22:57","guid":{"rendered":"http:\/\/www.po-l.com\/wordpress\/?p=387"},"modified":"2012-10-10T10:30:46","modified_gmt":"2012-10-10T08:30:46","slug":"titre-academie","status":"publish","type":"post","link":"https:\/\/www.wallendorff.com\/belogue\/2005\/04\/30\/titre-academie\/","title":{"rendered":"Titre Acad&eacute;mie."},"content":{"rendered":"\n<div id=\"photo\">\n<p><img decoding=\"async\" src=\"http:\/\/www.po-L.com\/belogue\/photo\/2005\/04\/20050430.jpg\" \/><br \/>\n          Le Z&eacute;nith apr&egrave;s Interpol<sup>1<\/sup>, Paris, 21 avril.<\/p>\n<\/p><\/div>\n<p>Toi aussi, ami cyber-lecteur, profite de la grande &eacute;coute<sup>2<\/sup> du samedi pour choisir quel titre doit &ecirc;tre sauv&eacute; pour cette note. Brandis ton t&eacute;l&eacute;phone cellulaire et tapote de tes petits doigts agiles le code TIT, puis le num&eacute;ro de l&rsquo;apprenti-titre que tu veux sauver, en envoyant le tout au 84069<sup>3<\/sup>. Cette semaine, les nomm&eacute;s sont&nbsp;:<\/p>\n<ol>\n<li>Un peu de trav&eacute;es,<\/li>\n<li>Une paire de trav&eacute;es,<\/li>\n<li>Quelques rang&eacute;es de si&egrave;ges tr&egrave;s rouges dans une salle tr&egrave;s vide,<\/li>\n<li>Une paix de trav&eacute;es,<\/li>\n<li>Une prairie de tas vers.<\/li>\n<li>Un pet de travers.<\/li>\n<\/ol>\n<div id=\"bandeson\">\n<p><img decoding=\"async\" src=\"https:\/\/www.wallendorff.com\/belogue\/photo\/pochettes\/i\/interpol-turn_on_the_bright_lights.jpg\" align=\"left\" \/>&nbsp;<a href=\"http:\/\/www.interpolnyc.com\/\">Interpol<\/a> &mdash; <em>Untitled<\/em><\/p>\n<\/p><\/div>\n<div id=\"bas_note\">\n<p>_____<\/p>\n<p><sup>1<\/sup> Je sais pas, vous, mais moi, tout ces si&egrave;ges rouges, &ccedil;a me donne des envies d&rsquo;<em>Untitled<\/em>.<\/p>\n<p><sup>2<\/sup> Plut&ocirc;t mourir que de parler de pra&iuml;me-ta&iuml;me.<\/p>\n<p><sup>3<\/sup> 51&nbsp;&euro; + co&ucirc;t d&rsquo;envoi du SMS + &eacute;nergie &eacute;lectrique utilis&eacute;e pour envoyer le SMS + &eacute;nergie musculaire utilis&eacute;e pour tapoter le SMS + temps perdu &agrave; saisir le SMS.<\/p>\n<\/p><\/div>\n","protected":false},"excerpt":{"rendered":"<p>Le Z&eacute;nith apr&egrave;s Interpol1, Paris, 21 avril. Toi aussi, ami cyber-lecteur, profite de la grande &eacute;coute2 du samedi pour choisir quel titre doit &ecirc;tre sauv&eacute; pour cette note. Brandis ton t&eacute;l&eacute;phone cellulaire et tapote de tes petits doigts agiles le code TIT, puis le num&eacute;ro de l&rsquo;apprenti-titre que tu veux sauver, en envoyant le tout&hellip;<\/p>\n","protected":false},"author":1,"featured_media":24327,"comment_status":"open","ping_status":"open","sticky":false,"template":"","format":"standard","meta":{"_acf_changed":false,"ngg_post_thumbnail":0,"jetpack_post_was_ever_published":false,"_jetpack_newsletter_access":"","_jetpack_dont_email_post_to_subs":false,"_jetpack_newsletter_tier_id":0,"_jetpack_memberships_contains_paywalled_content":false,"_jetpack_memberships_contains_paid_content":false,"footnotes":"","jetpack_publicize_message":"","jetpack_publicize_feature_enabled":true,"jetpack_social_post_already_shared":false,"jetpack_social_options":{"image_generator_settings":{"template":"highway","default_image_id":0,"font":"","enabled":false},"version":2}},"categories":[3],"tags":[10268,132,10240,10120,10121,10111,10091,10098,770,173,6757,85],"class_list":["post-387","post","type-post","status-publish","format-standard","has-post-thumbnail","hentry","category-dpc","tag-10268","tag-eos-20d","tag-chaises","tag-france","tag-ile-de-france","tag-interpol","tag-le-zenith","tag-paris","tag-rouge","tag-sigma-28-70-mm-f28-dg-ex","tag-turn-on-the-bright-lights","tag-untitled"],"acf":[],"geo":{"latitude":48.8943062,"longitude":2.3931313,"description":"All\u00e9e du Z\u00e9nith, 75019 Paris, France"},"jetpack_publicize_connections":[],"jetpack_featured_media_url":"https:\/\/www.wallendorff.com\/belogue\/wp-content\/uploads\/2015\/04\/200504301.jpg","jetpack_shortlink":"https:\/\/wp.me\/p3b35P-6f","jetpack_sharing_enabled":true,"jetpack-related-posts":[{"id":328,"url":"https:\/\/www.wallendorff.com\/belogue\/2006\/07\/17\/previously-unreleased-38\/","url_meta":{"origin":387,"position":0},"title":"Previously unreleased #38&sup1;.","author":"dpc","date":"17 juillet 2006","format":false,"excerpt":"The Secret Machines, la Maroquinerie, Paris, 30 mai. Hum. Au final, la question cosmique qui se pose pr\u00e9sentement \u00e0 moi se r\u00e9sume \u00e0 \u00ab\u00a0dans quel pays est-on le mieux pour c\u00e9l\u00e9brer la F\u00eate Nationale belge\u00a0?\u00a0\u00bb. \u00a0Blanche2 \u2013 Jack on Fire3 (The Gun Club cover) _____ 1 Tradition picturale from chez\u2026","rel":"","context":"Dans &quot;Previously unreleased&quot;","block_context":{"text":"Previously unreleased","link":"https:\/\/www.wallendorff.com\/belogue\/category\/previously-unreleased\/"},"img":{"alt_text":"","src":"https:\/\/i0.wp.com\/www.wallendorff.com\/belogue\/wp-content\/uploads\/2015\/04\/200607171.jpg?resize=350%2C200&ssl=1","width":350,"height":200},"classes":[]},{"id":1200,"url":"https:\/\/www.wallendorff.com\/belogue\/2008\/04\/08\/editors-le-bataclan-paris\/","url_meta":{"origin":387,"position":1},"title":"Editors @ le Bataclan, Paris.","author":"dpc","date":"8 avril 2008","format":false,"excerpt":"Camera | An End Has a Start | Blood | Bullets | The Weight of the World | Escape the Nest | Lights | When Anger Shows | Banging Heads | Lullaby (The Cure) | All Sparks | Munich | Push Your Head Towards the Air | Bones | Fingers\u2026","rel":"","context":"Dans &quot;Alive&quot;","block_context":{"text":"Alive","link":"https:\/\/www.wallendorff.com\/belogue\/category\/alive\/"},"img":{"alt_text":"","src":"https:\/\/i0.wp.com\/www.wallendorff.com\/belogue\/wp-content\/uploads\/2015\/04\/200804081.jpg?resize=350%2C200&ssl=1","width":350,"height":200,"srcset":"https:\/\/i0.wp.com\/www.wallendorff.com\/belogue\/wp-content\/uploads\/2015\/04\/200804081.jpg?resize=350%2C200&ssl=1 1x, https:\/\/i0.wp.com\/www.wallendorff.com\/belogue\/wp-content\/uploads\/2015\/04\/200804081.jpg?resize=525%2C300&ssl=1 1.5x, https:\/\/i0.wp.com\/www.wallendorff.com\/belogue\/wp-content\/uploads\/2015\/04\/200804081.jpg?resize=700%2C400&ssl=1 2x"},"classes":[]},{"id":9208,"url":"https:\/\/www.wallendorff.com\/belogue\/2010\/09\/17\/demain-charette\/","url_meta":{"origin":387,"position":2},"title":"Demain, charette.","author":"dpc","date":"17 septembre 2010","format":false,"excerpt":"Rue des Charettes, Locronan, 24 juillet. Oui, j'ai honte aussi mais faut comprendre que quand on poste une photo aux airs de pub Clan Campbell, faut assumer jusqu'au bout et l'assortir d'un titre trouv\u00e9 sous l'emprise du liquide en question pour faire plus vrai et surtout montrer \u00e0 nos charmants\u2026","rel":"","context":"Dans &quot;DPC&quot;","block_context":{"text":"DPC","link":"https:\/\/www.wallendorff.com\/belogue\/category\/dpc\/"},"img":{"alt_text":"","src":"https:\/\/i0.wp.com\/www.wallendorff.com\/belogue\/wp-content\/uploads\/2015\/04\/201009171.jpg?resize=350%2C200&ssl=1","width":350,"height":200},"classes":[]},{"id":5177,"url":"https:\/\/www.wallendorff.com\/belogue\/2009\/11\/27\/franz-ferdinand-the-cribs-john-and-jehn-le-zenith-paris\/","url_meta":{"origin":387,"position":3},"title":"Franz Ferdinand + The Cribs + John and Jehn @ le Z\u00e9nith, Paris.","author":"dpc","date":"27 novembre 2009","format":false,"excerpt":"\u00a0Franz Ferdinand \u2013 Take Me Out (live Pal\u00e9o 2009) (pour rester dans l'ambiance) J'aurai donc vu Franz Ferdinand six fois. Trois fois au \u00c9tats-Unis, trois fois en France, quatre fois au complet, une fois avec un bassiste alimentairement intoxiqu\u00e9, une fois avec un guitariste \u00e9clop\u00e9, une fois avec un batteur\u2026","rel":"","context":"Dans &quot;Alive&quot;","block_context":{"text":"Alive","link":"https:\/\/www.wallendorff.com\/belogue\/category\/alive\/"},"img":{"alt_text":"","src":"https:\/\/i0.wp.com\/www.wallendorff.com\/belogue\/wp-content\/uploads\/2015\/04\/200911271.jpg?resize=350%2C200&ssl=1","width":350,"height":200,"srcset":"https:\/\/i0.wp.com\/www.wallendorff.com\/belogue\/wp-content\/uploads\/2015\/04\/200911271.jpg?resize=350%2C200&ssl=1 1x, https:\/\/i0.wp.com\/www.wallendorff.com\/belogue\/wp-content\/uploads\/2015\/04\/200911271.jpg?resize=525%2C300&ssl=1 1.5x, https:\/\/i0.wp.com\/www.wallendorff.com\/belogue\/wp-content\/uploads\/2015\/04\/200911271.jpg?resize=700%2C400&ssl=1 2x"},"classes":[]},{"id":1384,"url":"https:\/\/www.wallendorff.com\/belogue\/2007\/06\/12\/the-white-stripes-le-zenith-paris-2\/","url_meta":{"origin":387,"position":4},"title":"The White Stripes @ le Z\u00e9nith, Paris.","author":"dpc","date":"12 juin 2007","format":false,"excerpt":"Jacques White est mon homme de maison. Ce qui frappe d\u00e8s l\u2019entr\u00e9e dans le Z\u00e9nith, c\u2019est le d\u00e9pouillement de la sc\u00e8ne par rapport \u00e0 la derni\u00e8re tourn\u00e9e. De la jungle luxuriante d\u2019il y a 2 ans, ne subsiste que le rouge. \u00c0 part la batterie blanche de Meg, le d\u00e9corum\u2026","rel":"","context":"Dans &quot;Alive&quot;","block_context":{"text":"Alive","link":"https:\/\/www.wallendorff.com\/belogue\/category\/alive\/"},"img":{"alt_text":"","src":"https:\/\/i0.wp.com\/www.wallendorff.com\/belogue\/wp-content\/uploads\/2015\/04\/200706121.jpg?resize=350%2C200&ssl=1","width":350,"height":200,"srcset":"https:\/\/i0.wp.com\/www.wallendorff.com\/belogue\/wp-content\/uploads\/2015\/04\/200706121.jpg?resize=350%2C200&ssl=1 1x, https:\/\/i0.wp.com\/www.wallendorff.com\/belogue\/wp-content\/uploads\/2015\/04\/200706121.jpg?resize=525%2C300&ssl=1 1.5x, https:\/\/i0.wp.com\/www.wallendorff.com\/belogue\/wp-content\/uploads\/2015\/04\/200706121.jpg?resize=700%2C400&ssl=1 2x"},"classes":[]},{"id":1121,"url":"https:\/\/www.wallendorff.com\/belogue\/2007\/12\/28\/2007en-3\/","url_meta":{"origin":387,"position":5},"title":"2007 en&#8230; #3.","author":"dpc","date":"28 d\u00e9cembre 2007","format":false,"excerpt":"pr\u00e9sentent 2007 en 10 concerts live en public qui meutrirent m\u00e9chant je te dis pas comment \u00c9tait-ce l'atmosph\u00e8re du 3e soir d'un festival pass\u00e9 entre les gouttes, pliant finalement sous la menace de l'orage qui grondait, ou plut\u00f4t l'excitation palpable dans la troupe de photographes mass\u00e9e devant la grille de\u2026","rel":"","context":"Dans &quot;DPC&quot;","block_context":{"text":"DPC","link":"https:\/\/www.wallendorff.com\/belogue\/category\/dpc\/"},"img":{"alt_text":"","src":"https:\/\/i0.wp.com\/www.wallendorff.com\/belogue\/wp-content\/uploads\/2015\/04\/200712281.jpg?resize=350%2C200&ssl=1","width":350,"height":200},"classes":[]}],"_links":{"self":[{"href":"https:\/\/www.wallendorff.com\/belogue\/wp-json\/wp\/v2\/posts\/387","targetHints":{"allow":["GET"]}}],"collection":[{"href":"https:\/\/www.wallendorff.com\/belogue\/wp-json\/wp\/v2\/posts"}],"about":[{"href":"https:\/\/www.wallendorff.com\/belogue\/wp-json\/wp\/v2\/types\/post"}],"author":[{"embeddable":true,"href":"https:\/\/www.wallendorff.com\/belogue\/wp-json\/wp\/v2\/users\/1"}],"replies":[{"embeddable":true,"href":"https:\/\/www.wallendorff.com\/belogue\/wp-json\/wp\/v2\/comments?post=387"}],"version-history":[{"count":2,"href":"https:\/\/www.wallendorff.com\/belogue\/wp-json\/wp\/v2\/posts\/387\/revisions"}],"predecessor-version":[{"id":19230,"href":"https:\/\/www.wallendorff.com\/belogue\/wp-json\/wp\/v2\/posts\/387\/revisions\/19230"}],"wp:featuredmedia":[{"embeddable":true,"href":"https:\/\/www.wallendorff.com\/belogue\/wp-json\/wp\/v2\/media\/24327"}],"wp:attachment":[{"href":"https:\/\/www.wallendorff.com\/belogue\/wp-json\/wp\/v2\/media?parent=387"}],"wp:term":[{"taxonomy":"category","embeddable":true,"href":"https:\/\/www.wallendorff.com\/belogue\/wp-json\/wp\/v2\/categories?post=387"},{"taxonomy":"post_tag","embeddable":true,"href":"https:\/\/www.wallendorff.com\/belogue\/wp-json\/wp\/v2\/tags?post=387"}],"curies":[{"name":"wp","href":"https:\/\/api.w.org\/{rel}","templated":true}]}}