{"id":386,"date":"2005-05-01T00:11:58","date_gmt":"2005-05-01T00:11:58","guid":{"rendered":"http:\/\/www.po-l.com\/wordpress\/?p=386"},"modified":"2012-04-01T12:28:55","modified_gmt":"2012-04-01T10:28:55","slug":"tryp-clique","status":"publish","type":"post","link":"https:\/\/www.wallendorff.com\/belogue\/2005\/05\/01\/tryp-clique\/","title":{"rendered":"Tryp&rsquo;Clique."},"content":{"rendered":"\n<div id=\"photo\">\n<p><img decoding=\"async\" src=\"http:\/\/www.po-L.com\/belogue\/photo\/2005\/05\/20050501.jpg\" \/><br \/>\n            <a href=\"http:\/\/www.20six.fr\/clic\">Clic<\/a>&nbsp;sans ses claques, Paris, 21 avril.<\/p>\n<\/p><\/div>\n<p syle=\"text-align:right\">[Pour les photos qui vont avec ces photos, ce sera <a href=\"http:\/\/www.20six.fr\/clic\">l&agrave;<\/a>, t&ocirc;t ou tard.]<\/p>\n<div id=\"bandeson\">\n<p><img decoding=\"async\" src=\"https:\/\/www.wallendorff.com\/belogue\/photo\/pochettes\/r\/radiohead-pablo_honey.jpg\" align=\"left\" \/>&nbsp;<a href=\"http:\/\/www.radiohead.com\/\">Radiohead<\/a> &ndash; <em>Creep<\/em><\/p>\n<\/p><\/div>\n","protected":false},"excerpt":{"rendered":"<p>Clic&nbsp;sans ses claques, Paris, 21 avril. [Pour les photos qui vont avec ces photos, ce sera l&agrave;, t&ocirc;t ou tard.] &nbsp;Radiohead &ndash; Creep<\/p>\n","protected":false},"author":1,"featured_media":24326,"comment_status":"closed","ping_status":"closed","sticky":false,"template":"","format":"standard","meta":{"_acf_changed":false,"ngg_post_thumbnail":0,"jetpack_post_was_ever_published":false,"_jetpack_newsletter_access":"","_jetpack_dont_email_post_to_subs":false,"_jetpack_newsletter_tier_id":0,"_jetpack_memberships_contains_paywalled_content":false,"_jetpack_memberships_contains_paid_content":false,"footnotes":"","jetpack_publicize_message":"","jetpack_publicize_feature_enabled":true,"jetpack_social_post_already_shared":false,"jetpack_social_options":{"image_generator_settings":{"template":"highway","default_image_id":0,"font":"","enabled":false},"version":2}},"categories":[3],"tags":[10271,10690,132,890,992,10210,10340,10120,10121,10229,3395,10098,10272,128,173,2450],"class_list":["post-386","post","type-post","status-publish","format-standard","has-post-thumbnail","hentry","category-dpc","tag-10271","tag-appareil-photo","tag-eos-20d","tag-clic","tag-creep","tag-escalier","tag-fille","tag-france","tag-ile-de-france","tag-mur","tag-parc-de-bercy","tag-paris","tag-portrait","tag-radiohead","tag-sigma-28-70-mm-f28-dg-ex","tag-triptyque"],"acf":[],"geo":{"latitude":48.8344765,"longitude":2.3835182,"description":null},"jetpack_publicize_connections":[],"jetpack_featured_media_url":"https:\/\/www.wallendorff.com\/belogue\/wp-content\/uploads\/2015\/04\/200505011.jpg","jetpack_shortlink":"https:\/\/wp.me\/p3b35P-6e","jetpack_sharing_enabled":true,"jetpack-related-posts":[{"id":3651,"url":"https:\/\/www.wallendorff.com\/belogue\/2008\/12\/05\/julien-dore-lelysee-montmartre-paris-4-decembre\/","url_meta":{"origin":386,"position":0},"title":"Julien Dor\u00e9 @ l&rsquo;\u00c9lys\u00e9e-Montmartre, Paris.","author":"dpc","date":"5 d\u00e9cembre 2008","format":false,"excerpt":"Vivent les attach\u00e9es de presse, les spots, les \u00e9clairagistes, le format brut, les photos au 1\u00a0600e et euh... Radiohead. Radiohead \u2013 Electioneering","rel":"","context":"Dans &quot;Alive&quot;","block_context":{"text":"Alive","link":"https:\/\/www.wallendorff.com\/belogue\/category\/alive\/"},"img":{"alt_text":"","src":"https:\/\/i0.wp.com\/www.wallendorff.com\/belogue\/wp-content\/uploads\/2015\/04\/200812051.jpg?resize=350%2C200&ssl=1","width":350,"height":200,"srcset":"https:\/\/i0.wp.com\/www.wallendorff.com\/belogue\/wp-content\/uploads\/2015\/04\/200812051.jpg?resize=350%2C200&ssl=1 1x, https:\/\/i0.wp.com\/www.wallendorff.com\/belogue\/wp-content\/uploads\/2015\/04\/200812051.jpg?resize=525%2C300&ssl=1 1.5x, https:\/\/i0.wp.com\/www.wallendorff.com\/belogue\/wp-content\/uploads\/2015\/04\/200812051.jpg?resize=700%2C400&ssl=1 2x"},"classes":[]},{"id":1132,"url":"https:\/\/www.wallendorff.com\/belogue\/2008\/01\/08\/shooting-people-22\/","url_meta":{"origin":386,"position":1},"title":"Shooting people #22.","author":"dpc","date":"8 janvier 2008","format":false,"excerpt":"Paris, 6 janvier. Demain j'essaie d'arr\u00eater de poster des photos de mes topines au fisheye1, promis. [Ou au moins j'enl\u00e8ve le rouleau de sopalin avant.] \u00a0Radiohead \u2013 Jigsaw Falling into Place _____ 1 Faudra \u00e9galement que je me d\u00e9cide \u00e0 causer d'\u00ab\u00a0\u0153il de poisson\u00a0\u00bb, aussi, pour respecter ma r\u00e9putation d'anglophobe\u2026","rel":"","context":"Dans &quot;Portraits&quot;","block_context":{"text":"Portraits","link":"https:\/\/www.wallendorff.com\/belogue\/category\/portraits\/"},"img":{"alt_text":"","src":"https:\/\/i0.wp.com\/www.wallendorff.com\/belogue\/wp-content\/uploads\/2015\/04\/200801081.jpg?resize=350%2C200&ssl=1","width":350,"height":200,"srcset":"https:\/\/i0.wp.com\/www.wallendorff.com\/belogue\/wp-content\/uploads\/2015\/04\/200801081.jpg?resize=350%2C200&ssl=1 1x, https:\/\/i0.wp.com\/www.wallendorff.com\/belogue\/wp-content\/uploads\/2015\/04\/200801081.jpg?resize=525%2C300&ssl=1 1.5x, https:\/\/i0.wp.com\/www.wallendorff.com\/belogue\/wp-content\/uploads\/2015\/04\/200801081.jpg?resize=700%2C400&ssl=1 2x"},"classes":[]},{"id":773,"url":"https:\/\/www.wallendorff.com\/belogue\/2006\/08\/27\/radiohead-rock-en-seine-paris\/","url_meta":{"origin":386,"position":2},"title":"Radiohead @ Rock en Seine, Paris.","author":"dpc","date":"27 ao\u00fbt 2006","format":false,"excerpt":"La premi\u00e8re [et derni\u00e8re] fois c'\u00e9tait au milieu des palmiers d'un d\u00e9sert californien surchauff\u00e9, quelques minutes \u00e0 peine apr\u00e8s la reformation des Pixies, au fin fond d'une foule de 60\u00a0000 personnes savourant religieusement leur seule date am\u00e9ricaine de cette ann\u00e9e 2004. Ce coup-ci, assis en tailleur derri\u00e8re des grillages, verre\u2026","rel":"","context":"Dans &quot;Alive&quot;","block_context":{"text":"Alive","link":"https:\/\/www.wallendorff.com\/belogue\/category\/alive\/"},"img":{"alt_text":"","src":"https:\/\/i0.wp.com\/www.wallendorff.com\/belogue\/wp-content\/uploads\/2015\/04\/200608271.jpg?resize=350%2C200&ssl=1","width":350,"height":200,"srcset":"https:\/\/i0.wp.com\/www.wallendorff.com\/belogue\/wp-content\/uploads\/2015\/04\/200608271.jpg?resize=350%2C200&ssl=1 1x, https:\/\/i0.wp.com\/www.wallendorff.com\/belogue\/wp-content\/uploads\/2015\/04\/200608271.jpg?resize=525%2C300&ssl=1 1.5x, https:\/\/i0.wp.com\/www.wallendorff.com\/belogue\/wp-content\/uploads\/2015\/04\/200608271.jpg?resize=700%2C400&ssl=1 2x"},"classes":[]},{"id":7598,"url":"https:\/\/www.wallendorff.com\/belogue\/2010\/05\/31\/this-is-fucking-masochism\/","url_meta":{"origin":386,"position":3},"title":"This is fucking masochism.","author":"dpc","date":"31 mai 2010","format":false,"excerpt":"Passage Cottin, Paris, 22 avril. \u00a0Radiohead \u2013 I Am Citizen Insane","rel":"","context":"Dans &quot;DPC&quot;","block_context":{"text":"DPC","link":"https:\/\/www.wallendorff.com\/belogue\/category\/dpc\/"},"img":{"alt_text":"","src":"https:\/\/i0.wp.com\/www.wallendorff.com\/belogue\/wp-content\/uploads\/2015\/04\/201005311.jpg?resize=350%2C200&ssl=1","width":350,"height":200},"classes":[]},{"id":12731,"url":"https:\/\/www.wallendorff.com\/belogue\/2011\/05\/11\/follow-iii\/","url_meta":{"origin":386,"position":4},"title":"Follow [III].","author":"dpc","date":"11 mai 2011","format":false,"excerpt":"Rue d'Orchampt, Paris, 20 avril. \u00a0Radiohead \u2013 The Butcher","rel":"","context":"Dans &quot;DPC&quot;","block_context":{"text":"DPC","link":"https:\/\/www.wallendorff.com\/belogue\/category\/dpc\/"},"img":{"alt_text":"","src":"https:\/\/i0.wp.com\/www.wallendorff.com\/belogue\/wp-content\/uploads\/2015\/04\/201105111.jpg?resize=350%2C200&ssl=1","width":350,"height":200,"srcset":"https:\/\/i0.wp.com\/www.wallendorff.com\/belogue\/wp-content\/uploads\/2015\/04\/201105111.jpg?resize=350%2C200&ssl=1 1x, https:\/\/i0.wp.com\/www.wallendorff.com\/belogue\/wp-content\/uploads\/2015\/04\/201105111.jpg?resize=525%2C300&ssl=1 1.5x"},"classes":[]},{"id":30967,"url":"https:\/\/www.wallendorff.com\/belogue\/2016\/05\/18\/into-the-wide-65\/","url_meta":{"origin":386,"position":5},"title":"Into the wide #65.","author":"dpc","date":"18 mai 2016","format":false,"excerpt":"Boulevard de la Villette, Paris, 28 f\u00e9vrier. Merci Pascal. Burn the Witch Radiohead","rel":"","context":"Dans &quot;Into the wide&quot;","block_context":{"text":"Into the wide","link":"https:\/\/www.wallendorff.com\/belogue\/category\/into-the-wide\/"},"img":{"alt_text":"","src":"https:\/\/i0.wp.com\/www.wallendorff.com\/belogue\/wp-content\/uploads\/2016\/05\/20160518.jpg?resize=350%2C200&ssl=1","width":350,"height":200,"srcset":"https:\/\/i0.wp.com\/www.wallendorff.com\/belogue\/wp-content\/uploads\/2016\/05\/20160518.jpg?resize=350%2C200&ssl=1 1x, https:\/\/i0.wp.com\/www.wallendorff.com\/belogue\/wp-content\/uploads\/2016\/05\/20160518.jpg?resize=525%2C300&ssl=1 1.5x, https:\/\/i0.wp.com\/www.wallendorff.com\/belogue\/wp-content\/uploads\/2016\/05\/20160518.jpg?resize=700%2C400&ssl=1 2x, https:\/\/i0.wp.com\/www.wallendorff.com\/belogue\/wp-content\/uploads\/2016\/05\/20160518.jpg?resize=1050%2C600&ssl=1 3x"},"classes":[]}],"_links":{"self":[{"href":"https:\/\/www.wallendorff.com\/belogue\/wp-json\/wp\/v2\/posts\/386","targetHints":{"allow":["GET"]}}],"collection":[{"href":"https:\/\/www.wallendorff.com\/belogue\/wp-json\/wp\/v2\/posts"}],"about":[{"href":"https:\/\/www.wallendorff.com\/belogue\/wp-json\/wp\/v2\/types\/post"}],"author":[{"embeddable":true,"href":"https:\/\/www.wallendorff.com\/belogue\/wp-json\/wp\/v2\/users\/1"}],"replies":[{"embeddable":true,"href":"https:\/\/www.wallendorff.com\/belogue\/wp-json\/wp\/v2\/comments?post=386"}],"version-history":[{"count":1,"href":"https:\/\/www.wallendorff.com\/belogue\/wp-json\/wp\/v2\/posts\/386\/revisions"}],"predecessor-version":[{"id":16634,"href":"https:\/\/www.wallendorff.com\/belogue\/wp-json\/wp\/v2\/posts\/386\/revisions\/16634"}],"wp:featuredmedia":[{"embeddable":true,"href":"https:\/\/www.wallendorff.com\/belogue\/wp-json\/wp\/v2\/media\/24326"}],"wp:attachment":[{"href":"https:\/\/www.wallendorff.com\/belogue\/wp-json\/wp\/v2\/media?parent=386"}],"wp:term":[{"taxonomy":"category","embeddable":true,"href":"https:\/\/www.wallendorff.com\/belogue\/wp-json\/wp\/v2\/categories?post=386"},{"taxonomy":"post_tag","embeddable":true,"href":"https:\/\/www.wallendorff.com\/belogue\/wp-json\/wp\/v2\/tags?post=386"}],"curies":[{"name":"wp","href":"https:\/\/api.w.org\/{rel}","templated":true}]}}