{"id":3851,"date":"2009-01-29T11:56:55","date_gmt":"2009-01-29T10:56:55","guid":{"rendered":"http:\/\/www.po-l.com\/belogue\/?p=3851"},"modified":"2012-11-06T14:22:07","modified_gmt":"2012-11-06T12:22:07","slug":"les-bons-cons-te-font-les-bons-ennemis","status":"publish","type":"post","link":"https:\/\/www.wallendorff.com\/belogue\/2009\/01\/29\/les-bons-cons-te-font-les-bons-ennemis\/","title":{"rendered":"Les bons cons te font les bons ennemis."},"content":{"rendered":"<div id=\"photo\">\n<p><img decoding=\"async\" src=\"https:\/\/www.wallendorff.com\/belogue\/photo\/2009\/01\/20090129.jpg\" \/><br \/>\nGalerie Vivienne, Paris, 4 janvier.<\/p>\n<\/div>\n<p>Allez, il fait beau, y a des lapins dans la for&ecirc;t et de la joie dans l&rsquo;herbe, alors chantons tous en ch&oelig;ur&nbsp;:<\/p>\n<div id=\"bandeson\">\n<p><img decoding=\"async\" src=\"https:\/\/www.wallendorff.com\/belogue\/photo\/pochettes\/m\/mae_shi_the-hlllyh.jpg\" align=\"left\" \/> <a href=\"http:\/\/www.mae-shi.com\/\">The Mae-Shi<\/a> &ndash; <em>Divine Harvest<\/em><\/p>\n<\/div>\n","protected":false},"excerpt":{"rendered":"<p>Galerie Vivienne, Paris, 4 janvier. Allez, il fait beau, y a des lapins dans la for&ecirc;t et de la joie dans l&rsquo;herbe, alors chantons tous en ch&oelig;ur&nbsp;: The Mae-Shi &ndash; Divine Harvest<\/p>\n","protected":false},"author":1,"featured_media":25352,"comment_status":"open","ping_status":"open","sticky":false,"template":"","format":"standard","meta":{"_acf_changed":false,"ngg_post_thumbnail":0,"jetpack_post_was_ever_published":false,"_jetpack_newsletter_access":"","_jetpack_dont_email_post_to_subs":false,"_jetpack_newsletter_tier_id":0,"_jetpack_memberships_contains_paywalled_content":false,"_jetpack_memberships_contains_paid_content":false,"footnotes":"","jetpack_publicize_message":"","jetpack_publicize_feature_enabled":true,"jetpack_social_post_already_shared":false,"jetpack_social_options":{"image_generator_settings":{"template":"highway","default_image_id":0,"font":"","enabled":false},"version":2}},"categories":[3],"tags":[10251,2571,2615,2682,10120,2680,10121,10098,10416,2681],"class_list":["post-3851","post","type-post","status-publish","format-standard","has-post-thumbnail","hentry","category-dpc","tag-10251","tag-ef-16-35-mm-f28l-ii-usm","tag-eos-5d-mark-ii","tag-divine-harvest","tag-france","tag-galerie-vivienne","tag-ile-de-france","tag-paris","tag-passage","tag-the-mae-shi"],"acf":[],"geo":{"latitude":48.8670082,"longitude":2.3399525,"description":null},"jetpack_publicize_connections":[],"jetpack_featured_media_url":"https:\/\/www.wallendorff.com\/belogue\/wp-content\/uploads\/2015\/04\/200901291.jpg","jetpack_shortlink":"https:\/\/wp.me\/p3b35P-107","jetpack_sharing_enabled":true,"jetpack-related-posts":[{"id":4012,"url":"https:\/\/www.wallendorff.com\/belogue\/2009\/03\/12\/les-malles-heurtent-soffites\/","url_meta":{"origin":3851,"position":0},"title":"Les malles heurtent soffites.","author":"dpc","date":"12 mars 2009","format":false,"excerpt":"Galerie Vivienne, Paris, 7 f\u00e9vrier. Introduisant The Dead Weather. Jack White est d\u00e9cid\u00e9ment la seule rockstar qui monte de nouveaux groupes plus souvent qu'il ne chevauche de nouvelles groupies. The Dead Weather \u2013 Hang You from the Heavens","rel":"","context":"Dans &quot;DPC&quot;","block_context":{"text":"DPC","link":"https:\/\/www.wallendorff.com\/belogue\/category\/dpc\/"},"img":{"alt_text":"","src":"https:\/\/i0.wp.com\/www.wallendorff.com\/belogue\/wp-content\/uploads\/2015\/04\/200903122.jpg?resize=350%2C200&ssl=1","width":350,"height":200,"srcset":"https:\/\/i0.wp.com\/www.wallendorff.com\/belogue\/wp-content\/uploads\/2015\/04\/200903122.jpg?resize=350%2C200&ssl=1 1x, https:\/\/i0.wp.com\/www.wallendorff.com\/belogue\/wp-content\/uploads\/2015\/04\/200903122.jpg?resize=525%2C300&ssl=1 1.5x"},"classes":[]},{"id":5839,"url":"https:\/\/www.wallendorff.com\/belogue\/2010\/01\/06\/another-day-you-leave-behind\/","url_meta":{"origin":3851,"position":1},"title":"Another day you leave behind.","author":"dpc","date":"6 janvier 2010","format":false,"excerpt":"Galerie Vivienne, Paris, 11 novembre 2009. \u00a0Black Rebel Motorcycle Club \u2013 Mercy","rel":"","context":"Dans &quot;DPC&quot;","block_context":{"text":"DPC","link":"https:\/\/www.wallendorff.com\/belogue\/category\/dpc\/"},"img":{"alt_text":"","src":"https:\/\/i0.wp.com\/www.wallendorff.com\/belogue\/wp-content\/uploads\/2015\/04\/201001061.jpg?resize=350%2C200&ssl=1","width":350,"height":200,"srcset":"https:\/\/i0.wp.com\/www.wallendorff.com\/belogue\/wp-content\/uploads\/2015\/04\/201001061.jpg?resize=350%2C200&ssl=1 1x, https:\/\/i0.wp.com\/www.wallendorff.com\/belogue\/wp-content\/uploads\/2015\/04\/201001061.jpg?resize=525%2C300&ssl=1 1.5x, https:\/\/i0.wp.com\/www.wallendorff.com\/belogue\/wp-content\/uploads\/2015\/04\/201001061.jpg?resize=700%2C400&ssl=1 2x"},"classes":[]},{"id":4076,"url":"https:\/\/www.wallendorff.com\/belogue\/2009\/03\/27\/un-de-croix\/","url_meta":{"origin":3851,"position":2},"title":"Un de croix.","author":"dpc","date":"27 mars 2009","format":false,"excerpt":"Cimeti\u00e8re de Montmartre, Paris, 14 f\u00e9vrier. \u00a0The Mae Shi \u2013 Run to Your Grave La carte est refaite. Elle est \u2015\u00a0encore\u00a0\u2015 plus longue \u00e0 charger, mais on navigue mieux dedans, maintenant.","rel":"","context":"Dans &quot;DPC&quot;","block_context":{"text":"DPC","link":"https:\/\/www.wallendorff.com\/belogue\/category\/dpc\/"},"img":{"alt_text":"","src":"https:\/\/i0.wp.com\/www.wallendorff.com\/belogue\/wp-content\/uploads\/2015\/04\/200903271.jpg?resize=350%2C200&ssl=1","width":350,"height":200},"classes":[]},{"id":9864,"url":"https:\/\/www.wallendorff.com\/belogue\/2010\/11\/28\/du-hall-denomme\/","url_meta":{"origin":3851,"position":3},"title":"Du hall [d\u00e9nomme].","author":"dpc","date":"28 novembre 2010","format":false,"excerpt":"Galerie Vivienne, Paris, 18 septembre. [On avait dit et redit et reredit et rereredit que... bref.] The Black Angels \u2013 Entrance Song","rel":"","context":"Dans &quot;DPC&quot;","block_context":{"text":"DPC","link":"https:\/\/www.wallendorff.com\/belogue\/category\/dpc\/"},"img":{"alt_text":"","src":"https:\/\/i0.wp.com\/www.wallendorff.com\/belogue\/wp-content\/uploads\/2015\/04\/201011281.jpg?resize=350%2C200&ssl=1","width":350,"height":200,"srcset":"https:\/\/i0.wp.com\/www.wallendorff.com\/belogue\/wp-content\/uploads\/2015\/04\/201011281.jpg?resize=350%2C200&ssl=1 1x, https:\/\/i0.wp.com\/www.wallendorff.com\/belogue\/wp-content\/uploads\/2015\/04\/201011281.jpg?resize=525%2C300&ssl=1 1.5x, https:\/\/i0.wp.com\/www.wallendorff.com\/belogue\/wp-content\/uploads\/2015\/04\/201011281.jpg?resize=700%2C400&ssl=1 2x"},"classes":[]},{"id":22943,"url":"https:\/\/www.wallendorff.com\/belogue\/2014\/06\/11\/dix-ans-dans-les-escaliers\/","url_meta":{"origin":3851,"position":4},"title":"Dix ans dans les escaliers.","author":"dpc","date":"11 juin 2014","format":false,"excerpt":"10 ans montent, 10 ans qui descendent et beaucoup de spirales. Mont d'charges. Congress Hotel, Chicago, 12 d\u00e9cembre 2004. \u00a0 \u00c7a te va \u00e0 gravir. Toronto, 29 janvier 2005. \u00a0 Dans le m\u00eame palier [tous les yeux]. Prinsengracht, Amsterdam, 13 ao\u00fbt 2007. \u00a0 S\u00e9pare l\u00e0. Rue des Couronnes, Paris, 17\u2026","rel":"","context":"Dans &quot;DPC&quot;","block_context":{"text":"DPC","link":"https:\/\/www.wallendorff.com\/belogue\/category\/dpc\/"},"img":{"alt_text":"","src":"https:\/\/i0.wp.com\/www.wallendorff.com\/belogue\/wp-content\/uploads\/2015\/04\/200903123.jpg?resize=350%2C200&ssl=1","width":350,"height":200,"srcset":"https:\/\/i0.wp.com\/www.wallendorff.com\/belogue\/wp-content\/uploads\/2015\/04\/200903123.jpg?resize=350%2C200&ssl=1 1x, https:\/\/i0.wp.com\/www.wallendorff.com\/belogue\/wp-content\/uploads\/2015\/04\/200903123.jpg?resize=525%2C300&ssl=1 1.5x"},"classes":[]},{"id":31254,"url":"https:\/\/www.wallendorff.com\/belogue\/2016\/06\/17\/download-festival-2016-jour-3\/","url_meta":{"origin":3851,"position":5},"title":"Download Festival 2016, jour 3.","author":"dpc","date":"17 juin 2016","format":false,"excerpt":"Nous avons, Rapha\u00ebl Roques et moi, r\u00e9alis\u00e9 une galerie \u00e0 quatre yeux pour Soul Kitchen, visible en entier dans ce lien. Vous trouverez ci-dessous ma galerie \u00e0 moi. Les autres jours sont disponibles sous ce lien.","rel":"","context":"Dans &quot;Alive&quot;","block_context":{"text":"Alive","link":"https:\/\/www.wallendorff.com\/belogue\/category\/alive\/"},"img":{"alt_text":"","src":"https:\/\/i0.wp.com\/www.wallendorff.com\/belogue\/wp-content\/uploads\/2016\/06\/20160617-03-1.jpg?resize=350%2C200&ssl=1","width":350,"height":200,"srcset":"https:\/\/i0.wp.com\/www.wallendorff.com\/belogue\/wp-content\/uploads\/2016\/06\/20160617-03-1.jpg?resize=350%2C200&ssl=1 1x, https:\/\/i0.wp.com\/www.wallendorff.com\/belogue\/wp-content\/uploads\/2016\/06\/20160617-03-1.jpg?resize=525%2C300&ssl=1 1.5x, https:\/\/i0.wp.com\/www.wallendorff.com\/belogue\/wp-content\/uploads\/2016\/06\/20160617-03-1.jpg?resize=700%2C400&ssl=1 2x"},"classes":[]}],"_links":{"self":[{"href":"https:\/\/www.wallendorff.com\/belogue\/wp-json\/wp\/v2\/posts\/3851","targetHints":{"allow":["GET"]}}],"collection":[{"href":"https:\/\/www.wallendorff.com\/belogue\/wp-json\/wp\/v2\/posts"}],"about":[{"href":"https:\/\/www.wallendorff.com\/belogue\/wp-json\/wp\/v2\/types\/post"}],"author":[{"embeddable":true,"href":"https:\/\/www.wallendorff.com\/belogue\/wp-json\/wp\/v2\/users\/1"}],"replies":[{"embeddable":true,"href":"https:\/\/www.wallendorff.com\/belogue\/wp-json\/wp\/v2\/comments?post=3851"}],"version-history":[{"count":2,"href":"https:\/\/www.wallendorff.com\/belogue\/wp-json\/wp\/v2\/posts\/3851\/revisions"}],"predecessor-version":[{"id":19514,"href":"https:\/\/www.wallendorff.com\/belogue\/wp-json\/wp\/v2\/posts\/3851\/revisions\/19514"}],"wp:featuredmedia":[{"embeddable":true,"href":"https:\/\/www.wallendorff.com\/belogue\/wp-json\/wp\/v2\/media\/25352"}],"wp:attachment":[{"href":"https:\/\/www.wallendorff.com\/belogue\/wp-json\/wp\/v2\/media?parent=3851"}],"wp:term":[{"taxonomy":"category","embeddable":true,"href":"https:\/\/www.wallendorff.com\/belogue\/wp-json\/wp\/v2\/categories?post=3851"},{"taxonomy":"post_tag","embeddable":true,"href":"https:\/\/www.wallendorff.com\/belogue\/wp-json\/wp\/v2\/tags?post=3851"}],"curies":[{"name":"wp","href":"https:\/\/api.w.org\/{rel}","templated":true}]}}