{"id":3848,"date":"2009-01-28T12:20:26","date_gmt":"2009-01-28T11:20:26","guid":{"rendered":"http:\/\/www.po-l.com\/belogue\/?p=3848"},"modified":"2013-10-04T12:20:05","modified_gmt":"2013-10-04T10:20:05","slug":"im-a-crypte-i-meus-verte-eau","status":"publish","type":"post","link":"https:\/\/www.wallendorff.com\/belogue\/2009\/01\/28\/im-a-crypte-i-meus-verte-eau\/","title":{"rendered":"I&rsquo;m a crypte, I meus verte eau<sup>1<\/sup>."},"content":{"rendered":"<div id=\"photo\">\n<p><img decoding=\"async\" src=\"https:\/\/www.wallendorff.com\/belogue\/photo\/2009\/01\/20090128.jpg\" \/><br \/>\nCimeti&egrave;re du P&egrave;re-Lachaise, Paris, 4 janvier.<\/p>\n<\/div>\n<div id=\"bandeson\">\n<p><img decoding=\"async\" src=\"https:\/\/www.wallendorff.com\/belogue\/photo\/pochettes\/a\/auerbach_dan-keep_it_hid.jpg\" align=\"left\" \/> <a href=\"http:\/\/www.myspace.com\/danauerbachmusic\">Dan Auerbach<\/a> &ndash; <em>The Prowl<\/em><\/p>\n<\/div>\n<p style=\"text-align:right\"><em>Creep <\/em>qui, avec <em>Seven Nation Army, <\/em>figure parmi ces morceaux que tout le monde aime sauf moi, sans que je puisse l&rsquo;expliquer.<\/p>\n<p style=\"text-align:right\">[Dieu que tout cela est encore follement int&eacute;ressant.]<\/p>\n<p>_____<\/p>\n<div id=\"bas_note\">\n<p><sup>1<\/sup> Je sais, je devrais avoir honte de poster de pareilles nullit&eacute;s en guise de titre.<\/p>\n<\/div>\n","protected":false},"excerpt":{"rendered":"<p>Cimeti&egrave;re du P&egrave;re-Lachaise, Paris, 4 janvier. Dan Auerbach &ndash; The Prowl Creep qui, avec Seven Nation Army, figure parmi ces morceaux que tout le monde aime sauf moi, sans que je puisse l&rsquo;expliquer. [Dieu que tout cela est encore follement int&eacute;ressant.] _____ 1 Je sais, je devrais avoir honte de poster de pareilles nullit&eacute;s en&hellip;<\/p>\n","protected":false},"author":1,"featured_media":25351,"comment_status":"open","ping_status":"open","sticky":false,"template":"","format":"standard","meta":{"_acf_changed":false,"ngg_post_thumbnail":0,"jetpack_post_was_ever_published":false,"_jetpack_newsletter_access":"","_jetpack_dont_email_post_to_subs":false,"_jetpack_newsletter_tier_id":0,"_jetpack_memberships_contains_paywalled_content":false,"_jetpack_memberships_contains_paid_content":false,"footnotes":"","jetpack_publicize_message":"","jetpack_publicize_feature_enabled":true,"jetpack_social_post_already_shared":false,"jetpack_social_options":{"image_generator_settings":{"template":"highway","default_image_id":0,"font":"","enabled":false},"version":2}},"categories":[3],"tags":[10216,10345,196,2615,10207,11639,10511,10120,10121,782,10098,10305,2679],"class_list":["post-3848","post","type-post","status-publish","format-standard","has-post-thumbnail","hentry","category-dpc","tag-10216","tag-arbre","tag-ef-28-70-mm-f28l-usm","tag-eos-5d-mark-ii","tag-cimetiere","tag-cimetiere-du-pere-lachaise","tag-dan-auerbach","tag-france","tag-ile-de-france","tag-jaune","tag-paris","tag-porte","tag-the-prowl"],"acf":[],"geo":{"latitude":48.8617363,"longitude":2.3951216,"description":null},"jetpack_publicize_connections":[],"jetpack_featured_media_url":"https:\/\/www.wallendorff.com\/belogue\/wp-content\/uploads\/2015\/04\/200901281.jpg","jetpack_shortlink":"https:\/\/wp.me\/p3b35P-104","jetpack_sharing_enabled":true,"jetpack-related-posts":[{"id":400,"url":"https:\/\/www.wallendorff.com\/belogue\/2005\/04\/19\/quoi-boire-quoi-faire-si-j-m-en-vais-en-enfer\/","url_meta":{"origin":3848,"position":0},"title":"[Quoi boire? Quoi faire ?] Si j&rsquo;m&rsquo;en vais en Enfer.","author":"dpc","date":"19 avril 2005","format":false,"excerpt":"Cimeti\u00e8re du P\u00e8re-Lachaise, Paris, 12 avril. [Mille mercis \u00e0\u00a0cette dame pour cette note, qui changea ma vie.] [oooooooh, oui.] [et happy White Stripes day \u00e0 tout le monde.] [et le Dandy calme, c'est pour r\u00e9parer les oreilles offens\u00e9es hier.] [allez, bonne nuit, les enfants.] \u00a0The Dandy Warhols \u2013 Mohammed","rel":"","context":"Dans &quot;DPC&quot;","block_context":{"text":"DPC","link":"https:\/\/www.wallendorff.com\/belogue\/category\/dpc\/"},"img":{"alt_text":"","src":"https:\/\/i0.wp.com\/www.wallendorff.com\/belogue\/wp-content\/uploads\/2015\/04\/200504191.jpg?resize=350%2C200&ssl=1","width":350,"height":200},"classes":[]},{"id":3617,"url":"https:\/\/www.wallendorff.com\/belogue\/2008\/11\/25\/shooting-people-41\/","url_meta":{"origin":3848,"position":1},"title":"Shooting people #41.","author":"dpc","date":"25 novembre 2008","format":false,"excerpt":"Cimeti\u00e8re du P\u00e8re-Lachaise, Paris, 9 novembre. M83 \u2013 Graveyard Girl","rel":"","context":"Dans &quot;Portraits&quot;","block_context":{"text":"Portraits","link":"https:\/\/www.wallendorff.com\/belogue\/category\/portraits\/"},"img":{"alt_text":"","src":"https:\/\/i0.wp.com\/www.wallendorff.com\/belogue\/wp-content\/uploads\/2015\/04\/200811251.jpg?resize=350%2C200&ssl=1","width":350,"height":200},"classes":[]},{"id":3621,"url":"https:\/\/www.wallendorff.com\/belogue\/2008\/11\/26\/shooting-people-42\/","url_meta":{"origin":3848,"position":2},"title":"Shooting people #42.","author":"dpc","date":"26 novembre 2008","format":false,"excerpt":"Cimeti\u00e8re du P\u00e8re-Lachaise, Paris, 9 novembre. Cat Power \u2013 Maybe Not","rel":"","context":"Dans &quot;Portraits&quot;","block_context":{"text":"Portraits","link":"https:\/\/www.wallendorff.com\/belogue\/category\/portraits\/"},"img":{"alt_text":"","src":"https:\/\/i0.wp.com\/www.wallendorff.com\/belogue\/wp-content\/uploads\/2015\/04\/200811261.jpg?resize=350%2C200&ssl=1","width":350,"height":200,"srcset":"https:\/\/i0.wp.com\/www.wallendorff.com\/belogue\/wp-content\/uploads\/2015\/04\/200811261.jpg?resize=350%2C200&ssl=1 1x, https:\/\/i0.wp.com\/www.wallendorff.com\/belogue\/wp-content\/uploads\/2015\/04\/200811261.jpg?resize=525%2C300&ssl=1 1.5x"},"classes":[]},{"id":3631,"url":"https:\/\/www.wallendorff.com\/belogue\/2008\/11\/28\/jamais-dieu-sans-trois\/","url_meta":{"origin":3848,"position":3},"title":"Jamais Dieu sans trois.","author":"dpc","date":"28 novembre 2008","format":false,"excerpt":"Cimeti\u00e8re du P\u00e8re-Lachaise, Paris, 9 novembre. Caesars \u2013 Winter Song","rel":"","context":"Dans &quot;DPC&quot;","block_context":{"text":"DPC","link":"https:\/\/www.wallendorff.com\/belogue\/category\/dpc\/"},"img":{"alt_text":"","src":"https:\/\/i0.wp.com\/www.wallendorff.com\/belogue\/wp-content\/uploads\/2015\/04\/200811281.jpg?resize=350%2C200&ssl=1","width":350,"height":200},"classes":[]},{"id":13087,"url":"https:\/\/www.wallendorff.com\/belogue\/2011\/08\/10\/very-bad-crypte\/","url_meta":{"origin":3848,"position":4},"title":"Very bad crypte.","author":"dpc","date":"10 ao\u00fbt 2011","format":false,"excerpt":"Cimeti\u00e8re du P\u00e8re-Lachaise, Paris, 26 juin. \u00a0Noel Gallagher \u2013 The Good Rebel","rel":"","context":"Dans &quot;DPC&quot;","block_context":{"text":"DPC","link":"https:\/\/www.wallendorff.com\/belogue\/category\/dpc\/"},"img":{"alt_text":"","src":"https:\/\/i0.wp.com\/www.wallendorff.com\/belogue\/wp-content\/uploads\/2015\/04\/201108102.jpg?resize=350%2C200&ssl=1","width":350,"height":200,"srcset":"https:\/\/i0.wp.com\/www.wallendorff.com\/belogue\/wp-content\/uploads\/2015\/04\/201108102.jpg?resize=350%2C200&ssl=1 1x, https:\/\/i0.wp.com\/www.wallendorff.com\/belogue\/wp-content\/uploads\/2015\/04\/201108102.jpg?resize=525%2C300&ssl=1 1.5x"},"classes":[]},{"id":21722,"url":"https:\/\/www.wallendorff.com\/belogue\/2013\/10\/04\/dos-aux-morts\/","url_meta":{"origin":3848,"position":5},"title":"Dos aux morts.","author":"dpc","date":"4 octobre 2013","format":false,"excerpt":"Cimeti\u00e8re du P\u00e8re-Lachaise, Paris, 16 ao\u00fbt. Walking LightlyJunip","rel":"","context":"Dans &quot;DPC&quot;","block_context":{"text":"DPC","link":"https:\/\/www.wallendorff.com\/belogue\/category\/dpc\/"},"img":{"alt_text":"","src":"https:\/\/i0.wp.com\/www.wallendorff.com\/belogue\/wp-content\/uploads\/2015\/04\/201310041.jpg?resize=350%2C200&ssl=1","width":350,"height":200},"classes":[]}],"_links":{"self":[{"href":"https:\/\/www.wallendorff.com\/belogue\/wp-json\/wp\/v2\/posts\/3848","targetHints":{"allow":["GET"]}}],"collection":[{"href":"https:\/\/www.wallendorff.com\/belogue\/wp-json\/wp\/v2\/posts"}],"about":[{"href":"https:\/\/www.wallendorff.com\/belogue\/wp-json\/wp\/v2\/types\/post"}],"author":[{"embeddable":true,"href":"https:\/\/www.wallendorff.com\/belogue\/wp-json\/wp\/v2\/users\/1"}],"replies":[{"embeddable":true,"href":"https:\/\/www.wallendorff.com\/belogue\/wp-json\/wp\/v2\/comments?post=3848"}],"version-history":[{"count":4,"href":"https:\/\/www.wallendorff.com\/belogue\/wp-json\/wp\/v2\/posts\/3848\/revisions"}],"predecessor-version":[{"id":21731,"href":"https:\/\/www.wallendorff.com\/belogue\/wp-json\/wp\/v2\/posts\/3848\/revisions\/21731"}],"wp:featuredmedia":[{"embeddable":true,"href":"https:\/\/www.wallendorff.com\/belogue\/wp-json\/wp\/v2\/media\/25351"}],"wp:attachment":[{"href":"https:\/\/www.wallendorff.com\/belogue\/wp-json\/wp\/v2\/media?parent=3848"}],"wp:term":[{"taxonomy":"category","embeddable":true,"href":"https:\/\/www.wallendorff.com\/belogue\/wp-json\/wp\/v2\/categories?post=3848"},{"taxonomy":"post_tag","embeddable":true,"href":"https:\/\/www.wallendorff.com\/belogue\/wp-json\/wp\/v2\/tags?post=3848"}],"curies":[{"name":"wp","href":"https:\/\/api.w.org\/{rel}","templated":true}]}}