{"id":38466,"date":"2018-06-22T11:55:38","date_gmt":"2018-06-22T09:55:38","guid":{"rendered":"http:\/\/www.wallendorff.com\/belogue\/?p=38466"},"modified":"2018-06-22T11:55:38","modified_gmt":"2018-06-22T09:55:38","slug":"into-the-wide-149","status":"publish","type":"post","link":"https:\/\/www.wallendorff.com\/belogue\/2018\/06\/22\/into-the-wide-149\/","title":{"rendered":"Into the wide #149."},"content":{"rendered":"<div id=\"photo\">\n<p><img decoding=\"async\" src=\"https:\/\/www.wallendorff.com\/belogue\/wp-content\/uploads\/2018\/06\/20180622.jpg\"><br \/>\n    Place du S&eacute;nat, Helsinki, 10 mai 2018.<\/p>\n<\/div>\n<div id=\"bandeson\">\n<p><img decoding=\"async\" src=\"https:\/\/www.wallendorff.com\/belogue\/photo\/pochettes\/o\/obel_agnes-late-night_tales.jpg\" align=\"left\"><em><a href=\"https:\/\/www.youtube.com\/watch?v=gY176DKNp4g\">Stretch Your Eyes<\/a><\/em> (ambient a capella)<br \/><a href=\"http:\/\/www.agnesobel.com\">Agnes Obel<\/a><\/p>\n<\/div>\n","protected":false},"excerpt":{"rendered":"<p>Place du S&eacute;nat, Helsinki, 10 mai 2018. Stretch Your Eyes (ambient a capella)Agnes Obel<\/p>\n","protected":false},"author":1,"featured_media":38467,"comment_status":"open","ping_status":"open","sticky":false,"template":"","format":"standard","meta":{"_acf_changed":false,"ngg_post_thumbnail":0,"jetpack_post_was_ever_published":false,"_jetpack_newsletter_access":"","_jetpack_dont_email_post_to_subs":false,"_jetpack_newsletter_tier_id":0,"_jetpack_memberships_contains_paywalled_content":false,"_jetpack_memberships_contains_paid_content":false,"footnotes":"","jetpack_publicize_message":"","jetpack_publicize_feature_enabled":true,"jetpack_social_post_already_shared":true,"jetpack_social_options":{"image_generator_settings":{"template":"highway","default_image_id":0,"font":"","enabled":false},"version":2}},"categories":[7356],"tags":[13585,14850,10743,14768,10326,10238,14785,14271,14272,14790,11323,14849,10227,14851,14835],"class_list":["post-38466","post","type-post","status-publish","format-standard","has-post-thumbnail","hentry","category-into-the-wide","tag-agnes-obel","tag-alexandre-ii","tag-cathedrale","tag-cathedrale-lutherienne-dhelsinki","tag-crepuscule","tag-eglise","tag-finlande","tag-fujifilm-x-t2","tag-fujinon-xf-18-55-mm-f2-8-4-r-lm-ois","tag-helsinki","tag-panoramique","tag-place-du-senat","tag-statue","tag-stretch-your-eyes","tag-uusimaa"],"acf":[],"geo":{"latitude":60.1694336,"longitude":24.9521236,"description":"Helsinki                      , Uusimaa, 00170, FI"},"jetpack_publicize_connections":[],"jetpack_featured_media_url":"https:\/\/www.wallendorff.com\/belogue\/wp-content\/uploads\/2018\/06\/20180622.jpg","jetpack_shortlink":"https:\/\/wp.me\/p3b35P-a0q","jetpack_sharing_enabled":true,"jetpack-related-posts":[{"id":39683,"url":"https:\/\/www.wallendorff.com\/belogue\/2018\/08\/22\/du-soir-on-matteint\/","url_meta":{"origin":38466,"position":0},"title":"Du soir on m&rsquo;atteint.","author":"dpc","date":"22 ao\u00fbt 2018","format":false,"excerpt":"Montmirail, 16 juin 2018. Bee DanceAgnes Obel","rel":"","context":"Dans &quot;DPC&quot;","block_context":{"text":"DPC","link":"https:\/\/www.wallendorff.com\/belogue\/category\/dpc\/"},"img":{"alt_text":"Montmirail, 16 juin 2018.","src":"https:\/\/i0.wp.com\/www.wallendorff.com\/belogue\/wp-content\/uploads\/2018\/08\/20180822.jpg?resize=350%2C200&ssl=1","width":350,"height":200,"srcset":"https:\/\/i0.wp.com\/www.wallendorff.com\/belogue\/wp-content\/uploads\/2018\/08\/20180822.jpg?resize=350%2C200&ssl=1 1x, https:\/\/i0.wp.com\/www.wallendorff.com\/belogue\/wp-content\/uploads\/2018\/08\/20180822.jpg?resize=525%2C300&ssl=1 1.5x, https:\/\/i0.wp.com\/www.wallendorff.com\/belogue\/wp-content\/uploads\/2018\/08\/20180822.jpg?resize=700%2C400&ssl=1 2x, https:\/\/i0.wp.com\/www.wallendorff.com\/belogue\/wp-content\/uploads\/2018\/08\/20180822.jpg?resize=1050%2C600&ssl=1 3x"},"classes":[]},{"id":33370,"url":"https:\/\/www.wallendorff.com\/belogue\/2017\/01\/09\/lun-portant-sept-parts-dissipees\/","url_meta":{"origin":38466,"position":1},"title":"L&rsquo;un portant sept parts dissip\u00e9es.","author":"dpc","date":"9 janvier 2017","format":false,"excerpt":"H\u00f4tel Bl\u00e9mont, Paris, 18 septembre 2016. Just so Agnes Obel","rel":"","context":"Dans &quot;DPC&quot;","block_context":{"text":"DPC","link":"https:\/\/www.wallendorff.com\/belogue\/category\/dpc\/"},"img":{"alt_text":"","src":"https:\/\/i0.wp.com\/www.wallendorff.com\/belogue\/wp-content\/uploads\/2017\/01\/20170109.jpg?resize=350%2C200&ssl=1","width":350,"height":200,"srcset":"https:\/\/i0.wp.com\/www.wallendorff.com\/belogue\/wp-content\/uploads\/2017\/01\/20170109.jpg?resize=350%2C200&ssl=1 1x, https:\/\/i0.wp.com\/www.wallendorff.com\/belogue\/wp-content\/uploads\/2017\/01\/20170109.jpg?resize=525%2C300&ssl=1 1.5x, https:\/\/i0.wp.com\/www.wallendorff.com\/belogue\/wp-content\/uploads\/2017\/01\/20170109.jpg?resize=700%2C400&ssl=1 2x"},"classes":[]},{"id":38332,"url":"https:\/\/www.wallendorff.com\/belogue\/2018\/05\/31\/mai-2018\/","url_meta":{"origin":38466,"position":2},"title":"Mai 2018.","author":"dpc","date":"31 mai 2018","format":false,"excerpt":"Une colonne, un canal, une vente aux ench\u00e8res, un bateau, un tailleur, une soir\u00e9e, un avion, une statue, des marches, des orgues, une carte, une pelouse, un port, une gare, un port, un graffiti, une chapelle, une cath\u00e9drale, un caf\u00e9, une sculpture, un balcon, un avion, une cl\u00f4ture, un m\u00e9tro,\u2026","rel":"","context":"Dans &quot;Blog-note&quot;","block_context":{"text":"Blog-note","link":"https:\/\/www.wallendorff.com\/belogue\/category\/blog-note\/"},"img":{"alt_text":"","src":"https:\/\/i0.wp.com\/www.wallendorff.com\/belogue\/wp-content\/uploads\/2018\/06\/20180615-31.jpg?resize=350%2C200&ssl=1","width":350,"height":200,"srcset":"https:\/\/i0.wp.com\/www.wallendorff.com\/belogue\/wp-content\/uploads\/2018\/06\/20180615-31.jpg?resize=350%2C200&ssl=1 1x, https:\/\/i0.wp.com\/www.wallendorff.com\/belogue\/wp-content\/uploads\/2018\/06\/20180615-31.jpg?resize=525%2C300&ssl=1 1.5x, https:\/\/i0.wp.com\/www.wallendorff.com\/belogue\/wp-content\/uploads\/2018\/06\/20180615-31.jpg?resize=700%2C400&ssl=1 2x, https:\/\/i0.wp.com\/www.wallendorff.com\/belogue\/wp-content\/uploads\/2018\/06\/20180615-31.jpg?resize=1050%2C600&ssl=1 3x"},"classes":[]},{"id":38446,"url":"https:\/\/www.wallendorff.com\/belogue\/2018\/06\/18\/into-the-wide-148\/","url_meta":{"origin":38466,"position":3},"title":"Into the wide #148.","author":"dpc","date":"18 juin 2018","format":false,"excerpt":"Pohjoisranta, Helsinki, 8 mai 2018. The Palace Father John Misty","rel":"","context":"Dans &quot;Into the wide&quot;","block_context":{"text":"Into the wide","link":"https:\/\/www.wallendorff.com\/belogue\/category\/into-the-wide\/"},"img":{"alt_text":"","src":"https:\/\/i0.wp.com\/www.wallendorff.com\/belogue\/wp-content\/uploads\/2018\/06\/20180618.jpg?resize=350%2C200&ssl=1","width":350,"height":200,"srcset":"https:\/\/i0.wp.com\/www.wallendorff.com\/belogue\/wp-content\/uploads\/2018\/06\/20180618.jpg?resize=350%2C200&ssl=1 1x, https:\/\/i0.wp.com\/www.wallendorff.com\/belogue\/wp-content\/uploads\/2018\/06\/20180618.jpg?resize=525%2C300&ssl=1 1.5x, https:\/\/i0.wp.com\/www.wallendorff.com\/belogue\/wp-content\/uploads\/2018\/06\/20180618.jpg?resize=700%2C400&ssl=1 2x, https:\/\/i0.wp.com\/www.wallendorff.com\/belogue\/wp-content\/uploads\/2018\/06\/20180618.jpg?resize=1050%2C600&ssl=1 3x"},"classes":[]},{"id":38452,"url":"https:\/\/www.wallendorff.com\/belogue\/2018\/06\/20\/contre-plongee-no-1-612\/","url_meta":{"origin":38466,"position":4},"title":"Contre-plong\u00e9e no 1&nbsp;612.","author":"dpc","date":"20 juin 2018","format":false,"excerpt":"Cath\u00e9drale Ouspenski, Helsinki, 9 mai 2018. HopefulessnessCourtney Barnett","rel":"","context":"Dans &quot;DPC&quot;","block_context":{"text":"DPC","link":"https:\/\/www.wallendorff.com\/belogue\/category\/dpc\/"},"img":{"alt_text":"Cath\u00e9drale Ouspenski, Helsinki, 09\/05\/2018.","src":"https:\/\/i0.wp.com\/www.wallendorff.com\/belogue\/wp-content\/uploads\/2018\/06\/20180620.jpg?resize=350%2C200&ssl=1","width":350,"height":200,"srcset":"https:\/\/i0.wp.com\/www.wallendorff.com\/belogue\/wp-content\/uploads\/2018\/06\/20180620.jpg?resize=350%2C200&ssl=1 1x, https:\/\/i0.wp.com\/www.wallendorff.com\/belogue\/wp-content\/uploads\/2018\/06\/20180620.jpg?resize=525%2C300&ssl=1 1.5x, https:\/\/i0.wp.com\/www.wallendorff.com\/belogue\/wp-content\/uploads\/2018\/06\/20180620.jpg?resize=700%2C400&ssl=1 2x"},"classes":[]},{"id":22926,"url":"https:\/\/www.wallendorff.com\/belogue\/2014\/06\/08\/top-10-des-plus-belles-cathedrales-de-la-decennie\/","url_meta":{"origin":38466,"position":5},"title":"Top 10 des plus belles cath\u00e9drales de la d\u00e9cennie.","author":"dpc","date":"8 juin 2014","format":false,"excerpt":"Dix ans \u00e0 faire le tour de toutes les cath\u00e9drales du monde entier et bien les regarder sous toutes les coutures pour \u00e9tablir le classement d\u00e9finitif et impartial des plus jolies cath\u00e9drales de l'univers. No 10 ex-\u00e6quo\u00a0: La cath\u00e9drale Notre-Dame de Chartres du 7 avril 2012... Chartres Attack. \u00a0 ...\u2026","rel":"","context":"Dans &quot;DPC&quot;","block_context":{"text":"DPC","link":"https:\/\/www.wallendorff.com\/belogue\/category\/dpc\/"},"img":{"alt_text":"","src":"https:\/\/i0.wp.com\/www.wallendorff.com\/belogue\/wp-content\/uploads\/2015\/04\/201310243.jpg?resize=350%2C200&ssl=1","width":350,"height":200,"srcset":"https:\/\/i0.wp.com\/www.wallendorff.com\/belogue\/wp-content\/uploads\/2015\/04\/201310243.jpg?resize=350%2C200&ssl=1 1x, https:\/\/i0.wp.com\/www.wallendorff.com\/belogue\/wp-content\/uploads\/2015\/04\/201310243.jpg?resize=525%2C300&ssl=1 1.5x, https:\/\/i0.wp.com\/www.wallendorff.com\/belogue\/wp-content\/uploads\/2015\/04\/201310243.jpg?resize=700%2C400&ssl=1 2x"},"classes":[]}],"_links":{"self":[{"href":"https:\/\/www.wallendorff.com\/belogue\/wp-json\/wp\/v2\/posts\/38466","targetHints":{"allow":["GET"]}}],"collection":[{"href":"https:\/\/www.wallendorff.com\/belogue\/wp-json\/wp\/v2\/posts"}],"about":[{"href":"https:\/\/www.wallendorff.com\/belogue\/wp-json\/wp\/v2\/types\/post"}],"author":[{"embeddable":true,"href":"https:\/\/www.wallendorff.com\/belogue\/wp-json\/wp\/v2\/users\/1"}],"replies":[{"embeddable":true,"href":"https:\/\/www.wallendorff.com\/belogue\/wp-json\/wp\/v2\/comments?post=38466"}],"version-history":[{"count":1,"href":"https:\/\/www.wallendorff.com\/belogue\/wp-json\/wp\/v2\/posts\/38466\/revisions"}],"predecessor-version":[{"id":38468,"href":"https:\/\/www.wallendorff.com\/belogue\/wp-json\/wp\/v2\/posts\/38466\/revisions\/38468"}],"wp:featuredmedia":[{"embeddable":true,"href":"https:\/\/www.wallendorff.com\/belogue\/wp-json\/wp\/v2\/media\/38467"}],"wp:attachment":[{"href":"https:\/\/www.wallendorff.com\/belogue\/wp-json\/wp\/v2\/media?parent=38466"}],"wp:term":[{"taxonomy":"category","embeddable":true,"href":"https:\/\/www.wallendorff.com\/belogue\/wp-json\/wp\/v2\/categories?post=38466"},{"taxonomy":"post_tag","embeddable":true,"href":"https:\/\/www.wallendorff.com\/belogue\/wp-json\/wp\/v2\/tags?post=38466"}],"curies":[{"name":"wp","href":"https:\/\/api.w.org\/{rel}","templated":true}]}}