{"id":38452,"date":"2018-06-20T11:02:05","date_gmt":"2018-06-20T09:02:05","guid":{"rendered":"http:\/\/www.wallendorff.com\/belogue\/?p=38452"},"modified":"2018-12-26T11:35:53","modified_gmt":"2018-12-26T09:35:53","slug":"contre-plongee-no-1-612","status":"publish","type":"post","link":"https:\/\/www.wallendorff.com\/belogue\/2018\/06\/20\/contre-plongee-no-1-612\/","title":{"rendered":"Contre-plong\u00e9e n<sup>o<\/sup> 1&nbsp;612."},"content":{"rendered":"<div id=\"photo\">\n<p><img decoding=\"async\" src=\"https:\/\/www.wallendorff.com\/belogue\/wp-content\/uploads\/2018\/06\/20180620.jpg\"><br \/>\n    Cath&eacute;drale Ouspenski, Helsinki, 9 mai 2018.<\/p>\n<\/div>\n<div id=\"bandeson\">\n<p><img decoding=\"async\" src=\"https:\/\/www.wallendorff.com\/belogue\/photo\/pochettes\/b\/barnett_courtney-tell_me_how_you_really_feel.jpg\" align=\"left\"><em><a href=\"https:\/\/www.youtube.com\/watch?v=QTqGV8EZx8M\">Hopefulessness<\/a><\/em><br \/><a href=\"http:\/\/www.courtneybarnett.com.au\/\">Courtney Barnett<\/a><\/p>\n<\/div>\n","protected":false},"excerpt":{"rendered":"<p>Cath&eacute;drale Ouspenski, Helsinki, 9 mai 2018. HopefulessnessCourtney Barnett<\/p>\n","protected":false},"author":1,"featured_media":38454,"comment_status":"open","ping_status":"open","sticky":false,"template":"","format":"standard","meta":{"_acf_changed":false,"ngg_post_thumbnail":0,"jetpack_post_was_ever_published":false,"_jetpack_newsletter_access":"","_jetpack_dont_email_post_to_subs":false,"_jetpack_newsletter_tier_id":0,"_jetpack_memberships_contains_paywalled_content":false,"_jetpack_memberships_contains_paid_content":false,"footnotes":"","jetpack_publicize_message":"","jetpack_publicize_feature_enabled":true,"jetpack_social_post_already_shared":true,"jetpack_social_options":{"image_generator_settings":{"template":"highway","default_image_id":0,"font":"","enabled":false},"version":2}},"categories":[3],"tags":[10743,14769,10500,12498,10238,14785,14271,14790,14848,14794,14274,15302,14835],"class_list":["post-38452","post","type-post","status-publish","format-standard","has-post-thumbnail","hentry","category-dpc","tag-cathedrale","tag-cathedrale-ouspenski","tag-contre-plongee","tag-courtney-barnett","tag-eglise","tag-finlande","tag-fujifilm-x-t2","tag-helsinki","tag-hopefulessness","tag-kanavakatu","tag-samyang-8-mm-f2-8-umc-fisheye-ii","tag-tell-me-how-you-really-feel","tag-uusimaa"],"acf":[],"geo":{"latitude":60.1685066,"longitude":24.9599609,"description":"Helsinki                      , Uusimaa, 00160, FI"},"jetpack_publicize_connections":[],"jetpack_featured_media_url":"https:\/\/www.wallendorff.com\/belogue\/wp-content\/uploads\/2018\/06\/20180620.jpg","jetpack_shortlink":"https:\/\/wp.me\/p3b35P-a0c","jetpack_sharing_enabled":true,"jetpack-related-posts":[{"id":41268,"url":"https:\/\/www.wallendorff.com\/belogue\/2019\/02\/25\/contre-plongee-no-2-743\/","url_meta":{"origin":38452,"position":0},"title":"Contre-plong\u00e9e no 2&nbsp;743.","author":"dpc","date":"25 f\u00e9vrier 2019","format":false,"excerpt":"Cath\u00e9drale Saint-\u00c9tienne, Metz, 27 d\u00e9cembre. The End J.C. Sat\u00e0n","rel":"","context":"Dans &quot;DPC&quot;","block_context":{"text":"DPC","link":"https:\/\/www.wallendorff.com\/belogue\/category\/dpc\/"},"img":{"alt_text":"","src":"https:\/\/i0.wp.com\/www.wallendorff.com\/belogue\/wp-content\/uploads\/2019\/02\/20190225.jpg?resize=350%2C200&ssl=1","width":350,"height":200,"srcset":"https:\/\/i0.wp.com\/www.wallendorff.com\/belogue\/wp-content\/uploads\/2019\/02\/20190225.jpg?resize=350%2C200&ssl=1 1x, https:\/\/i0.wp.com\/www.wallendorff.com\/belogue\/wp-content\/uploads\/2019\/02\/20190225.jpg?resize=525%2C300&ssl=1 1.5x, https:\/\/i0.wp.com\/www.wallendorff.com\/belogue\/wp-content\/uploads\/2019\/02\/20190225.jpg?resize=700%2C400&ssl=1 2x, https:\/\/i0.wp.com\/www.wallendorff.com\/belogue\/wp-content\/uploads\/2019\/02\/20190225.jpg?resize=1050%2C600&ssl=1 3x"},"classes":[]},{"id":41272,"url":"https:\/\/www.wallendorff.com\/belogue\/2019\/02\/27\/contre-plongee-no-2-744\/","url_meta":{"origin":38452,"position":1},"title":"Contre-plong\u00e9e no 2&nbsp;744.","author":"dpc","date":"27 f\u00e9vrier 2019","format":false,"excerpt":"Cath\u00e9drale Saint-\u00c9tienne, Metz, 28 d\u00e9cembre 2018. Chip on My Shoulder RAT BOY","rel":"","context":"Dans &quot;DPC&quot;","block_context":{"text":"DPC","link":"https:\/\/www.wallendorff.com\/belogue\/category\/dpc\/"},"img":{"alt_text":"","src":"https:\/\/i0.wp.com\/www.wallendorff.com\/belogue\/wp-content\/uploads\/2019\/02\/20190227.jpg?resize=350%2C200&ssl=1","width":350,"height":200,"srcset":"https:\/\/i0.wp.com\/www.wallendorff.com\/belogue\/wp-content\/uploads\/2019\/02\/20190227.jpg?resize=350%2C200&ssl=1 1x, https:\/\/i0.wp.com\/www.wallendorff.com\/belogue\/wp-content\/uploads\/2019\/02\/20190227.jpg?resize=525%2C300&ssl=1 1.5x, https:\/\/i0.wp.com\/www.wallendorff.com\/belogue\/wp-content\/uploads\/2019\/02\/20190227.jpg?resize=700%2C400&ssl=1 2x"},"classes":[]},{"id":36460,"url":"https:\/\/www.wallendorff.com\/belogue\/2017\/11\/20\/contre-plongee-no-869\/","url_meta":{"origin":38452,"position":2},"title":"Contre-plong\u00e9e no 869.","author":"dpc","date":"20 novembre 2017","format":false,"excerpt":"Cath\u00e9drale Saint-Patrick, New York, 5 septembre. Sadboy Wolf Alice","rel":"","context":"Dans &quot;DPC&quot;","block_context":{"text":"DPC","link":"https:\/\/www.wallendorff.com\/belogue\/category\/dpc\/"},"img":{"alt_text":"","src":"https:\/\/i0.wp.com\/www.wallendorff.com\/belogue\/wp-content\/uploads\/2017\/11\/20171120.jpg?resize=350%2C200&ssl=1","width":350,"height":200,"srcset":"https:\/\/i0.wp.com\/www.wallendorff.com\/belogue\/wp-content\/uploads\/2017\/11\/20171120.jpg?resize=350%2C200&ssl=1 1x, https:\/\/i0.wp.com\/www.wallendorff.com\/belogue\/wp-content\/uploads\/2017\/11\/20171120.jpg?resize=525%2C300&ssl=1 1.5x, https:\/\/i0.wp.com\/www.wallendorff.com\/belogue\/wp-content\/uploads\/2017\/11\/20171120.jpg?resize=700%2C400&ssl=1 2x"},"classes":[]},{"id":41435,"url":"https:\/\/www.wallendorff.com\/belogue\/2019\/04\/08\/contreplongee-no-2-813\/","url_meta":{"origin":38452,"position":3},"title":"Contreplong\u00e9e no 2&nbsp;813.","author":"dpc","date":"8 avril 2019","format":false,"excerpt":"Cath\u00e9drale Saint-Jean, Varsovie, 24 f\u00e9vrier 2019. Kick FIDLAR","rel":"","context":"Dans &quot;DPC&quot;","block_context":{"text":"DPC","link":"https:\/\/www.wallendorff.com\/belogue\/category\/dpc\/"},"img":{"alt_text":"","src":"https:\/\/i0.wp.com\/www.wallendorff.com\/belogue\/wp-content\/uploads\/2019\/04\/20190408.jpg?resize=350%2C200&ssl=1","width":350,"height":200,"srcset":"https:\/\/i0.wp.com\/www.wallendorff.com\/belogue\/wp-content\/uploads\/2019\/04\/20190408.jpg?resize=350%2C200&ssl=1 1x, https:\/\/i0.wp.com\/www.wallendorff.com\/belogue\/wp-content\/uploads\/2019\/04\/20190408.jpg?resize=525%2C300&ssl=1 1.5x, https:\/\/i0.wp.com\/www.wallendorff.com\/belogue\/wp-content\/uploads\/2019\/04\/20190408.jpg?resize=700%2C400&ssl=1 2x, https:\/\/i0.wp.com\/www.wallendorff.com\/belogue\/wp-content\/uploads\/2019\/04\/20190408.jpg?resize=1050%2C600&ssl=1 3x"},"classes":[]},{"id":21917,"url":"https:\/\/www.wallendorff.com\/belogue\/2013\/10\/24\/tout-poutres-en-lair\/","url_meta":{"origin":38452,"position":4},"title":"Tout poutres en l&rsquo;air.","author":"dpc","date":"24 octobre 2013","format":false,"excerpt":"Cath\u00e9drale Saint-\u00c9tienne, Metz, 14 septembre. Keep Your Head Up Cults","rel":"","context":"Dans &quot;DPC&quot;","block_context":{"text":"DPC","link":"https:\/\/www.wallendorff.com\/belogue\/category\/dpc\/"},"img":{"alt_text":"","src":"https:\/\/i0.wp.com\/www.wallendorff.com\/belogue\/wp-content\/uploads\/2015\/04\/201310242.jpg?resize=350%2C200&ssl=1","width":350,"height":200,"srcset":"https:\/\/i0.wp.com\/www.wallendorff.com\/belogue\/wp-content\/uploads\/2015\/04\/201310242.jpg?resize=350%2C200&ssl=1 1x, https:\/\/i0.wp.com\/www.wallendorff.com\/belogue\/wp-content\/uploads\/2015\/04\/201310242.jpg?resize=525%2C300&ssl=1 1.5x, https:\/\/i0.wp.com\/www.wallendorff.com\/belogue\/wp-content\/uploads\/2015\/04\/201310242.jpg?resize=700%2C400&ssl=1 2x"},"classes":[]},{"id":37624,"url":"https:\/\/www.wallendorff.com\/belogue\/2018\/03\/19\/contre-plongee-no-1-227\/","url_meta":{"origin":38452,"position":5},"title":"Contre-plong\u00e9e no 1&nbsp;227.","author":"dpc","date":"19 mars 2018","format":false,"excerpt":"Coll\u00e9giale Saint-Barth\u00e9l\u00e9my, Francfort-sur-le-Main, 27 janvier. Rose on the Top of the World The Men","rel":"","context":"Dans &quot;DPC&quot;","block_context":{"text":"DPC","link":"https:\/\/www.wallendorff.com\/belogue\/category\/dpc-en\/"},"img":{"alt_text":"Coll\u00e9giale Saint-Barth\u00e9l\u00e9my, Francofrt-sur-le-Main, 27 janvier.","src":"https:\/\/i0.wp.com\/www.wallendorff.com\/belogue\/wp-content\/uploads\/2018\/03\/20180319.jpg?resize=350%2C200&ssl=1","width":350,"height":200,"srcset":"https:\/\/i0.wp.com\/www.wallendorff.com\/belogue\/wp-content\/uploads\/2018\/03\/20180319.jpg?resize=350%2C200&ssl=1 1x, https:\/\/i0.wp.com\/www.wallendorff.com\/belogue\/wp-content\/uploads\/2018\/03\/20180319.jpg?resize=525%2C300&ssl=1 1.5x, https:\/\/i0.wp.com\/www.wallendorff.com\/belogue\/wp-content\/uploads\/2018\/03\/20180319.jpg?resize=700%2C400&ssl=1 2x"},"classes":[]}],"_links":{"self":[{"href":"https:\/\/www.wallendorff.com\/belogue\/wp-json\/wp\/v2\/posts\/38452","targetHints":{"allow":["GET"]}}],"collection":[{"href":"https:\/\/www.wallendorff.com\/belogue\/wp-json\/wp\/v2\/posts"}],"about":[{"href":"https:\/\/www.wallendorff.com\/belogue\/wp-json\/wp\/v2\/types\/post"}],"author":[{"embeddable":true,"href":"https:\/\/www.wallendorff.com\/belogue\/wp-json\/wp\/v2\/users\/1"}],"replies":[{"embeddable":true,"href":"https:\/\/www.wallendorff.com\/belogue\/wp-json\/wp\/v2\/comments?post=38452"}],"version-history":[{"count":2,"href":"https:\/\/www.wallendorff.com\/belogue\/wp-json\/wp\/v2\/posts\/38452\/revisions"}],"predecessor-version":[{"id":38455,"href":"https:\/\/www.wallendorff.com\/belogue\/wp-json\/wp\/v2\/posts\/38452\/revisions\/38455"}],"wp:featuredmedia":[{"embeddable":true,"href":"https:\/\/www.wallendorff.com\/belogue\/wp-json\/wp\/v2\/media\/38454"}],"wp:attachment":[{"href":"https:\/\/www.wallendorff.com\/belogue\/wp-json\/wp\/v2\/media?parent=38452"}],"wp:term":[{"taxonomy":"category","embeddable":true,"href":"https:\/\/www.wallendorff.com\/belogue\/wp-json\/wp\/v2\/categories?post=38452"},{"taxonomy":"post_tag","embeddable":true,"href":"https:\/\/www.wallendorff.com\/belogue\/wp-json\/wp\/v2\/tags?post=38452"}],"curies":[{"name":"wp","href":"https:\/\/api.w.org\/{rel}","templated":true}]}}