{"id":38446,"date":"2018-06-18T11:08:02","date_gmt":"2018-06-18T09:08:02","guid":{"rendered":"http:\/\/www.wallendorff.com\/belogue\/?p=38446"},"modified":"2018-06-19T15:05:29","modified_gmt":"2018-06-19T13:05:29","slug":"into-the-wide-148","status":"publish","type":"post","link":"https:\/\/www.wallendorff.com\/belogue\/2018\/06\/18\/into-the-wide-148\/","title":{"rendered":"Into the wide #148."},"content":{"rendered":"<div id=\"photo\">\n<p><img decoding=\"async\" src=\"https:\/\/www.wallendorff.com\/belogue\/wp-content\/uploads\/2018\/06\/20180618.jpg\"><br \/>\nPohjoisranta, Helsinki, 8 mai 2018.<\/p>\n<\/div>\n<div id=\"bandeson\">\n<p><img decoding=\"async\" src=\"https:\/\/www.wallendorff.com\/belogue\/photo\/pochettes\/f\/father_john_misty-gods_favorite_customer.jpg\" align=\"left\"><em><a href=\"https:\/\/www.youtube.com\/watch?v=IoVuk6eudtk\">The Palace<\/a><\/em><br \/>\n<a href=\"http:\/\/www.decemberists.com\/\">Father John Misty<\/a><\/p>\n<\/div>\n","protected":false},"excerpt":{"rendered":"<p>Pohjoisranta, Helsinki, 8 mai 2018. The Palace Father John Misty<\/p>\n","protected":false},"author":1,"featured_media":38449,"comment_status":"open","ping_status":"open","sticky":false,"template":"","format":"standard","meta":{"_acf_changed":false,"ngg_post_thumbnail":0,"jetpack_post_was_ever_published":false,"_jetpack_newsletter_access":"","_jetpack_dont_email_post_to_subs":false,"_jetpack_newsletter_tier_id":0,"_jetpack_memberships_contains_paywalled_content":false,"_jetpack_memberships_contains_paid_content":false,"footnotes":"","jetpack_publicize_message":"","jetpack_publicize_feature_enabled":true,"jetpack_social_post_already_shared":true,"jetpack_social_options":{"image_generator_settings":{"template":"highway","default_image_id":0,"font":"","enabled":false},"version":2}},"categories":[7356],"tags":[10384,10743,14769,10326,10238,9647,14785,14271,14272,14790,11323,14845,10592,14846,14847,14835],"class_list":["post-38446","post","type-post","status-publish","format-standard","has-post-thumbnail","hentry","category-into-the-wide","tag-bateau","tag-cathedrale","tag-cathedrale-ouspenski","tag-crepuscule","tag-eglise","tag-father-john-misty","tag-finlande","tag-fujifilm-x-t2","tag-fujinon-xf-18-55-mm-f2-8-4-r-lm-ois","tag-helsinki","tag-panoramique","tag-pohjoisranta","tag-pose-longue","tag-relandersgrund-cafe","tag-the-palace","tag-uusimaa"],"acf":[],"geo":{"latitude":60.1695976,"longitude":24.959362,"description":"Helsinki                      , Uusimaa, 00170, FI"},"jetpack_publicize_connections":[],"jetpack_featured_media_url":"https:\/\/www.wallendorff.com\/belogue\/wp-content\/uploads\/2018\/06\/20180618.jpg","jetpack_shortlink":"https:\/\/wp.me\/p3b35P-a06","jetpack_sharing_enabled":true,"jetpack-related-posts":[{"id":38466,"url":"https:\/\/www.wallendorff.com\/belogue\/2018\/06\/22\/into-the-wide-149\/","url_meta":{"origin":38446,"position":0},"title":"Into the wide #149.","author":"dpc","date":"22 juin 2018","format":false,"excerpt":"Place du S\u00e9nat, Helsinki, 10 mai 2018. Stretch Your Eyes (ambient a capella)Agnes Obel","rel":"","context":"Dans &quot;Into the wide&quot;","block_context":{"text":"Into the wide","link":"https:\/\/www.wallendorff.com\/belogue\/category\/into-the-wide\/"},"img":{"alt_text":"Place du S\u00e9nat, Helsinki, 10 mai 2018.","src":"https:\/\/i0.wp.com\/www.wallendorff.com\/belogue\/wp-content\/uploads\/2018\/06\/20180622.jpg?resize=350%2C200&ssl=1","width":350,"height":200,"srcset":"https:\/\/i0.wp.com\/www.wallendorff.com\/belogue\/wp-content\/uploads\/2018\/06\/20180622.jpg?resize=350%2C200&ssl=1 1x, https:\/\/i0.wp.com\/www.wallendorff.com\/belogue\/wp-content\/uploads\/2018\/06\/20180622.jpg?resize=525%2C300&ssl=1 1.5x, https:\/\/i0.wp.com\/www.wallendorff.com\/belogue\/wp-content\/uploads\/2018\/06\/20180622.jpg?resize=700%2C400&ssl=1 2x, https:\/\/i0.wp.com\/www.wallendorff.com\/belogue\/wp-content\/uploads\/2018\/06\/20180622.jpg?resize=1050%2C600&ssl=1 3x"},"classes":[]},{"id":38452,"url":"https:\/\/www.wallendorff.com\/belogue\/2018\/06\/20\/contre-plongee-no-1-612\/","url_meta":{"origin":38446,"position":1},"title":"Contre-plong\u00e9e no 1&nbsp;612.","author":"dpc","date":"20 juin 2018","format":false,"excerpt":"Cath\u00e9drale Ouspenski, Helsinki, 9 mai 2018. HopefulessnessCourtney Barnett","rel":"","context":"Dans &quot;DPC&quot;","block_context":{"text":"DPC","link":"https:\/\/www.wallendorff.com\/belogue\/category\/dpc\/"},"img":{"alt_text":"Cath\u00e9drale Ouspenski, Helsinki, 09\/05\/2018.","src":"https:\/\/i0.wp.com\/www.wallendorff.com\/belogue\/wp-content\/uploads\/2018\/06\/20180620.jpg?resize=350%2C200&ssl=1","width":350,"height":200,"srcset":"https:\/\/i0.wp.com\/www.wallendorff.com\/belogue\/wp-content\/uploads\/2018\/06\/20180620.jpg?resize=350%2C200&ssl=1 1x, https:\/\/i0.wp.com\/www.wallendorff.com\/belogue\/wp-content\/uploads\/2018\/06\/20180620.jpg?resize=525%2C300&ssl=1 1.5x, https:\/\/i0.wp.com\/www.wallendorff.com\/belogue\/wp-content\/uploads\/2018\/06\/20180620.jpg?resize=700%2C400&ssl=1 2x"},"classes":[]},{"id":38277,"url":"https:\/\/www.wallendorff.com\/belogue\/2018\/05\/29\/into-the-wide-147\/","url_meta":{"origin":38446,"position":2},"title":"Into the wide #147.","author":"dpc","date":"29 mai 2018","format":false,"excerpt":"Pont Notre-Dame, Paris, 18 avril 2018. Just Dumb Enough to TryFather John Misty","rel":"","context":"Dans &quot;Into the wide&quot;","block_context":{"text":"Into the wide","link":"https:\/\/www.wallendorff.com\/belogue\/category\/into-the-wide\/"},"img":{"alt_text":"Pont Notre-Dame, Paris, 18 avril 2018.","src":"https:\/\/i0.wp.com\/www.wallendorff.com\/belogue\/wp-content\/uploads\/2018\/05\/20180529.jpg?resize=350%2C200&ssl=1","width":350,"height":200,"srcset":"https:\/\/i0.wp.com\/www.wallendorff.com\/belogue\/wp-content\/uploads\/2018\/05\/20180529.jpg?resize=350%2C200&ssl=1 1x, https:\/\/i0.wp.com\/www.wallendorff.com\/belogue\/wp-content\/uploads\/2018\/05\/20180529.jpg?resize=525%2C300&ssl=1 1.5x, https:\/\/i0.wp.com\/www.wallendorff.com\/belogue\/wp-content\/uploads\/2018\/05\/20180529.jpg?resize=700%2C400&ssl=1 2x, https:\/\/i0.wp.com\/www.wallendorff.com\/belogue\/wp-content\/uploads\/2018\/05\/20180529.jpg?resize=1050%2C600&ssl=1 3x"},"classes":[]},{"id":30983,"url":"https:\/\/www.wallendorff.com\/belogue\/2016\/05\/24\/father-john-misty-khruangbin-theatre-de-lalhambra-paris\/","url_meta":{"origin":38446,"position":3},"title":"Father John Misty + Khruangbin @ Th\u00e9\u00e2tre de l&rsquo;Alhambra, Paris.","author":"dpc","date":"24 mai 2016","format":false,"excerpt":"C'\u00e9tait dr\u00f4le, comme soir\u00e9e. \u00c0 cause de la perruque de Mark Speer, le chanteur de Khruangbin \u2013\u00a0\u00e0 moins que ce fussent ses vrais cheveux\u00a0\u2013 et du regard que Donald Johnson, son batteur, me lance comme s'il venait de reconna\u00eetre en moi St\u00e9vine Arb\u00fcller, ce gamin de sa classe de 4e\u2026","rel":"","context":"Dans &quot;Alive&quot;","block_context":{"text":"Alive","link":"https:\/\/www.wallendorff.com\/belogue\/category\/alive\/"},"img":{"alt_text":"","src":"https:\/\/i0.wp.com\/www.wallendorff.com\/belogue\/wp-content\/uploads\/2016\/05\/20160524-22-1.jpg?resize=350%2C200&ssl=1","width":350,"height":200,"srcset":"https:\/\/i0.wp.com\/www.wallendorff.com\/belogue\/wp-content\/uploads\/2016\/05\/20160524-22-1.jpg?resize=350%2C200&ssl=1 1x, https:\/\/i0.wp.com\/www.wallendorff.com\/belogue\/wp-content\/uploads\/2016\/05\/20160524-22-1.jpg?resize=525%2C300&ssl=1 1.5x, https:\/\/i0.wp.com\/www.wallendorff.com\/belogue\/wp-content\/uploads\/2016\/05\/20160524-22-1.jpg?resize=700%2C400&ssl=1 2x"},"classes":[]},{"id":33670,"url":"https:\/\/www.wallendorff.com\/belogue\/2017\/02\/28\/fevrier-2017\/","url_meta":{"origin":38446,"position":4},"title":"F\u00e9vrier 2017.","author":"dpc","date":"28 f\u00e9vrier 2017","format":false,"excerpt":"Un ascenseur, des bouts de portes, un concert, un incendie, des bi\u00e8res, une autoroute, un concert, un vernissage, un orchestre, une exposition, un plafond en miroir, un concert, un concert, une grande cuisine, une librairie, une machine \u00e0 \u00e9crire, une pi\u00e8ce de th\u00e9\u00e2tre, un blind-test, un avion, un h\u00f4tel de\u2026","rel":"","context":"Dans &quot;Blog-note&quot;","block_context":{"text":"Blog-note","link":"https:\/\/www.wallendorff.com\/belogue\/category\/blog-note\/"},"img":{"alt_text":"","src":"https:\/\/i0.wp.com\/www.wallendorff.com\/belogue\/wp-content\/uploads\/2017\/02\/20170316-21.jpg?resize=350%2C200&ssl=1","width":350,"height":200,"srcset":"https:\/\/i0.wp.com\/www.wallendorff.com\/belogue\/wp-content\/uploads\/2017\/02\/20170316-21.jpg?resize=350%2C200&ssl=1 1x, https:\/\/i0.wp.com\/www.wallendorff.com\/belogue\/wp-content\/uploads\/2017\/02\/20170316-21.jpg?resize=525%2C300&ssl=1 1.5x, https:\/\/i0.wp.com\/www.wallendorff.com\/belogue\/wp-content\/uploads\/2017\/02\/20170316-21.jpg?resize=700%2C400&ssl=1 2x"},"classes":[]},{"id":22926,"url":"https:\/\/www.wallendorff.com\/belogue\/2014\/06\/08\/top-10-des-plus-belles-cathedrales-de-la-decennie\/","url_meta":{"origin":38446,"position":5},"title":"Top 10 des plus belles cath\u00e9drales de la d\u00e9cennie.","author":"dpc","date":"8 juin 2014","format":false,"excerpt":"Dix ans \u00e0 faire le tour de toutes les cath\u00e9drales du monde entier et bien les regarder sous toutes les coutures pour \u00e9tablir le classement d\u00e9finitif et impartial des plus jolies cath\u00e9drales de l'univers. No 10 ex-\u00e6quo\u00a0: La cath\u00e9drale Notre-Dame de Chartres du 7 avril 2012... Chartres Attack. \u00a0 ...\u2026","rel":"","context":"Dans &quot;DPC&quot;","block_context":{"text":"DPC","link":"https:\/\/www.wallendorff.com\/belogue\/category\/dpc\/"},"img":{"alt_text":"","src":"https:\/\/i0.wp.com\/www.wallendorff.com\/belogue\/wp-content\/uploads\/2015\/04\/201310243.jpg?resize=350%2C200&ssl=1","width":350,"height":200,"srcset":"https:\/\/i0.wp.com\/www.wallendorff.com\/belogue\/wp-content\/uploads\/2015\/04\/201310243.jpg?resize=350%2C200&ssl=1 1x, https:\/\/i0.wp.com\/www.wallendorff.com\/belogue\/wp-content\/uploads\/2015\/04\/201310243.jpg?resize=525%2C300&ssl=1 1.5x, https:\/\/i0.wp.com\/www.wallendorff.com\/belogue\/wp-content\/uploads\/2015\/04\/201310243.jpg?resize=700%2C400&ssl=1 2x"},"classes":[]}],"_links":{"self":[{"href":"https:\/\/www.wallendorff.com\/belogue\/wp-json\/wp\/v2\/posts\/38446","targetHints":{"allow":["GET"]}}],"collection":[{"href":"https:\/\/www.wallendorff.com\/belogue\/wp-json\/wp\/v2\/posts"}],"about":[{"href":"https:\/\/www.wallendorff.com\/belogue\/wp-json\/wp\/v2\/types\/post"}],"author":[{"embeddable":true,"href":"https:\/\/www.wallendorff.com\/belogue\/wp-json\/wp\/v2\/users\/1"}],"replies":[{"embeddable":true,"href":"https:\/\/www.wallendorff.com\/belogue\/wp-json\/wp\/v2\/comments?post=38446"}],"version-history":[{"count":3,"href":"https:\/\/www.wallendorff.com\/belogue\/wp-json\/wp\/v2\/posts\/38446\/revisions"}],"predecessor-version":[{"id":38451,"href":"https:\/\/www.wallendorff.com\/belogue\/wp-json\/wp\/v2\/posts\/38446\/revisions\/38451"}],"wp:featuredmedia":[{"embeddable":true,"href":"https:\/\/www.wallendorff.com\/belogue\/wp-json\/wp\/v2\/media\/38449"}],"wp:attachment":[{"href":"https:\/\/www.wallendorff.com\/belogue\/wp-json\/wp\/v2\/media?parent=38446"}],"wp:term":[{"taxonomy":"category","embeddable":true,"href":"https:\/\/www.wallendorff.com\/belogue\/wp-json\/wp\/v2\/categories?post=38446"},{"taxonomy":"post_tag","embeddable":true,"href":"https:\/\/www.wallendorff.com\/belogue\/wp-json\/wp\/v2\/tags?post=38446"}],"curies":[{"name":"wp","href":"https:\/\/api.w.org\/{rel}","templated":true}]}}