{"id":38321,"date":"2018-06-12T12:42:31","date_gmt":"2018-06-12T10:42:31","guid":{"rendered":"http:\/\/www.wallendorff.com\/belogue\/?p=38321"},"modified":"2019-04-25T11:53:46","modified_gmt":"2019-04-25T09:53:46","slug":"54-51-39416-n-9-13-2402-e","status":"publish","type":"post","link":"https:\/\/www.wallendorff.com\/belogue\/2018\/06\/12\/54-51-39416-n-9-13-2402-e\/","title":{"rendered":"54\u00b0 51&prime; 39,416&Prime; N 9\u00b0 13&prime; 24,02&Prime; E"},"content":{"rendered":"<div id=\"photo\">\n<p><img decoding=\"async\" src=\"https:\/\/www.wallendorff.com\/belogue\/wp-content\/uploads\/2018\/05\/20180612.jpg\"><br \/>\n    Vol AY1582, quelque part au-dessus du Danemark, 8 mai 2018.<\/p>\n<\/div>\n<p style=\"text-align: right;\">C&rsquo;est pratique, 2018, pour savoir o\u00f9 cette photo fut prise le 8 mai 2018 &agrave; 7&nbsp;h 13 GMT et que l&rsquo;avion qui figure dessus est un A320 assurant la liaison Stockholm &ndash; Londres qui passe 300&nbsp;m plus bas. C&rsquo;est pas en 2004 que j&rsquo;aurais pu faire &ccedil;a.<\/p>\n<p style=\"text-align: right;\">Ouh mais  au fait, en parlant de 2004&nbsp;:<\/p>\n<div id=\"bandeson\">\n<p><img decoding=\"async\" src=\"https:\/\/www.wallendorff.com\/belogue\/photo\/pochettes\/c\/clerks-ost.jpg\" align=\"left\"><a id=\"lienmp3\" style=\"font-weight: normal;\" href=\"http:\/\/www.youtube.com\/watch?v=jrW8uTRDjkA\"><em>Can&rsquo;t Even Tell<\/em><\/a><br \/>\n  <a href=\"http:\/\/www.soulasylum.com\/\">Soul Asylum<\/a><\/p>\n<\/div>\n<p style=\"text-align: left;\">Il y a quatorze ans, les Pistons de D\u00e9troit \u00e9taient en finale NBA.<\/p>\n<p style=\"text-align: right;\"><a href=\"https:\/\/www.wallendorff.com\/belogue\/2005\/06\/13\/youve-gone-way-too-far-by-now-to-turn-around\/\">Il y a treize ans<\/a>, les Pistons de D\u00e9troit \u00e9taient encore en finale NBA.<\/p>\n<p style=\"text-align: left;\"><a href=\"https:\/\/www.wallendorff.com\/belogue\/2006\/06\/12\/l-emu-rond-des-zoos-raye\/\">Il y a douze ans<\/a>, les Pistons de D\u00e9troit \u00e9taient en vacances apr\u00e8s s&rsquo;\u00eatre fait vider comme des nases en sept manches de finale de conf\u00e9rence par Miami<em>.<\/em><\/p>\n<p style=\"text-align: right;\"><a href=\"https:\/\/www.wallendorff.com\/belogue\/2007\/06\/12\/trois\/\">Il y a onze ans<\/a>, les Pistons de D\u00e9troit \u00e9taient toujours en vacances, cette fois-ci gr\u00e2ce \u00e0 Cleveland.<\/p>\n<p style=\"text-align: left;\"><a href=\"https:\/\/www.wallendorff.com\/belogue\/2008\/06\/12\/le-pied-o-la-vieille-m-oint-cher\/\">Il y a dix ans<\/a>, j&rsquo;en avais marre de ressasser chaque ann\u00e9e des histoires de basket, ce sport de nase, tout \u00e7a \u00e0 cause de la <a href=\"http:\/\/en.wikipedia.org\/wiki\/2004%E2%80%9305_NHL_lockout\">gr\u00e8ve de 2004<\/a> qui m&rsquo;avait forc\u00e9 \u00e0 causer d\u00e8s l&rsquo;origine de basket, ce sport de nase, plut\u00f4t que de hockey sur glace, qui est un VRAI sport. Cette ann\u00e9e-l\u00e0, donc, les Red Wings de D\u00e9troit emport\u00e8rent le championnat et tout le monde fut content, sauf moi<sup>1<\/sup>.<\/p>\n<p style=\"text-align: right;\"><a href=\"https:\/\/www.wallendorff.com\/belogue\/2009\/06\/12\/me-nuisant-plus-bele-que-vaux-je-hourds\/\">Il y a neuf ans<\/a>, j&rsquo;\u00e9tais persuad\u00e9 que D\u00e9troit allait redevenir champion en regagnant contre rePittsburgh puisque le septi\u00e8me match de la finale, c&rsquo;\u00e9tait le soir-m\u00eame et que sur les 14 fois pr\u00e9c\u00e9dentes o\u00f9 la coupe s&rsquo;\u00e9tait jou\u00e9e en sept manches, l&rsquo;\u00e9quipe qui accueillait avait gagn\u00e9 12 fois. Je pensais que c&rsquo;\u00e9tait pas plus mal, parce que \u00e7a allait donner au moins un truc \u00e0 f\u00eater dans le Michigan cette ann\u00e9e-l\u00e0. Manque de pot, Pittsburgh gagna 2-1, ce qui prouva bien que dans la vie, rien n&rsquo;est gagn\u00e9 d&rsquo;avance.<\/p>\n<p style=\"text-align: left;\"><a href=\"https:\/\/www.wallendorff.com\/belogue\/2010\/06\/12\/six\/\">Il y a huit ans<\/a>, D\u00e9troit s&rsquo;\u00e9tait fait \u00e9liminer par San Jose en demi-finale de conf\u00e9rence, Chicago avait remport\u00e9 le championnat pour la premi\u00e8re fois depuis 1961 et se rebaptisait Hawkeytown pour faire la nique au Hockeytown de D\u00e9troit, ce que je trouvais fort dr\u00f4le car j&rsquo;ai toujours pr\u00e9f\u00e9r\u00e9 Chicago \u00e0 D\u00e9troit.<\/p>\n<p style=\"text-align: right;\"><a href=\"https:\/\/www.wallendorff.com\/belogue\/2011\/06\/12\/direction-linfini\/\">Il y a sept ans<\/a>, D\u00e9troit s&rsquo;\u00e9tait encore fait \u00e9liminer par San Jose en demi-finale de conf\u00e9rence alors que Chicago s&rsquo;\u00e9tait injustement fait sortir par Vancouver d\u00e8s les quarts de finale de conf\u00e9rence en prolongation apr\u00e8s avoir remont\u00e9 un d\u00e9ficit de 3 matchs et impos\u00e9 une 7<sup>e<\/sup> manche. Du coup c&rsquo;\u00e9tait Vancouver qui allait gagner. Ou Boston. Oui, finalement c&rsquo;\u00e9tait Boston.<\/p>\n<p style=\"text-align: left;\"><a href=\"https:\/\/www.wallendorff.com\/belogue\/2012\/06\/12\/o-verts-oeufs-ils-effarent-rouets\/\">Il y a six ans<\/a>, Nashville, non content d&rsquo;avoir piqu\u00e9 Jack White et ses potes \u00e0 D\u00e9troit, en avait profit\u00e9 pour \u00e9galement les \u00e9liminer au premier tour, pendant que Chicago se faisait sortir par Phoenix d\u00e8s le premier tour aussi. Pas de jaloux cette ann\u00e9e-l\u00e0, donc, et Los Angeles avait pu en profiter pour niquer tout le monde en se qualifiant \u00e0 l&rsquo;arrache pour les s\u00e9ries avant de d\u00e9gager sans mal et dans l&rsquo;ordre le 1<sup>er<\/sup>, le 2<sup>e<\/sup> puis le 3<sup>e<\/sup> de la conf\u00e9rence et finalement <a href=\"http:\/\/www.nhl.com\/ice\/recap.htm?id=2011030416\">New Jersey cette nuit-l\u00e0-m\u00eame<\/a> pour gagner le premier championnat de leur histoire et oublier leur finale perdue en 1993 contre les tra\u00eetres et les faux-jetons.<\/p>\n<p style=\"text-align: right;\"><a href=\"https:\/\/www.wallendorff.com\/belogue\/2013\/06\/12\/into-the-wide-9\/\">Il y a cinq ans<\/a>, D\u00e9troit et Chicago se rencontraient en demi-finale de conf\u00e9rence pour la derni\u00e8re fois et c&rsquo;\u00e9tait Chicago qui avait gagn\u00e9 de justesse en 7 matches apr\u00e8s avoir \u00e9t\u00e9 men\u00e9s 3 victoires \u00e0 1. D\u00e9troit se retrouvait donc en vacances pendant que Chicago entamait sa finale du championnat ce m\u00eame soir contre Boston \u2014&nbsp;et s&rsquo;appr\u00eatait \u00e0 remporter un 2<sup>e<\/sup> titre en 3 ans, donc, mais \u00e7a nous ne le s\u00fbmes que plus tard&nbsp;\u2014, ce qui promettait une fatigante semaine.<\/p>\n<p style=\"text-align: left;\"><a href=\"https:\/\/www.wallendorff.com\/belogue\/2014\/06\/12\/dix-ans\/\">Il y a quatre ans<\/a>, D\u00e9troit \u00e9tait en vacances depuis un bon mois apr\u00e8s s&rsquo;\u00eatre fait \u00e9liminer d\u00e8s le premier tour par Boston et Chicago avait injustement perdu en prolongation du 7<sup>e<\/sup> match de la finale de conf\u00e9rence face \u00e0 Los Angeles, une bande de p\u00e2les types qui, \u00e0 l&rsquo;heure qu&rsquo;il \u00e9tait, \u00e9tait en train de remporter la finale face \u00e0 New York, quoique ayant perdu le 4<sup>e<\/sup> match cette nuit-l\u00e0.<\/p>\n<p style=\"text-align: right;\"><a href=\"https:\/\/www.wallendorff.com\/belogue\/2015\/06\/12\/commercent-et-quittent-tables\/\">Il y a trois ans<\/a>, D\u00e9troit se faisait vider d\u00e8s le premier tour en sept manches par Tampa Bay, qui s&rsquo;\u00e9tait ainsi fray\u00e9 un chemin jusqu&rsquo;en finale contre Chicago, o\u00f9 l&rsquo;on en \u00e9tait \u00e0 2 victoires partout dans une s\u00e9rie tr\u00e8s tr\u00e8s stressante, et je n&rsquo;avais pas vu de rasoir depuis plus de deux mois, ce qui commen\u00e7ait \u00e0 gratter. Chicago l&#8217;emporta 4 victoires \u00e0 2 et tout le monde fut content, surtout moi qui put me raser en chantant.<\/p>\n<p style=\"text-align: left;\"><a href=\"https:\/\/www.wallendorff.com\/belogue\/2016\/06\/12\/into-the-wide-67\/\">Il y a deux ans<\/a>, D\u00e9troit et Chicago s&rsquo;\u00e9taient tous fait toquer d\u00e8s le premier tour 2 mois auparavant, respectivement contre Tampa Bay et Saint-Louis, donc pas de jaloux, et j&rsquo;attendais que Pittsburgh batt\u00eet San Jose en finale 4 victoires \u00e0 2 en caressant mes belles joues glabres.<\/p>\n<p style=\"text-align: right;\">Il y a <a href=\"https:\/\/www.wallendorff.com\/belogue\/2017\/06\/12\/le-retour-du-jet-deau\/\">un an<\/a>, D\u00e9troit ne s&rsquo;&eacute;tait m\u00eame pas qualifi\u00e9 pour les \u00e9liminatoires, ce qui n&rsquo;\u00e9tait pas arriv\u00e9 depuis 25 ans, et Chicago avait d\u00e9gag\u00e9 d\u00e8s le premier tour face \u00e0 des faquins nashvillois que Pittsburgh venait de battre cette nuit-l&agrave; m&ecirc;me pour remporter un deuxi\u00e8me titre cons\u00e9cutif.<\/p>\n<p><em>Aujourd&rsquo;hui, ni D&eacute;troit, ni Chicago ne se sont qualifi&eacute;s pour les &eacute;liminatoires, ce qui n&rsquo;&eacute;tait arriv&eacute; qu&rsquo;une fois dans l&rsquo;histoire du monde, en 68&ndash;69, ce qui a donn&eacute; des &eacute;liminatoires tartes remport&eacute;s par une &eacute;quipe de Washington tarte contre une &eacute;quipe de Vegas un peu moins tarte puisqu&rsquo;ayant battu le record tous sports &eacute;tasuniens confondus de la meilleure premi&egrave;re saison de l&rsquo;histoire (et ce, malgr&eacute; leur logo tarte).<\/em><\/p>\n<p style=\"text-align: left;\">Il y a quatorze ans, je d\u00e9jeunais avec des cookies Pepperidge Farm<sup>&#x2122;<\/sup> au milieu d&rsquo;un bureau quelque part \u00e0 Pontiac.<\/p>\n<p style=\"text-align: right;\">Il y a treize ans, je d\u00e9jeunais avec des cookies Hello<sup>\u00ae<\/sup> de Lu<sup>&#x2122;<\/sup> au milieu d&rsquo;un bureau quelque part \u00e0 \u00c9vry.<\/p>\n<p style=\"text-align: left;\">Il y a douze ans, je d\u00e9jeunais avec des Prince<sup>&#x2122;<\/sup> chocolat au milieu d&rsquo;un bureau quelque part \u00e0 Clamart parce qu&rsquo;on \u00e9tait lundi.<\/p>\n<p style=\"text-align: right;\">Il y a onze ans, je d\u00e9jeunais avec un Panier<sup>\u00ae<\/sup> de Yoplait<sup>&#x2122;<\/sup> au milieu de toujours le m\u00eame patin de bureau. Je me s\u00e9dentarisais un peu trop, l\u00e0.<\/p>\n<p style=\"text-align: left;\">Il y a dix ans, je d\u00e9jeunais avec des tartines beurr\u00e9es au milieu d&rsquo;encore le m\u00eame !@#$ de bureau, au secours quelqu&rsquo;un, mais personne ne vint.<\/p>\n<p style=\"text-align: right;\">Il y a neuf ans, je d\u00e9jeunais tard avec un sandwich au milieu d&rsquo;un bureau dont je n&rsquo;osai m\u00eame pas avouer l&#8217;emplacement.<\/p>\n<p style=\"text-align: left;\">Il y a huit ans, je d\u00e9jeunais avec un caf\u00e9 au milieu d&rsquo;un endroit qui n&rsquo;\u00e9tait pas un bureau, parce que c&rsquo;\u00e9tait samedi.<\/p>\n<p style=\"text-align: right;\">Il y a sept ans, je d\u00e9jeunais avec un autre caf\u00e9 au milieu du m\u00eame endroit qui n&rsquo;\u00e9tait pas un bureau, parce que c&rsquo;\u00e9tait dimanche.<\/p>\n<p style=\"text-align: left;\">Il y a six ans, je d\u00e9jeunais avec des cookies Pepperidge Farm<sup>&#x2122;<\/sup> Sausalito<sup>\u00ae<\/sup> (qui sont pas les meilleurs Pepperidge Farm<sup>&#x2122;<\/sup> mais il ne me restait que \u00e7a) au milieu d&rsquo;un bureau quelque part dans le XIII<sup>e<\/sup> arrondissement de Paris.<\/p>\n<p style=\"text-align: right;\">Il y a cinq ans, je d\u00e9jeunais avec un croissant et une pomme, parce que, comme le dit le dicton, \u00ab&nbsp;une pomme matin ou soir envoie le m\u00e9decin se faire voir&nbsp;\u00bb, au milieu du m\u00eame bureau quelque part dans le XIII<sup>e<\/sup> arrondissement de Paris.<\/p>\n<p style=\"text-align: left;\">Il y a quatre ans, je d\u00e9jeunais avec des couquies Pepperidge Farm<sup>&#x2122;<\/sup> aux grosses grosse p\u00e9pites de chocolat \u2014&nbsp;les verts&nbsp;\u2014, qui sont de loin les meilleurs couquies Pepperidge Farm<sup>&#x2122;<\/sup> de tout l&rsquo;ouest du Pecos, pour la derni\u00e8re fois dans le m\u00eame bureau quelque part dans le XIII<sup>e<\/sup> arrondissement de Paris.<\/p>\n<p style=\"text-align: right;\">Il y a trois ans, je d\u00e9jeunais avec un croissant aux amandes assez roboratif pour me tenir la journ\u00e9e, dans un bureau d&rsquo;un 9<sup>e<\/sup> \u00e9tage du XIII<sup>e<\/sup> arrondissement de Paris.<\/p>\n<p style=\"text-align: left;\">Il y a deux ans, je ne d\u00e9jeunais pas encore, car c&rsquo;\u00e9tait dimanche et que le dimanche, on d\u00e9jeune tard.<\/p>\n<p style=\"text-align: right;\">Il y a un an, je d&eacute;jeunais avec trois <em>Petit \u00e9colier<\/em> \u2013&nbsp;et non pas trois petits \u00e9coliers&nbsp;\u2013 parce qu&rsquo;il ne me restait que \u00e7a, dans un bureau d&rsquo;un 9<sup>e<\/sup> \u00e9tage du XIII<sup>e<\/sup> arrondissement de Paris<em>.<\/em><\/p>\n<p><em>Aujourd&rsquo;hui, je d&eacute;jeune avec une viennoiserie pleine de cr&egrave;me anglaise attrap&eacute;e au vol et aval&eacute;e dans la ligne 12 du M&eacute;tropolitain de Paris.<\/em><\/p>\n<p style=\"text-align: left;\">Il y a quatorze ans, j&rsquo;allais voir Franz Ferdinand au Majestic Theater de D\u00e9troit.<\/p>\n<p style=\"text-align: right;\">Il y a treize ans, j&rsquo;allais voir Ghinzu \u00e0 l&rsquo;Olympia de Paris.<\/p>\n<p style=\"text-align: left;\">Il y a douze ans, j&rsquo;allais voir si j&rsquo;allais voir Guillemots \u00e0 la Boule Noire de Paris ce soir-l\u00e0 ou bien, pour ne finalement pas y aller.<\/p>\n<p style=\"text-align: right;\">Il y a onze ans et un jour, les White Stripes au Z\u00e9nith de Paris. Les deux jours suivants, Mademoiselle K \u00e0 l&rsquo;\u00c9lys\u00e9e-Montmartre de Paris puis au Trabendo de Paris. Y&rsquo;avait pas \u00e0 dire, on n&rsquo;avait pas des vies faciles. Et je passais beaucoup trop de temps \u00e0 Paris.<\/p>\n<p style=\"text-align: left;\">Il y a dix ans, j&rsquo;allais voir Supergrass \u00e0 l&rsquo;\u00c9lys\u00e9e-Montmartre de Paris, qui comme son nom l&rsquo;indiquait, \u00e9tait toujours \u00e0 Paris, donc moi aussi.<\/p>\n<p style=\"text-align: right;\">Il y a neuf ans, j&rsquo;allais peut-\u00eatre voir Elmer Food Beat toujours dans le m\u00eame \u00c9lys\u00e9e-Montmartre de Paris, parce qu&rsquo;un photographe de rock et de roll a rat\u00e9 sa vie si, \u00e0 50 ans, il n&rsquo;a jamais photographi\u00e9 de chanteur bedonnant en zlip kangourou. Et j&rsquo;y allai. Ma vie fut sauv\u00e9e ce soir-l\u00e0.<\/p>\n<p style=\"text-align: left;\">Il y a huit ans, apr\u00e8s \u00eatre all\u00e9 la veille au Stade de France de Saint-Denis, juste \u00e0 c\u00f4t\u00e9 de Paris, avec plein de gens, voir Muse se produire, je r\u00e9allais le resoir-m\u00eame au reStade de France de reSaint-Denis, rejuste \u00e0 c\u00f4t\u00e9 de reParis, avec replein de gens, pour revoir reMuse se reproduire. Oh mon dieu. C&rsquo;\u00e9tait un pi\u00e8ge.<\/p>\n<p style=\"text-align: right;\">Il y a sept ans, je n&rsquo;allais rien voir du tout dans aucune salle de Paris car on ne peut pas vivre des trucs int\u00e9ressants tous les ans non plus.<\/p>\n<p style=\"text-align: left;\">Il y a six ans, je n&rsquo;allais rien voir non plus dans aucune salle de Paris non plus, mais seulement parce que je le voulais bien ou bien.<\/p>\n<p style=\"text-align: right;\">Il y a cinq ans, je n&rsquo;allais voir encore-non-plus parce que va savoir pourquoi.<\/p>\n<p style=\"text-align: left;\">Il y a quatre ans, j&rsquo;allais voir Tom Vek \u00e0 la Fl\u00e8che d&rsquo;Or de Paris.<\/p>\n<p style=\"text-align: right;\">Il y a trois ans, je n&rsquo;allais rien voir non plus parce qu&rsquo;il y avait bar et qu&rsquo;on ne peut pas \u00eatre au mour et au foulin.<\/p>\n<p style=\"text-align: left;\">Il y a deux ans, j&rsquo;allais voir la troisi\u00e8me journ\u00e9e du T\u00e9l\u00e9chargement Festival au chevalodrome de Longchamp de Paris pour voir des m\u00e9talleux, boire des bi\u00e8res et manger des Monster Munch<sup>\u00ae<\/sup> gratuits.<\/p>\n<p style=\"text-align: right;\">Il y a un an, je n&rsquo;allais rien voir du tout car je revenais fort justement du T\u00e9l\u00e9chargement Festival qui avait eu lieu sur l&rsquo;avionodrome de Br\u00e9tigny-sur-Orge, un patelin situ\u00e9 loin loin l\u00e0-bas en banlieue, o\u00f9 j&rsquo;avais pu voir des m\u00e9talleux, boire des bi\u00e8res et ne pas manger de Monster Munch<sup>\u00ae<\/sup> gratuits, comme quoi tout se perdait.<\/p>\n<p><em>Aujourd&rsquo;hui, je ne vais rien voir du tout non plus car le T&eacute;l&eacute;chargement Festival tombe cette ann&eacute;e le 15 juin, et non le 8 comme je l&rsquo;ai cru toute l&rsquo;ann&eacute;e durant.<\/em><\/p>\n<p style=\"text-align: left;\">Il y a quatorze ans, je m&rsquo;\u00e9veillais le matin au doux son de <em>Bonjour Le Monde&nbsp;!<\/em>, sur CBEF Windsor, avec Charles L\u00e9vesque et Maryse Tourette, dans ma voiture lanc\u00e9e \u00e0 vive lenteur sur Orchard Lake Road.<\/p>\n<p style=\"text-align: right;\">Il y a treize ans, je m&rsquo;\u00e9veillais au doux son de Marylin Manson, dans mon RER D lanc\u00e9 \u00e0 vive lenteur sur RER D Trail.<\/p>\n<p style=\"text-align: left;\">Il y a onze ans, je m&rsquo;\u00e9veillais au doux son de Wayne Coyne introduisant son acoustique de <em>Thank You Jack White (For the Fiber-Optic Jesus That You Gave Me)<\/em><sup>2<\/sup> par \u00ab\u00a0Always read the instructions before plugging in a gift from Jack White.\u00a0\u00bb<\/p>\n<p style=\"text-align: right;\">Il y a onze ans, je m&rsquo;\u00e9veillais doucement au doux son de <em>Que de la radio<\/em> sur <a href=\"http:\/\/www.couleur3.ch\" target=\"_blank\" rel=\"noopener noreferrer\">la 3<\/a>, en b\u00e9nissant une fois de plus le ciel pour avoir invent\u00e9 la Suisse.<\/p>\n<p style=\"text-align: left;\">Il y a dix ans, je m&rsquo;\u00e9veillais doucement au doux son de la douce voix d&rsquo;\u00c9milie Gasc-Milesi visitant le mus\u00e9e d&rsquo;ethnographie de J&rsquo;n\u00e8ve, avant d&rsquo;envoyer Beck chanter <em>Cellphone&rsquo;s Dead<\/em>, un titre pas entendu depuis pfioulala-\u00e7a-nous-rajeunissait-pas, toujours dans <em>Que de la radio<\/em> et toujours sur la <a href=\"http:\/\/www.couleur3.ch\">3<\/a>, c&rsquo;\u00e9tait dingue.<\/p>\n<p style=\"text-align: right;\">Il y a neuf ans, je ne m&rsquo;\u00e9veillais plus car il \u00e9tait tard, mais au son de toujours-la-m\u00eame-<a href=\"http:\/\/www.couleur3.ch\">3<\/a> qui passait une version jazzy \u00e0 la guitare de <em>Pump Up the Jam<\/em>, reprise par The Lost Fingers, qui sonnait super bizarre, je me demandai subitement si je m&rsquo;\u00e9tais vraiment \u00e9veill\u00e9 ce matin.<\/p>\n<p style=\"text-align: left;\">Il y a huit ans, je m&rsquo;\u00e9veillais au doux son de la rediff&rsquo; de la <a href=\"http:\/\/www.rsr.ch\/#\/couleur3\/programmes\/2-0-en-cabine\/?date=11-06-2010\">premi\u00e8re de <em>2-0 en cabine<\/em><\/a>, la principale attraction de la coupe du monde de foute qu&rsquo;<a href=\"http:\/\/www.facebook.com\/cabineC3\">on \u00e9tait tous fans<\/a> et que je n&rsquo;avais pas pu \u00e9couter la veille pour cause de Muse. Ignacio Chollet, \u00e9pouse-moi.<\/p>\n<p>Il y a sept ans, je m&rsquo;\u00e9veillais au doux son d&rsquo;<em><a href=\"http:\/\/www.rsr.ch\/#\/couleur3\/programmes\/au-milieu-du-village-dominical\/?date=12-06-2011\">Au milieu du village, promenade dominicale<\/a><\/em>, la compilation hebdomadaire du monument de bon go\u00fbt et de sociologie qu&rsquo;\u00e9tait <em><a href=\"http:\/\/www.rsr.ch\/#\/couleur3\/programmes\/au-milieu-du-village\/2276086-au-milieu-du-village.html\">Au milieu du village<\/a><\/em>, ce qui montrait bien que je change rarement de cr\u00e8merie radiophonique.<\/p>\n<p style=\"text-align: left;\">Il y a six ans, je m&rsquo;\u00e9veillais au doux son de <em>Plata O Plomo<\/em> de Soulfly dans <em>Que de la radio<\/em>, sur la <a href=\"http:\/\/www.couleur3.ch\">3<\/a> et ce pour la derni\u00e8re ann\u00e9e, vu que le Dujany se cassait \u00e0 la fin de la saison pour aller voir ailleurs s&rsquo;il y \u00e9tait, mais seulement apr\u00e8s qu&rsquo;il eut finit d&rsquo;imiter Max Cavalera dans le poste.<\/p>\n<p>Il y a cinq ans, je m&rsquo;\u00e9veillais <a href=\"http:\/\/www.rts.ch\/couleur3\/programmes\/audioguide\/4940742-famous-nightclubs-3-4.html\">au doux son du <em>Ghost Rider<\/em> de Suicide qui closait l&rsquo;\u00e9pisode sur le CBGB de la semaine sp\u00e9ciale <em>Famous Nightclubs<\/em> d&rsquo;<em>Audioguide<\/em> dans <em>le Bronx<\/em> sur devine-un-peu-quelle-radio<em>.<\/em><\/a><\/p>\n<p style=\"text-align: left;\">Il y a quatre ans, je m&rsquo;\u00e9veillais au doux son d&rsquo;<a href=\"http:\/\/www.rts.ch\/couleur3\/programmes\/tartare\/5888110-tartare-12-06-2014.html?f=player\/popup&amp;date=12-06-2014\">Anselme, l&rsquo;invit\u00e9 tr\u00e8s tr\u00e8s na\u00eff qui ressemblait \u00e0 une pizza dig\u00e9r\u00e9e parce qu&rsquo;il mettait des tonnes d&rsquo;Axe<sup>\u00ae<\/sup> pour attirer les filles et qui mourrait b\u00eatement en sautant par la fen\u00eatre parce qu&rsquo;il venait de boire un Redbull<sup>\u00ae<\/sup> de <em>Tartare<\/em><\/a>, la chronique d\u00e9bile de dans <em>One-Two<\/em> l&rsquo;\u00e9mission du matin sur \u00e9videmment-toujours-la-m\u00eame-radio, une \u00e9mission dr\u00f4le qui s&rsquo;arr\u00eatait le lendemain parce que la grille d&rsquo;\u00e9t\u00e9 commen\u00e7ait d\u00e8s le lundi et pas au moment des Eurock\u00e9ennes comme chaque ann\u00e9e, ce qui me perturbait beaucoup cette phrase est tr\u00e8s longue.<\/p>\n<p>Il y a trois ans, je m&rsquo;\u00e9veillais au doux son de la spiquerine de <a href=\"http:\/\/www.rts.ch\/couleur3\/programmes\/one-two\/6821250-one-two-12-06-2015.html?f=player\/popup&amp;date=12-06-2015\"><em>One-Two<\/em> (son \u00e0 1&nbsp;h 20&nbsp;min 22&nbsp;s dans le fichier)<\/a> sur c&rsquo;est-m\u00eame-plus-la-peine-de-dire-quelle-radio, qui \u00e9tait en train de danser la <em>Carioca<\/em> avec un Doquin de Saint-Preux qui chantait tr\u00e8s, mais alors tr\u00e8s tr\u00e8s mal.<\/p>\n<p style=\"text-align: left;\">Il y a deux ans, je m&rsquo;\u00e9veillais au doux sons des <em><a href=\"http:\/\/www.rtbf.be\/classic21\/emissions_les-classiques?programId=732&amp;emissionId=83d34530bf3158ba0ea252d0d9701215&amp;date=20160612&amp;period=9\">Classiques<\/a><\/em> de Marc Ysa\u00ffe sur <a href=\"http:\/\/www.rtbf.be\/classic21\/\">Classic 21<\/a> \u2013&nbsp;car, par tradition familiale mill\u00e9naire, le dimanche matin, on \u00e9coute les <em>Classiques<\/em> de Marc Ysa\u00ffe&nbsp;\u2013 qui nous d\u00e9crassait l&rsquo;\u00e9metteur avec <em>Modern Times Rock &lsquo;n&rsquo; Roll<\/em> de Queen, sur le premier album, que je n&rsquo;avais jamais entendu, comme quoi il n&rsquo;est jamais trop tard pour apprendre.<\/p>\n<p style=\"text-align: left;\">Il y a un an, je m&rsquo;\u00e9veillais au doux son de la bonne parole de <a href=\"https:\/\/www.rts.ch\/play\/radio\/365-pensees-philosophiques\/audio\/365-pensees-philosophiques?id=8649976\">Jean-Gabriel Cu\u00e9nod expliquant \u00e0 ses ouailles qu&rsquo;il faut br\u00fbler les saltimbanques<\/a>, et ce dans le <em>One-Two<\/em> du matin, toujours sur la m\u00eame radio.<\/p>\n<p>  &nbsp;<\/p>\n<p><em>Aujourd&rsquo;hui, je m&rsquo;&eacute;veille au doux son de la voix du <a href=\"https:\/\/www.rts.ch\/play\/radio\/bille-en-tete\/audio\/annecy-circulaire-25?id=9604987\">Dujany visitant un traiteur ann&eacute;cien avec le Ligron qui nous explique comment reconna&icirc;tre un bon saucisson<\/a>, et ce sur pour-une-fois-pas-la-m&ecirc;me-radio car <\/em>Bille en t&ecirc;te<em>, &ccedil;a passe sur la Premi&egrave;re.<\/em><\/p>\n<p style=\"text-align: left;\">Il y a quatorze ans, il faisait beau.<\/p>\n<p style=\"text-align: right;\">Il y a treize ans, il faisait beau aussi. <\/p>\n<p style=\"text-align: left;\">Il y a douze ans il faisait beau et surtout chaud, j&rsquo;\u00e9tais d\u00e9j\u00e0 liqu\u00e9fi\u00e9 alors qu&rsquo;il n&rsquo;\u00e9tait que 10&nbsp;h et \u00e7a, \u00e7a su\u00e7ait grave.<\/p>\n<p style=\"text-align: right;\">Il y a onze ans il faisait gris, ce qui su\u00e7ait un peu moins. <\/p>\n<p style=\"text-align: left;\">Il y a dix ans il faisait gris aussi, ce qui me faisait r\u00e9aliser que mon histoire se r\u00e9p\u00e9tait un peu trop, ces temps-l\u00e0.<\/p>\n<p style=\"text-align: right;\">Il y a neuf ans, il faisait carr\u00e9ment moche. \u00c7a devenait une tradition. <\/p>\n<p style=\"text-align: left;\">Il y a huit ans, il faisait moche aussi. Je croyais qu&rsquo;on m&rsquo;en voulait personnellement.<\/p>\n<p style=\"text-align: right;\">Il y a sept ans, GLORIA ALLELU\u00cfA il faisait enfin beau, dis donc. <\/p>\n<p style=\"text-align: left;\">Il y a six ans, il refaisait remoche. \u00a1Caramba! Encore rat\u00e9.<\/p>\n<p style=\"text-align: right;\">Il y a cinq ans, il continuait \u00e0 faire moche. C&rsquo;\u00e9tait d\u00e9sesp\u00e9rant. <\/p>\n<p style=\"text-align: left;\">Il y a quatre ans, il faisait beau et chaud. Ou chaud et beau. Je ne savais pas trop.<\/p>\n<p style=\"text-align: right;\">Il y a trois ans, il fait tr\u00e8s beau et tr\u00e8s tr\u00e8s chaud et je pensais fondre avant ce soir-l\u00e0 (ce qui n&rsquo;arriva heureusement point). <\/p>\n<p style=\"text-align: left;\">Il y a deux ans, il ne faisait ni vraiment beau, ni vraiment chaud, ou peut-\u00eatre le contraire.<\/p>\n<p style=\"text-align: right;\">Il y a un an, il faisait cheau et baud.<\/p>\n<p><em>Aujourd&rsquo;hui, il fait vraiment, vraiment tr&egrave;s moche.<\/em><\/p>\n<p style=\"text-align: left;\">Il y a quatorze ans, nous \u00e9tions le 12 juin.<\/p>\n<p style=\"text-align: right;\">Il y a treize ans, nous \u00e9tions le 12 et un jour, ce qui signifiait que j&rsquo;\u00e9tais en retard. <\/p>\n<p style=\"text-align: left;\">Il y a douze ans, nous \u00e9tions le 12 juin, ce qui voulait dire que je sais retenir les le\u00e7ons du pass\u00e9.<\/p>\n<p style=\"text-align: right;\">Il y a onze ans, nous \u00e9tions encore le 12 juin, et je n&rsquo;avais r\u00e9alis\u00e9 que 5 minutes auparavant que le 12 juin, c&rsquo;\u00e9tait Il y a onze ans. <\/p>\n<p style=\"text-align: left;\">Il y a dix ans nous \u00e9tions, c&rsquo;est fou \u00e7a, le 12 juin.<\/p>\n<p style=\"text-align: right;\">Il y a neuf ans nous \u00e9tions, gr\u00e2ce \u00e0 l&rsquo;implacable r\u00e9gularit\u00e9 cyclique super-pr\u00e9visible du calendrier gr\u00e9gorien, deviniez quoi&nbsp;? Le 12 juin. <\/p>\n<p style=\"text-align: left;\">Il y a huit ans, nous \u00e9tions justement un Il y a huit ans qui tombait un 12 juin. Mais pas le m\u00eame que les autres.<\/p>\n<p style=\"text-align: right;\">Il y a sept ans, nous \u00e9tions la veille du 13 juin et donc le 12. C&rsquo;\u00e9tait \u00e9patant. <\/p>\n<p style=\"text-align: left;\">Il y a six ans, nous \u00e9tions encore le 12 juin, croyais-je.<\/p>\n<p style=\"text-align: right;\">Il y a cinq ans, il me semblait, si je me souvenais bien, que, voyiez-vous, nous \u00e9tions le 12 juin. <\/p>\n<p style=\"text-align: left;\">Il y a quatre ans, nous \u00e9tions encore et toujours le 12 juin.<\/p>\n<p style=\"text-align: right;\">Il y a trois ans, et ce gr\u00e2ce \u2014&nbsp;ou \u00e0 cause, tout d\u00e9pend du point de vue duquel on se place&nbsp;\u2014, Il y a trois ans, donc, selon \u2014&nbsp;ne nous mouillons point&nbsp;\u2014 la marche immuable de l&rsquo;univers vers le bonheur universel et le progr\u00e8s mondial, nous \u00e9tions, si j&rsquo;avais bien compris, le 12 juin. <\/p>\n<p style=\"text-align: left;\">Il y a deux ans, nous \u00e9tions, une fois encore, le 12 juin.<\/p>\n<p style=\"text-align: right;\">Il y a un an nous &eacute;tions \u2013&nbsp;\u00e7a m&rsquo;\u00e9patera toujours \u2013&nbsp;teniez-vous bien&nbsp;: le 12 juin.<\/p>\n<p><em>Aujourd&rsquo;hui, nous sommes &ndash;&nbsp;je regarde mon calendrier des Postes&nbsp;&ndash; fichtre alors&nbsp;! Le 12 juin.<\/em><\/p>\n<p style=\"text-align: left;\">Et voil&agrave; que ce journal a quatorze ans. S&rsquo;il &eacute;tait un &ecirc;tre humain, il aurait plein de bouton, la voix qui mue, il ne rangerait jamais sa chambre, exigerait un Niphone X pour son nannive et refuserait de faire son stage de 3<sup>e<\/sup> &agrave; moins que ce f&ucirc;t comme assistant personnel de Cardibi, Adollarap&eacute; Rocky, Quengige Irak ou Quendry Clamart. Au lieu de &ccedil;a, il ralentit un peu le rythme, ne trouve plus autant de jeu de mot stupides qu&rsquo;avant et nous sort aussi de moins en moins de textes, mais ses photos sont plus grandes qu&rsquo;en 2004 &ndash;&nbsp;et, esp&eacute;rons-le, un peu meilleures&nbsp;&ndash; et puis, surtout, il existe toujours 14 ans apr&egrave;s sa cr&eacute;ation (et 13 ans et demi apr&egrave;s la sortie du terme &laquo;&nbsp;blog&nbsp;&raquo; du <em>Grand dictionnaire du cool<\/em>), ce qui d&eacute;j&agrave; est un exploit en soi.<\/p>\n<p style=\"text-align: right;\"><em>We lived through another day,<br \/>\n  It&rsquo;s a good excuse to celebrate.<\/em><\/p>\n<p style=\"text-align: right;\">Dit toujours le po\u00e8te.<\/p>\n<p style=\"text-align: right;\">Mais \u00e0 part \u00e7a, rien.<\/p>\n<p style=\"text-align: right;\">\u00c0 demain.<\/p>\n<p>_____ <\/p>\n<div id=\"bas_note\">\n<p><sup>1<\/sup> Et deux ann\u00e9es plus tard, je me d\u00e9cidai enfin \u00e0 vous expliquer <a href=\"https:\/\/www.wallendorff.com\/belogue\/photo\/2010\/06\/20100612-01.jpg\">pourquoi<\/a>.<\/p>\n<p><sup>2<\/sup> Que je conseille au passage toujours toujours toujours autant pour les commentaires qu&rsquo;il fait tout au long du morceau. Il est chez le bel\u00f6gue mort de <a href=\"http:\/\/vox.skynetblogs.be\">Vox<\/a>.<\/p>\n<\/div>\n","protected":false},"excerpt":{"rendered":"<p>Vol AY1582, quelque part au-dessus du Danemark, 8 mai 2018. C&rsquo;est pratique, 2018, pour savoir o\u00f9 cette photo fut prise le 8 mai 2018 &agrave; 7&nbsp;h 13 GMT et que l&rsquo;avion qui figure dessus est un A320 assurant la liaison Stockholm &ndash; Londres qui passe 300&nbsp;m plus bas. C&rsquo;est pas en 2004 que j&rsquo;aurais pu&hellip;<\/p>\n","protected":false},"author":1,"featured_media":38326,"comment_status":"open","ping_status":"open","sticky":false,"template":"","format":"standard","meta":{"_acf_changed":false,"ngg_post_thumbnail":0,"jetpack_post_was_ever_published":false,"_jetpack_newsletter_access":"","_jetpack_dont_email_post_to_subs":false,"_jetpack_newsletter_tier_id":0,"_jetpack_memberships_contains_paywalled_content":false,"_jetpack_memberships_contains_paid_content":false,"footnotes":"","jetpack_publicize_message":"","jetpack_publicize_feature_enabled":true,"jetpack_social_post_already_shared":true,"jetpack_social_options":{"image_generator_settings":{"template":"highway","default_image_id":0,"font":"","enabled":false},"version":2}},"categories":[3],"tags":[10131,10176,7749,10144,9674,14750,14271,14272,1223,14751],"class_list":["post-38321","post","type-post","status-publish","format-standard","has-post-thumbnail","hentry","category-dpc","tag-anniversaire","tag-avion","tag-cant-even-tell","tag-ciel","tag-danemark","tag-danemark-du-sud","tag-fujifilm-x-t2","tag-fujinon-xf-18-55-mm-f2-8-4-r-lm-ois","tag-soul-asylum","tag-tinglev"],"acf":[],"geo":{"latitude":54.9344711,"longitude":9.2501364,"description":"6360 Tinglev, Danemark"},"jetpack_publicize_connections":[],"jetpack_featured_media_url":"https:\/\/www.wallendorff.com\/belogue\/wp-content\/uploads\/2018\/06\/20180612.jpg","jetpack_shortlink":"https:\/\/wp.me\/p3b35P-9Y5","jetpack_sharing_enabled":true,"jetpack-related-posts":[{"id":1066,"url":"https:\/\/www.wallendorff.com\/belogue\/2007\/10\/25\/beatsteaks-la-maroquinerie-paris\/","url_meta":{"origin":38321,"position":0},"title":"Beatsteaks @ la Maroquinerie, Paris.","author":"dpc","date":"25 octobre 2007","format":false,"excerpt":"Devant une salle \u00e0 97% allemande, les Beatsteaks rattrapent leur punk-pop honn\u00eate mais pas g\u00e9nial avec une prestation sc\u00e9nique compl\u00e8tement barr\u00e9e anim\u00e9e par le chanteur Arnim Teutoburg-Wei\u00df1, qui va et vient de la sc\u00e8ne \u00e0 la salle en passant par la r\u00e9gie, faisant asseoir les gens, les invitant sur sc\u00e8ne\u2026","rel":"","context":"Dans &quot;Alive&quot;","block_context":{"text":"Alive","link":"https:\/\/www.wallendorff.com\/belogue\/category\/alive\/"},"img":{"alt_text":"","src":"https:\/\/i0.wp.com\/www.wallendorff.com\/belogue\/wp-content\/uploads\/2015\/04\/20071025.jpg?resize=350%2C200&ssl=1","width":350,"height":200,"srcset":"https:\/\/i0.wp.com\/www.wallendorff.com\/belogue\/wp-content\/uploads\/2015\/04\/20071025.jpg?resize=350%2C200&ssl=1 1x, https:\/\/i0.wp.com\/www.wallendorff.com\/belogue\/wp-content\/uploads\/2015\/04\/20071025.jpg?resize=525%2C300&ssl=1 1.5x, https:\/\/i0.wp.com\/www.wallendorff.com\/belogue\/wp-content\/uploads\/2015\/04\/20071025.jpg?resize=700%2C400&ssl=1 2x"},"classes":[]},{"id":16309,"url":"https:\/\/www.wallendorff.com\/belogue\/2012\/03\/09\/and-the-horses-they-rode-in-on\/","url_meta":{"origin":38321,"position":1},"title":"And the horses they rode in on.","author":"dpc","date":"9 mars 2012","format":false,"excerpt":"Boulevard P\u00e9riph\u00e9rique, Paris, 21 janvier. Quand on a le vertige, le seul truc PIRE que de devoir grimper sur un bac \u00e0 fleurs bras tendus pour poser le fotoaparat sur le bo\u00eetier d'un transformateur \u00e9lectrique situ\u00e9 \u00e0 10\u00a0m au-dessus du p\u00e9riph' juste pour faire une pose longue pendant que ton\u2026","rel":"","context":"Dans &quot;DPC&quot;","block_context":{"text":"DPC","link":"https:\/\/www.wallendorff.com\/belogue\/category\/dpc\/"},"img":{"alt_text":"","src":"https:\/\/i0.wp.com\/www.wallendorff.com\/belogue\/wp-content\/uploads\/2015\/04\/201203091.jpg?resize=350%2C200&ssl=1","width":350,"height":200,"srcset":"https:\/\/i0.wp.com\/www.wallendorff.com\/belogue\/wp-content\/uploads\/2015\/04\/201203091.jpg?resize=350%2C200&ssl=1 1x, https:\/\/i0.wp.com\/www.wallendorff.com\/belogue\/wp-content\/uploads\/2015\/04\/201203091.jpg?resize=525%2C300&ssl=1 1.5x, https:\/\/i0.wp.com\/www.wallendorff.com\/belogue\/wp-content\/uploads\/2015\/04\/201203091.jpg?resize=700%2C400&ssl=1 2x"},"classes":[]},{"id":12088,"url":"https:\/\/www.wallendorff.com\/belogue\/2011\/01\/25\/hey-ho-lets-grow\/","url_meta":{"origin":38321,"position":2},"title":"Hey ho let&rsquo;s grow.","author":"dpc","date":"25 janvier 2011","format":false,"excerpt":"Rue du Mont-Cenis, Paris, 18 d\u00e9cembre 2010. Oui c'est tr\u00e8s cr\u00e9tin mais j'avais envie de citer les Rameauxnes. Ahah. Bref. \u00a0Scott Matthews \u2013 Elusive","rel":"","context":"Dans &quot;DPC&quot;","block_context":{"text":"DPC","link":"https:\/\/www.wallendorff.com\/belogue\/category\/dpc\/"},"img":{"alt_text":"","src":"https:\/\/i0.wp.com\/www.wallendorff.com\/belogue\/wp-content\/uploads\/2015\/04\/201101251.jpg?resize=350%2C200&ssl=1","width":350,"height":200},"classes":[]},{"id":1375,"url":"https:\/\/www.wallendorff.com\/belogue\/2004\/12\/25\/2004en-2\/","url_meta":{"origin":38321,"position":3},"title":"2004 en&#8230;","author":"dpc","date":"25 d\u00e9cembre 2004","format":false,"excerpt":"Cimeti\u00e8re du P\u00e8re-Lachaise, Paris, 1er f\u00e9vrier1. 2004 en 5 concerts\u00a0: The White Stripes + Blanche \u2013 le Z\u00e9nith \u2013 Paris \u2013 1er f\u00e9vrier Interpol + Secret Machines \u2013 State Theater \u2013 D\u00e9troit \u2013 15 octobre Flogging Molly \u2013 State Theater \u2013 D\u00e9troit \u2013 07 octobre Radiohead \u2013 Coachella Festival \u2013\u2026","rel":"","context":"Dans &quot;DPC&quot;","block_context":{"text":"DPC","link":"https:\/\/www.wallendorff.com\/belogue\/category\/dpc\/"},"img":{"alt_text":"","src":"https:\/\/i0.wp.com\/www.wallendorff.com\/belogue\/wp-content\/uploads\/2015\/04\/527.jpg?resize=350%2C200&ssl=1","width":350,"height":200,"srcset":"https:\/\/i0.wp.com\/www.wallendorff.com\/belogue\/wp-content\/uploads\/2015\/04\/527.jpg?resize=350%2C200&ssl=1 1x, https:\/\/i0.wp.com\/www.wallendorff.com\/belogue\/wp-content\/uploads\/2015\/04\/527.jpg?resize=525%2C300&ssl=1 1.5x, https:\/\/i0.wp.com\/www.wallendorff.com\/belogue\/wp-content\/uploads\/2015\/04\/527.jpg?resize=700%2C400&ssl=1 2x"},"classes":[]},{"id":549,"url":"https:\/\/www.wallendorff.com\/belogue\/2006\/07\/26\/pony-pony-pony-it-s-a-rich-man-s-world\/","url_meta":{"origin":38321,"position":4},"title":"Pony, pony, pony [It&rsquo;s a rich man&rsquo;s world.]","author":"dpc","date":"26 juillet 2006","format":false,"excerpt":"Place du Panth\u00e9on, Paris, 17 juin. Nom de Zeus. On est 8 ans plus tard, je ne pensais plus jamais les revoir1 et les revoil\u00e0 qui s'en viennent. Soul Asylum, The Silver Lining, dans les bacs depuis le 11 juillet. PS\u00a0: \u00c0 la base j'\u00e9tais parti pour une compile de\u2026","rel":"","context":"Dans &quot;DPC&quot;","block_context":{"text":"DPC","link":"https:\/\/www.wallendorff.com\/belogue\/category\/dpc\/"},"img":{"alt_text":"","src":"https:\/\/i0.wp.com\/www.wallendorff.com\/belogue\/wp-content\/uploads\/2015\/04\/200607261.jpg?resize=350%2C200&ssl=1","width":350,"height":200},"classes":[]},{"id":59,"url":"https:\/\/www.wallendorff.com\/belogue\/2005\/09\/21\/casque-ad\/","url_meta":{"origin":38321,"position":5},"title":"Casque-ad&sup1;.","author":"dpc","date":"21 septembre 2005","format":false,"excerpt":"Books and More, Ann Arbor, 3 f\u00e9vrier. \"And where will you be in 1993? Still sitting in the same chair\" Hum. Elle date un peu, cette bande-son. \u00a0Soul Asylum \u2013 Never Really Been (live) \/Edit\u00a0: \"You were thinkin' I was distressed about some universe oppressed But I was just depressed\u2026","rel":"","context":"Dans &quot;DPC&quot;","block_context":{"text":"DPC","link":"https:\/\/www.wallendorff.com\/belogue\/category\/dpc\/"},"img":{"alt_text":"","src":"https:\/\/i0.wp.com\/www.wallendorff.com\/belogue\/wp-content\/uploads\/2015\/04\/200509211.jpg?resize=350%2C200&ssl=1","width":350,"height":200},"classes":[]}],"_links":{"self":[{"href":"https:\/\/www.wallendorff.com\/belogue\/wp-json\/wp\/v2\/posts\/38321","targetHints":{"allow":["GET"]}}],"collection":[{"href":"https:\/\/www.wallendorff.com\/belogue\/wp-json\/wp\/v2\/posts"}],"about":[{"href":"https:\/\/www.wallendorff.com\/belogue\/wp-json\/wp\/v2\/types\/post"}],"author":[{"embeddable":true,"href":"https:\/\/www.wallendorff.com\/belogue\/wp-json\/wp\/v2\/users\/1"}],"replies":[{"embeddable":true,"href":"https:\/\/www.wallendorff.com\/belogue\/wp-json\/wp\/v2\/comments?post=38321"}],"version-history":[{"count":6,"href":"https:\/\/www.wallendorff.com\/belogue\/wp-json\/wp\/v2\/posts\/38321\/revisions"}],"predecessor-version":[{"id":38330,"href":"https:\/\/www.wallendorff.com\/belogue\/wp-json\/wp\/v2\/posts\/38321\/revisions\/38330"}],"wp:featuredmedia":[{"embeddable":true,"href":"https:\/\/www.wallendorff.com\/belogue\/wp-json\/wp\/v2\/media\/38326"}],"wp:attachment":[{"href":"https:\/\/www.wallendorff.com\/belogue\/wp-json\/wp\/v2\/media?parent=38321"}],"wp:term":[{"taxonomy":"category","embeddable":true,"href":"https:\/\/www.wallendorff.com\/belogue\/wp-json\/wp\/v2\/categories?post=38321"},{"taxonomy":"post_tag","embeddable":true,"href":"https:\/\/www.wallendorff.com\/belogue\/wp-json\/wp\/v2\/tags?post=38321"}],"curies":[{"name":"wp","href":"https:\/\/api.w.org\/{rel}","templated":true}]}}