{"id":38277,"date":"2018-05-29T15:17:28","date_gmt":"2018-05-29T13:17:28","guid":{"rendered":"http:\/\/www.wallendorff.com\/belogue\/?p=38277"},"modified":"2019-04-25T11:54:25","modified_gmt":"2019-04-25T09:54:25","slug":"into-the-wide-147","status":"publish","type":"post","link":"https:\/\/www.wallendorff.com\/belogue\/2018\/05\/29\/into-the-wide-147\/","title":{"rendered":"Into the wide #147."},"content":{"rendered":"\n<div id=\"photo\">\n<p><img decoding=\"async\" src=\"https:\/\/www.wallendorff.com\/belogue\/wp-content\/uploads\/2018\/05\/20180529.jpg\"><br \/>\nPont Notre-Dame, Paris, 18 avril 2018.<\/p>\n<\/p><\/div>\n<div id=\"bandeson\">\n<p><img decoding=\"async\" src=\"https:\/\/www.wallendorff.com\/belogue\/photo\/pochettes\/f\/father_john_misty-gods_favorite_customer.jpg\" align=\"left\"><em><a href=\"https:\/\/www.youtube.com\/watch?v=tAmj-Iqwu7A\">Just Dumb Enough to Try<\/a><\/em><br \/><a href=\"http:\/\/www.decemberists.com\/\">Father John Misty<\/a><\/p>\n<\/div>\n","protected":false},"excerpt":{"rendered":"<p>Pont Notre-Dame, Paris, 18 avril 2018. Just Dumb Enough to TryFather John Misty<\/p>\n","protected":false},"author":1,"featured_media":38279,"comment_status":"open","ping_status":"open","sticky":false,"template":"","format":"standard","meta":{"_acf_changed":false,"ngg_post_thumbnail":0,"jetpack_post_was_ever_published":false,"_jetpack_newsletter_access":"","_jetpack_dont_email_post_to_subs":false,"_jetpack_newsletter_tier_id":0,"_jetpack_memberships_contains_paywalled_content":false,"_jetpack_memberships_contains_paid_content":false,"footnotes":"","jetpack_publicize_message":"","jetpack_publicize_feature_enabled":true,"jetpack_social_post_already_shared":true,"jetpack_social_options":{"image_generator_settings":{"template":"highway","default_image_id":0,"font":"","enabled":false},"version":2}},"categories":[7356],"tags":[10277,10326,9647,10120,14271,14272,10121,14749,11323,10098,10380,13259,10592,10286],"class_list":["post-38277","post","type-post","status-publish","format-standard","has-post-thumbnail","hentry","category-into-the-wide","tag-10277","tag-crepuscule","tag-father-john-misty","tag-france","tag-fujifilm-x-t2","tag-fujinon-xf-18-55-mm-f2-8-4-r-lm-ois","tag-ile-de-france","tag-just-dumb-enough-to-try","tag-panoramique","tag-paris","tag-pont","tag-pont-notre-dame","tag-pose-longue","tag-seine"],"acf":[],"geo":{"latitude":48.8563004,"longitude":2.34864,"description":"Paris, \u00cele-de-France, 75020, FR"},"jetpack_publicize_connections":[],"jetpack_featured_media_url":"https:\/\/www.wallendorff.com\/belogue\/wp-content\/uploads\/2018\/05\/20180529.jpg","jetpack_shortlink":"https:\/\/wp.me\/p3b35P-9Xn","jetpack_sharing_enabled":true,"jetpack-related-posts":[{"id":131210,"url":"https:\/\/www.wallendorff.com\/belogue\/2024\/12\/02\/un-drap-mou-enorme-et-gesir\/","url_meta":{"origin":38277,"position":0},"title":"Un drap mou \u00e9norme et g\u00e9sir.","author":"dpc","date":"2 d\u00e9cembre 2024","format":false,"excerpt":"Pont Notre-Dame, Paris, 3 septembre 2024.","rel":"","context":"Dans &quot;DPC&quot;","block_context":{"text":"DPC","link":"https:\/\/www.wallendorff.com\/belogue\/category\/dpc\/"},"img":{"alt_text":"","src":"https:\/\/i0.wp.com\/www.wallendorff.com\/belogue\/wp-content\/uploads\/2024\/12\/20241202.jpg?resize=350%2C200&ssl=1","width":350,"height":200,"srcset":"https:\/\/i0.wp.com\/www.wallendorff.com\/belogue\/wp-content\/uploads\/2024\/12\/20241202.jpg?resize=350%2C200&ssl=1 1x, https:\/\/i0.wp.com\/www.wallendorff.com\/belogue\/wp-content\/uploads\/2024\/12\/20241202.jpg?resize=525%2C300&ssl=1 1.5x, https:\/\/i0.wp.com\/www.wallendorff.com\/belogue\/wp-content\/uploads\/2024\/12\/20241202.jpg?resize=700%2C400&ssl=1 2x, https:\/\/i0.wp.com\/www.wallendorff.com\/belogue\/wp-content\/uploads\/2024\/12\/20241202.jpg?resize=1050%2C600&ssl=1 3x"},"classes":[]},{"id":124122,"url":"https:\/\/www.wallendorff.com\/belogue\/2023\/03\/28\/into-the-wide-272\/","url_meta":{"origin":38277,"position":1},"title":"Into the wide #272","author":"dpc","date":"28 mars 2023","format":false,"excerpt":"","rel":"","context":"Dans &quot;Into the wide&quot;","block_context":{"text":"Into the wide","link":"https:\/\/www.wallendorff.com\/belogue\/category\/into-the-wide\/"},"img":{"alt_text":"","src":"https:\/\/i0.wp.com\/www.wallendorff.com\/belogue\/wp-content\/uploads\/2023\/03\/20230328.jpg?resize=350%2C200&ssl=1","width":350,"height":200,"srcset":"https:\/\/i0.wp.com\/www.wallendorff.com\/belogue\/wp-content\/uploads\/2023\/03\/20230328.jpg?resize=350%2C200&ssl=1 1x, https:\/\/i0.wp.com\/www.wallendorff.com\/belogue\/wp-content\/uploads\/2023\/03\/20230328.jpg?resize=525%2C300&ssl=1 1.5x, https:\/\/i0.wp.com\/www.wallendorff.com\/belogue\/wp-content\/uploads\/2023\/03\/20230328.jpg?resize=700%2C400&ssl=1 2x, https:\/\/i0.wp.com\/www.wallendorff.com\/belogue\/wp-content\/uploads\/2023\/03\/20230328.jpg?resize=1050%2C600&ssl=1 3x"},"classes":[]},{"id":37326,"url":"https:\/\/www.wallendorff.com\/belogue\/2018\/03\/02\/into-the-wide-138\/","url_meta":{"origin":38277,"position":2},"title":"Into the wide #138.","author":"dpc","date":"2 mars 2018","format":false,"excerpt":"Petit-Pont-Cardinal-Lustiger, Paris, 23 janvier. Calling Them All Away Black Rebel Motorcycle Club","rel":"","context":"Dans &quot;Into the wide&quot;","block_context":{"text":"Into the wide","link":"https:\/\/www.wallendorff.com\/belogue\/category\/into-the-wide\/"},"img":{"alt_text":"Petit-Pont-Cardinal-Lustiger, Paris, 23 janvier.","src":"https:\/\/i0.wp.com\/www.wallendorff.com\/belogue\/wp-content\/uploads\/2018\/03\/20180302.jpg?resize=350%2C200&ssl=1","width":350,"height":200,"srcset":"https:\/\/i0.wp.com\/www.wallendorff.com\/belogue\/wp-content\/uploads\/2018\/03\/20180302.jpg?resize=350%2C200&ssl=1 1x, https:\/\/i0.wp.com\/www.wallendorff.com\/belogue\/wp-content\/uploads\/2018\/03\/20180302.jpg?resize=525%2C300&ssl=1 1.5x, https:\/\/i0.wp.com\/www.wallendorff.com\/belogue\/wp-content\/uploads\/2018\/03\/20180302.jpg?resize=700%2C400&ssl=1 2x, https:\/\/i0.wp.com\/www.wallendorff.com\/belogue\/wp-content\/uploads\/2018\/03\/20180302.jpg?resize=1050%2C600&ssl=1 3x"},"classes":[]},{"id":38102,"url":"https:\/\/www.wallendorff.com\/belogue\/2018\/04\/30\/avril-2018\/","url_meta":{"origin":38277,"position":3},"title":"Avril 2018.","author":"dpc","date":"30 avril 2018","format":false,"excerpt":"Un chat pr\u00e9nomm\u00e9 \u00c9pluchure, un num\u00e9ro, un concert, un concours de pizza, un vernissage, un anniversaire, un yaourt, un rasoir, un ap\u00e9ro, une pi\u00e8ce de th\u00e9\u00e2tre, un ap\u00e9ro, un livre, un num\u00e9ro, un anniversaire, un chat pr\u00e9nomm\u00e9 \u00c9pluchure, une soir\u00e9e, du basquette \u00e0 roulettes, des chaises, une fresque, une toilette,\u2026","rel":"","context":"Dans &quot;Blog-note&quot;","block_context":{"text":"Blog-note","link":"https:\/\/www.wallendorff.com\/belogue\/category\/blog-note\/"},"img":{"alt_text":"","src":"https:\/\/i0.wp.com\/www.wallendorff.com\/belogue\/wp-content\/uploads\/2018\/05\/20180515-49.jpg?resize=350%2C200&ssl=1","width":350,"height":200,"srcset":"https:\/\/i0.wp.com\/www.wallendorff.com\/belogue\/wp-content\/uploads\/2018\/05\/20180515-49.jpg?resize=350%2C200&ssl=1 1x, https:\/\/i0.wp.com\/www.wallendorff.com\/belogue\/wp-content\/uploads\/2018\/05\/20180515-49.jpg?resize=525%2C300&ssl=1 1.5x, https:\/\/i0.wp.com\/www.wallendorff.com\/belogue\/wp-content\/uploads\/2018\/05\/20180515-49.jpg?resize=700%2C400&ssl=1 2x, https:\/\/i0.wp.com\/www.wallendorff.com\/belogue\/wp-content\/uploads\/2018\/05\/20180515-49.jpg?resize=1050%2C600&ssl=1 3x"},"classes":[]},{"id":131269,"url":"https:\/\/www.wallendorff.com\/belogue\/2024\/11\/30\/novembre-2024\/","url_meta":{"origin":38277,"position":4},"title":"Novembre 2024.","author":"dpc","date":"30 novembre 2024","format":false,"excerpt":"Un menu, un nours, un cimeti\u00e8re, un lever de soleil, un quai de RER, un balcon, une toilette, une publicit\u00e9, un gradin, une toilette, un v\u00e9lo, un concert, un extincteur, un train, une gare, un panneau, une cath\u00e9drale, un pont-canal, une for\u00eat, une \u00e9glise, une vierge, un ch\u00e2teau de jour,\u2026","rel":"","context":"Dans &quot;Blog-note&quot;","block_context":{"text":"Blog-note","link":"https:\/\/www.wallendorff.com\/belogue\/category\/blog-note\/"},"img":{"alt_text":"","src":"https:\/\/i0.wp.com\/www.wallendorff.com\/belogue\/wp-content\/uploads\/2024\/12\/20241207-56.jpg?resize=350%2C200&ssl=1","width":350,"height":200,"srcset":"https:\/\/i0.wp.com\/www.wallendorff.com\/belogue\/wp-content\/uploads\/2024\/12\/20241207-56.jpg?resize=350%2C200&ssl=1 1x, https:\/\/i0.wp.com\/www.wallendorff.com\/belogue\/wp-content\/uploads\/2024\/12\/20241207-56.jpg?resize=525%2C300&ssl=1 1.5x, https:\/\/i0.wp.com\/www.wallendorff.com\/belogue\/wp-content\/uploads\/2024\/12\/20241207-56.jpg?resize=700%2C400&ssl=1 2x, https:\/\/i0.wp.com\/www.wallendorff.com\/belogue\/wp-content\/uploads\/2024\/12\/20241207-56.jpg?resize=1050%2C600&ssl=1 3x"},"classes":[]},{"id":127373,"url":"https:\/\/www.wallendorff.com\/belogue\/2024\/01\/31\/janvier-2024\/","url_meta":{"origin":38277,"position":5},"title":"Janvier 2024.","author":"dpc","date":"31 janvier 2024","format":false,"excerpt":"Un panneau de nuit, un feu de camp, une bouteille, un premier matin, un miroir, une for\u00eat, un champ, un arbre, une balan\u00e7oire, un champ, un panneau de jour, un souper, un livre, un m\u00e9tropolitain, un lever de soleil, un pigeon, un h\u00f4tel, un caf\u00e9, un chantier, une plante, un\u2026","rel":"","context":"Dans &quot;Blog-note&quot;","block_context":{"text":"Blog-note","link":"https:\/\/www.wallendorff.com\/belogue\/category\/blog-note\/"},"img":{"alt_text":"","src":"https:\/\/i0.wp.com\/www.wallendorff.com\/belogue\/wp-content\/uploads\/2024\/02\/20240214-69.jpg?resize=350%2C200&ssl=1","width":350,"height":200,"srcset":"https:\/\/i0.wp.com\/www.wallendorff.com\/belogue\/wp-content\/uploads\/2024\/02\/20240214-69.jpg?resize=350%2C200&ssl=1 1x, https:\/\/i0.wp.com\/www.wallendorff.com\/belogue\/wp-content\/uploads\/2024\/02\/20240214-69.jpg?resize=525%2C300&ssl=1 1.5x, https:\/\/i0.wp.com\/www.wallendorff.com\/belogue\/wp-content\/uploads\/2024\/02\/20240214-69.jpg?resize=700%2C400&ssl=1 2x, https:\/\/i0.wp.com\/www.wallendorff.com\/belogue\/wp-content\/uploads\/2024\/02\/20240214-69.jpg?resize=1050%2C600&ssl=1 3x"},"classes":[]}],"_links":{"self":[{"href":"https:\/\/www.wallendorff.com\/belogue\/wp-json\/wp\/v2\/posts\/38277","targetHints":{"allow":["GET"]}}],"collection":[{"href":"https:\/\/www.wallendorff.com\/belogue\/wp-json\/wp\/v2\/posts"}],"about":[{"href":"https:\/\/www.wallendorff.com\/belogue\/wp-json\/wp\/v2\/types\/post"}],"author":[{"embeddable":true,"href":"https:\/\/www.wallendorff.com\/belogue\/wp-json\/wp\/v2\/users\/1"}],"replies":[{"embeddable":true,"href":"https:\/\/www.wallendorff.com\/belogue\/wp-json\/wp\/v2\/comments?post=38277"}],"version-history":[{"count":2,"href":"https:\/\/www.wallendorff.com\/belogue\/wp-json\/wp\/v2\/posts\/38277\/revisions"}],"predecessor-version":[{"id":38280,"href":"https:\/\/www.wallendorff.com\/belogue\/wp-json\/wp\/v2\/posts\/38277\/revisions\/38280"}],"wp:featuredmedia":[{"embeddable":true,"href":"https:\/\/www.wallendorff.com\/belogue\/wp-json\/wp\/v2\/media\/38279"}],"wp:attachment":[{"href":"https:\/\/www.wallendorff.com\/belogue\/wp-json\/wp\/v2\/media?parent=38277"}],"wp:term":[{"taxonomy":"category","embeddable":true,"href":"https:\/\/www.wallendorff.com\/belogue\/wp-json\/wp\/v2\/categories?post=38277"},{"taxonomy":"post_tag","embeddable":true,"href":"https:\/\/www.wallendorff.com\/belogue\/wp-json\/wp\/v2\/tags?post=38277"}],"curies":[{"name":"wp","href":"https:\/\/api.w.org\/{rel}","templated":true}]}}