{"id":382,"date":"2005-05-09T12:40:43","date_gmt":"2005-05-09T12:40:43","guid":{"rendered":"http:\/\/www.po-l.com\/wordpress\/?p=382"},"modified":"2012-04-05T09:34:30","modified_gmt":"2012-04-05T07:34:30","slug":"sots-tes-dupondt","status":"publish","type":"post","link":"https:\/\/www.wallendorff.com\/belogue\/2005\/05\/09\/sots-tes-dupondt\/","title":{"rendered":"Sots tes Dupondt."},"content":{"rendered":"\n<div id=\"photo\">\n<p><img decoding=\"async\" src=\"http:\/\/www.po-L.com\/belogue\/photo\/2005\/05\/20050509.jpg\" \/><br \/>\n          La Villette, Paris, 2 mai.<\/p>\n<\/p><\/div>\n<p style=\"text-align:right\"><em>&quot;So long cruel world,<br \/>\n        [So long long cruel world&#8230;]<br \/>\n        Dear mother don&rsquo;t cry,<br \/>\n        [Dear mother don&rsquo;t cry&#8230;]<br \/>\n        These are the only words I&rsquo;ll say before I die.&quot;<\/em><\/p>\n<div id=\"bandeson\">\n<p><img decoding=\"async\" src=\"https:\/\/www.wallendorff.com\/belogue\/photo\/pochettes\/b\/blanche-if_we_cant_trust_the_doctors.jpg\" align=\"left\" \/>&nbsp;<a href=\"http:\/\/www.blanchemusic.com\/\">Blanche<\/a> &ndash; <em>So Long Cruel World<\/em><\/p>\n<\/div>\n","protected":false},"excerpt":{"rendered":"<p>La Villette, Paris, 2 mai. &quot;So long cruel world, [So long long cruel world&#8230;] Dear mother don&rsquo;t cry, [Dear mother don&rsquo;t cry&#8230;] These are the only words I&rsquo;ll say before I die.&quot; &nbsp;Blanche &ndash; So Long Cruel World<\/p>\n","protected":false},"author":1,"featured_media":24322,"comment_status":"closed","ping_status":"closed","sticky":false,"template":"","format":"standard","meta":{"_acf_changed":false,"ngg_post_thumbnail":0,"jetpack_post_was_ever_published":false,"_jetpack_newsletter_access":"","_jetpack_dont_email_post_to_subs":false,"_jetpack_newsletter_tier_id":0,"_jetpack_memberships_contains_paywalled_content":false,"_jetpack_memberships_contains_paid_content":false,"footnotes":"","jetpack_publicize_message":"","jetpack_publicize_feature_enabled":true,"jetpack_social_post_already_shared":false,"jetpack_social_options":{"image_generator_settings":{"template":"highway","default_image_id":0,"font":"","enabled":false},"version":2}},"categories":[3],"tags":[10268,77,157,132,10120,10121,10269,10098,10380,10638,678],"class_list":["post-382","post","type-post","status-publish","format-standard","has-post-thumbnail","hentry","category-dpc","tag-10268","tag-blanche","tag-ef-50-mm-f18-ii","tag-eos-20d","tag-france","tag-ile-de-france","tag-parc-de-la-villette","tag-paris","tag-pont","tag-rampe","tag-so-long-cruel-world"],"acf":[],"geo":{"latitude":48.8945198,"longitude":2.3916695,"description":null},"jetpack_publicize_connections":[],"jetpack_featured_media_url":"https:\/\/www.wallendorff.com\/belogue\/wp-content\/uploads\/2015\/04\/200505091.jpg","jetpack_shortlink":"https:\/\/wp.me\/p3b35P-6a","jetpack_sharing_enabled":true,"jetpack-related-posts":[{"id":30624,"url":"https:\/\/www.wallendorff.com\/belogue\/2016\/04\/04\/stalingrad\/","url_meta":{"origin":382,"position":0},"title":"Stalingrad.","author":"dpc","date":"4 avril 2016","format":false,"excerpt":"Boulevard de la Villette, Paris, 23 janvier. Boulevard de la Villette, Paris, 23 janvier. Boulevard de la Villette, Paris, 23 janvier. Stuntman Kasabian","rel":"","context":"Dans &quot;DPC&quot;","block_context":{"text":"DPC","link":"https:\/\/www.wallendorff.com\/belogue\/category\/dpc\/"},"img":{"alt_text":"","src":"https:\/\/i0.wp.com\/www.wallendorff.com\/belogue\/wp-content\/uploads\/2016\/04\/20160404-03.jpg?resize=350%2C200&ssl=1","width":350,"height":200,"srcset":"https:\/\/i0.wp.com\/www.wallendorff.com\/belogue\/wp-content\/uploads\/2016\/04\/20160404-03.jpg?resize=350%2C200&ssl=1 1x, https:\/\/i0.wp.com\/www.wallendorff.com\/belogue\/wp-content\/uploads\/2016\/04\/20160404-03.jpg?resize=525%2C300&ssl=1 1.5x, https:\/\/i0.wp.com\/www.wallendorff.com\/belogue\/wp-content\/uploads\/2016\/04\/20160404-03.jpg?resize=700%2C400&ssl=1 2x"},"classes":[]},{"id":7642,"url":"https:\/\/www.wallendorff.com\/belogue\/2010\/06\/06\/menomena-junip-la-fleche-dor-paris\/","url_meta":{"origin":382,"position":1},"title":"Menomena + Junip @ la Fl\u00e8che d&rsquo;Or, Paris.","author":"dpc","date":"6 juin 2010","format":false,"excerpt":"\u00a0Junip \u2013 Far Away Junip Menomena","rel":"","context":"Dans &quot;Alive&quot;","block_context":{"text":"Alive","link":"https:\/\/www.wallendorff.com\/belogue\/category\/alive\/"},"img":{"alt_text":"","src":"https:\/\/i0.wp.com\/www.wallendorff.com\/belogue\/wp-content\/uploads\/2015\/04\/201006061.jpg?resize=350%2C200&ssl=1","width":350,"height":200,"srcset":"https:\/\/i0.wp.com\/www.wallendorff.com\/belogue\/wp-content\/uploads\/2015\/04\/201006061.jpg?resize=350%2C200&ssl=1 1x, https:\/\/i0.wp.com\/www.wallendorff.com\/belogue\/wp-content\/uploads\/2015\/04\/201006061.jpg?resize=525%2C300&ssl=1 1.5x, https:\/\/i0.wp.com\/www.wallendorff.com\/belogue\/wp-content\/uploads\/2015\/04\/201006061.jpg?resize=700%2C400&ssl=1 2x"},"classes":[]},{"id":7647,"url":"https:\/\/www.wallendorff.com\/belogue\/2010\/06\/07\/come-on-lets-start-the-healing\/","url_meta":{"origin":382,"position":2},"title":"Come on let&rsquo;s start the healing.","author":"dpc","date":"7 juin 2010","format":false,"excerpt":"Cimeti\u00e8re du Montparnasse, Paris, 5 juin. Huhuhu. \u00a0The Icarus Line \u2013 On the Lash","rel":"","context":"Dans &quot;DPC&quot;","block_context":{"text":"DPC","link":"https:\/\/www.wallendorff.com\/belogue\/category\/dpc\/"},"img":{"alt_text":"","src":"https:\/\/i0.wp.com\/www.wallendorff.com\/belogue\/wp-content\/uploads\/2015\/04\/201006071.jpg?resize=350%2C200&ssl=1","width":350,"height":200,"srcset":"https:\/\/i0.wp.com\/www.wallendorff.com\/belogue\/wp-content\/uploads\/2015\/04\/201006071.jpg?resize=350%2C200&ssl=1 1x, https:\/\/i0.wp.com\/www.wallendorff.com\/belogue\/wp-content\/uploads\/2015\/04\/201006071.jpg?resize=525%2C300&ssl=1 1.5x"},"classes":[]},{"id":21018,"url":"https:\/\/www.wallendorff.com\/belogue\/2013\/05\/27\/the-flaming-lips-villette-sonique-grande-halle-de-la-villette-paris-24-mai\/","url_meta":{"origin":382,"position":3},"title":"The Flaming Lips @ Villette Sonique, Grande Halle de la Villette, Paris, 24 mai.","author":"dpc","date":"27 mai 2013","format":false,"excerpt":"\u00a0","rel":"","context":"Dans &quot;Alive&quot;","block_context":{"text":"Alive","link":"https:\/\/www.wallendorff.com\/belogue\/category\/alive\/"},"img":{"alt_text":"","src":"https:\/\/i0.wp.com\/www.wallendorff.com\/belogue\/wp-content\/uploads\/2015\/04\/201305271.jpg?resize=350%2C200&ssl=1","width":350,"height":200,"srcset":"https:\/\/i0.wp.com\/www.wallendorff.com\/belogue\/wp-content\/uploads\/2015\/04\/201305271.jpg?resize=350%2C200&ssl=1 1x, https:\/\/i0.wp.com\/www.wallendorff.com\/belogue\/wp-content\/uploads\/2015\/04\/201305271.jpg?resize=525%2C300&ssl=1 1.5x, https:\/\/i0.wp.com\/www.wallendorff.com\/belogue\/wp-content\/uploads\/2015\/04\/201305271.jpg?resize=700%2C400&ssl=1 2x"},"classes":[]},{"id":30967,"url":"https:\/\/www.wallendorff.com\/belogue\/2016\/05\/18\/into-the-wide-65\/","url_meta":{"origin":382,"position":4},"title":"Into the wide #65.","author":"dpc","date":"18 mai 2016","format":false,"excerpt":"Boulevard de la Villette, Paris, 28 f\u00e9vrier. Merci Pascal. Burn the Witch Radiohead","rel":"","context":"Dans &quot;Into the wide&quot;","block_context":{"text":"Into the wide","link":"https:\/\/www.wallendorff.com\/belogue\/category\/into-the-wide\/"},"img":{"alt_text":"","src":"https:\/\/i0.wp.com\/www.wallendorff.com\/belogue\/wp-content\/uploads\/2016\/05\/20160518.jpg?resize=350%2C200&ssl=1","width":350,"height":200,"srcset":"https:\/\/i0.wp.com\/www.wallendorff.com\/belogue\/wp-content\/uploads\/2016\/05\/20160518.jpg?resize=350%2C200&ssl=1 1x, https:\/\/i0.wp.com\/www.wallendorff.com\/belogue\/wp-content\/uploads\/2016\/05\/20160518.jpg?resize=525%2C300&ssl=1 1.5x, https:\/\/i0.wp.com\/www.wallendorff.com\/belogue\/wp-content\/uploads\/2016\/05\/20160518.jpg?resize=700%2C400&ssl=1 2x, https:\/\/i0.wp.com\/www.wallendorff.com\/belogue\/wp-content\/uploads\/2016\/05\/20160518.jpg?resize=1050%2C600&ssl=1 3x"},"classes":[]},{"id":7640,"url":"https:\/\/www.wallendorff.com\/belogue\/2010\/06\/05\/fond-de-tiroir-10\/","url_meta":{"origin":382,"position":5},"title":"Fond de tiroir #10.","author":"dpc","date":"5 juin 2010","format":false,"excerpt":"Quatri\u00e8me \u00c9glise Presbyt\u00e9rienne, Chicago, 30 avril 2009. \u00a0Sea of Bees \u2013 Marmalade","rel":"","context":"Dans &quot;DPC&quot;","block_context":{"text":"DPC","link":"https:\/\/www.wallendorff.com\/belogue\/category\/dpc\/"},"img":{"alt_text":"","src":"https:\/\/i0.wp.com\/www.wallendorff.com\/belogue\/wp-content\/uploads\/2015\/04\/201006051.jpg?resize=350%2C200&ssl=1","width":350,"height":200},"classes":[]}],"_links":{"self":[{"href":"https:\/\/www.wallendorff.com\/belogue\/wp-json\/wp\/v2\/posts\/382","targetHints":{"allow":["GET"]}}],"collection":[{"href":"https:\/\/www.wallendorff.com\/belogue\/wp-json\/wp\/v2\/posts"}],"about":[{"href":"https:\/\/www.wallendorff.com\/belogue\/wp-json\/wp\/v2\/types\/post"}],"author":[{"embeddable":true,"href":"https:\/\/www.wallendorff.com\/belogue\/wp-json\/wp\/v2\/users\/1"}],"replies":[{"embeddable":true,"href":"https:\/\/www.wallendorff.com\/belogue\/wp-json\/wp\/v2\/comments?post=382"}],"version-history":[{"count":2,"href":"https:\/\/www.wallendorff.com\/belogue\/wp-json\/wp\/v2\/posts\/382\/revisions"}],"predecessor-version":[{"id":16711,"href":"https:\/\/www.wallendorff.com\/belogue\/wp-json\/wp\/v2\/posts\/382\/revisions\/16711"}],"wp:featuredmedia":[{"embeddable":true,"href":"https:\/\/www.wallendorff.com\/belogue\/wp-json\/wp\/v2\/media\/24322"}],"wp:attachment":[{"href":"https:\/\/www.wallendorff.com\/belogue\/wp-json\/wp\/v2\/media?parent=382"}],"wp:term":[{"taxonomy":"category","embeddable":true,"href":"https:\/\/www.wallendorff.com\/belogue\/wp-json\/wp\/v2\/categories?post=382"},{"taxonomy":"post_tag","embeddable":true,"href":"https:\/\/www.wallendorff.com\/belogue\/wp-json\/wp\/v2\/tags?post=382"}],"curies":[{"name":"wp","href":"https:\/\/api.w.org\/{rel}","templated":true}]}}