{"id":3811,"date":"2009-01-20T11:51:27","date_gmt":"2009-01-20T10:51:27","guid":{"rendered":"http:\/\/www.po-l.com\/belogue\/?p=3811"},"modified":"2018-05-23T08:16:23","modified_gmt":"2018-05-23T06:16:23","slug":"deuxmilledeux-2008","status":"publish","type":"post","link":"https:\/\/www.wallendorff.com\/belogue\/2009\/01\/20\/deuxmilledeux-2008\/","title":{"rendered":"2002-2008."},"content":{"rendered":"<div id=\"photo\">\n<p><img decoding=\"async\" src=\"https:\/\/www.wallendorff.com\/belogue\/photo\/2009\/01\/20090120-01.jpg\" \/><\/p>\n<\/div>\n<div id=\"photo2\">\n<p><img decoding=\"async\" src=\"https:\/\/www.wallendorff.com\/belogue\/photo\/2009\/01\/20090120-02.jpg\" \/><\/p>\n<\/div>\n<div id=\"photo2\">\n<p><img decoding=\"async\" src=\"https:\/\/www.wallendorff.com\/belogue\/photo\/2009\/01\/20090120-03.jpg\" \/><\/p>\n<\/div>\n<div id=\"photo2\">\n<p><img decoding=\"async\" src=\"https:\/\/www.wallendorff.com\/belogue\/photo\/2009\/01\/20090120-04.jpg\" \/><\/p>\n<\/div>\n<div id=\"photo2\">\n<p><img decoding=\"async\" src=\"https:\/\/www.wallendorff.com\/belogue\/photo\/2009\/01\/20090120-05.jpg\" \/><\/p>\n<\/div>\n<div id=\"photo2\">\n<p><img decoding=\"async\" src=\"https:\/\/www.wallendorff.com\/belogue\/photo\/2009\/01\/20090120-06.jpg\" \/><\/p>\n<\/div>\n<div id=\"photo2\">\n<p><img decoding=\"async\" src=\"https:\/\/www.wallendorff.com\/belogue\/photo\/2009\/01\/20090120-07.jpg\" \/><\/p>\n<\/div>\n<p style=\"text-align:right\">At least <em>you<\/em> never betrayed me.<\/p>\n<div id=\"bandeson\">\n<p><img decoding=\"async\" src=\"https:\/\/www.wallendorff.com\/belogue\/photo\/pochettes\/p\/pearl_jam-vs.jpg\" align=\"left\" \/>&nbsp;<a href=\"http:\/\/www.tenclub.net\/\">Pearl Jam<\/a> &ndash; <em>Rearviewmirror<\/em><\/p>\n<\/div>\n","protected":false},"excerpt":{"rendered":"<p>At least you never betrayed me. &nbsp;Pearl Jam &ndash; Rearviewmirror<\/p>\n","protected":false},"author":1,"featured_media":25343,"comment_status":"open","ping_status":"open","sticky":false,"template":"","format":"standard","meta":{"_acf_changed":false,"ngg_post_thumbnail":0,"jetpack_post_was_ever_published":false,"_jetpack_newsletter_access":"","_jetpack_dont_email_post_to_subs":false,"_jetpack_newsletter_tier_id":0,"_jetpack_memberships_contains_paywalled_content":false,"_jetpack_memberships_contains_paid_content":false,"footnotes":"","jetpack_publicize_message":"","jetpack_publicize_feature_enabled":true,"jetpack_social_post_already_shared":false,"jetpack_social_options":{"image_generator_settings":{"template":"highway","default_image_id":0,"font":"","enabled":false},"version":2}},"categories":[3],"tags":[2571,2615,10743,417,10238,10120,782,10175,10173,10174,10147,10165,2667],"class_list":["post-3811","post","type-post","status-publish","format-standard","has-post-thumbnail","hentry","category-dpc","tag-ef-16-35-mm-f28l-ii-usm","tag-eos-5d-mark-ii","tag-cathedrale","tag-cathedrale-saint-etienne","tag-eglise","tag-france","tag-jaune","tag-lorraine","tag-metz","tag-moselle","tag-nuit","tag-pearl-jam","tag-rearviewmirror"],"acf":[],"geo":{"latitude":49.1219215,"longitude":6.1752772,"description":"10-11 Place de la Pr\u00e9fecture, 57000 Metz, France"},"jetpack_publicize_connections":[],"jetpack_featured_media_url":"https:\/\/www.wallendorff.com\/belogue\/wp-content\/uploads\/2015\/04\/20090120-011.jpg","jetpack_shortlink":"https:\/\/wp.me\/p3b35P-Zt","jetpack_sharing_enabled":true,"jetpack-related-posts":[{"id":525,"url":"https:\/\/www.wallendorff.com\/belogue\/2004\/12\/22\/the-more-you-miss-the-more-you-ll-kiss\/","url_meta":{"origin":3811,"position":0},"title":"The more you miss, the more you&rsquo;ll kiss.","author":"dpc","date":"22 d\u00e9cembre 2004","format":false,"excerpt":"Place d'Armes, 21 d\u00e9cembre. \u00a0Pearl Jam \u2013 Red Mosquito","rel":"","context":"Dans &quot;DPC&quot;","block_context":{"text":"DPC","link":"https:\/\/www.wallendorff.com\/belogue\/category\/dpc\/"},"img":{"alt_text":"","src":"https:\/\/i0.wp.com\/www.wallendorff.com\/belogue\/wp-content\/uploads\/2015\/04\/493.jpg?resize=350%2C200&ssl=1","width":350,"height":200},"classes":[]},{"id":858,"url":"https:\/\/www.wallendorff.com\/belogue\/2006\/12\/24\/prechi-percha\/","url_meta":{"origin":3811,"position":1},"title":"Pr\u00e9chi-percha.","author":"dpc","date":"24 d\u00e9cembre 2006","format":false,"excerpt":"\u00cele de la Cit\u00e9, Paris, 23 d\u00e9cembre. \u00c0 la base j'aurais plut\u00f4t voulu mettre celle-ci, mais faut avouer que derri\u00e8re, personne n'aurait cal\u00e9 le jeu de mots du titre. Sinon \u00e0 part \u00e7a, rien. Bon r\u00e9veillon tout le monde, hein. \u00a0Pearl Jam \u2013 Immortality (live Benaroya Hall, Seattle, Oct. 22nd,\u2026","rel":"","context":"Dans &quot;DPC&quot;","block_context":{"text":"DPC","link":"https:\/\/www.wallendorff.com\/belogue\/category\/dpc\/"},"img":{"alt_text":"","src":"https:\/\/i0.wp.com\/www.wallendorff.com\/belogue\/wp-content\/uploads\/2015\/04\/200612241.jpg?resize=350%2C200&ssl=1","width":350,"height":200},"classes":[]},{"id":22345,"url":"https:\/\/www.wallendorff.com\/belogue\/2014\/01\/06\/sapins-trient-forts-ceux-des-villes\/","url_meta":{"origin":3811,"position":2},"title":"Sapins trient fort ceux des villes.","author":"dpc","date":"6 janvier 2014","format":false,"excerpt":"Parvis Notre-Dame \u2013 place Jean-Paul-II, Paris, 16 d\u00e9cembre 2013. [Je fais un peu beaucoup dans la cath\u00e9drale, ces temps.] Is This Christmas? The Wombats","rel":"","context":"Dans &quot;DPC&quot;","block_context":{"text":"DPC","link":"https:\/\/www.wallendorff.com\/belogue\/category\/dpc\/"},"img":{"alt_text":"","src":"https:\/\/i0.wp.com\/www.wallendorff.com\/belogue\/wp-content\/uploads\/2015\/04\/201401061.jpg?resize=350%2C200&ssl=1","width":350,"height":200,"srcset":"https:\/\/i0.wp.com\/www.wallendorff.com\/belogue\/wp-content\/uploads\/2015\/04\/201401061.jpg?resize=350%2C200&ssl=1 1x, https:\/\/i0.wp.com\/www.wallendorff.com\/belogue\/wp-content\/uploads\/2015\/04\/201401061.jpg?resize=525%2C300&ssl=1 1.5x, https:\/\/i0.wp.com\/www.wallendorff.com\/belogue\/wp-content\/uploads\/2015\/04\/201401061.jpg?resize=700%2C400&ssl=1 2x"},"classes":[]},{"id":33762,"url":"https:\/\/www.wallendorff.com\/belogue\/2017\/03\/29\/dachy-ii\/","url_meta":{"origin":3811,"position":3},"title":"Dachy [II].","author":"dpc","date":"29 mars 2017","format":false,"excerpt":"Cath\u00e9drale Saint-Jean-Baptiste, Wroc\u0142aw, 25 f\u00e9vrier. Colour of Water Rose Elinor Dougall","rel":"","context":"Dans &quot;DPC&quot;","block_context":{"text":"DPC","link":"https:\/\/www.wallendorff.com\/belogue\/category\/dpc\/"},"img":{"alt_text":"","src":"https:\/\/i0.wp.com\/www.wallendorff.com\/belogue\/wp-content\/uploads\/2017\/03\/20170329.jpg?resize=350%2C200&ssl=1","width":350,"height":200,"srcset":"https:\/\/i0.wp.com\/www.wallendorff.com\/belogue\/wp-content\/uploads\/2017\/03\/20170329.jpg?resize=350%2C200&ssl=1 1x, https:\/\/i0.wp.com\/www.wallendorff.com\/belogue\/wp-content\/uploads\/2017\/03\/20170329.jpg?resize=525%2C300&ssl=1 1.5x"},"classes":[]},{"id":524,"url":"https:\/\/www.wallendorff.com\/belogue\/2004\/12\/23\/les-rangs-errance\/","url_meta":{"origin":3811,"position":4},"title":"Les rangs errance.","author":"dpc","date":"23 d\u00e9cembre 2004","format":false,"excerpt":"Cath\u00e9drale Saint-\u00c9tienne, 21 d\u00e9cembre. [Je sais pas, vous, mais perso je m'ennuie] \u00a0Serafin \u2014 Things Fall Apart","rel":"","context":"Dans &quot;DPC&quot;","block_context":{"text":"DPC","link":"https:\/\/www.wallendorff.com\/belogue\/category\/dpc\/"},"img":{"alt_text":"","src":"https:\/\/i0.wp.com\/www.wallendorff.com\/belogue\/wp-content\/uploads\/2015\/04\/504.jpg?resize=350%2C200&ssl=1","width":350,"height":200,"srcset":"https:\/\/i0.wp.com\/www.wallendorff.com\/belogue\/wp-content\/uploads\/2015\/04\/504.jpg?resize=350%2C200&ssl=1 1x, https:\/\/i0.wp.com\/www.wallendorff.com\/belogue\/wp-content\/uploads\/2015\/04\/504.jpg?resize=525%2C300&ssl=1 1.5x, https:\/\/i0.wp.com\/www.wallendorff.com\/belogue\/wp-content\/uploads\/2015\/04\/504.jpg?resize=700%2C400&ssl=1 2x"},"classes":[]},{"id":4161,"url":"https:\/\/www.wallendorff.com\/belogue\/2009\/04\/20\/thon-bd-neut\/","url_meta":{"origin":3811,"position":5},"title":"Thon BD n&rsquo;eut.","author":"dpc","date":"20 avril 2009","format":false,"excerpt":"Cath\u00e9drale Saint-\u00c9tienne, Metz, 20 mars. \u00a0 The Black Box Revelation \u2013 Dollars Are Sweet, They Say","rel":"","context":"Dans &quot;DPC&quot;","block_context":{"text":"DPC","link":"https:\/\/www.wallendorff.com\/belogue\/category\/dpc\/"},"img":{"alt_text":"","src":"https:\/\/i0.wp.com\/www.wallendorff.com\/belogue\/wp-content\/uploads\/2015\/04\/200904201.jpg?resize=350%2C200&ssl=1","width":350,"height":200},"classes":[]}],"_links":{"self":[{"href":"https:\/\/www.wallendorff.com\/belogue\/wp-json\/wp\/v2\/posts\/3811","targetHints":{"allow":["GET"]}}],"collection":[{"href":"https:\/\/www.wallendorff.com\/belogue\/wp-json\/wp\/v2\/posts"}],"about":[{"href":"https:\/\/www.wallendorff.com\/belogue\/wp-json\/wp\/v2\/types\/post"}],"author":[{"embeddable":true,"href":"https:\/\/www.wallendorff.com\/belogue\/wp-json\/wp\/v2\/users\/1"}],"replies":[{"embeddable":true,"href":"https:\/\/www.wallendorff.com\/belogue\/wp-json\/wp\/v2\/comments?post=3811"}],"version-history":[{"count":6,"href":"https:\/\/www.wallendorff.com\/belogue\/wp-json\/wp\/v2\/posts\/3811\/revisions"}],"predecessor-version":[{"id":22879,"href":"https:\/\/www.wallendorff.com\/belogue\/wp-json\/wp\/v2\/posts\/3811\/revisions\/22879"}],"wp:featuredmedia":[{"embeddable":true,"href":"https:\/\/www.wallendorff.com\/belogue\/wp-json\/wp\/v2\/media\/25343"}],"wp:attachment":[{"href":"https:\/\/www.wallendorff.com\/belogue\/wp-json\/wp\/v2\/media?parent=3811"}],"wp:term":[{"taxonomy":"category","embeddable":true,"href":"https:\/\/www.wallendorff.com\/belogue\/wp-json\/wp\/v2\/categories?post=3811"},{"taxonomy":"post_tag","embeddable":true,"href":"https:\/\/www.wallendorff.com\/belogue\/wp-json\/wp\/v2\/tags?post=3811"}],"curies":[{"name":"wp","href":"https:\/\/api.w.org\/{rel}","templated":true}]}}