{"id":38088,"date":"2018-05-07T16:30:58","date_gmt":"2018-05-07T14:30:58","guid":{"rendered":"http:\/\/www.wallendorff.com\/belogue\/?p=38088"},"modified":"2018-12-26T11:09:40","modified_gmt":"2018-12-26T09:09:40","slug":"le-queux-roux-vert-rala-quaux-nues","status":"publish","type":"post","link":"https:\/\/www.wallendorff.com\/belogue\/2018\/05\/07\/le-queux-roux-vert-rala-quaux-nues\/","title":{"rendered":"Le queux roux-vert r\u00e2la qu&rsquo;aux nues."},"content":{"rendered":"<div id=\"photo\">\n<p><img decoding=\"async\" src=\"https:\/\/www.wallendorff.com\/belogue\/wp-content\/uploads\/2018\/05\/20180507.jpg\"><br \/>\nAvenue de Friedland, Paris, 12 mars.<\/p>\n<\/div>\n<div id=\"bandeson\">\n<p><img decoding=\"async\" src=\"https:\/\/www.wallendorff.com\/belogue\/photo\/pochettes\/e\/ezra_george-staying_at_tamaras.jpg\" align=\"left\"><a id=\"lienmp3\" style=\"font-weight: normal;\" href=\"http:\/\/www.youtube.com\/watch?v=UeoqHFOrYRo\"><em>All My Love<\/em><\/a><br \/>\n<a href=\"http:\/\/www.georgeezra.com\/\">George Ezra<\/a><\/p>\n<\/div>\n","protected":false},"excerpt":{"rendered":"<p>Avenue de Friedland, Paris, 12 mars. All My Love George Ezra<\/p>\n","protected":false},"author":1,"featured_media":38089,"comment_status":"open","ping_status":"open","sticky":false,"template":"","format":"standard","meta":{"_acf_changed":false,"ngg_post_thumbnail":0,"jetpack_post_was_ever_published":false,"_jetpack_newsletter_access":"","_jetpack_dont_email_post_to_subs":false,"_jetpack_newsletter_tier_id":0,"_jetpack_memberships_contains_paywalled_content":false,"_jetpack_memberships_contains_paid_content":false,"footnotes":"","jetpack_publicize_message":"","jetpack_publicize_feature_enabled":true,"jetpack_social_post_already_shared":true,"jetpack_social_options":{"image_generator_settings":{"template":"highway","default_image_id":0,"font":"","enabled":false},"version":2}},"categories":[3],"tags":[10237,14710,708,8016,14709,10326,10120,14271,14272,12456,10121,10098,15292,10775],"class_list":["post-38088","post","type-post","status-publish","format-standard","has-post-thumbnail","hentry","category-dpc","tag-10237","tag-all-my-love","tag-arc-de-triomphe","tag-arc-de-triomphe-de-letoile","tag-avenue-de-friedland","tag-crepuscule","tag-france","tag-fujifilm-x-t2","tag-fujinon-xf-18-55-mm-f2-8-4-r-lm-ois","tag-george-ezra","tag-ile-de-france","tag-paris","tag-staying-at-tamaras","tag-terrasse"],"acf":[],"geo":{"latitude":48.8739967,"longitude":2.2981794,"description":"Paris 08, \u00cele-de-France, 75008, FR"},"jetpack_publicize_connections":[],"jetpack_featured_media_url":"https:\/\/www.wallendorff.com\/belogue\/wp-content\/uploads\/2018\/05\/20180507.jpg","jetpack_shortlink":"https:\/\/wp.me\/p3b35P-9Uk","jetpack_sharing_enabled":true,"jetpack-related-posts":[{"id":49086,"url":"https:\/\/www.wallendorff.com\/belogue\/2021\/07\/30\/into-the-wide-224\/","url_meta":{"origin":38088,"position":0},"title":"Into the wide #224.","author":"dpc","date":"30 juillet 2021","format":false,"excerpt":"Avenue des Champs-\u00c9lys\u00e9es, Paris, 4 mai 2021. The Ark Django Django\u00a0","rel":"","context":"Dans &quot;Into the wide&quot;","block_context":{"text":"Into the wide","link":"https:\/\/www.wallendorff.com\/belogue\/category\/into-the-wide\/"},"img":{"alt_text":"","src":"https:\/\/i0.wp.com\/www.wallendorff.com\/belogue\/wp-content\/uploads\/2021\/07\/20210730.jpg?resize=350%2C200&ssl=1","width":350,"height":200,"srcset":"https:\/\/i0.wp.com\/www.wallendorff.com\/belogue\/wp-content\/uploads\/2021\/07\/20210730.jpg?resize=350%2C200&ssl=1 1x, https:\/\/i0.wp.com\/www.wallendorff.com\/belogue\/wp-content\/uploads\/2021\/07\/20210730.jpg?resize=525%2C300&ssl=1 1.5x, https:\/\/i0.wp.com\/www.wallendorff.com\/belogue\/wp-content\/uploads\/2021\/07\/20210730.jpg?resize=700%2C400&ssl=1 2x, https:\/\/i0.wp.com\/www.wallendorff.com\/belogue\/wp-content\/uploads\/2021\/07\/20210730.jpg?resize=1050%2C600&ssl=1 3x"},"classes":[]},{"id":50049,"url":"https:\/\/www.wallendorff.com\/belogue\/2021\/11\/25\/le-mediatique-emballement-ii-matage\/","url_meta":{"origin":38088,"position":1},"title":"Le m\u00e9diatique emballement II : matage.","author":"dpc","date":"25 novembre 2021","format":false,"excerpt":"","rel":"","context":"Dans &quot;DPC&quot;","block_context":{"text":"DPC","link":"https:\/\/www.wallendorff.com\/belogue\/category\/dpc\/"},"img":{"alt_text":"","src":"https:\/\/i0.wp.com\/www.wallendorff.com\/belogue\/wp-content\/uploads\/2021\/11\/20211122-32.jpg?resize=350%2C200&ssl=1","width":350,"height":200,"srcset":"https:\/\/i0.wp.com\/www.wallendorff.com\/belogue\/wp-content\/uploads\/2021\/11\/20211122-32.jpg?resize=350%2C200&ssl=1 1x, https:\/\/i0.wp.com\/www.wallendorff.com\/belogue\/wp-content\/uploads\/2021\/11\/20211122-32.jpg?resize=525%2C300&ssl=1 1.5x, https:\/\/i0.wp.com\/www.wallendorff.com\/belogue\/wp-content\/uploads\/2021\/11\/20211122-32.jpg?resize=700%2C400&ssl=1 2x, https:\/\/i0.wp.com\/www.wallendorff.com\/belogue\/wp-content\/uploads\/2021\/11\/20211122-32.jpg?resize=1050%2C600&ssl=1 3x"},"classes":[]},{"id":37827,"url":"https:\/\/www.wallendorff.com\/belogue\/2018\/03\/31\/mars-2018\/","url_meta":{"origin":38088,"position":2},"title":"Mars 2018.","author":"dpc","date":"31 mars 2018","format":false,"excerpt":"Un concert, une soir\u00e9e, un cr\u00e9puscule, une expo, un chat pr\u00e9nomm\u00e9 Albuquerque, un repose-clavier, un concert, un train, une gare, un arc de triomphe, un concert, une tour, un avion, un distributeur, une bi\u00e8re, un bar, un caf\u00e9, une belle carafe, une ampoule, un mus\u00e9e, un gros dinosaure, une V\u00e9nus,\u2026","rel":"","context":"Dans &quot;Blog-note&quot;","block_context":{"text":"Blog-note","link":"https:\/\/www.wallendorff.com\/belogue\/category\/blog-note\/"},"img":{"alt_text":"","src":"https:\/\/i0.wp.com\/www.wallendorff.com\/belogue\/wp-content\/uploads\/2018\/04\/20180412-28.jpg?resize=350%2C200&ssl=1","width":350,"height":200,"srcset":"https:\/\/i0.wp.com\/www.wallendorff.com\/belogue\/wp-content\/uploads\/2018\/04\/20180412-28.jpg?resize=350%2C200&ssl=1 1x, https:\/\/i0.wp.com\/www.wallendorff.com\/belogue\/wp-content\/uploads\/2018\/04\/20180412-28.jpg?resize=525%2C300&ssl=1 1.5x, https:\/\/i0.wp.com\/www.wallendorff.com\/belogue\/wp-content\/uploads\/2018\/04\/20180412-28.jpg?resize=700%2C400&ssl=1 2x, https:\/\/i0.wp.com\/www.wallendorff.com\/belogue\/wp-content\/uploads\/2018\/04\/20180412-28.jpg?resize=1050%2C600&ssl=1 3x"},"classes":[]},{"id":50020,"url":"https:\/\/www.wallendorff.com\/belogue\/2021\/11\/23\/le-mediatique-emballement-i-montage\/","url_meta":{"origin":38088,"position":3},"title":"Le m\u00e9diatique emballement I : montage.","author":"dpc","date":"23 novembre 2021","format":false,"excerpt":"","rel":"","context":"Dans &quot;DPC&quot;","block_context":{"text":"DPC","link":"https:\/\/www.wallendorff.com\/belogue\/category\/dpc\/"},"img":{"alt_text":"","src":"https:\/\/i0.wp.com\/www.wallendorff.com\/belogue\/wp-content\/uploads\/2021\/11\/20211122-04.jpg?resize=350%2C200&ssl=1","width":350,"height":200,"srcset":"https:\/\/i0.wp.com\/www.wallendorff.com\/belogue\/wp-content\/uploads\/2021\/11\/20211122-04.jpg?resize=350%2C200&ssl=1 1x, https:\/\/i0.wp.com\/www.wallendorff.com\/belogue\/wp-content\/uploads\/2021\/11\/20211122-04.jpg?resize=525%2C300&ssl=1 1.5x, https:\/\/i0.wp.com\/www.wallendorff.com\/belogue\/wp-content\/uploads\/2021\/11\/20211122-04.jpg?resize=700%2C400&ssl=1 2x, https:\/\/i0.wp.com\/www.wallendorff.com\/belogue\/wp-content\/uploads\/2021\/11\/20211122-04.jpg?resize=1050%2C600&ssl=1 3x"},"classes":[]},{"id":50113,"url":"https:\/\/www.wallendorff.com\/belogue\/2021\/11\/29\/into-the-wide-234\/","url_meta":{"origin":38088,"position":4},"title":"Into the wide #234","author":"dpc","date":"29 novembre 2021","format":false,"excerpt":"\u00c7a n\u2019a pas \u00e9t\u00e9 simple. \u00c0 6\u00a0h 35 du matin, je ne m\u2019attendais pas \u00e0 trouver autant de gens sous l\u2019arc, d\u00e9battant pour savoir si on ouvrirait \u00e0 7\u00a0h ou 9\u00a0h. Il a fallu n\u00e9gocier et demander gentiment pour obtenir finalement 1\u00a0min et 28\u00a0s sous l\u2019arc \u00e0 faire un panoramique\u2026\u2026","rel":"","context":"Dans &quot;Into the wide&quot;","block_context":{"text":"Into the wide","link":"https:\/\/www.wallendorff.com\/belogue\/category\/into-the-wide\/"},"img":{"alt_text":"","src":"https:\/\/i0.wp.com\/www.wallendorff.com\/belogue\/wp-content\/uploads\/2021\/11\/20211122-30.jpg?resize=350%2C200&ssl=1","width":350,"height":200,"srcset":"https:\/\/i0.wp.com\/www.wallendorff.com\/belogue\/wp-content\/uploads\/2021\/11\/20211122-30.jpg?resize=350%2C200&ssl=1 1x, https:\/\/i0.wp.com\/www.wallendorff.com\/belogue\/wp-content\/uploads\/2021\/11\/20211122-30.jpg?resize=525%2C300&ssl=1 1.5x, https:\/\/i0.wp.com\/www.wallendorff.com\/belogue\/wp-content\/uploads\/2021\/11\/20211122-30.jpg?resize=700%2C400&ssl=1 2x, https:\/\/i0.wp.com\/www.wallendorff.com\/belogue\/wp-content\/uploads\/2021\/11\/20211122-30.jpg?resize=1050%2C600&ssl=1 3x"},"classes":[]},{"id":4010,"url":"https:\/\/www.wallendorff.com\/belogue\/2009\/03\/11\/ton-nid-darc-haut\/","url_meta":{"origin":38088,"position":5},"title":"Ton nid d&rsquo;arc haut.","author":"dpc","date":"11 mars 2009","format":false,"excerpt":"Avenue de la Grande Arm\u00e9e, Paris, 7 f\u00e9vrier. Broken social Scene \u2013 Anthems for a Seventeen Year-Old Girl [Vivement la sortie de la version publique de Photoshop CSi, que je puisse d\u00e9placer la mise au point vers le gars qui traverse, plut\u00f4t.] \/Edit\u00a0: je viens d'enlever-remettre la photo parce qu'elle\u2026","rel":"","context":"Dans &quot;DPC&quot;","block_context":{"text":"DPC","link":"https:\/\/www.wallendorff.com\/belogue\/category\/dpc\/"},"img":{"alt_text":"","src":"https:\/\/i0.wp.com\/www.wallendorff.com\/belogue\/wp-content\/uploads\/2015\/04\/200903111.jpg?resize=350%2C200&ssl=1","width":350,"height":200},"classes":[]}],"_links":{"self":[{"href":"https:\/\/www.wallendorff.com\/belogue\/wp-json\/wp\/v2\/posts\/38088","targetHints":{"allow":["GET"]}}],"collection":[{"href":"https:\/\/www.wallendorff.com\/belogue\/wp-json\/wp\/v2\/posts"}],"about":[{"href":"https:\/\/www.wallendorff.com\/belogue\/wp-json\/wp\/v2\/types\/post"}],"author":[{"embeddable":true,"href":"https:\/\/www.wallendorff.com\/belogue\/wp-json\/wp\/v2\/users\/1"}],"replies":[{"embeddable":true,"href":"https:\/\/www.wallendorff.com\/belogue\/wp-json\/wp\/v2\/comments?post=38088"}],"version-history":[{"count":2,"href":"https:\/\/www.wallendorff.com\/belogue\/wp-json\/wp\/v2\/posts\/38088\/revisions"}],"predecessor-version":[{"id":40734,"href":"https:\/\/www.wallendorff.com\/belogue\/wp-json\/wp\/v2\/posts\/38088\/revisions\/40734"}],"wp:featuredmedia":[{"embeddable":true,"href":"https:\/\/www.wallendorff.com\/belogue\/wp-json\/wp\/v2\/media\/38089"}],"wp:attachment":[{"href":"https:\/\/www.wallendorff.com\/belogue\/wp-json\/wp\/v2\/media?parent=38088"}],"wp:term":[{"taxonomy":"category","embeddable":true,"href":"https:\/\/www.wallendorff.com\/belogue\/wp-json\/wp\/v2\/categories?post=38088"},{"taxonomy":"post_tag","embeddable":true,"href":"https:\/\/www.wallendorff.com\/belogue\/wp-json\/wp\/v2\/tags?post=38088"}],"curies":[{"name":"wp","href":"https:\/\/api.w.org\/{rel}","templated":true}]}}