{"id":38063,"date":"2018-05-03T12:03:58","date_gmt":"2018-05-03T10:03:58","guid":{"rendered":"http:\/\/www.wallendorff.com\/belogue\/?p=38063"},"modified":"2018-12-26T11:16:30","modified_gmt":"2018-12-26T09:16:30","slug":"franz-ferdinand-le-zenith-paris-27-fevrier-2018","status":"publish","type":"post","link":"https:\/\/www.wallendorff.com\/belogue\/2018\/05\/03\/franz-ferdinand-le-zenith-paris-27-fevrier-2018\/","title":{"rendered":"Franz Ferdinand @ le Z\u00e9nith, Paris, 27 f\u00e9vrier 2018."},"content":{"rendered":"<div id=\"photo\">\n<p><img decoding=\"async\" src=\"https:\/\/www.wallendorff.com\/belogue\/wp-content\/uploads\/2018\/05\/20180503-20.jpg\"><\/p>\n<\/div>\n<div id=\"bandeson\">\n<p><img decoding=\"async\" src=\"https:\/\/www.wallendorff.com\/belogue\/photo\/pochettes\/f\/franz_ferdinand-always_ascending.jpg\" align=\"left\"><a href=\"http:\/\/www.youtube.com\/watch?v=crjugtkXZN4\"><em>Always Ascending<\/em><\/a><br \/>\n<a href=\"http:\/\/www.franzferdinand.co.uk\">Franz Ferdinand<\/a><\/p>\n<\/div>\n<div id='gallery-1' class='gallery galleryid-38063 gallery-columns-3 gallery-size-large'><figure class='gallery-item'>\n\t\t\t<div class='gallery-icon landscape'>\n\t\t\t\t<a href='https:\/\/www.wallendorff.com\/belogue\/2018\/05\/03\/franz-ferdinand-le-zenith-paris-27-fevrier-2018\/franz-ferdinand-le-zenith-paris-27-02-2018-3\/'><img fetchpriority=\"high\" decoding=\"async\" width=\"1170\" height=\"780\" src=\"https:\/\/www.wallendorff.com\/belogue\/wp-content\/uploads\/2018\/05\/20180503-01-1170x780.jpg\" class=\"attachment-large size-large\" alt=\"\" aria-describedby=\"gallery-1-38064\" srcset=\"https:\/\/www.wallendorff.com\/belogue\/wp-content\/uploads\/2018\/05\/20180503-01.jpg 1170w, https:\/\/www.wallendorff.com\/belogue\/wp-content\/uploads\/2018\/05\/20180503-01-820x547.jpg 820w, https:\/\/www.wallendorff.com\/belogue\/wp-content\/uploads\/2018\/05\/20180503-01-200x133.jpg 200w, https:\/\/www.wallendorff.com\/belogue\/wp-content\/uploads\/2018\/05\/20180503-01-300x200.jpg 300w, https:\/\/www.wallendorff.com\/belogue\/wp-content\/uploads\/2018\/05\/20180503-01-1116x744.jpg 1116w, https:\/\/www.wallendorff.com\/belogue\/wp-content\/uploads\/2018\/05\/20180503-01-806x537.jpg 806w, https:\/\/www.wallendorff.com\/belogue\/wp-content\/uploads\/2018\/05\/20180503-01-558x372.jpg 558w, https:\/\/www.wallendorff.com\/belogue\/wp-content\/uploads\/2018\/05\/20180503-01-655x437.jpg 655w, https:\/\/www.wallendorff.com\/belogue\/wp-content\/uploads\/2018\/05\/20180503-01-600x400.jpg 600w\" sizes=\"(max-width: 1170px) 100vw, 1170px\" \/><\/a>\n\t\t\t<\/div>\n\t\t\t\t<figcaption class='wp-caption-text gallery-caption' id='gallery-1-38064'>\n\t\t\t\tFranz Ferdinand @ le Z\u00e9nith, Paris, 27\/02\/2018\n\t\t\t\t<\/figcaption><\/figure><figure class='gallery-item'>\n\t\t\t<div class='gallery-icon landscape'>\n\t\t\t\t<a href='https:\/\/www.wallendorff.com\/belogue\/2018\/05\/03\/franz-ferdinand-le-zenith-paris-27-fevrier-2018\/franz-ferdinand-le-zenith-paris-27-02-2018-4\/'><img decoding=\"async\" width=\"1170\" height=\"780\" src=\"https:\/\/www.wallendorff.com\/belogue\/wp-content\/uploads\/2018\/05\/20180503-02-1170x780.jpg\" class=\"attachment-large size-large\" alt=\"\" aria-describedby=\"gallery-1-38065\" srcset=\"https:\/\/www.wallendorff.com\/belogue\/wp-content\/uploads\/2018\/05\/20180503-02.jpg 1170w, https:\/\/www.wallendorff.com\/belogue\/wp-content\/uploads\/2018\/05\/20180503-02-820x547.jpg 820w, https:\/\/www.wallendorff.com\/belogue\/wp-content\/uploads\/2018\/05\/20180503-02-200x133.jpg 200w, https:\/\/www.wallendorff.com\/belogue\/wp-content\/uploads\/2018\/05\/20180503-02-300x200.jpg 300w, https:\/\/www.wallendorff.com\/belogue\/wp-content\/uploads\/2018\/05\/20180503-02-1116x744.jpg 1116w, https:\/\/www.wallendorff.com\/belogue\/wp-content\/uploads\/2018\/05\/20180503-02-806x537.jpg 806w, https:\/\/www.wallendorff.com\/belogue\/wp-content\/uploads\/2018\/05\/20180503-02-558x372.jpg 558w, https:\/\/www.wallendorff.com\/belogue\/wp-content\/uploads\/2018\/05\/20180503-02-655x437.jpg 655w, https:\/\/www.wallendorff.com\/belogue\/wp-content\/uploads\/2018\/05\/20180503-02-600x400.jpg 600w\" sizes=\"(max-width: 1170px) 100vw, 1170px\" \/><\/a>\n\t\t\t<\/div>\n\t\t\t\t<figcaption class='wp-caption-text gallery-caption' id='gallery-1-38065'>\n\t\t\t\tFranz Ferdinand @ le Z\u00e9nith, Paris, 27\/02\/2018\n\t\t\t\t<\/figcaption><\/figure><figure class='gallery-item'>\n\t\t\t<div class='gallery-icon landscape'>\n\t\t\t\t<a href='https:\/\/www.wallendorff.com\/belogue\/2018\/05\/03\/franz-ferdinand-le-zenith-paris-27-fevrier-2018\/franz-ferdinand-le-zenith-paris-27-02-2018-5\/'><img decoding=\"async\" width=\"1170\" height=\"780\" src=\"https:\/\/www.wallendorff.com\/belogue\/wp-content\/uploads\/2018\/05\/20180503-03-1170x780.jpg\" class=\"attachment-large size-large\" alt=\"\" aria-describedby=\"gallery-1-38066\" srcset=\"https:\/\/www.wallendorff.com\/belogue\/wp-content\/uploads\/2018\/05\/20180503-03.jpg 1170w, https:\/\/www.wallendorff.com\/belogue\/wp-content\/uploads\/2018\/05\/20180503-03-820x547.jpg 820w, https:\/\/www.wallendorff.com\/belogue\/wp-content\/uploads\/2018\/05\/20180503-03-200x133.jpg 200w, https:\/\/www.wallendorff.com\/belogue\/wp-content\/uploads\/2018\/05\/20180503-03-300x200.jpg 300w, https:\/\/www.wallendorff.com\/belogue\/wp-content\/uploads\/2018\/05\/20180503-03-1116x744.jpg 1116w, https:\/\/www.wallendorff.com\/belogue\/wp-content\/uploads\/2018\/05\/20180503-03-806x537.jpg 806w, https:\/\/www.wallendorff.com\/belogue\/wp-content\/uploads\/2018\/05\/20180503-03-558x372.jpg 558w, https:\/\/www.wallendorff.com\/belogue\/wp-content\/uploads\/2018\/05\/20180503-03-655x437.jpg 655w, https:\/\/www.wallendorff.com\/belogue\/wp-content\/uploads\/2018\/05\/20180503-03-600x400.jpg 600w\" sizes=\"(max-width: 1170px) 100vw, 1170px\" \/><\/a>\n\t\t\t<\/div>\n\t\t\t\t<figcaption class='wp-caption-text gallery-caption' id='gallery-1-38066'>\n\t\t\t\tFranz Ferdinand @ le Z\u00e9nith, Paris, 27\/02\/2018\n\t\t\t\t<\/figcaption><\/figure><figure class='gallery-item'>\n\t\t\t<div class='gallery-icon landscape'>\n\t\t\t\t<a href='https:\/\/www.wallendorff.com\/belogue\/2018\/05\/03\/franz-ferdinand-le-zenith-paris-27-fevrier-2018\/franz-ferdinand-le-zenith-paris-27-02-2018-6\/'><img loading=\"lazy\" decoding=\"async\" width=\"1170\" height=\"780\" src=\"https:\/\/www.wallendorff.com\/belogue\/wp-content\/uploads\/2018\/05\/20180503-04-1170x780.jpg\" class=\"attachment-large size-large\" alt=\"\" aria-describedby=\"gallery-1-38067\" srcset=\"https:\/\/www.wallendorff.com\/belogue\/wp-content\/uploads\/2018\/05\/20180503-04.jpg 1170w, https:\/\/www.wallendorff.com\/belogue\/wp-content\/uploads\/2018\/05\/20180503-04-820x547.jpg 820w, https:\/\/www.wallendorff.com\/belogue\/wp-content\/uploads\/2018\/05\/20180503-04-200x133.jpg 200w, https:\/\/www.wallendorff.com\/belogue\/wp-content\/uploads\/2018\/05\/20180503-04-300x200.jpg 300w, https:\/\/www.wallendorff.com\/belogue\/wp-content\/uploads\/2018\/05\/20180503-04-1116x744.jpg 1116w, https:\/\/www.wallendorff.com\/belogue\/wp-content\/uploads\/2018\/05\/20180503-04-806x537.jpg 806w, https:\/\/www.wallendorff.com\/belogue\/wp-content\/uploads\/2018\/05\/20180503-04-558x372.jpg 558w, https:\/\/www.wallendorff.com\/belogue\/wp-content\/uploads\/2018\/05\/20180503-04-655x437.jpg 655w, https:\/\/www.wallendorff.com\/belogue\/wp-content\/uploads\/2018\/05\/20180503-04-600x400.jpg 600w\" sizes=\"(max-width: 1170px) 100vw, 1170px\" \/><\/a>\n\t\t\t<\/div>\n\t\t\t\t<figcaption class='wp-caption-text gallery-caption' id='gallery-1-38067'>\n\t\t\t\tFranz Ferdinand @ le Z\u00e9nith, Paris, 27\/02\/2018\n\t\t\t\t<\/figcaption><\/figure><figure class='gallery-item'>\n\t\t\t<div class='gallery-icon portrait'>\n\t\t\t\t<a href='https:\/\/www.wallendorff.com\/belogue\/2018\/05\/03\/franz-ferdinand-le-zenith-paris-27-fevrier-2018\/franz-ferdinand-le-zenith-paris-27-02-2018-7\/'><img loading=\"lazy\" decoding=\"async\" width=\"683\" height=\"1024\" src=\"https:\/\/www.wallendorff.com\/belogue\/wp-content\/uploads\/2018\/05\/20180503-05-683x1024.jpg\" class=\"attachment-large size-large\" alt=\"\" aria-describedby=\"gallery-1-38068\" srcset=\"https:\/\/www.wallendorff.com\/belogue\/wp-content\/uploads\/2018\/05\/20180503-05-683x1024.jpg 683w, https:\/\/www.wallendorff.com\/belogue\/wp-content\/uploads\/2018\/05\/20180503-05-133x200.jpg 133w, https:\/\/www.wallendorff.com\/belogue\/wp-content\/uploads\/2018\/05\/20180503-05-200x300.jpg 200w, https:\/\/www.wallendorff.com\/belogue\/wp-content\/uploads\/2018\/05\/20180503-05-558x837.jpg 558w, https:\/\/www.wallendorff.com\/belogue\/wp-content\/uploads\/2018\/05\/20180503-05-655x983.jpg 655w, https:\/\/www.wallendorff.com\/belogue\/wp-content\/uploads\/2018\/05\/20180503-05-600x900.jpg 600w, https:\/\/www.wallendorff.com\/belogue\/wp-content\/uploads\/2018\/05\/20180503-05.jpg 780w\" sizes=\"(max-width: 683px) 100vw, 683px\" \/><\/a>\n\t\t\t<\/div>\n\t\t\t\t<figcaption class='wp-caption-text gallery-caption' id='gallery-1-38068'>\n\t\t\t\tFranz Ferdinand @ le Z\u00e9nith, Paris, 27\/02\/2018\n\t\t\t\t<\/figcaption><\/figure><figure class='gallery-item'>\n\t\t\t<div class='gallery-icon landscape'>\n\t\t\t\t<a href='https:\/\/www.wallendorff.com\/belogue\/2018\/05\/03\/franz-ferdinand-le-zenith-paris-27-fevrier-2018\/franz-ferdinand-le-zenith-paris-27-02-2018-8\/'><img loading=\"lazy\" decoding=\"async\" width=\"1170\" height=\"780\" src=\"https:\/\/www.wallendorff.com\/belogue\/wp-content\/uploads\/2018\/05\/20180503-06-1170x780.jpg\" class=\"attachment-large size-large\" alt=\"\" aria-describedby=\"gallery-1-38069\" srcset=\"https:\/\/www.wallendorff.com\/belogue\/wp-content\/uploads\/2018\/05\/20180503-06.jpg 1170w, https:\/\/www.wallendorff.com\/belogue\/wp-content\/uploads\/2018\/05\/20180503-06-820x547.jpg 820w, https:\/\/www.wallendorff.com\/belogue\/wp-content\/uploads\/2018\/05\/20180503-06-200x133.jpg 200w, https:\/\/www.wallendorff.com\/belogue\/wp-content\/uploads\/2018\/05\/20180503-06-300x200.jpg 300w, https:\/\/www.wallendorff.com\/belogue\/wp-content\/uploads\/2018\/05\/20180503-06-1116x744.jpg 1116w, https:\/\/www.wallendorff.com\/belogue\/wp-content\/uploads\/2018\/05\/20180503-06-806x537.jpg 806w, https:\/\/www.wallendorff.com\/belogue\/wp-content\/uploads\/2018\/05\/20180503-06-558x372.jpg 558w, https:\/\/www.wallendorff.com\/belogue\/wp-content\/uploads\/2018\/05\/20180503-06-655x437.jpg 655w, https:\/\/www.wallendorff.com\/belogue\/wp-content\/uploads\/2018\/05\/20180503-06-600x400.jpg 600w\" sizes=\"(max-width: 1170px) 100vw, 1170px\" \/><\/a>\n\t\t\t<\/div>\n\t\t\t\t<figcaption class='wp-caption-text gallery-caption' id='gallery-1-38069'>\n\t\t\t\tFranz Ferdinand @ le Z\u00e9nith, Paris, 27\/02\/2018\n\t\t\t\t<\/figcaption><\/figure><figure class='gallery-item'>\n\t\t\t<div class='gallery-icon landscape'>\n\t\t\t\t<a href='https:\/\/www.wallendorff.com\/belogue\/2018\/05\/03\/franz-ferdinand-le-zenith-paris-27-fevrier-2018\/franz-ferdinand-le-zenith-paris-27-02-2018-9\/'><img loading=\"lazy\" decoding=\"async\" width=\"1170\" height=\"780\" src=\"https:\/\/www.wallendorff.com\/belogue\/wp-content\/uploads\/2018\/05\/20180503-07-1170x780.jpg\" class=\"attachment-large size-large\" alt=\"\" aria-describedby=\"gallery-1-38070\" srcset=\"https:\/\/www.wallendorff.com\/belogue\/wp-content\/uploads\/2018\/05\/20180503-07.jpg 1170w, https:\/\/www.wallendorff.com\/belogue\/wp-content\/uploads\/2018\/05\/20180503-07-820x547.jpg 820w, https:\/\/www.wallendorff.com\/belogue\/wp-content\/uploads\/2018\/05\/20180503-07-200x133.jpg 200w, https:\/\/www.wallendorff.com\/belogue\/wp-content\/uploads\/2018\/05\/20180503-07-300x200.jpg 300w, https:\/\/www.wallendorff.com\/belogue\/wp-content\/uploads\/2018\/05\/20180503-07-1116x744.jpg 1116w, https:\/\/www.wallendorff.com\/belogue\/wp-content\/uploads\/2018\/05\/20180503-07-806x537.jpg 806w, https:\/\/www.wallendorff.com\/belogue\/wp-content\/uploads\/2018\/05\/20180503-07-558x372.jpg 558w, https:\/\/www.wallendorff.com\/belogue\/wp-content\/uploads\/2018\/05\/20180503-07-655x437.jpg 655w, https:\/\/www.wallendorff.com\/belogue\/wp-content\/uploads\/2018\/05\/20180503-07-600x400.jpg 600w\" sizes=\"(max-width: 1170px) 100vw, 1170px\" \/><\/a>\n\t\t\t<\/div>\n\t\t\t\t<figcaption class='wp-caption-text gallery-caption' id='gallery-1-38070'>\n\t\t\t\tFranz Ferdinand @ le Z\u00e9nith, Paris, 27\/02\/2018\n\t\t\t\t<\/figcaption><\/figure><figure class='gallery-item'>\n\t\t\t<div class='gallery-icon landscape'>\n\t\t\t\t<a href='https:\/\/www.wallendorff.com\/belogue\/2018\/05\/03\/franz-ferdinand-le-zenith-paris-27-fevrier-2018\/franz-ferdinand-le-zenith-paris-27-02-2018-10\/'><img loading=\"lazy\" decoding=\"async\" width=\"1170\" height=\"780\" src=\"https:\/\/www.wallendorff.com\/belogue\/wp-content\/uploads\/2018\/05\/20180503-08-1170x780.jpg\" class=\"attachment-large size-large\" alt=\"\" aria-describedby=\"gallery-1-38071\" srcset=\"https:\/\/www.wallendorff.com\/belogue\/wp-content\/uploads\/2018\/05\/20180503-08.jpg 1170w, https:\/\/www.wallendorff.com\/belogue\/wp-content\/uploads\/2018\/05\/20180503-08-820x547.jpg 820w, https:\/\/www.wallendorff.com\/belogue\/wp-content\/uploads\/2018\/05\/20180503-08-200x133.jpg 200w, https:\/\/www.wallendorff.com\/belogue\/wp-content\/uploads\/2018\/05\/20180503-08-300x200.jpg 300w, https:\/\/www.wallendorff.com\/belogue\/wp-content\/uploads\/2018\/05\/20180503-08-1116x744.jpg 1116w, https:\/\/www.wallendorff.com\/belogue\/wp-content\/uploads\/2018\/05\/20180503-08-806x537.jpg 806w, https:\/\/www.wallendorff.com\/belogue\/wp-content\/uploads\/2018\/05\/20180503-08-558x372.jpg 558w, https:\/\/www.wallendorff.com\/belogue\/wp-content\/uploads\/2018\/05\/20180503-08-655x437.jpg 655w, https:\/\/www.wallendorff.com\/belogue\/wp-content\/uploads\/2018\/05\/20180503-08-600x400.jpg 600w\" sizes=\"(max-width: 1170px) 100vw, 1170px\" \/><\/a>\n\t\t\t<\/div>\n\t\t\t\t<figcaption class='wp-caption-text gallery-caption' id='gallery-1-38071'>\n\t\t\t\tFranz Ferdinand @ le Z\u00e9nith, Paris, 27\/02\/2018\n\t\t\t\t<\/figcaption><\/figure><figure class='gallery-item'>\n\t\t\t<div class='gallery-icon landscape'>\n\t\t\t\t<a href='https:\/\/www.wallendorff.com\/belogue\/2018\/05\/03\/franz-ferdinand-le-zenith-paris-27-fevrier-2018\/franz-ferdinand-le-zenith-paris-27-02-2018-11\/'><img loading=\"lazy\" decoding=\"async\" width=\"1170\" height=\"780\" src=\"https:\/\/www.wallendorff.com\/belogue\/wp-content\/uploads\/2018\/05\/20180503-09-1170x780.jpg\" class=\"attachment-large size-large\" alt=\"\" aria-describedby=\"gallery-1-38072\" srcset=\"https:\/\/www.wallendorff.com\/belogue\/wp-content\/uploads\/2018\/05\/20180503-09.jpg 1170w, https:\/\/www.wallendorff.com\/belogue\/wp-content\/uploads\/2018\/05\/20180503-09-820x547.jpg 820w, https:\/\/www.wallendorff.com\/belogue\/wp-content\/uploads\/2018\/05\/20180503-09-200x133.jpg 200w, https:\/\/www.wallendorff.com\/belogue\/wp-content\/uploads\/2018\/05\/20180503-09-300x200.jpg 300w, https:\/\/www.wallendorff.com\/belogue\/wp-content\/uploads\/2018\/05\/20180503-09-1116x744.jpg 1116w, https:\/\/www.wallendorff.com\/belogue\/wp-content\/uploads\/2018\/05\/20180503-09-806x537.jpg 806w, https:\/\/www.wallendorff.com\/belogue\/wp-content\/uploads\/2018\/05\/20180503-09-558x372.jpg 558w, https:\/\/www.wallendorff.com\/belogue\/wp-content\/uploads\/2018\/05\/20180503-09-655x437.jpg 655w, https:\/\/www.wallendorff.com\/belogue\/wp-content\/uploads\/2018\/05\/20180503-09-600x400.jpg 600w\" sizes=\"(max-width: 1170px) 100vw, 1170px\" \/><\/a>\n\t\t\t<\/div>\n\t\t\t\t<figcaption class='wp-caption-text gallery-caption' id='gallery-1-38072'>\n\t\t\t\tFranz Ferdinand @ le Z\u00e9nith, Paris, 27\/02\/2018\n\t\t\t\t<\/figcaption><\/figure><figure class='gallery-item'>\n\t\t\t<div class='gallery-icon landscape'>\n\t\t\t\t<a href='https:\/\/www.wallendorff.com\/belogue\/2018\/05\/03\/franz-ferdinand-le-zenith-paris-27-fevrier-2018\/franz-ferdinand-le-zenith-paris-27-02-2018-12\/'><img loading=\"lazy\" decoding=\"async\" width=\"1170\" height=\"780\" src=\"https:\/\/www.wallendorff.com\/belogue\/wp-content\/uploads\/2018\/05\/20180503-10-1170x780.jpg\" class=\"attachment-large size-large\" alt=\"\" aria-describedby=\"gallery-1-38073\" srcset=\"https:\/\/www.wallendorff.com\/belogue\/wp-content\/uploads\/2018\/05\/20180503-10.jpg 1170w, https:\/\/www.wallendorff.com\/belogue\/wp-content\/uploads\/2018\/05\/20180503-10-820x547.jpg 820w, https:\/\/www.wallendorff.com\/belogue\/wp-content\/uploads\/2018\/05\/20180503-10-200x133.jpg 200w, https:\/\/www.wallendorff.com\/belogue\/wp-content\/uploads\/2018\/05\/20180503-10-300x200.jpg 300w, https:\/\/www.wallendorff.com\/belogue\/wp-content\/uploads\/2018\/05\/20180503-10-1116x744.jpg 1116w, https:\/\/www.wallendorff.com\/belogue\/wp-content\/uploads\/2018\/05\/20180503-10-806x537.jpg 806w, https:\/\/www.wallendorff.com\/belogue\/wp-content\/uploads\/2018\/05\/20180503-10-558x372.jpg 558w, https:\/\/www.wallendorff.com\/belogue\/wp-content\/uploads\/2018\/05\/20180503-10-655x437.jpg 655w, https:\/\/www.wallendorff.com\/belogue\/wp-content\/uploads\/2018\/05\/20180503-10-600x400.jpg 600w\" sizes=\"(max-width: 1170px) 100vw, 1170px\" \/><\/a>\n\t\t\t<\/div>\n\t\t\t\t<figcaption class='wp-caption-text gallery-caption' id='gallery-1-38073'>\n\t\t\t\tFranz Ferdinand @ le Z\u00e9nith, Paris, 27\/02\/2018\n\t\t\t\t<\/figcaption><\/figure><figure class='gallery-item'>\n\t\t\t<div class='gallery-icon landscape'>\n\t\t\t\t<a href='https:\/\/www.wallendorff.com\/belogue\/2018\/05\/03\/franz-ferdinand-le-zenith-paris-27-fevrier-2018\/franz-ferdinand-le-zenith-paris-27-02-2018-13\/'><img loading=\"lazy\" decoding=\"async\" width=\"1170\" height=\"780\" src=\"https:\/\/www.wallendorff.com\/belogue\/wp-content\/uploads\/2018\/05\/20180503-11-1170x780.jpg\" class=\"attachment-large size-large\" alt=\"\" aria-describedby=\"gallery-1-38074\" srcset=\"https:\/\/www.wallendorff.com\/belogue\/wp-content\/uploads\/2018\/05\/20180503-11.jpg 1170w, https:\/\/www.wallendorff.com\/belogue\/wp-content\/uploads\/2018\/05\/20180503-11-820x547.jpg 820w, https:\/\/www.wallendorff.com\/belogue\/wp-content\/uploads\/2018\/05\/20180503-11-200x133.jpg 200w, https:\/\/www.wallendorff.com\/belogue\/wp-content\/uploads\/2018\/05\/20180503-11-300x200.jpg 300w, https:\/\/www.wallendorff.com\/belogue\/wp-content\/uploads\/2018\/05\/20180503-11-1116x744.jpg 1116w, https:\/\/www.wallendorff.com\/belogue\/wp-content\/uploads\/2018\/05\/20180503-11-806x537.jpg 806w, https:\/\/www.wallendorff.com\/belogue\/wp-content\/uploads\/2018\/05\/20180503-11-558x372.jpg 558w, https:\/\/www.wallendorff.com\/belogue\/wp-content\/uploads\/2018\/05\/20180503-11-655x437.jpg 655w, https:\/\/www.wallendorff.com\/belogue\/wp-content\/uploads\/2018\/05\/20180503-11-600x400.jpg 600w\" sizes=\"(max-width: 1170px) 100vw, 1170px\" \/><\/a>\n\t\t\t<\/div>\n\t\t\t\t<figcaption class='wp-caption-text gallery-caption' id='gallery-1-38074'>\n\t\t\t\tFranz Ferdinand @ le Z\u00e9nith, Paris, 27\/02\/2018\n\t\t\t\t<\/figcaption><\/figure><figure class='gallery-item'>\n\t\t\t<div class='gallery-icon landscape'>\n\t\t\t\t<a href='https:\/\/www.wallendorff.com\/belogue\/2018\/05\/03\/franz-ferdinand-le-zenith-paris-27-fevrier-2018\/franz-ferdinand-le-zenith-paris-27-02-2018-14\/'><img loading=\"lazy\" decoding=\"async\" width=\"1170\" height=\"780\" src=\"https:\/\/www.wallendorff.com\/belogue\/wp-content\/uploads\/2018\/05\/20180503-12-1170x780.jpg\" class=\"attachment-large size-large\" alt=\"\" aria-describedby=\"gallery-1-38075\" srcset=\"https:\/\/www.wallendorff.com\/belogue\/wp-content\/uploads\/2018\/05\/20180503-12.jpg 1170w, https:\/\/www.wallendorff.com\/belogue\/wp-content\/uploads\/2018\/05\/20180503-12-820x547.jpg 820w, https:\/\/www.wallendorff.com\/belogue\/wp-content\/uploads\/2018\/05\/20180503-12-200x133.jpg 200w, https:\/\/www.wallendorff.com\/belogue\/wp-content\/uploads\/2018\/05\/20180503-12-300x200.jpg 300w, https:\/\/www.wallendorff.com\/belogue\/wp-content\/uploads\/2018\/05\/20180503-12-1116x744.jpg 1116w, https:\/\/www.wallendorff.com\/belogue\/wp-content\/uploads\/2018\/05\/20180503-12-806x537.jpg 806w, https:\/\/www.wallendorff.com\/belogue\/wp-content\/uploads\/2018\/05\/20180503-12-558x372.jpg 558w, https:\/\/www.wallendorff.com\/belogue\/wp-content\/uploads\/2018\/05\/20180503-12-655x437.jpg 655w, https:\/\/www.wallendorff.com\/belogue\/wp-content\/uploads\/2018\/05\/20180503-12-600x400.jpg 600w\" sizes=\"(max-width: 1170px) 100vw, 1170px\" \/><\/a>\n\t\t\t<\/div>\n\t\t\t\t<figcaption class='wp-caption-text gallery-caption' id='gallery-1-38075'>\n\t\t\t\tFranz Ferdinand @ le Z\u00e9nith, Paris, 27\/02\/2018\n\t\t\t\t<\/figcaption><\/figure><figure class='gallery-item'>\n\t\t\t<div class='gallery-icon landscape'>\n\t\t\t\t<a href='https:\/\/www.wallendorff.com\/belogue\/2018\/05\/03\/franz-ferdinand-le-zenith-paris-27-fevrier-2018\/franz-ferdinand-le-zenith-paris-27-02-2018-15\/'><img loading=\"lazy\" decoding=\"async\" width=\"1170\" height=\"780\" src=\"https:\/\/www.wallendorff.com\/belogue\/wp-content\/uploads\/2018\/05\/20180503-13-1170x780.jpg\" class=\"attachment-large size-large\" alt=\"\" aria-describedby=\"gallery-1-38076\" srcset=\"https:\/\/www.wallendorff.com\/belogue\/wp-content\/uploads\/2018\/05\/20180503-13.jpg 1170w, https:\/\/www.wallendorff.com\/belogue\/wp-content\/uploads\/2018\/05\/20180503-13-820x547.jpg 820w, https:\/\/www.wallendorff.com\/belogue\/wp-content\/uploads\/2018\/05\/20180503-13-200x133.jpg 200w, https:\/\/www.wallendorff.com\/belogue\/wp-content\/uploads\/2018\/05\/20180503-13-300x200.jpg 300w, https:\/\/www.wallendorff.com\/belogue\/wp-content\/uploads\/2018\/05\/20180503-13-1116x744.jpg 1116w, https:\/\/www.wallendorff.com\/belogue\/wp-content\/uploads\/2018\/05\/20180503-13-806x537.jpg 806w, https:\/\/www.wallendorff.com\/belogue\/wp-content\/uploads\/2018\/05\/20180503-13-558x372.jpg 558w, https:\/\/www.wallendorff.com\/belogue\/wp-content\/uploads\/2018\/05\/20180503-13-655x437.jpg 655w, https:\/\/www.wallendorff.com\/belogue\/wp-content\/uploads\/2018\/05\/20180503-13-600x400.jpg 600w\" sizes=\"(max-width: 1170px) 100vw, 1170px\" \/><\/a>\n\t\t\t<\/div>\n\t\t\t\t<figcaption class='wp-caption-text gallery-caption' id='gallery-1-38076'>\n\t\t\t\tFranz Ferdinand @ le Z\u00e9nith, Paris, 27\/02\/2018\n\t\t\t\t<\/figcaption><\/figure><figure class='gallery-item'>\n\t\t\t<div class='gallery-icon landscape'>\n\t\t\t\t<a href='https:\/\/www.wallendorff.com\/belogue\/2018\/05\/03\/franz-ferdinand-le-zenith-paris-27-fevrier-2018\/franz-ferdinand-le-zenith-paris-27-02-2018-16\/'><img loading=\"lazy\" decoding=\"async\" width=\"1170\" height=\"780\" src=\"https:\/\/www.wallendorff.com\/belogue\/wp-content\/uploads\/2018\/05\/20180503-14-1170x780.jpg\" class=\"attachment-large size-large\" alt=\"\" aria-describedby=\"gallery-1-38077\" srcset=\"https:\/\/www.wallendorff.com\/belogue\/wp-content\/uploads\/2018\/05\/20180503-14.jpg 1170w, https:\/\/www.wallendorff.com\/belogue\/wp-content\/uploads\/2018\/05\/20180503-14-820x547.jpg 820w, https:\/\/www.wallendorff.com\/belogue\/wp-content\/uploads\/2018\/05\/20180503-14-200x133.jpg 200w, https:\/\/www.wallendorff.com\/belogue\/wp-content\/uploads\/2018\/05\/20180503-14-300x200.jpg 300w, https:\/\/www.wallendorff.com\/belogue\/wp-content\/uploads\/2018\/05\/20180503-14-1116x744.jpg 1116w, https:\/\/www.wallendorff.com\/belogue\/wp-content\/uploads\/2018\/05\/20180503-14-806x537.jpg 806w, https:\/\/www.wallendorff.com\/belogue\/wp-content\/uploads\/2018\/05\/20180503-14-558x372.jpg 558w, https:\/\/www.wallendorff.com\/belogue\/wp-content\/uploads\/2018\/05\/20180503-14-655x437.jpg 655w, https:\/\/www.wallendorff.com\/belogue\/wp-content\/uploads\/2018\/05\/20180503-14-600x400.jpg 600w\" sizes=\"(max-width: 1170px) 100vw, 1170px\" \/><\/a>\n\t\t\t<\/div>\n\t\t\t\t<figcaption class='wp-caption-text gallery-caption' id='gallery-1-38077'>\n\t\t\t\tFranz Ferdinand @ le Z\u00e9nith, Paris, 27\/02\/2018\n\t\t\t\t<\/figcaption><\/figure><figure class='gallery-item'>\n\t\t\t<div class='gallery-icon landscape'>\n\t\t\t\t<a href='https:\/\/www.wallendorff.com\/belogue\/2018\/05\/03\/franz-ferdinand-le-zenith-paris-27-fevrier-2018\/franz-ferdinand-le-zenith-paris-27-02-2018-17\/'><img loading=\"lazy\" decoding=\"async\" width=\"1170\" height=\"776\" src=\"https:\/\/www.wallendorff.com\/belogue\/wp-content\/uploads\/2018\/05\/20180503-15-1170x776.jpg\" class=\"attachment-large size-large\" alt=\"\" aria-describedby=\"gallery-1-38078\" srcset=\"https:\/\/www.wallendorff.com\/belogue\/wp-content\/uploads\/2018\/05\/20180503-15.jpg 1170w, https:\/\/www.wallendorff.com\/belogue\/wp-content\/uploads\/2018\/05\/20180503-15-820x544.jpg 820w, https:\/\/www.wallendorff.com\/belogue\/wp-content\/uploads\/2018\/05\/20180503-15-200x133.jpg 200w, https:\/\/www.wallendorff.com\/belogue\/wp-content\/uploads\/2018\/05\/20180503-15-300x199.jpg 300w, https:\/\/www.wallendorff.com\/belogue\/wp-content\/uploads\/2018\/05\/20180503-15-1116x740.jpg 1116w, https:\/\/www.wallendorff.com\/belogue\/wp-content\/uploads\/2018\/05\/20180503-15-806x535.jpg 806w, https:\/\/www.wallendorff.com\/belogue\/wp-content\/uploads\/2018\/05\/20180503-15-558x370.jpg 558w, https:\/\/www.wallendorff.com\/belogue\/wp-content\/uploads\/2018\/05\/20180503-15-655x434.jpg 655w, https:\/\/www.wallendorff.com\/belogue\/wp-content\/uploads\/2018\/05\/20180503-15-600x398.jpg 600w\" sizes=\"(max-width: 1170px) 100vw, 1170px\" \/><\/a>\n\t\t\t<\/div>\n\t\t\t\t<figcaption class='wp-caption-text gallery-caption' id='gallery-1-38078'>\n\t\t\t\tFranz Ferdinand @ le Z\u00e9nith, Paris, 27\/02\/2018\n\t\t\t\t<\/figcaption><\/figure><figure class='gallery-item'>\n\t\t\t<div class='gallery-icon landscape'>\n\t\t\t\t<a href='https:\/\/www.wallendorff.com\/belogue\/2018\/05\/03\/franz-ferdinand-le-zenith-paris-27-fevrier-2018\/franz-ferdinand-le-zenith-paris-27-02-2018-18\/'><img loading=\"lazy\" decoding=\"async\" width=\"1170\" height=\"780\" src=\"https:\/\/www.wallendorff.com\/belogue\/wp-content\/uploads\/2018\/05\/20180503-16-1170x780.jpg\" class=\"attachment-large size-large\" alt=\"\" aria-describedby=\"gallery-1-38079\" srcset=\"https:\/\/www.wallendorff.com\/belogue\/wp-content\/uploads\/2018\/05\/20180503-16.jpg 1170w, https:\/\/www.wallendorff.com\/belogue\/wp-content\/uploads\/2018\/05\/20180503-16-820x547.jpg 820w, https:\/\/www.wallendorff.com\/belogue\/wp-content\/uploads\/2018\/05\/20180503-16-200x133.jpg 200w, https:\/\/www.wallendorff.com\/belogue\/wp-content\/uploads\/2018\/05\/20180503-16-300x200.jpg 300w, https:\/\/www.wallendorff.com\/belogue\/wp-content\/uploads\/2018\/05\/20180503-16-1116x744.jpg 1116w, https:\/\/www.wallendorff.com\/belogue\/wp-content\/uploads\/2018\/05\/20180503-16-806x537.jpg 806w, https:\/\/www.wallendorff.com\/belogue\/wp-content\/uploads\/2018\/05\/20180503-16-558x372.jpg 558w, https:\/\/www.wallendorff.com\/belogue\/wp-content\/uploads\/2018\/05\/20180503-16-655x437.jpg 655w, https:\/\/www.wallendorff.com\/belogue\/wp-content\/uploads\/2018\/05\/20180503-16-600x400.jpg 600w\" sizes=\"(max-width: 1170px) 100vw, 1170px\" \/><\/a>\n\t\t\t<\/div>\n\t\t\t\t<figcaption class='wp-caption-text gallery-caption' id='gallery-1-38079'>\n\t\t\t\tFranz Ferdinand @ le Z\u00e9nith, Paris, 27\/02\/2018\n\t\t\t\t<\/figcaption><\/figure><figure class='gallery-item'>\n\t\t\t<div class='gallery-icon landscape'>\n\t\t\t\t<a href='https:\/\/www.wallendorff.com\/belogue\/2018\/05\/03\/franz-ferdinand-le-zenith-paris-27-fevrier-2018\/franz-ferdinand-le-zenith-paris-27-02-2018-19\/'><img loading=\"lazy\" decoding=\"async\" width=\"1170\" height=\"780\" src=\"https:\/\/www.wallendorff.com\/belogue\/wp-content\/uploads\/2018\/05\/20180503-17-1170x780.jpg\" class=\"attachment-large size-large\" alt=\"\" aria-describedby=\"gallery-1-38080\" srcset=\"https:\/\/www.wallendorff.com\/belogue\/wp-content\/uploads\/2018\/05\/20180503-17.jpg 1170w, https:\/\/www.wallendorff.com\/belogue\/wp-content\/uploads\/2018\/05\/20180503-17-820x547.jpg 820w, https:\/\/www.wallendorff.com\/belogue\/wp-content\/uploads\/2018\/05\/20180503-17-200x133.jpg 200w, https:\/\/www.wallendorff.com\/belogue\/wp-content\/uploads\/2018\/05\/20180503-17-300x200.jpg 300w, https:\/\/www.wallendorff.com\/belogue\/wp-content\/uploads\/2018\/05\/20180503-17-1116x744.jpg 1116w, https:\/\/www.wallendorff.com\/belogue\/wp-content\/uploads\/2018\/05\/20180503-17-806x537.jpg 806w, https:\/\/www.wallendorff.com\/belogue\/wp-content\/uploads\/2018\/05\/20180503-17-558x372.jpg 558w, https:\/\/www.wallendorff.com\/belogue\/wp-content\/uploads\/2018\/05\/20180503-17-655x437.jpg 655w, https:\/\/www.wallendorff.com\/belogue\/wp-content\/uploads\/2018\/05\/20180503-17-600x400.jpg 600w\" sizes=\"(max-width: 1170px) 100vw, 1170px\" \/><\/a>\n\t\t\t<\/div>\n\t\t\t\t<figcaption class='wp-caption-text gallery-caption' id='gallery-1-38080'>\n\t\t\t\tFranz Ferdinand @ le Z\u00e9nith, Paris, 27\/02\/2018\n\t\t\t\t<\/figcaption><\/figure><figure class='gallery-item'>\n\t\t\t<div class='gallery-icon landscape'>\n\t\t\t\t<a href='https:\/\/www.wallendorff.com\/belogue\/2018\/05\/03\/franz-ferdinand-le-zenith-paris-27-fevrier-2018\/franz-ferdinand-le-zenith-paris-27-02-2018-20\/'><img loading=\"lazy\" decoding=\"async\" width=\"1170\" height=\"780\" src=\"https:\/\/www.wallendorff.com\/belogue\/wp-content\/uploads\/2018\/05\/20180503-18-1170x780.jpg\" class=\"attachment-large size-large\" alt=\"\" aria-describedby=\"gallery-1-38081\" srcset=\"https:\/\/www.wallendorff.com\/belogue\/wp-content\/uploads\/2018\/05\/20180503-18.jpg 1170w, https:\/\/www.wallendorff.com\/belogue\/wp-content\/uploads\/2018\/05\/20180503-18-820x547.jpg 820w, https:\/\/www.wallendorff.com\/belogue\/wp-content\/uploads\/2018\/05\/20180503-18-200x133.jpg 200w, https:\/\/www.wallendorff.com\/belogue\/wp-content\/uploads\/2018\/05\/20180503-18-300x200.jpg 300w, https:\/\/www.wallendorff.com\/belogue\/wp-content\/uploads\/2018\/05\/20180503-18-1116x744.jpg 1116w, https:\/\/www.wallendorff.com\/belogue\/wp-content\/uploads\/2018\/05\/20180503-18-806x537.jpg 806w, https:\/\/www.wallendorff.com\/belogue\/wp-content\/uploads\/2018\/05\/20180503-18-558x372.jpg 558w, https:\/\/www.wallendorff.com\/belogue\/wp-content\/uploads\/2018\/05\/20180503-18-655x437.jpg 655w, https:\/\/www.wallendorff.com\/belogue\/wp-content\/uploads\/2018\/05\/20180503-18-600x400.jpg 600w\" sizes=\"(max-width: 1170px) 100vw, 1170px\" \/><\/a>\n\t\t\t<\/div>\n\t\t\t\t<figcaption class='wp-caption-text gallery-caption' id='gallery-1-38081'>\n\t\t\t\tFranz Ferdinand @ le Z\u00e9nith, Paris, 27\/02\/2018\n\t\t\t\t<\/figcaption><\/figure><figure class='gallery-item'>\n\t\t\t<div class='gallery-icon landscape'>\n\t\t\t\t<a href='https:\/\/www.wallendorff.com\/belogue\/2018\/05\/03\/franz-ferdinand-le-zenith-paris-27-fevrier-2018\/franz-ferdinand-le-zenith-paris-27-02-2018-21\/'><img loading=\"lazy\" decoding=\"async\" width=\"1170\" height=\"780\" src=\"https:\/\/www.wallendorff.com\/belogue\/wp-content\/uploads\/2018\/05\/20180503-19-1170x780.jpg\" class=\"attachment-large size-large\" alt=\"\" aria-describedby=\"gallery-1-38082\" srcset=\"https:\/\/www.wallendorff.com\/belogue\/wp-content\/uploads\/2018\/05\/20180503-19.jpg 1170w, https:\/\/www.wallendorff.com\/belogue\/wp-content\/uploads\/2018\/05\/20180503-19-820x547.jpg 820w, https:\/\/www.wallendorff.com\/belogue\/wp-content\/uploads\/2018\/05\/20180503-19-200x133.jpg 200w, https:\/\/www.wallendorff.com\/belogue\/wp-content\/uploads\/2018\/05\/20180503-19-300x200.jpg 300w, https:\/\/www.wallendorff.com\/belogue\/wp-content\/uploads\/2018\/05\/20180503-19-1116x744.jpg 1116w, https:\/\/www.wallendorff.com\/belogue\/wp-content\/uploads\/2018\/05\/20180503-19-806x537.jpg 806w, https:\/\/www.wallendorff.com\/belogue\/wp-content\/uploads\/2018\/05\/20180503-19-558x372.jpg 558w, https:\/\/www.wallendorff.com\/belogue\/wp-content\/uploads\/2018\/05\/20180503-19-655x437.jpg 655w, https:\/\/www.wallendorff.com\/belogue\/wp-content\/uploads\/2018\/05\/20180503-19-600x400.jpg 600w\" sizes=\"(max-width: 1170px) 100vw, 1170px\" \/><\/a>\n\t\t\t<\/div>\n\t\t\t\t<figcaption class='wp-caption-text gallery-caption' id='gallery-1-38082'>\n\t\t\t\tFranz Ferdinand @ le Z\u00e9nith, Paris, 27\/02\/2018\n\t\t\t\t<\/figcaption><\/figure><figure class='gallery-item'>\n\t\t\t<div class='gallery-icon landscape'>\n\t\t\t\t<a href='https:\/\/www.wallendorff.com\/belogue\/2018\/05\/03\/franz-ferdinand-le-zenith-paris-27-fevrier-2018\/franz-ferdinand-le-zenith-paris-27-02-2018-22\/'><img loading=\"lazy\" decoding=\"async\" width=\"1170\" height=\"780\" src=\"https:\/\/www.wallendorff.com\/belogue\/wp-content\/uploads\/2018\/05\/20180503-20-1170x780.jpg\" class=\"attachment-large size-large\" alt=\"\" aria-describedby=\"gallery-1-38083\" srcset=\"https:\/\/www.wallendorff.com\/belogue\/wp-content\/uploads\/2018\/05\/20180503-20.jpg 1170w, https:\/\/www.wallendorff.com\/belogue\/wp-content\/uploads\/2018\/05\/20180503-20-820x547.jpg 820w, https:\/\/www.wallendorff.com\/belogue\/wp-content\/uploads\/2018\/05\/20180503-20-200x133.jpg 200w, https:\/\/www.wallendorff.com\/belogue\/wp-content\/uploads\/2018\/05\/20180503-20-300x200.jpg 300w, https:\/\/www.wallendorff.com\/belogue\/wp-content\/uploads\/2018\/05\/20180503-20-1116x744.jpg 1116w, https:\/\/www.wallendorff.com\/belogue\/wp-content\/uploads\/2018\/05\/20180503-20-806x537.jpg 806w, https:\/\/www.wallendorff.com\/belogue\/wp-content\/uploads\/2018\/05\/20180503-20-558x372.jpg 558w, https:\/\/www.wallendorff.com\/belogue\/wp-content\/uploads\/2018\/05\/20180503-20-655x437.jpg 655w, https:\/\/www.wallendorff.com\/belogue\/wp-content\/uploads\/2018\/05\/20180503-20-600x400.jpg 600w\" sizes=\"(max-width: 1170px) 100vw, 1170px\" \/><\/a>\n\t\t\t<\/div>\n\t\t\t\t<figcaption class='wp-caption-text gallery-caption' id='gallery-1-38083'>\n\t\t\t\tFranz Ferdinand @ le Z\u00e9nith, Paris, 27\/02\/2018\n\t\t\t\t<\/figcaption><\/figure>\n\t\t<\/div>\n\n","protected":false},"excerpt":{"rendered":"<p>Always Ascending Franz Ferdinand<\/p>\n","protected":false},"author":1,"featured_media":38083,"comment_status":"open","ping_status":"open","sticky":false,"template":"","format":"standard","meta":{"_acf_changed":false,"ngg_post_thumbnail":0,"jetpack_post_was_ever_published":false,"_jetpack_newsletter_access":"","_jetpack_dont_email_post_to_subs":false,"_jetpack_newsletter_tier_id":0,"_jetpack_memberships_contains_paywalled_content":false,"_jetpack_memberships_contains_paid_content":false,"footnotes":"","jetpack_publicize_message":"","jetpack_publicize_feature_enabled":true,"jetpack_social_post_already_shared":true,"jetpack_social_options":{"image_generator_settings":{"template":"highway","default_image_id":0,"font":"","enabled":false},"version":2}},"categories":[7],"tags":[14460,10268,10084,14708,15293,8170,181,6766,8351,10120,10100,14271,10121,10091,10098,14274],"class_list":["post-38063","post","type-post","status-publish","format-standard","has-post-thumbnail","hentry","category-alive","tag-14460","tag-10268","tag-alive","tag-always-ascending","tag-always-ascending-album","tag-ef-24-70-mm-f2-8l-ii-usm","tag-ef-70-200-mm-f28l-usm","tag-eos-5d-mark-iii","tag-eos-6d","tag-france","tag-franz-ferdinand","tag-fujifilm-x-t2","tag-ile-de-france","tag-le-zenith","tag-paris","tag-samyang-8-mm-f2-8-umc-fisheye-ii"],"acf":[],"geo":{"latitude":48.8943062,"longitude":2.3931313,"description":"All\u00e9e du Z\u00e9nith, 75019 Paris, France"},"jetpack_publicize_connections":[],"jetpack_featured_media_url":"https:\/\/www.wallendorff.com\/belogue\/wp-content\/uploads\/2018\/05\/20180503-20.jpg","jetpack_shortlink":"https:\/\/wp.me\/p3b35P-9TV","jetpack_sharing_enabled":true,"jetpack-related-posts":[{"id":125680,"url":"https:\/\/www.wallendorff.com\/belogue\/2023\/07\/25\/paleo-festival-2023-nyon-jour-6\/","url_meta":{"origin":38063,"position":0},"title":"Pal\u00e9o Festival 2023, Nyon, jour 6.","author":"dpc","date":"25 juillet 2023","format":false,"excerpt":"Ambiance, Pal\u00e9o Festival Nyon 2023 Ambiance, Pal\u00e9o Festival Nyon 2023 Ambiance, Pal\u00e9o Festival Nyon 2023 Ambiance, Pal\u00e9o Festival Nyon 2023 La Col\u00e8re, Pal\u00e9o Festival Nyon 2023 Ambiance, Pal\u00e9o Festival Nyon 2023 La Col\u00e8re, Pal\u00e9o Festival Nyon 2023 Ambiance, Pal\u00e9o Festival Nyon 2023 Ambiance, Pal\u00e9o Festival Nyon 2023 Roda do Cavaco,\u2026","rel":"","context":"Dans &quot;Alive&quot;","block_context":{"text":"Alive","link":"https:\/\/www.wallendorff.com\/belogue\/category\/alive\/"},"img":{"alt_text":"","src":"https:\/\/i0.wp.com\/www.wallendorff.com\/belogue\/wp-content\/uploads\/2023\/07\/20230725-28.jpg?resize=350%2C200&ssl=1","width":350,"height":200,"srcset":"https:\/\/i0.wp.com\/www.wallendorff.com\/belogue\/wp-content\/uploads\/2023\/07\/20230725-28.jpg?resize=350%2C200&ssl=1 1x, https:\/\/i0.wp.com\/www.wallendorff.com\/belogue\/wp-content\/uploads\/2023\/07\/20230725-28.jpg?resize=525%2C300&ssl=1 1.5x, https:\/\/i0.wp.com\/www.wallendorff.com\/belogue\/wp-content\/uploads\/2023\/07\/20230725-28.jpg?resize=700%2C400&ssl=1 2x, https:\/\/i0.wp.com\/www.wallendorff.com\/belogue\/wp-content\/uploads\/2023\/07\/20230725-28.jpg?resize=1050%2C600&ssl=1 3x"},"classes":[]},{"id":130660,"url":"https:\/\/www.wallendorff.com\/belogue\/2024\/09\/19\/heilung-le-zenith-paris-17-septembre-2024\/","url_meta":{"origin":38063,"position":1},"title":"Heilung @ le Z\u00e9nith, Paris, 17 septembre 2024.","author":"dpc","date":"19 septembre 2024","format":false,"excerpt":"Heilung @ le Z\u00e9nith, Paris, 17\/09\/2024 Heilung @ le Z\u00e9nith, Paris, 17\/09\/2024 Heilung @ le Z\u00e9nith, Paris, 17\/09\/2024 Heilung @ le Z\u00e9nith, Paris, 17\/09\/2024 Heilung @ le Z\u00e9nith, Paris, 17\/09\/2024 Heilung @ le Z\u00e9nith, Paris, 17\/09\/2024 Heilung @ le Z\u00e9nith, Paris, 17\/09\/2024 Heilung @ le Z\u00e9nith, Paris, 17\/09\/2024 Heilung @\u2026","rel":"","context":"Dans &quot;Alive&quot;","block_context":{"text":"Alive","link":"https:\/\/www.wallendorff.com\/belogue\/category\/alive\/"},"img":{"alt_text":"","src":"https:\/\/i0.wp.com\/www.wallendorff.com\/belogue\/wp-content\/uploads\/2024\/09\/20240919-34.jpg?resize=350%2C200&ssl=1","width":350,"height":200,"srcset":"https:\/\/i0.wp.com\/www.wallendorff.com\/belogue\/wp-content\/uploads\/2024\/09\/20240919-34.jpg?resize=350%2C200&ssl=1 1x, https:\/\/i0.wp.com\/www.wallendorff.com\/belogue\/wp-content\/uploads\/2024\/09\/20240919-34.jpg?resize=525%2C300&ssl=1 1.5x, https:\/\/i0.wp.com\/www.wallendorff.com\/belogue\/wp-content\/uploads\/2024\/09\/20240919-34.jpg?resize=700%2C400&ssl=1 2x, https:\/\/i0.wp.com\/www.wallendorff.com\/belogue\/wp-content\/uploads\/2024\/09\/20240919-34.jpg?resize=1050%2C600&ssl=1 3x"},"classes":[]},{"id":7577,"url":"https:\/\/www.wallendorff.com\/belogue\/2010\/05\/26\/gossip-le-zenith-paris\/","url_meta":{"origin":38063,"position":2},"title":"Gossip @ le Z\u00e9nith, Paris.","author":"dpc","date":"26 mai 2010","format":false,"excerpt":"J'irais bien dire que \u00ab\u00a0waw \u00e9norme j'avais pas vu le Z\u00e9nith se faire retourner comme \u00e7a depuis Franz Ferdinand en novembre\u00a0\u00bb, mais \u00e7a serait un peu con dans la mesure o\u00f9 je n'ai pas mis les pieds au Z\u00e9nith depuis Franz Ferdinand en novembre. Mais bon l'id\u00e9e y est, \u00e7a\u2026","rel":"","context":"Dans &quot;Alive&quot;","block_context":{"text":"Alive","link":"https:\/\/www.wallendorff.com\/belogue\/category\/alive\/"},"img":{"alt_text":"","src":"https:\/\/i0.wp.com\/www.wallendorff.com\/belogue\/wp-content\/uploads\/2015\/04\/201005261.jpg?resize=350%2C200&ssl=1","width":350,"height":200,"srcset":"https:\/\/i0.wp.com\/www.wallendorff.com\/belogue\/wp-content\/uploads\/2015\/04\/201005261.jpg?resize=350%2C200&ssl=1 1x, https:\/\/i0.wp.com\/www.wallendorff.com\/belogue\/wp-content\/uploads\/2015\/04\/201005261.jpg?resize=525%2C300&ssl=1 1.5x, https:\/\/i0.wp.com\/www.wallendorff.com\/belogue\/wp-content\/uploads\/2015\/04\/201005261.jpg?resize=700%2C400&ssl=1 2x"},"classes":[]},{"id":5177,"url":"https:\/\/www.wallendorff.com\/belogue\/2009\/11\/27\/franz-ferdinand-the-cribs-john-and-jehn-le-zenith-paris\/","url_meta":{"origin":38063,"position":3},"title":"Franz Ferdinand + The Cribs + John and Jehn @ le Z\u00e9nith, Paris.","author":"dpc","date":"27 novembre 2009","format":false,"excerpt":"\u00a0Franz Ferdinand \u2013 Take Me Out (live Pal\u00e9o 2009) (pour rester dans l'ambiance) J'aurai donc vu Franz Ferdinand six fois. Trois fois au \u00c9tats-Unis, trois fois en France, quatre fois au complet, une fois avec un bassiste alimentairement intoxiqu\u00e9, une fois avec un guitariste \u00e9clop\u00e9, une fois avec un batteur\u2026","rel":"","context":"Dans &quot;Alive&quot;","block_context":{"text":"Alive","link":"https:\/\/www.wallendorff.com\/belogue\/category\/alive\/"},"img":{"alt_text":"","src":"https:\/\/i0.wp.com\/www.wallendorff.com\/belogue\/wp-content\/uploads\/2015\/04\/200911271.jpg?resize=350%2C200&ssl=1","width":350,"height":200,"srcset":"https:\/\/i0.wp.com\/www.wallendorff.com\/belogue\/wp-content\/uploads\/2015\/04\/200911271.jpg?resize=350%2C200&ssl=1 1x, https:\/\/i0.wp.com\/www.wallendorff.com\/belogue\/wp-content\/uploads\/2015\/04\/200911271.jpg?resize=525%2C300&ssl=1 1.5x, https:\/\/i0.wp.com\/www.wallendorff.com\/belogue\/wp-content\/uploads\/2015\/04\/200911271.jpg?resize=700%2C400&ssl=1 2x"},"classes":[]},{"id":127632,"url":"https:\/\/www.wallendorff.com\/belogue\/2024\/03\/27\/pixies-lolympia-paris-26-mars-2024\/","url_meta":{"origin":38063,"position":4},"title":"Pixies @ l&rsquo;Olympia, Paris, 26 mars 2024.","author":"dpc","date":"27 mars 2024","format":false,"excerpt":"Pixies @ l\u2019Olympia, Paris, 26\/03\/2024 Pixies @ l\u2019Olympia, Paris, 26\/03\/2024 Pixies @ l\u2019Olympia, Paris, 26\/03\/2024 Pixies @ l\u2019Olympia, Paris, 26\/03\/2024 Pixies @ l\u2019Olympia, Paris, 26\/03\/2024 Pixies @ l\u2019Olympia, Paris, 26\/03\/2024 Pixies @ l\u2019Olympia, Paris, 26\/03\/2024 Pixies @ l\u2019Olympia, Paris, 26\/03\/2024 Pixies @ l\u2019Olympia, Paris, 26\/03\/2024 Pixies @ l\u2019Olympia, Paris, 26\/03\/2024\u2026","rel":"","context":"Dans &quot;Alive&quot;","block_context":{"text":"Alive","link":"https:\/\/www.wallendorff.com\/belogue\/category\/alive\/"},"img":{"alt_text":"","src":"https:\/\/i0.wp.com\/www.wallendorff.com\/belogue\/wp-content\/uploads\/2024\/03\/20240327-22.jpg?resize=350%2C200&ssl=1","width":350,"height":200,"srcset":"https:\/\/i0.wp.com\/www.wallendorff.com\/belogue\/wp-content\/uploads\/2024\/03\/20240327-22.jpg?resize=350%2C200&ssl=1 1x, https:\/\/i0.wp.com\/www.wallendorff.com\/belogue\/wp-content\/uploads\/2024\/03\/20240327-22.jpg?resize=525%2C300&ssl=1 1.5x, https:\/\/i0.wp.com\/www.wallendorff.com\/belogue\/wp-content\/uploads\/2024\/03\/20240327-22.jpg?resize=700%2C400&ssl=1 2x, https:\/\/i0.wp.com\/www.wallendorff.com\/belogue\/wp-content\/uploads\/2024\/03\/20240327-22.jpg?resize=1050%2C600&ssl=1 3x"},"classes":[]},{"id":129644,"url":"https:\/\/www.wallendorff.com\/belogue\/2024\/07\/27\/paleo-festival-2024-nyon-jour-4\/","url_meta":{"origin":38063,"position":5},"title":"Pal\u00e9o Festival 2024, Nyon, jour 4.","author":"dpc","date":"27 juillet 2024","format":false,"excerpt":"","rel":"","context":"Dans &quot;Alive&quot;","block_context":{"text":"Alive","link":"https:\/\/www.wallendorff.com\/belogue\/category\/alive\/"},"img":{"alt_text":"","src":"https:\/\/i0.wp.com\/www.wallendorff.com\/belogue\/wp-content\/uploads\/2024\/07\/20240727-27.jpg?resize=350%2C200&ssl=1","width":350,"height":200,"srcset":"https:\/\/i0.wp.com\/www.wallendorff.com\/belogue\/wp-content\/uploads\/2024\/07\/20240727-27.jpg?resize=350%2C200&ssl=1 1x, https:\/\/i0.wp.com\/www.wallendorff.com\/belogue\/wp-content\/uploads\/2024\/07\/20240727-27.jpg?resize=525%2C300&ssl=1 1.5x, https:\/\/i0.wp.com\/www.wallendorff.com\/belogue\/wp-content\/uploads\/2024\/07\/20240727-27.jpg?resize=700%2C400&ssl=1 2x, https:\/\/i0.wp.com\/www.wallendorff.com\/belogue\/wp-content\/uploads\/2024\/07\/20240727-27.jpg?resize=1050%2C600&ssl=1 3x"},"classes":[]}],"_links":{"self":[{"href":"https:\/\/www.wallendorff.com\/belogue\/wp-json\/wp\/v2\/posts\/38063","targetHints":{"allow":["GET"]}}],"collection":[{"href":"https:\/\/www.wallendorff.com\/belogue\/wp-json\/wp\/v2\/posts"}],"about":[{"href":"https:\/\/www.wallendorff.com\/belogue\/wp-json\/wp\/v2\/types\/post"}],"author":[{"embeddable":true,"href":"https:\/\/www.wallendorff.com\/belogue\/wp-json\/wp\/v2\/users\/1"}],"replies":[{"embeddable":true,"href":"https:\/\/www.wallendorff.com\/belogue\/wp-json\/wp\/v2\/comments?post=38063"}],"version-history":[{"count":3,"href":"https:\/\/www.wallendorff.com\/belogue\/wp-json\/wp\/v2\/posts\/38063\/revisions"}],"predecessor-version":[{"id":40739,"href":"https:\/\/www.wallendorff.com\/belogue\/wp-json\/wp\/v2\/posts\/38063\/revisions\/40739"}],"wp:featuredmedia":[{"embeddable":true,"href":"https:\/\/www.wallendorff.com\/belogue\/wp-json\/wp\/v2\/media\/38083"}],"wp:attachment":[{"href":"https:\/\/www.wallendorff.com\/belogue\/wp-json\/wp\/v2\/media?parent=38063"}],"wp:term":[{"taxonomy":"category","embeddable":true,"href":"https:\/\/www.wallendorff.com\/belogue\/wp-json\/wp\/v2\/categories?post=38063"},{"taxonomy":"post_tag","embeddable":true,"href":"https:\/\/www.wallendorff.com\/belogue\/wp-json\/wp\/v2\/tags?post=38063"}],"curies":[{"name":"wp","href":"https:\/\/api.w.org\/{rel}","templated":true}]}}