{"id":37999,"date":"2018-04-23T14:34:12","date_gmt":"2018-04-23T12:34:12","guid":{"rendered":"http:\/\/www.wallendorff.com\/belogue\/?p=37999"},"modified":"2018-12-26T11:10:17","modified_gmt":"2018-12-26T09:10:17","slug":"ruelle-no-3-002","status":"publish","type":"post","link":"https:\/\/www.wallendorff.com\/belogue\/2018\/04\/23\/ruelle-no-3-002\/","title":{"rendered":"Ruelle n<sup>o<\/sup> 3&nbsp;002."},"content":{"rendered":"<div id=\"photo\">\n<p><img decoding=\"async\" src=\"https:\/\/www.wallendorff.com\/belogue\/wp-content\/uploads\/2018\/04\/20180423.jpg\"><br \/>\nBaggensgatan, Stockholm, 11 f\u00e9vrier.<\/p>\n<\/div>\n<div id=\"bandeson\">\n<p><img decoding=\"async\" src=\"https:\/\/www.wallendorff.com\/belogue\/photo\/pochettes\/e\/ezra_george-staying_at_tamaras.jpg\" align=\"left\"><a id=\"lienmp3\" style=\"font-weight: normal;\" href=\"http:\/\/www.youtube.com\/watch?v=zb_whk63zdE\"><em>Hold My Girl<\/em><\/a><br \/>\n<a href=\"http:\/\/www.georgeezra.com\/\">George Ezra<\/a><\/p>\n<\/div>\n","protected":false},"excerpt":{"rendered":"<p>Baggensgatan, Stockholm, 11 f\u00e9vrier. Hold My Girl George Ezra<\/p>\n","protected":false},"author":1,"featured_media":38000,"comment_status":"open","ping_status":"open","sticky":false,"template":"","format":"standard","meta":{"_acf_changed":false,"ngg_post_thumbnail":0,"jetpack_post_was_ever_published":false,"_jetpack_newsletter_access":"","_jetpack_dont_email_post_to_subs":false,"_jetpack_newsletter_tier_id":0,"_jetpack_memberships_contains_paywalled_content":false,"_jetpack_memberships_contains_paid_content":false,"footnotes":"","jetpack_publicize_message":"","jetpack_publicize_feature_enabled":true,"jetpack_social_post_already_shared":true,"jetpack_social_options":{"image_generator_settings":{"template":"highway","default_image_id":0,"font":"","enabled":false},"version":2}},"categories":[3],"tags":[14700,4350,10359,10311,14271,14272,13113,12456,14701,10147,10158,10407,15292,4345,4138],"class_list":["post-37999","post","type-post","status-publish","format-standard","has-post-thumbnail","hentry","category-dpc","tag-baggensgatan","tag-comte-de-stockholm","tag-couple","tag-dos","tag-fujifilm-x-t2","tag-fujinon-xf-18-55-mm-f2-8-4-r-lm-ois","tag-gamla-stan","tag-george-ezra","tag-hold-my-girl","tag-nuit","tag-ruelle","tag-silhouette","tag-staying-at-tamaras","tag-stockholm","tag-suede"],"acf":[],"geo":{"latitude":59.3236198,"longitude":18.0733471,"description":"Tomteboda, Stockholm, 173 85, SE"},"jetpack_publicize_connections":[],"jetpack_featured_media_url":"https:\/\/www.wallendorff.com\/belogue\/wp-content\/uploads\/2018\/04\/20180423.jpg","jetpack_shortlink":"https:\/\/wp.me\/p3b35P-9ST","jetpack_sharing_enabled":true,"jetpack-related-posts":[{"id":37786,"url":"https:\/\/www.wallendorff.com\/belogue\/2018\/04\/06\/into-the-wide-142\/","url_meta":{"origin":37999,"position":0},"title":"Into the wide #142.","author":"dpc","date":"6 avril 2018","format":false,"excerpt":"\u00a0 Skeppsholmsbron, Stockholm, 10 f\u00e9vrier. Saviour (feat. First Aid Kit) George Ezra","rel":"","context":"Dans &quot;Into the wide&quot;","block_context":{"text":"Into the wide","link":"https:\/\/www.wallendorff.com\/belogue\/category\/into-the-wide\/"},"img":{"alt_text":"Skeppsholmsbronn, Stockholm, 10 f\u00e9vrier.","src":"https:\/\/i0.wp.com\/www.wallendorff.com\/belogue\/wp-content\/uploads\/2018\/04\/20180406.jpg?resize=350%2C200&ssl=1","width":350,"height":200,"srcset":"https:\/\/i0.wp.com\/www.wallendorff.com\/belogue\/wp-content\/uploads\/2018\/04\/20180406.jpg?resize=350%2C200&ssl=1 1x, https:\/\/i0.wp.com\/www.wallendorff.com\/belogue\/wp-content\/uploads\/2018\/04\/20180406.jpg?resize=525%2C300&ssl=1 1.5x, https:\/\/i0.wp.com\/www.wallendorff.com\/belogue\/wp-content\/uploads\/2018\/04\/20180406.jpg?resize=700%2C400&ssl=1 2x, https:\/\/i0.wp.com\/www.wallendorff.com\/belogue\/wp-content\/uploads\/2018\/04\/20180406.jpg?resize=1050%2C600&ssl=1 3x"},"classes":[]},{"id":32286,"url":"https:\/\/www.wallendorff.com\/belogue\/2016\/09\/12\/ruelle-no-2-603\/","url_meta":{"origin":37999,"position":1},"title":"Ruelle no 2 603.","author":"dpc","date":"12 septembre 2016","format":false,"excerpt":"G\u00f6ran H\u00e4lsinges Gr\u00e4nd, Stockholm, 21 juin. Tell Me If You Like to Spring King","rel":"","context":"Dans &quot;DPC&quot;","block_context":{"text":"DPC","link":"https:\/\/www.wallendorff.com\/belogue\/category\/dpc\/"},"img":{"alt_text":"","src":"https:\/\/i0.wp.com\/www.wallendorff.com\/belogue\/wp-content\/uploads\/2016\/09\/20160912.jpg?resize=350%2C200&ssl=1","width":350,"height":200,"srcset":"https:\/\/i0.wp.com\/www.wallendorff.com\/belogue\/wp-content\/uploads\/2016\/09\/20160912.jpg?resize=350%2C200&ssl=1 1x, https:\/\/i0.wp.com\/www.wallendorff.com\/belogue\/wp-content\/uploads\/2016\/09\/20160912.jpg?resize=525%2C300&ssl=1 1.5x"},"classes":[]},{"id":128699,"url":"https:\/\/www.wallendorff.com\/belogue\/2024\/06\/26\/cetait-2018\/","url_meta":{"origin":37999,"position":2},"title":"C&rsquo;\u00e9tait 2018.","author":"dpc","date":"26 juin 2024","format":false,"excerpt":"2018, latitudes. Alt-J @ Bercy Ar\u00e9na, Paris, 11\/01\/2018 Stockholm, 11 f\u00e9vrier 2018. Langsele, 14 f\u00e9vrier 2018. George Ezra, Paris, 19 f\u00e9vrier 2018 The Wombats @ Pias Nite, la Maroquinerie, Paris, 08 mars 2018 Shaka Ponk @ Bercy Ar\u00e9na, Paris, 22 mars 2018 Phoenix @ la Ga\u00eet\u00e9-Lyrique, Paris, 29 mai 2018\u2026","rel":"","context":"Dans &quot;DPC&quot;","block_context":{"text":"DPC","link":"https:\/\/www.wallendorff.com\/belogue\/category\/dpc\/"},"img":{"alt_text":"","src":"https:\/\/i0.wp.com\/www.wallendorff.com\/belogue\/wp-content\/uploads\/2024\/06\/20240626-11.jpg?resize=350%2C200&ssl=1","width":350,"height":200,"srcset":"https:\/\/i0.wp.com\/www.wallendorff.com\/belogue\/wp-content\/uploads\/2024\/06\/20240626-11.jpg?resize=350%2C200&ssl=1 1x, https:\/\/i0.wp.com\/www.wallendorff.com\/belogue\/wp-content\/uploads\/2024\/06\/20240626-11.jpg?resize=525%2C300&ssl=1 1.5x, https:\/\/i0.wp.com\/www.wallendorff.com\/belogue\/wp-content\/uploads\/2024\/06\/20240626-11.jpg?resize=700%2C400&ssl=1 2x, https:\/\/i0.wp.com\/www.wallendorff.com\/belogue\/wp-content\/uploads\/2024\/06\/20240626-11.jpg?resize=1050%2C600&ssl=1 3x"},"classes":[]},{"id":41100,"url":"https:\/\/www.wallendorff.com\/belogue\/2019\/01\/31\/janvier-2019\/","url_meta":{"origin":37999,"position":3},"title":"Janvier 2019.","author":"dpc","date":"31 janvier 2019","format":false,"excerpt":"Un r\u00e9veillon, un chat pr\u00e9nomm\u00e9 Salsifis, un routier, un souper, un bar, une ruelle, une cour, un portrait, un miroir, un avion, un num\u00e9ro, un m\u00e9tro, une rue, des di\u0161ques, un m\u00e9tro, des grues, une ruelle, un bonnet, un cr\u00e9puscule, un sapin, un bateau, un escalier, un tunnel, une rue,\u2026","rel":"","context":"Dans &quot;Blog-note&quot;","block_context":{"text":"Blog-note","link":"https:\/\/www.wallendorff.com\/belogue\/category\/blog-note\/"},"img":{"alt_text":"","src":"https:\/\/i0.wp.com\/www.wallendorff.com\/belogue\/wp-content\/uploads\/2019\/02\/20190212-60.jpg?resize=350%2C200&ssl=1","width":350,"height":200,"srcset":"https:\/\/i0.wp.com\/www.wallendorff.com\/belogue\/wp-content\/uploads\/2019\/02\/20190212-60.jpg?resize=350%2C200&ssl=1 1x, https:\/\/i0.wp.com\/www.wallendorff.com\/belogue\/wp-content\/uploads\/2019\/02\/20190212-60.jpg?resize=525%2C300&ssl=1 1.5x, https:\/\/i0.wp.com\/www.wallendorff.com\/belogue\/wp-content\/uploads\/2019\/02\/20190212-60.jpg?resize=700%2C400&ssl=1 2x, https:\/\/i0.wp.com\/www.wallendorff.com\/belogue\/wp-content\/uploads\/2019\/02\/20190212-60.jpg?resize=1050%2C600&ssl=1 3x"},"classes":[]},{"id":9760,"url":"https:\/\/www.wallendorff.com\/belogue\/2010\/11\/07\/galerie-degueulasse\/","url_meta":{"origin":37999,"position":4},"title":"Galerie d\u00e9g[ueu]lasse.","author":"dpc","date":"7 novembre 2010","format":false,"excerpt":"M\u00e5rten Trotzigs Gr\u00e4nd, Stockholm, 29 ao\u00fbt. [Oui bon j'exag\u00e8re un peu, d'accord.] The Dead Weather \u2013 I Can't Hear You","rel":"","context":"Dans &quot;DPC&quot;","block_context":{"text":"DPC","link":"https:\/\/www.wallendorff.com\/belogue\/category\/dpc\/"},"img":{"alt_text":"","src":"https:\/\/i0.wp.com\/www.wallendorff.com\/belogue\/wp-content\/uploads\/2015\/04\/201011071.jpg?resize=350%2C200&ssl=1","width":350,"height":200},"classes":[]},{"id":23857,"url":"https:\/\/www.wallendorff.com\/belogue\/2015\/02\/13\/george-ezra-le-bataclan-paris\/","url_meta":{"origin":37999,"position":5},"title":"George Ezra @ le Bataclan, Paris.","author":"dpc","date":"13 f\u00e9vrier 2015","format":false,"excerpt":"Blame It on Me George Ezra \u00a0","rel":"","context":"Dans &quot;Alive&quot;","block_context":{"text":"Alive","link":"https:\/\/www.wallendorff.com\/belogue\/category\/alive\/"},"img":{"alt_text":"","src":"https:\/\/i0.wp.com\/www.wallendorff.com\/belogue\/wp-content\/uploads\/2015\/04\/201502131.jpg?resize=350%2C200&ssl=1","width":350,"height":200,"srcset":"https:\/\/i0.wp.com\/www.wallendorff.com\/belogue\/wp-content\/uploads\/2015\/04\/201502131.jpg?resize=350%2C200&ssl=1 1x, https:\/\/i0.wp.com\/www.wallendorff.com\/belogue\/wp-content\/uploads\/2015\/04\/201502131.jpg?resize=525%2C300&ssl=1 1.5x, https:\/\/i0.wp.com\/www.wallendorff.com\/belogue\/wp-content\/uploads\/2015\/04\/201502131.jpg?resize=700%2C400&ssl=1 2x"},"classes":[]}],"_links":{"self":[{"href":"https:\/\/www.wallendorff.com\/belogue\/wp-json\/wp\/v2\/posts\/37999","targetHints":{"allow":["GET"]}}],"collection":[{"href":"https:\/\/www.wallendorff.com\/belogue\/wp-json\/wp\/v2\/posts"}],"about":[{"href":"https:\/\/www.wallendorff.com\/belogue\/wp-json\/wp\/v2\/types\/post"}],"author":[{"embeddable":true,"href":"https:\/\/www.wallendorff.com\/belogue\/wp-json\/wp\/v2\/users\/1"}],"replies":[{"embeddable":true,"href":"https:\/\/www.wallendorff.com\/belogue\/wp-json\/wp\/v2\/comments?post=37999"}],"version-history":[{"count":2,"href":"https:\/\/www.wallendorff.com\/belogue\/wp-json\/wp\/v2\/posts\/37999\/revisions"}],"predecessor-version":[{"id":40735,"href":"https:\/\/www.wallendorff.com\/belogue\/wp-json\/wp\/v2\/posts\/37999\/revisions\/40735"}],"wp:featuredmedia":[{"embeddable":true,"href":"https:\/\/www.wallendorff.com\/belogue\/wp-json\/wp\/v2\/media\/38000"}],"wp:attachment":[{"href":"https:\/\/www.wallendorff.com\/belogue\/wp-json\/wp\/v2\/media?parent=37999"}],"wp:term":[{"taxonomy":"category","embeddable":true,"href":"https:\/\/www.wallendorff.com\/belogue\/wp-json\/wp\/v2\/categories?post=37999"},{"taxonomy":"post_tag","embeddable":true,"href":"https:\/\/www.wallendorff.com\/belogue\/wp-json\/wp\/v2\/tags?post=37999"}],"curies":[{"name":"wp","href":"https:\/\/api.w.org\/{rel}","templated":true}]}}