{"id":37994,"date":"2018-04-20T14:46:22","date_gmt":"2018-04-20T12:46:22","guid":{"rendered":"http:\/\/www.wallendorff.com\/belogue\/?p=37994"},"modified":"2018-04-20T14:52:07","modified_gmt":"2018-04-20T12:52:07","slug":"into-the-wide-145","status":"publish","type":"post","link":"https:\/\/www.wallendorff.com\/belogue\/2018\/04\/20\/into-the-wide-145\/","title":{"rendered":"Into the wide #145."},"content":{"rendered":"<p>&nbsp;<\/p>\n<div id=\"photo\">\n<p><img decoding=\"async\" src=\"https:\/\/www.wallendorff.com\/belogue\/wp-content\/uploads\/2018\/04\/20180420.jpg\"><br \/>\nStortorget, Stockholm, 11 f\u00e9vrier.<\/p>\n<\/div>\n<div id=\"bandeson\">\n<p><img decoding=\"async\" src=\"https:\/\/www.wallendorff.com\/belogue\/photo\/pochettes\/r\/radiohead-no_surprises.jpg\" align=\"left\"><a id=\"lienmp3\" style=\"font-weight: normal;\" href=\"http:\/\/www.youtube.com\/watch?v=n10JC0BOWF8\"><em>How I Made My Millions<\/em><\/a><br \/>\n<a href=\"http:\/\/www.radiohead.com\/\">Radiohead<\/a><\/p>\n<\/div>\n","protected":false},"excerpt":{"rendered":"<p>&nbsp; Stortorget, Stockholm, 11 f\u00e9vrier. How I Made My Millions Radiohead<\/p>\n","protected":false},"author":1,"featured_media":37995,"comment_status":"open","ping_status":"open","sticky":false,"template":"","format":"standard","meta":{"_acf_changed":false,"ngg_post_thumbnail":0,"jetpack_post_was_ever_published":false,"_jetpack_newsletter_access":"","_jetpack_dont_email_post_to_subs":false,"_jetpack_newsletter_tier_id":0,"_jetpack_memberships_contains_paywalled_content":false,"_jetpack_memberships_contains_paid_content":false,"footnotes":"","jetpack_publicize_message":"","jetpack_publicize_feature_enabled":true,"jetpack_social_post_already_shared":true,"jetpack_social_options":{"image_generator_settings":{"template":"highway","default_image_id":0,"font":"","enabled":false},"version":2}},"categories":[7356],"tags":[4350,10326,14271,14272,13113,14699,11323,10592,128,4345,14698,4138],"class_list":["post-37994","post","type-post","status-publish","format-standard","has-post-thumbnail","hentry","category-into-the-wide","tag-comte-de-stockholm","tag-crepuscule","tag-fujifilm-x-t2","tag-fujinon-xf-18-55-mm-f2-8-4-r-lm-ois","tag-gamla-stan","tag-how-i-made-my-millions","tag-panoramique","tag-pose-longue","tag-radiohead","tag-stockholm","tag-stortorget","tag-suede"],"acf":[],"geo":{"latitude":59.3249207,"longitude":18.0707493,"description":"Stockholm, Stockholm, 103 35, SE"},"jetpack_publicize_connections":[],"jetpack_featured_media_url":"https:\/\/www.wallendorff.com\/belogue\/wp-content\/uploads\/2018\/04\/20180420.jpg","jetpack_shortlink":"https:\/\/wp.me\/p3b35P-9SO","jetpack_sharing_enabled":true,"jetpack-related-posts":[{"id":33163,"url":"https:\/\/www.wallendorff.com\/belogue\/2016\/12\/07\/into-the-wide-85\/","url_meta":{"origin":37994,"position":0},"title":"Into the wide #85.","author":"dpc","date":"7 d\u00e9cembre 2016","format":false,"excerpt":"Pont Charles, Prague, 6 septembre. C'est la derni\u00e8re, promis. The Numbers Radiohead","rel":"","context":"Dans &quot;Into the wide&quot;","block_context":{"text":"Into the wide","link":"https:\/\/www.wallendorff.com\/belogue\/category\/into-the-wide\/"},"img":{"alt_text":"","src":"https:\/\/i0.wp.com\/www.wallendorff.com\/belogue\/wp-content\/uploads\/2016\/12\/20161207.jpg?resize=350%2C200&ssl=1","width":350,"height":200,"srcset":"https:\/\/i0.wp.com\/www.wallendorff.com\/belogue\/wp-content\/uploads\/2016\/12\/20161207.jpg?resize=350%2C200&ssl=1 1x, https:\/\/i0.wp.com\/www.wallendorff.com\/belogue\/wp-content\/uploads\/2016\/12\/20161207.jpg?resize=525%2C300&ssl=1 1.5x, https:\/\/i0.wp.com\/www.wallendorff.com\/belogue\/wp-content\/uploads\/2016\/12\/20161207.jpg?resize=700%2C400&ssl=1 2x"},"classes":[]},{"id":30967,"url":"https:\/\/www.wallendorff.com\/belogue\/2016\/05\/18\/into-the-wide-65\/","url_meta":{"origin":37994,"position":1},"title":"Into the wide #65.","author":"dpc","date":"18 mai 2016","format":false,"excerpt":"Boulevard de la Villette, Paris, 28 f\u00e9vrier. Merci Pascal. Burn the Witch Radiohead","rel":"","context":"Dans &quot;Into the wide&quot;","block_context":{"text":"Into the wide","link":"https:\/\/www.wallendorff.com\/belogue\/category\/into-the-wide\/"},"img":{"alt_text":"","src":"https:\/\/i0.wp.com\/www.wallendorff.com\/belogue\/wp-content\/uploads\/2016\/05\/20160518.jpg?resize=350%2C200&ssl=1","width":350,"height":200,"srcset":"https:\/\/i0.wp.com\/www.wallendorff.com\/belogue\/wp-content\/uploads\/2016\/05\/20160518.jpg?resize=350%2C200&ssl=1 1x, https:\/\/i0.wp.com\/www.wallendorff.com\/belogue\/wp-content\/uploads\/2016\/05\/20160518.jpg?resize=525%2C300&ssl=1 1.5x, https:\/\/i0.wp.com\/www.wallendorff.com\/belogue\/wp-content\/uploads\/2016\/05\/20160518.jpg?resize=700%2C400&ssl=1 2x, https:\/\/i0.wp.com\/www.wallendorff.com\/belogue\/wp-content\/uploads\/2016\/05\/20160518.jpg?resize=1050%2C600&ssl=1 3x"},"classes":[]},{"id":861,"url":"https:\/\/www.wallendorff.com\/belogue\/2006\/12\/28\/2006en-2\/","url_meta":{"origin":37994,"position":2},"title":"2006 en&#8230; #2.","author":"dpc","date":"28 d\u00e9cembre 2006","format":false,"excerpt":"Muse, les Eurock\u00e9ennes, Belfort, 2 juillet1. Pr\u00e9sentent 2006 en 10 concerts live en public qui meutrirent m\u00e9chant je te dis pas comment Muse @ POP Bercy, Paris, 14 d\u00e9cembre The Raconteurs @ Rock en Seine, Paris, 25 ao\u00fbt Radiohead @ Rock en Seine, Paris, 26 ao\u00fbt Pearl Jam @ POP\u2026","rel":"","context":"Dans &quot;DPC&quot;","block_context":{"text":"DPC","link":"https:\/\/www.wallendorff.com\/belogue\/category\/dpc\/"},"img":{"alt_text":"","src":"https:\/\/i0.wp.com\/www.wallendorff.com\/belogue\/wp-content\/uploads\/2015\/04\/200612281.jpg?resize=350%2C200&ssl=1","width":350,"height":200},"classes":[]},{"id":773,"url":"https:\/\/www.wallendorff.com\/belogue\/2006\/08\/27\/radiohead-rock-en-seine-paris\/","url_meta":{"origin":37994,"position":3},"title":"Radiohead @ Rock en Seine, Paris.","author":"dpc","date":"27 ao\u00fbt 2006","format":false,"excerpt":"La premi\u00e8re [et derni\u00e8re] fois c'\u00e9tait au milieu des palmiers d'un d\u00e9sert californien surchauff\u00e9, quelques minutes \u00e0 peine apr\u00e8s la reformation des Pixies, au fin fond d'une foule de 60\u00a0000 personnes savourant religieusement leur seule date am\u00e9ricaine de cette ann\u00e9e 2004. Ce coup-ci, assis en tailleur derri\u00e8re des grillages, verre\u2026","rel":"","context":"Dans &quot;Alive&quot;","block_context":{"text":"Alive","link":"https:\/\/www.wallendorff.com\/belogue\/category\/alive\/"},"img":{"alt_text":"","src":"https:\/\/i0.wp.com\/www.wallendorff.com\/belogue\/wp-content\/uploads\/2015\/04\/200608271.jpg?resize=350%2C200&ssl=1","width":350,"height":200,"srcset":"https:\/\/i0.wp.com\/www.wallendorff.com\/belogue\/wp-content\/uploads\/2015\/04\/200608271.jpg?resize=350%2C200&ssl=1 1x, https:\/\/i0.wp.com\/www.wallendorff.com\/belogue\/wp-content\/uploads\/2015\/04\/200608271.jpg?resize=525%2C300&ssl=1 1.5x, https:\/\/i0.wp.com\/www.wallendorff.com\/belogue\/wp-content\/uploads\/2015\/04\/200608271.jpg?resize=700%2C400&ssl=1 2x"},"classes":[]},{"id":672,"url":"https:\/\/www.wallendorff.com\/belogue\/2004\/09\/07\/marches-a-suivre\/","url_meta":{"origin":37994,"position":4},"title":"Marches \u00e0 suivre.","author":"dpc","date":"7 septembre 2004","format":false,"excerpt":"Rue Mazelle, Metz. \u00a0Radiohead \u2013 Everything in Its Right Place","rel":"","context":"Dans &quot;DPC&quot;","block_context":{"text":"DPC","link":"https:\/\/www.wallendorff.com\/belogue\/category\/dpc\/"},"img":{"alt_text":"","src":"https:\/\/i0.wp.com\/www.wallendorff.com\/belogue\/wp-content\/uploads\/2015\/04\/072.jpg?resize=350%2C200&ssl=1","width":350,"height":200,"srcset":"https:\/\/i0.wp.com\/www.wallendorff.com\/belogue\/wp-content\/uploads\/2015\/04\/072.jpg?resize=350%2C200&ssl=1 1x, https:\/\/i0.wp.com\/www.wallendorff.com\/belogue\/wp-content\/uploads\/2015\/04\/072.jpg?resize=525%2C300&ssl=1 1.5x, https:\/\/i0.wp.com\/www.wallendorff.com\/belogue\/wp-content\/uploads\/2015\/04\/072.jpg?resize=700%2C400&ssl=1 2x"},"classes":[]},{"id":3651,"url":"https:\/\/www.wallendorff.com\/belogue\/2008\/12\/05\/julien-dore-lelysee-montmartre-paris-4-decembre\/","url_meta":{"origin":37994,"position":5},"title":"Julien Dor\u00e9 @ l&rsquo;\u00c9lys\u00e9e-Montmartre, Paris.","author":"dpc","date":"5 d\u00e9cembre 2008","format":false,"excerpt":"Vivent les attach\u00e9es de presse, les spots, les \u00e9clairagistes, le format brut, les photos au 1\u00a0600e et euh... Radiohead. Radiohead \u2013 Electioneering","rel":"","context":"Dans &quot;Alive&quot;","block_context":{"text":"Alive","link":"https:\/\/www.wallendorff.com\/belogue\/category\/alive\/"},"img":{"alt_text":"","src":"https:\/\/i0.wp.com\/www.wallendorff.com\/belogue\/wp-content\/uploads\/2015\/04\/200812051.jpg?resize=350%2C200&ssl=1","width":350,"height":200,"srcset":"https:\/\/i0.wp.com\/www.wallendorff.com\/belogue\/wp-content\/uploads\/2015\/04\/200812051.jpg?resize=350%2C200&ssl=1 1x, https:\/\/i0.wp.com\/www.wallendorff.com\/belogue\/wp-content\/uploads\/2015\/04\/200812051.jpg?resize=525%2C300&ssl=1 1.5x, https:\/\/i0.wp.com\/www.wallendorff.com\/belogue\/wp-content\/uploads\/2015\/04\/200812051.jpg?resize=700%2C400&ssl=1 2x"},"classes":[]}],"_links":{"self":[{"href":"https:\/\/www.wallendorff.com\/belogue\/wp-json\/wp\/v2\/posts\/37994","targetHints":{"allow":["GET"]}}],"collection":[{"href":"https:\/\/www.wallendorff.com\/belogue\/wp-json\/wp\/v2\/posts"}],"about":[{"href":"https:\/\/www.wallendorff.com\/belogue\/wp-json\/wp\/v2\/types\/post"}],"author":[{"embeddable":true,"href":"https:\/\/www.wallendorff.com\/belogue\/wp-json\/wp\/v2\/users\/1"}],"replies":[{"embeddable":true,"href":"https:\/\/www.wallendorff.com\/belogue\/wp-json\/wp\/v2\/comments?post=37994"}],"version-history":[{"count":2,"href":"https:\/\/www.wallendorff.com\/belogue\/wp-json\/wp\/v2\/posts\/37994\/revisions"}],"predecessor-version":[{"id":37997,"href":"https:\/\/www.wallendorff.com\/belogue\/wp-json\/wp\/v2\/posts\/37994\/revisions\/37997"}],"wp:featuredmedia":[{"embeddable":true,"href":"https:\/\/www.wallendorff.com\/belogue\/wp-json\/wp\/v2\/media\/37995"}],"wp:attachment":[{"href":"https:\/\/www.wallendorff.com\/belogue\/wp-json\/wp\/v2\/media?parent=37994"}],"wp:term":[{"taxonomy":"category","embeddable":true,"href":"https:\/\/www.wallendorff.com\/belogue\/wp-json\/wp\/v2\/categories?post=37994"},{"taxonomy":"post_tag","embeddable":true,"href":"https:\/\/www.wallendorff.com\/belogue\/wp-json\/wp\/v2\/tags?post=37994"}],"curies":[{"name":"wp","href":"https:\/\/api.w.org\/{rel}","templated":true}]}}