{"id":37983,"date":"2018-04-16T14:51:37","date_gmt":"2018-04-16T12:51:37","guid":{"rendered":"http:\/\/www.wallendorff.com\/belogue\/?p=37983"},"modified":"2018-04-16T14:51:37","modified_gmt":"2018-04-16T12:51:37","slug":"la-glace-amerrit-quhaine","status":"publish","type":"post","link":"https:\/\/www.wallendorff.com\/belogue\/2018\/04\/16\/la-glace-amerrit-quhaine\/","title":{"rendered":"La glace [amerrit qu&rsquo;haine]."},"content":{"rendered":"\n<div id=\"photo\">\n<p><img decoding=\"async\" src=\"https:\/\/www.wallendorff.com\/belogue\/wp-content\/uploads\/2018\/04\/20180416.jpg\"><br \/>\nMonteliusv&auml;gen, Stockholm, 11 f&eacute;vrier.<\/p>\n<\/p><\/div>\n<div id=\"bandeson\">\n<p><img decoding=\"async\" src=\"https:\/\/www.wallendorff.com\/belogue\/photo\/pochettes\/l\/london_grammar-truth_is_a_beautiful_thing.jpg\" align=\"left\"><a id=\"lienmp3\" style=\"font-weight: normal;\" href=\"http:\/\/www.youtube.com\/watch?v=mnmeYiJcXPw\"><em>Bones of Ribbon<\/em><\/a><br \/>\n<a href=\"http:\/\/www.londongrammar.com\/\">London Grammar<\/a><\/p>\n<\/div>\n","protected":false},"excerpt":{"rendered":"<p>Monteliusv&auml;gen, Stockholm, 11 f&eacute;vrier. Bones of Ribbon London Grammar<\/p>\n","protected":false},"author":1,"featured_media":37987,"comment_status":"open","ping_status":"open","sticky":false,"template":"","format":"standard","meta":{"_acf_changed":false,"ngg_post_thumbnail":0,"jetpack_post_was_ever_published":false,"_jetpack_newsletter_access":"","_jetpack_dont_email_post_to_subs":false,"_jetpack_newsletter_tier_id":0,"_jetpack_memberships_contains_paywalled_content":false,"_jetpack_memberships_contains_paid_content":false,"footnotes":"","jetpack_publicize_message":"","jetpack_publicize_feature_enabled":true,"jetpack_social_post_already_shared":true,"jetpack_social_options":{"image_generator_settings":{"template":"highway","default_image_id":0,"font":"","enabled":false},"version":2}},"categories":[3],"tags":[737,14696,4350,14271,14272,13113,3554,10663,11727,13221,4345,4138,14389],"class_list":["post-37983","post","type-post","status-publish","format-standard","has-post-thumbnail","hentry","category-dpc","tag-bleu","tag-bones-of-ribbon","tag-comte-de-stockholm","tag-fujifilm-x-t2","tag-fujinon-xf-18-55-mm-f2-8-4-r-lm-ois","tag-gamla-stan","tag-glace","tag-hiver","tag-london-grammar","tag-monteliusvagen","tag-stockholm","tag-suede","tag-truth-is-a-beautiful-thing"],"acf":[],"geo":{"latitude":59.3207512,"longitude":18.0603218,"description":"Stockholm, Stockholm, 103 35, SE"},"jetpack_publicize_connections":[],"jetpack_featured_media_url":"https:\/\/www.wallendorff.com\/belogue\/wp-content\/uploads\/2018\/04\/20180416.jpg","jetpack_shortlink":"https:\/\/wp.me\/p3b35P-9SD","jetpack_sharing_enabled":true,"jetpack-related-posts":[{"id":9765,"url":"https:\/\/www.wallendorff.com\/belogue\/2010\/11\/08\/glace-mannequin\/","url_meta":{"origin":37983,"position":0},"title":"Glace mannequins.","author":"dpc","date":"8 novembre 2010","format":false,"excerpt":"G\u00f6tgatan, Stockholm, 29 ao\u00fbt. C'est tr\u00e8s frustrant de se dire que son jeu de mot est super bien trouv\u00e9 mais que les jeunes d'aujourd'hui qui aiment Justin Bi\u00e9b\u00e8re et Hanna Montana ne le comprendront pas parce qu'ils n'ont jamais entendu parler de ce truc. The Horrors \u2013 I Can't Control\u2026","rel":"","context":"Dans &quot;DPC&quot;","block_context":{"text":"DPC","link":"https:\/\/www.wallendorff.com\/belogue\/category\/dpc\/"},"img":{"alt_text":"","src":"https:\/\/i0.wp.com\/www.wallendorff.com\/belogue\/wp-content\/uploads\/2015\/04\/201011081.jpg?resize=350%2C200&ssl=1","width":350,"height":200},"classes":[]},{"id":37988,"url":"https:\/\/www.wallendorff.com\/belogue\/2018\/04\/18\/rentree-des-glaces\/","url_meta":{"origin":37983,"position":1},"title":"Rentr\u00e9e des glaces.","author":"dpc","date":"18 avril 2018","format":false,"excerpt":"Monteliusv\u00e4gen, Stockholm, 11 f\u00e9vrier. Forgotten Pleasures Findlay","rel":"","context":"Dans &quot;DPC&quot;","block_context":{"text":"DPC","link":"https:\/\/www.wallendorff.com\/belogue\/category\/dpc\/"},"img":{"alt_text":"Montelius v\u00e4gen, Stockholm, 11\/02\/2018","src":"https:\/\/i0.wp.com\/www.wallendorff.com\/belogue\/wp-content\/uploads\/2018\/04\/20180418.jpg?resize=350%2C200&ssl=1","width":350,"height":200,"srcset":"https:\/\/i0.wp.com\/www.wallendorff.com\/belogue\/wp-content\/uploads\/2018\/04\/20180418.jpg?resize=350%2C200&ssl=1 1x, https:\/\/i0.wp.com\/www.wallendorff.com\/belogue\/wp-content\/uploads\/2018\/04\/20180418.jpg?resize=525%2C300&ssl=1 1.5x, https:\/\/i0.wp.com\/www.wallendorff.com\/belogue\/wp-content\/uploads\/2018\/04\/20180418.jpg?resize=700%2C400&ssl=1 2x"},"classes":[]},{"id":22005,"url":"https:\/\/www.wallendorff.com\/belogue\/2013\/11\/14\/valerie-june-jacco-gardner-london-grammar-festival-des-inrocks-la-cigale-paris-9-novembre\/","url_meta":{"origin":37983,"position":2},"title":"Valerie June + Jacco Gardner + London Grammar @ Festival des Inrocks, la Cigale, Paris, 9 novembre.","author":"dpc","date":"14 novembre 2013","format":false,"excerpt":"London Grammar \u00a0 Jacco Gardner \u00a0 Valerie June \u00a0","rel":"","context":"Dans &quot;Alive&quot;","block_context":{"text":"Alive","link":"https:\/\/www.wallendorff.com\/belogue\/category\/alive\/"},"img":{"alt_text":"","src":"https:\/\/i0.wp.com\/www.wallendorff.com\/belogue\/wp-content\/uploads\/2015\/04\/201311141.jpg?resize=350%2C200&ssl=1","width":350,"height":200,"srcset":"https:\/\/i0.wp.com\/www.wallendorff.com\/belogue\/wp-content\/uploads\/2015\/04\/201311141.jpg?resize=350%2C200&ssl=1 1x, https:\/\/i0.wp.com\/www.wallendorff.com\/belogue\/wp-content\/uploads\/2015\/04\/201311141.jpg?resize=525%2C300&ssl=1 1.5x, https:\/\/i0.wp.com\/www.wallendorff.com\/belogue\/wp-content\/uploads\/2015\/04\/201311141.jpg?resize=700%2C400&ssl=1 2x"},"classes":[]},{"id":42025,"url":"https:\/\/www.wallendorff.com\/belogue\/2019\/06\/11\/la-glace-a-dallas\/","url_meta":{"origin":37983,"position":3},"title":"La glace [\u00e0 Dallas].","author":"dpc","date":"11 juin 2019","format":false,"excerpt":"Skjelholmen, 5 mars 2019. Woman Mumford & Sons","rel":"","context":"Dans &quot;DPC&quot;","block_context":{"text":"DPC","link":"https:\/\/www.wallendorff.com\/belogue\/category\/dpc\/"},"img":{"alt_text":"Skjelholmen, 5 mars 2019.","src":"https:\/\/i0.wp.com\/www.wallendorff.com\/belogue\/wp-content\/uploads\/2019\/06\/20190611.jpg?resize=350%2C200&ssl=1","width":350,"height":200,"srcset":"https:\/\/i0.wp.com\/www.wallendorff.com\/belogue\/wp-content\/uploads\/2019\/06\/20190611.jpg?resize=350%2C200&ssl=1 1x, https:\/\/i0.wp.com\/www.wallendorff.com\/belogue\/wp-content\/uploads\/2019\/06\/20190611.jpg?resize=525%2C300&ssl=1 1.5x, https:\/\/i0.wp.com\/www.wallendorff.com\/belogue\/wp-content\/uploads\/2019\/06\/20190611.jpg?resize=700%2C400&ssl=1 2x"},"classes":[]},{"id":3577,"url":"https:\/\/www.wallendorff.com\/belogue\/2008\/11\/12\/astonvilla-le-brise-glace-annecy-4-5-juin\/","url_meta":{"origin":37983,"position":4},"title":"Astonvilla @ le Brise Glace, Annecy, 4-5 juin.","author":"dpc","date":"12 novembre 2008","format":false,"excerpt":"Astonvilla \u2013 Live sort aujourd'hui avec 15 de mes photos dans son livret, ce qui est la frime, un peu, reconnaissons-le, alors f\u00eatons \u00e7a avec une s\u00e9rie sur le concert du Brise Glace o\u00f9 a \u00e9t\u00e9 enregistr\u00e9 l'album. Le disque est l\u00e0. Et si vous \u00eates gentils, oui je veux\u2026","rel":"","context":"Dans &quot;Alive&quot;","block_context":{"text":"Alive","link":"https:\/\/www.wallendorff.com\/belogue\/category\/alive\/"},"img":{"alt_text":"","src":"https:\/\/i0.wp.com\/www.wallendorff.com\/belogue\/wp-content\/uploads\/2015\/04\/200811121.jpg?resize=350%2C200&ssl=1","width":350,"height":200,"srcset":"https:\/\/i0.wp.com\/www.wallendorff.com\/belogue\/wp-content\/uploads\/2015\/04\/200811121.jpg?resize=350%2C200&ssl=1 1x, https:\/\/i0.wp.com\/www.wallendorff.com\/belogue\/wp-content\/uploads\/2015\/04\/200811121.jpg?resize=525%2C300&ssl=1 1.5x, https:\/\/i0.wp.com\/www.wallendorff.com\/belogue\/wp-content\/uploads\/2015\/04\/200811121.jpg?resize=700%2C400&ssl=1 2x"},"classes":[]},{"id":42006,"url":"https:\/\/www.wallendorff.com\/belogue\/2019\/06\/06\/pic-a-glace\/","url_meta":{"origin":37983,"position":5},"title":"Pic \u00e0 glace.","author":"dpc","date":"6 juin 2019","format":false,"excerpt":"Torv\u00f8ya, 5 mars 2019. Movies Circa Waves","rel":"","context":"Dans &quot;DPC&quot;","block_context":{"text":"DPC","link":"https:\/\/www.wallendorff.com\/belogue\/category\/dpc\/"},"img":{"alt_text":"","src":"https:\/\/i0.wp.com\/www.wallendorff.com\/belogue\/wp-content\/uploads\/2019\/06\/20190606.jpg?resize=350%2C200&ssl=1","width":350,"height":200,"srcset":"https:\/\/i0.wp.com\/www.wallendorff.com\/belogue\/wp-content\/uploads\/2019\/06\/20190606.jpg?resize=350%2C200&ssl=1 1x, https:\/\/i0.wp.com\/www.wallendorff.com\/belogue\/wp-content\/uploads\/2019\/06\/20190606.jpg?resize=525%2C300&ssl=1 1.5x, https:\/\/i0.wp.com\/www.wallendorff.com\/belogue\/wp-content\/uploads\/2019\/06\/20190606.jpg?resize=700%2C400&ssl=1 2x"},"classes":[]}],"_links":{"self":[{"href":"https:\/\/www.wallendorff.com\/belogue\/wp-json\/wp\/v2\/posts\/37983","targetHints":{"allow":["GET"]}}],"collection":[{"href":"https:\/\/www.wallendorff.com\/belogue\/wp-json\/wp\/v2\/posts"}],"about":[{"href":"https:\/\/www.wallendorff.com\/belogue\/wp-json\/wp\/v2\/types\/post"}],"author":[{"embeddable":true,"href":"https:\/\/www.wallendorff.com\/belogue\/wp-json\/wp\/v2\/users\/1"}],"replies":[{"embeddable":true,"href":"https:\/\/www.wallendorff.com\/belogue\/wp-json\/wp\/v2\/comments?post=37983"}],"version-history":[{"count":2,"href":"https:\/\/www.wallendorff.com\/belogue\/wp-json\/wp\/v2\/posts\/37983\/revisions"}],"predecessor-version":[{"id":37986,"href":"https:\/\/www.wallendorff.com\/belogue\/wp-json\/wp\/v2\/posts\/37983\/revisions\/37986"}],"wp:featuredmedia":[{"embeddable":true,"href":"https:\/\/www.wallendorff.com\/belogue\/wp-json\/wp\/v2\/media\/37987"}],"wp:attachment":[{"href":"https:\/\/www.wallendorff.com\/belogue\/wp-json\/wp\/v2\/media?parent=37983"}],"wp:term":[{"taxonomy":"category","embeddable":true,"href":"https:\/\/www.wallendorff.com\/belogue\/wp-json\/wp\/v2\/categories?post=37983"},{"taxonomy":"post_tag","embeddable":true,"href":"https:\/\/www.wallendorff.com\/belogue\/wp-json\/wp\/v2\/tags?post=37983"}],"curies":[{"name":"wp","href":"https:\/\/api.w.org\/{rel}","templated":true}]}}