{"id":379,"date":"2005-05-12T00:01:21","date_gmt":"2005-05-12T00:01:21","guid":{"rendered":"http:\/\/www.po-l.com\/wordpress\/?p=379"},"modified":"2018-05-23T08:08:30","modified_gmt":"2018-05-23T06:08:30","slug":"que-d-eau-de-nos-elles","status":"publish","type":"post","link":"https:\/\/www.wallendorff.com\/belogue\/2005\/05\/12\/que-d-eau-de-nos-elles\/","title":{"rendered":"Que d&rsquo;eau de nos elles."},"content":{"rendered":"\n<div id=\"photo\">\n<p><img decoding=\"async\" src=\"http:\/\/www.po-L.com\/belogue\/photo\/2005\/05\/20050512.jpg\" \/><br \/>\n        Le Louvre, Paris, 3 mai.<\/p>\n<\/p><\/div>\n<p style=\"text-align:right\"><em>&quot;Leavin&rsquo; the city tonight<br \/>\n      And finding our freedom<br \/>\n      Underneath&nbsp;the red moon.&quot;<\/em><\/p>\n<div id=\"bandeson\">\n<p><img decoding=\"async\" src=\"https:\/\/www.wallendorff.com\/belogue\/photo\/pochettes\/t\/turin_brakes-jackinabox.jpg\" align=\"left\" \/>&nbsp;<a href=\"http:\/\/www.turinbrakes.com\/\">Turin Brakes<\/a> &ndash; <em>Red Moon<\/em><\/p>\n<\/p><\/div>\n","protected":false},"excerpt":{"rendered":"<p>Le Louvre, Paris, 3 mai. &quot;Leavin&rsquo; the city tonight And finding our freedom Underneath&nbsp;the red moon.&quot; &nbsp;Turin Brakes &ndash; Red Moon<\/p>\n","protected":false},"author":1,"featured_media":24319,"comment_status":"closed","ping_status":"closed","sticky":false,"template":"","format":"standard","meta":{"_acf_changed":false,"ngg_post_thumbnail":0,"jetpack_post_was_ever_published":false,"_jetpack_newsletter_access":"","_jetpack_dont_email_post_to_subs":false,"_jetpack_newsletter_tier_id":0,"_jetpack_memberships_contains_paywalled_content":false,"_jetpack_memberships_contains_paid_content":false,"footnotes":"","jetpack_publicize_message":"","jetpack_publicize_feature_enabled":true,"jetpack_social_post_already_shared":false,"jetpack_social_options":{"image_generator_settings":{"template":"highway","default_image_id":0,"font":"","enabled":false},"version":2}},"categories":[3],"tags":[10182,155,132,10246,13754,10484,10515,10120,10121,11237,10098,1005,10262,316],"class_list":["post-379","post","type-post","status-publish","format-standard","has-post-thumbnail","hentry","category-dpc","tag-10182","tag-ef-s-18-55-mm-f35-56-ii","tag-eos-20d","tag-contre-jour","tag-cour-carree-du-louvre","tag-eau","tag-fontaine","tag-france","tag-ile-de-france","tag-palais-du-louvre","tag-paris","tag-red-moon","tag-reflet","tag-turin-brakes"],"acf":[],"geo":{"latitude":48.8603668,"longitude":2.3386905,"description":null},"jetpack_publicize_connections":[],"jetpack_featured_media_url":"https:\/\/www.wallendorff.com\/belogue\/wp-content\/uploads\/2015\/04\/200505121.jpg","jetpack_shortlink":"https:\/\/wp.me\/p3b35P-67","jetpack_sharing_enabled":true,"jetpack-related-posts":[{"id":300,"url":"https:\/\/www.wallendorff.com\/belogue\/2005\/08\/03\/entre-essais-tout-verts\/","url_meta":{"origin":379,"position":0},"title":"Entre essais tout verts.","author":"dpc","date":"3 ao\u00fbt 2005","format":false,"excerpt":"Palais du Louvre, 21 juillet. \"I may be bleeding, but I don't care See where I'm leading, see I'm almost there These days lost their meaning, but I don't care But still we're all breathing, so cry if you dare\" \u00a0Turin Brakes \u2013 Buildings Wrap Around Me","rel":"","context":"Dans &quot;DPC&quot;","block_context":{"text":"DPC","link":"https:\/\/www.wallendorff.com\/belogue\/category\/dpc\/"},"img":{"alt_text":"","src":"https:\/\/i0.wp.com\/www.wallendorff.com\/belogue\/wp-content\/uploads\/2015\/04\/200508031.jpg?resize=350%2C200&ssl=1","width":350,"height":200},"classes":[]},{"id":47787,"url":"https:\/\/www.wallendorff.com\/belogue\/2021\/02\/05\/into-the-wide-210\/","url_meta":{"origin":379,"position":1},"title":"Into the wide #210.","author":"dpc","date":"5 f\u00e9vrier 2021","format":false,"excerpt":"Palais du Louvre, Paris, 16 octobre 2020. Emergency 72 Turin Brakes","rel":"","context":"Dans &quot;Into the wide&quot;","block_context":{"text":"Into the wide","link":"https:\/\/www.wallendorff.com\/belogue\/category\/into-the-wide\/"},"img":{"alt_text":"","src":"https:\/\/i0.wp.com\/www.wallendorff.com\/belogue\/wp-content\/uploads\/2021\/02\/20210205.jpg?resize=350%2C200&ssl=1","width":350,"height":200,"srcset":"https:\/\/i0.wp.com\/www.wallendorff.com\/belogue\/wp-content\/uploads\/2021\/02\/20210205.jpg?resize=350%2C200&ssl=1 1x, https:\/\/i0.wp.com\/www.wallendorff.com\/belogue\/wp-content\/uploads\/2021\/02\/20210205.jpg?resize=525%2C300&ssl=1 1.5x, https:\/\/i0.wp.com\/www.wallendorff.com\/belogue\/wp-content\/uploads\/2021\/02\/20210205.jpg?resize=700%2C400&ssl=1 2x, https:\/\/i0.wp.com\/www.wallendorff.com\/belogue\/wp-content\/uploads\/2021\/02\/20210205.jpg?resize=1050%2C600&ssl=1 3x"},"classes":[]},{"id":125717,"url":"https:\/\/www.wallendorff.com\/belogue\/2023\/07\/28\/losanges-laissent\/","url_meta":{"origin":379,"position":2},"title":"Losanges laissent.","author":"dpc","date":"28 juillet 2023","format":false,"excerpt":"Palais du Louvre, Paris, 12 mai 2023.","rel":"","context":"Dans &quot;DPC&quot;","block_context":{"text":"DPC","link":"https:\/\/www.wallendorff.com\/belogue\/category\/dpc-en\/"},"img":{"alt_text":"","src":"https:\/\/i0.wp.com\/www.wallendorff.com\/belogue\/wp-content\/uploads\/2023\/07\/20230728.jpg?resize=350%2C200&ssl=1","width":350,"height":200,"srcset":"https:\/\/i0.wp.com\/www.wallendorff.com\/belogue\/wp-content\/uploads\/2023\/07\/20230728.jpg?resize=350%2C200&ssl=1 1x, https:\/\/i0.wp.com\/www.wallendorff.com\/belogue\/wp-content\/uploads\/2023\/07\/20230728.jpg?resize=525%2C300&ssl=1 1.5x, https:\/\/i0.wp.com\/www.wallendorff.com\/belogue\/wp-content\/uploads\/2023\/07\/20230728.jpg?resize=700%2C400&ssl=1 2x, https:\/\/i0.wp.com\/www.wallendorff.com\/belogue\/wp-content\/uploads\/2023\/07\/20230728.jpg?resize=1050%2C600&ssl=1 3x"},"classes":[]},{"id":23571,"url":"https:\/\/www.wallendorff.com\/belogue\/2014\/11\/19\/prendre-le-dessus\/","url_meta":{"origin":379,"position":3},"title":"Prendre le dessus.","author":"dpc","date":"19 novembre 2014","format":false,"excerpt":"Budapest, 9 septembre. La suite de Prendre le dessous, \u00e9videmment. [Et puisque je n'arrive pas \u00e0 trancher entre les deux, aujourd'hui ce sera double bande-son.] Moon Foals Red Moon Turin Brakes","rel":"","context":"Dans &quot;DPC&quot;","block_context":{"text":"DPC","link":"https:\/\/www.wallendorff.com\/belogue\/category\/dpc\/"},"img":{"alt_text":"","src":"https:\/\/i0.wp.com\/www.wallendorff.com\/belogue\/wp-content\/uploads\/2015\/04\/201411191.jpg?resize=350%2C200&ssl=1","width":350,"height":200,"srcset":"https:\/\/i0.wp.com\/www.wallendorff.com\/belogue\/wp-content\/uploads\/2015\/04\/201411191.jpg?resize=350%2C200&ssl=1 1x, https:\/\/i0.wp.com\/www.wallendorff.com\/belogue\/wp-content\/uploads\/2015\/04\/201411191.jpg?resize=525%2C300&ssl=1 1.5x, https:\/\/i0.wp.com\/www.wallendorff.com\/belogue\/wp-content\/uploads\/2015\/04\/201411191.jpg?resize=700%2C400&ssl=1 2x"},"classes":[]},{"id":317,"url":"https:\/\/www.wallendorff.com\/belogue\/2005\/07\/14\/chant-puine-champs-pignon-chant-tant-chante-l-est-chant-son\/","url_meta":{"origin":379,"position":4},"title":"Chant pu&icirc;n&eacute;, champs pignon, chant tant chant&eacute; l&rsquo;est chant son.","author":"dpc","date":"14 juillet 2005","format":false,"excerpt":"Salem, Michigan, 3 f\u00e9vrier. Cherchez pas, y a aucun rapport entre les trois subordonn\u00e9es1. Le truc c'est que Champ2-pignon collait super bien, vu que cette photo contient un pignon sur un champ, mais c'\u00e9tait trop simple. Alors j'ai brod\u00e9. Comme j'ai pu. Il est tard, vous rappelerai-je. \"leave your woes\u2026","rel":"","context":"Dans &quot;DPC&quot;","block_context":{"text":"DPC","link":"https:\/\/www.wallendorff.com\/belogue\/category\/dpc\/"},"img":{"alt_text":"","src":"https:\/\/i0.wp.com\/www.wallendorff.com\/belogue\/wp-content\/uploads\/2015\/04\/200507141.jpg?resize=350%2C200&ssl=1","width":350,"height":200},"classes":[]},{"id":127662,"url":"https:\/\/www.wallendorff.com\/belogue\/2024\/04\/02\/lueur-des-soirs-2\/","url_meta":{"origin":379,"position":5},"title":"Lueur des soirs.","author":"dpc","date":"2 avril 2024","format":false,"excerpt":"Palais du Louvre, Paris, 8 f\u00e9vrier 2024.Toujours pris de toujours la m\u00eame flaque.","rel":"","context":"Dans &quot;DPC&quot;","block_context":{"text":"DPC","link":"https:\/\/www.wallendorff.com\/belogue\/category\/dpc\/"},"img":{"alt_text":"","src":"https:\/\/i0.wp.com\/www.wallendorff.com\/belogue\/wp-content\/uploads\/2024\/04\/20240402-scaled.jpg?resize=350%2C200&ssl=1","width":350,"height":200,"srcset":"https:\/\/i0.wp.com\/www.wallendorff.com\/belogue\/wp-content\/uploads\/2024\/04\/20240402-scaled.jpg?resize=350%2C200&ssl=1 1x, https:\/\/i0.wp.com\/www.wallendorff.com\/belogue\/wp-content\/uploads\/2024\/04\/20240402-scaled.jpg?resize=525%2C300&ssl=1 1.5x, https:\/\/i0.wp.com\/www.wallendorff.com\/belogue\/wp-content\/uploads\/2024\/04\/20240402-scaled.jpg?resize=700%2C400&ssl=1 2x, https:\/\/i0.wp.com\/www.wallendorff.com\/belogue\/wp-content\/uploads\/2024\/04\/20240402-scaled.jpg?resize=1050%2C600&ssl=1 3x, https:\/\/i0.wp.com\/www.wallendorff.com\/belogue\/wp-content\/uploads\/2024\/04\/20240402-scaled.jpg?resize=1400%2C800&ssl=1 4x"},"classes":[]}],"_links":{"self":[{"href":"https:\/\/www.wallendorff.com\/belogue\/wp-json\/wp\/v2\/posts\/379","targetHints":{"allow":["GET"]}}],"collection":[{"href":"https:\/\/www.wallendorff.com\/belogue\/wp-json\/wp\/v2\/posts"}],"about":[{"href":"https:\/\/www.wallendorff.com\/belogue\/wp-json\/wp\/v2\/types\/post"}],"author":[{"embeddable":true,"href":"https:\/\/www.wallendorff.com\/belogue\/wp-json\/wp\/v2\/users\/1"}],"replies":[{"embeddable":true,"href":"https:\/\/www.wallendorff.com\/belogue\/wp-json\/wp\/v2\/comments?post=379"}],"version-history":[{"count":1,"href":"https:\/\/www.wallendorff.com\/belogue\/wp-json\/wp\/v2\/posts\/379\/revisions"}],"predecessor-version":[{"id":35948,"href":"https:\/\/www.wallendorff.com\/belogue\/wp-json\/wp\/v2\/posts\/379\/revisions\/35948"}],"wp:featuredmedia":[{"embeddable":true,"href":"https:\/\/www.wallendorff.com\/belogue\/wp-json\/wp\/v2\/media\/24319"}],"wp:attachment":[{"href":"https:\/\/www.wallendorff.com\/belogue\/wp-json\/wp\/v2\/media?parent=379"}],"wp:term":[{"taxonomy":"category","embeddable":true,"href":"https:\/\/www.wallendorff.com\/belogue\/wp-json\/wp\/v2\/categories?post=379"},{"taxonomy":"post_tag","embeddable":true,"href":"https:\/\/www.wallendorff.com\/belogue\/wp-json\/wp\/v2\/tags?post=379"}],"curies":[{"name":"wp","href":"https:\/\/api.w.org\/{rel}","templated":true}]}}