{"id":378,"date":"2005-01-15T17:53:52","date_gmt":"2005-01-15T17:53:52","guid":{"rendered":"http:\/\/www.po-l.com\/wordpress\/?p=378"},"modified":"2012-01-16T11:20:50","modified_gmt":"2012-01-16T09:20:50","slug":"arbore-les-sens","status":"publish","type":"post","link":"https:\/\/www.wallendorff.com\/belogue\/2005\/01\/15\/arbore-les-sens\/","title":{"rendered":"Arbore les sens."},"content":{"rendered":"<div id=\"photo\">\n<p><img decoding=\"async\" src=\"http:\/\/www.po-L.com\/belogue\/photo\/2005\/01\/20040115-arbre.jpg\" \/><br \/>\nLac Sainte-Claire, 8 janvier.<\/p>\n<\/div>\n<p style=\"text-align:right\">&ldquo;<em>Will I walk the long road?<br \/>\n  I cannot stay<br \/>\n  There&rsquo;s no need to say goodbye<\/em><\/p>\n<p style=\"text-align:right\"><em>Oh, the friends and family&#8230;<br \/>\n  All the memories going round<br \/>\n  Round, round round&#8230;<\/em><\/p>\n<p style=\"text-align:right\"><em>I have wished for so long&#8230;<br \/>\n  How I wished for you today<\/em><\/p>\n<p style=\"text-align:right\"><em>And the wind keeps rollin&rsquo;<br \/>\n  And the sky keeps turning grey<br \/>\n  And the sun is set<br \/>\n  The sun will rise another day.<\/em>&rdquo;<\/p>\n<div id=\"bandeson\">\n<p><img decoding=\"async\" src=\"https:\/\/www.wallendorff.com\/belogue\/photo\/pochettes\/p\/pearl_jam-merkin_ball.jpg\" align=\"left\" \/>&nbsp;<a href=\"http:\/\/www.tenclub.net\/\">Pearl Jam<\/a> \/ <a href=\"http:\/\/www.neilyoung.com\/\">Neil Young<\/a> &ndash; <em>Long Road<\/em><\/p>\n<\/p><\/div>\n","protected":false},"excerpt":{"rendered":"<p>Lac Sainte-Claire, 8 janvier. &ldquo;Will I walk the long road? I cannot stay There&rsquo;s no need to say goodbye Oh, the friends and family&#8230; All the memories going round Round, round round&#8230; I have wished for so long&#8230; How I wished for you today And the wind keeps rollin&rsquo; And the sky keeps turning grey&hellip;<\/p>\n","protected":false},"author":1,"featured_media":24318,"comment_status":"closed","ping_status":"closed","sticky":false,"template":"","format":"standard","meta":{"_acf_changed":false,"ngg_post_thumbnail":0,"jetpack_post_was_ever_published":false,"_jetpack_newsletter_access":"","_jetpack_dont_email_post_to_subs":false,"_jetpack_newsletter_tier_id":0,"_jetpack_memberships_contains_paywalled_content":false,"_jetpack_memberships_contains_paid_content":false,"footnotes":"","jetpack_publicize_message":"","jetpack_publicize_feature_enabled":true,"jetpack_social_post_already_shared":false,"jetpack_social_options":{"image_generator_settings":{"template":"highway","default_image_id":0,"font":"","enabled":false},"version":2}},"categories":[3],"tags":[10345,155,132,10144,55,752,763,54,10211,113,10165],"class_list":["post-378","post","type-post","status-publish","format-standard","has-post-thumbnail","hentry","category-dpc","tag-arbre","tag-ef-s-18-55-mm-f35-56-ii","tag-eos-20d","tag-ciel","tag-etats-unis","tag-lac-sainte-claire","tag-long-road","tag-michigan","tag-neige","tag-neil-young","tag-pearl-jam"],"acf":[],"geo":{"latitude":42.5719528,"longitude":-82.7990417,"description":null},"jetpack_publicize_connections":[],"jetpack_featured_media_url":"https:\/\/www.wallendorff.com\/belogue\/wp-content\/uploads\/2015\/04\/20040115-arbre1.jpg","jetpack_shortlink":"https:\/\/wp.me\/p3b35P-66","jetpack_sharing_enabled":true,"jetpack-related-posts":[{"id":505,"url":"https:\/\/www.wallendorff.com\/belogue\/2005\/01\/11\/tres-pieds\/","url_meta":{"origin":378,"position":0},"title":"Tr&egrave;s pieds.","author":"dpc","date":"11 janvier 2005","format":false,"excerpt":"Lac Sainte-Claire, 8 janvier. [Oui oui, encore le lac Sainte-Claire] [Cette semaine, du lac Sainte-Claire, il y en aura plein.] [Enlevez pas\u00a0vos maillots de bain] \u00a0L\u00e6titia Sh\u00e9riff \u2014 Music Box","rel":"","context":"Dans &quot;DPC&quot;","block_context":{"text":"DPC","link":"https:\/\/www.wallendorff.com\/belogue\/category\/dpc\/"},"img":{"alt_text":"","src":"https:\/\/i0.wp.com\/www.wallendorff.com\/belogue\/wp-content\/uploads\/2015\/04\/20050111-pieds1.jpg?resize=350%2C200&ssl=1","width":350,"height":200,"srcset":"https:\/\/i0.wp.com\/www.wallendorff.com\/belogue\/wp-content\/uploads\/2015\/04\/20050111-pieds1.jpg?resize=350%2C200&ssl=1 1x, https:\/\/i0.wp.com\/www.wallendorff.com\/belogue\/wp-content\/uploads\/2015\/04\/20050111-pieds1.jpg?resize=525%2C300&ssl=1 1.5x, https:\/\/i0.wp.com\/www.wallendorff.com\/belogue\/wp-content\/uploads\/2015\/04\/20050111-pieds1.jpg?resize=700%2C400&ssl=1 2x"},"classes":[]},{"id":377,"url":"https:\/\/www.wallendorff.com\/belogue\/2005\/05\/12\/et-pendant-ce-temps-a-santa-claruz\/","url_meta":{"origin":378,"position":1},"title":"Et pendant ce temps, \u00e0 Santa-Claruz.","author":"dpc","date":"12 mai 2005","format":false,"excerpt":"Lac Sainte-Claire, D\u00e9troit, 8 janvier. [mais si, vous vous souvenez. C'\u00e9tait l\u00e0] Lac Sainte-Claire, D\u00e9troit, 8 mai. [photo pas moi] Conclusion: Quand vient le mois de mai, la neige, elle fond. [et l'arbre, il fleurit.] [et le bateau, il vogue.] [\u00c7a se voit, que je m'emmerde\u00a0?] \u00a0The Subways \u2013 1am","rel":"","context":"Dans &quot;DPC&quot;","block_context":{"text":"DPC","link":"https:\/\/www.wallendorff.com\/belogue\/category\/dpc\/"},"img":{"alt_text":"","src":"https:\/\/i0.wp.com\/www.wallendorff.com\/belogue\/wp-content\/uploads\/2015\/04\/20050512-31.jpg?resize=350%2C200&ssl=1","width":350,"height":200},"classes":[]},{"id":508,"url":"https:\/\/www.wallendorff.com\/belogue\/2005\/01\/09\/banc-crise\/","url_meta":{"origin":378,"position":2},"title":"Banc crise.","author":"dpc","date":"9 janvier 2005","format":false,"excerpt":"Lac Sainte-Claire, 8 janvier. \u00a0\u00c0 part \u00e7a, tout va bien. \u00a0Radiohead \u2013 Fake Plastic Trees","rel":"","context":"Dans &quot;DPC&quot;","block_context":{"text":"DPC","link":"https:\/\/www.wallendorff.com\/belogue\/category\/dpc\/"},"img":{"alt_text":"","src":"https:\/\/i0.wp.com\/www.wallendorff.com\/belogue\/wp-content\/uploads\/2015\/04\/20050109-banc1.jpg?resize=350%2C200&ssl=1","width":350,"height":200,"srcset":"https:\/\/i0.wp.com\/www.wallendorff.com\/belogue\/wp-content\/uploads\/2015\/04\/20050109-banc1.jpg?resize=350%2C200&ssl=1 1x, https:\/\/i0.wp.com\/www.wallendorff.com\/belogue\/wp-content\/uploads\/2015\/04\/20050109-banc1.jpg?resize=525%2C300&ssl=1 1.5x, https:\/\/i0.wp.com\/www.wallendorff.com\/belogue\/wp-content\/uploads\/2015\/04\/20050109-banc1.jpg?resize=700%2C400&ssl=1 2x"},"classes":[]},{"id":494,"url":"https:\/\/www.wallendorff.com\/belogue\/2005\/01\/19\/ares-comptant-pour-un\/","url_meta":{"origin":378,"position":3},"title":"Ares comptant pour un.","author":"dpc","date":"19 janvier 2005","format":false,"excerpt":"Lac Sainte-Claire, 8 janvier [Je vous ai bien eus, hein?] \u00a0Tom McRae \u2013 Bloodless","rel":"","context":"Dans &quot;DPC&quot;","block_context":{"text":"DPC","link":"https:\/\/www.wallendorff.com\/belogue\/category\/dpc\/"},"img":{"alt_text":"","src":"https:\/\/i0.wp.com\/www.wallendorff.com\/belogue\/wp-content\/uploads\/2015\/04\/20050119-barrieres1.jpg?resize=350%2C200&ssl=1","width":350,"height":200,"srcset":"https:\/\/i0.wp.com\/www.wallendorff.com\/belogue\/wp-content\/uploads\/2015\/04\/20050119-barrieres1.jpg?resize=350%2C200&ssl=1 1x, https:\/\/i0.wp.com\/www.wallendorff.com\/belogue\/wp-content\/uploads\/2015\/04\/20050119-barrieres1.jpg?resize=525%2C300&ssl=1 1.5x"},"classes":[]},{"id":495,"url":"https:\/\/www.wallendorff.com\/belogue\/2005\/01\/18\/quatre-glacons-dans-le-vent\/","url_meta":{"origin":378,"position":4},"title":"Quatre gla&ccedil;ons dans le vent.","author":"dpc","date":"18 janvier 2005","format":false,"excerpt":"[Allez, c'est la derni\u00e8re:] Lac Sainte-Claire, 8 janvier. \u00a0Kings of Leon \u2013 The Bucket","rel":"","context":"Dans &quot;DPC&quot;","block_context":{"text":"DPC","link":"https:\/\/www.wallendorff.com\/belogue\/category\/dpc\/"},"img":{"alt_text":"","src":"https:\/\/i0.wp.com\/www.wallendorff.com\/belogue\/wp-content\/uploads\/2015\/04\/20050118-lac1.jpg?resize=350%2C200&ssl=1","width":350,"height":200,"srcset":"https:\/\/i0.wp.com\/www.wallendorff.com\/belogue\/wp-content\/uploads\/2015\/04\/20050118-lac1.jpg?resize=350%2C200&ssl=1 1x, https:\/\/i0.wp.com\/www.wallendorff.com\/belogue\/wp-content\/uploads\/2015\/04\/20050118-lac1.jpg?resize=525%2C300&ssl=1 1.5x"},"classes":[]},{"id":500,"url":"https:\/\/www.wallendorff.com\/belogue\/2005\/01\/14\/sentiers-bons-heurts-j-entends-nos-curs\/","url_meta":{"origin":378,"position":5},"title":"Sentiers, bons heurts, j&rsquo;entends nos c&oelig;urs.","author":"dpc","date":"14 janvier 2005","format":false,"excerpt":"Lac Sainte-Claire, 8 janvier. \u00a0Depeche Mode \u2013 Little 15","rel":"","context":"Dans &quot;DPC&quot;","block_context":{"text":"DPC","link":"https:\/\/www.wallendorff.com\/belogue\/category\/dpc\/"},"img":{"alt_text":"","src":"https:\/\/i0.wp.com\/www.wallendorff.com\/belogue\/wp-content\/uploads\/2015\/04\/20050114-sentier1.jpg?resize=350%2C200&ssl=1","width":350,"height":200},"classes":[]}],"_links":{"self":[{"href":"https:\/\/www.wallendorff.com\/belogue\/wp-json\/wp\/v2\/posts\/378","targetHints":{"allow":["GET"]}}],"collection":[{"href":"https:\/\/www.wallendorff.com\/belogue\/wp-json\/wp\/v2\/posts"}],"about":[{"href":"https:\/\/www.wallendorff.com\/belogue\/wp-json\/wp\/v2\/types\/post"}],"author":[{"embeddable":true,"href":"https:\/\/www.wallendorff.com\/belogue\/wp-json\/wp\/v2\/users\/1"}],"replies":[{"embeddable":true,"href":"https:\/\/www.wallendorff.com\/belogue\/wp-json\/wp\/v2\/comments?post=378"}],"version-history":[{"count":2,"href":"https:\/\/www.wallendorff.com\/belogue\/wp-json\/wp\/v2\/posts\/378\/revisions"}],"predecessor-version":[{"id":15354,"href":"https:\/\/www.wallendorff.com\/belogue\/wp-json\/wp\/v2\/posts\/378\/revisions\/15354"}],"wp:featuredmedia":[{"embeddable":true,"href":"https:\/\/www.wallendorff.com\/belogue\/wp-json\/wp\/v2\/media\/24318"}],"wp:attachment":[{"href":"https:\/\/www.wallendorff.com\/belogue\/wp-json\/wp\/v2\/media?parent=378"}],"wp:term":[{"taxonomy":"category","embeddable":true,"href":"https:\/\/www.wallendorff.com\/belogue\/wp-json\/wp\/v2\/categories?post=378"},{"taxonomy":"post_tag","embeddable":true,"href":"https:\/\/www.wallendorff.com\/belogue\/wp-json\/wp\/v2\/tags?post=378"}],"curies":[{"name":"wp","href":"https:\/\/api.w.org\/{rel}","templated":true}]}}