{"id":37786,"date":"2018-04-06T10:32:57","date_gmt":"2018-04-06T08:32:57","guid":{"rendered":"http:\/\/www.wallendorff.com\/belogue\/?p=37786"},"modified":"2018-12-26T11:15:12","modified_gmt":"2018-12-26T09:15:12","slug":"into-the-wide-142","status":"publish","type":"post","link":"https:\/\/www.wallendorff.com\/belogue\/2018\/04\/06\/into-the-wide-142\/","title":{"rendered":"Into the wide #142."},"content":{"rendered":"<p>&nbsp;<\/p>\n<div id=\"photo\">\n<p><img decoding=\"async\" src=\"https:\/\/www.wallendorff.com\/belogue\/wp-content\/uploads\/2018\/04\/20180406.jpg\"><br \/>\nSkeppsholmsbron, Stockholm, 10 f\u00e9vrier.<\/p>\n<\/div>\n<div id=\"bandeson\">\n<p><img decoding=\"async\" src=\"https:\/\/www.wallendorff.com\/belogue\/photo\/pochettes\/e\/ezra_george-staying_at_tamaras.jpg\" align=\"left\"><a id=\"lienmp3\" style=\"font-weight: normal;\" href=\"http:\/\/www.youtube.com\/watch?v=AU9I1MX0c2s\"><em>Saviour<\/em> (feat. First Aid Kit)<\/a><br \/>\n<a href=\"http:\/\/www.georgeezra.com\/\">George Ezra<\/a><\/p>\n<\/div>\n","protected":false},"excerpt":{"rendered":"<p>&nbsp; Skeppsholmsbron, Stockholm, 10 f\u00e9vrier. Saviour (feat. First Aid Kit) George Ezra<\/p>\n","protected":false},"author":1,"featured_media":37787,"comment_status":"open","ping_status":"open","sticky":false,"template":"","format":"standard","meta":{"_acf_changed":false,"ngg_post_thumbnail":0,"jetpack_post_was_ever_published":false,"_jetpack_newsletter_access":"","_jetpack_dont_email_post_to_subs":false,"_jetpack_newsletter_tier_id":0,"_jetpack_memberships_contains_paywalled_content":false,"_jetpack_memberships_contains_paid_content":false,"footnotes":"","jetpack_publicize_message":"","jetpack_publicize_feature_enabled":true,"jetpack_social_post_already_shared":true,"jetpack_social_options":{"image_generator_settings":{"template":"highway","default_image_id":0,"font":"","enabled":false},"version":2}},"categories":[7356],"tags":[4398,4350,10326,8827,14271,14272,12456,11323,10592,14662,13136,15292,4345,4138],"class_list":["post-37786","post","type-post","status-publish","format-standard","has-post-thumbnail","hentry","category-into-the-wide","tag-af-chapman","tag-comte-de-stockholm","tag-crepuscule","tag-first-aid-kit","tag-fujifilm-x-t2","tag-fujinon-xf-18-55-mm-f2-8-4-r-lm-ois","tag-george-ezra","tag-panoramique","tag-pose-longue","tag-saviour","tag-skeppsholmsbron","tag-staying-at-tamaras","tag-stockholm","tag-suede"],"acf":[],"geo":{"latitude":59.327404,"longitude":18.0789604,"description":null},"jetpack_publicize_connections":[],"jetpack_featured_media_url":"https:\/\/www.wallendorff.com\/belogue\/wp-content\/uploads\/2018\/04\/20180406.jpg","jetpack_shortlink":"https:\/\/wp.me\/p3b35P-9Ps","jetpack_sharing_enabled":true,"jetpack-related-posts":[{"id":37999,"url":"https:\/\/www.wallendorff.com\/belogue\/2018\/04\/23\/ruelle-no-3-002\/","url_meta":{"origin":37786,"position":0},"title":"Ruelle no 3&nbsp;002.","author":"dpc","date":"23 avril 2018","format":false,"excerpt":"Baggensgatan, Stockholm, 11 f\u00e9vrier. Hold My Girl George Ezra","rel":"","context":"Dans &quot;DPC&quot;","block_context":{"text":"DPC","link":"https:\/\/www.wallendorff.com\/belogue\/category\/dpc\/"},"img":{"alt_text":"Baggensgatan, Stockholm, 11 f&eacute;vrier.","src":"https:\/\/i0.wp.com\/www.wallendorff.com\/belogue\/wp-content\/uploads\/2018\/04\/20180423.jpg?resize=350%2C200&ssl=1","width":350,"height":200,"srcset":"https:\/\/i0.wp.com\/www.wallendorff.com\/belogue\/wp-content\/uploads\/2018\/04\/20180423.jpg?resize=350%2C200&ssl=1 1x, https:\/\/i0.wp.com\/www.wallendorff.com\/belogue\/wp-content\/uploads\/2018\/04\/20180423.jpg?resize=525%2C300&ssl=1 1.5x, https:\/\/i0.wp.com\/www.wallendorff.com\/belogue\/wp-content\/uploads\/2018\/04\/20180423.jpg?resize=700%2C400&ssl=1 2x"},"classes":[]},{"id":128699,"url":"https:\/\/www.wallendorff.com\/belogue\/2024\/06\/26\/cetait-2018\/","url_meta":{"origin":37786,"position":1},"title":"C&rsquo;\u00e9tait 2018.","author":"dpc","date":"26 juin 2024","format":false,"excerpt":"2018, latitudes. Alt-J @ Bercy Ar\u00e9na, Paris, 11\/01\/2018 Stockholm, 11 f\u00e9vrier 2018. Langsele, 14 f\u00e9vrier 2018. George Ezra, Paris, 19 f\u00e9vrier 2018 The Wombats @ Pias Nite, la Maroquinerie, Paris, 08 mars 2018 Shaka Ponk @ Bercy Ar\u00e9na, Paris, 22 mars 2018 Phoenix @ la Ga\u00eet\u00e9-Lyrique, Paris, 29 mai 2018\u2026","rel":"","context":"Dans &quot;DPC&quot;","block_context":{"text":"DPC","link":"https:\/\/www.wallendorff.com\/belogue\/category\/dpc\/"},"img":{"alt_text":"","src":"https:\/\/i0.wp.com\/www.wallendorff.com\/belogue\/wp-content\/uploads\/2024\/06\/20240626-11.jpg?resize=350%2C200&ssl=1","width":350,"height":200,"srcset":"https:\/\/i0.wp.com\/www.wallendorff.com\/belogue\/wp-content\/uploads\/2024\/06\/20240626-11.jpg?resize=350%2C200&ssl=1 1x, https:\/\/i0.wp.com\/www.wallendorff.com\/belogue\/wp-content\/uploads\/2024\/06\/20240626-11.jpg?resize=525%2C300&ssl=1 1.5x, https:\/\/i0.wp.com\/www.wallendorff.com\/belogue\/wp-content\/uploads\/2024\/06\/20240626-11.jpg?resize=700%2C400&ssl=1 2x, https:\/\/i0.wp.com\/www.wallendorff.com\/belogue\/wp-content\/uploads\/2024\/06\/20240626-11.jpg?resize=1050%2C600&ssl=1 3x"},"classes":[]},{"id":40604,"url":"https:\/\/www.wallendorff.com\/belogue\/2018\/12\/01\/2018-en-0\/","url_meta":{"origin":37786,"position":2},"title":"2018 en&#8230; #0.","author":"dpc","date":"1 d\u00e9cembre 2018","format":false,"excerpt":"2018 en 100 nouveaux titres les plus \u00e9cout\u00e9s... ... \u00e0 la radio, dans le m\u00e9tro, dans des bistrots, au boulot et chez des gros et entr\u00e9s en liste personnelle le 1er d\u00e9cembre 2017 et le 30 novembre 2018 (sinon on y verrait Moha la Squale, Tekashi six-ixe-neuf-ine et le dernier\u2026","rel":"","context":"Dans &quot;DPC&quot;","block_context":{"text":"DPC","link":"https:\/\/www.wallendorff.com\/belogue\/category\/dpc\/"},"img":{"alt_text":"","src":"https:\/\/i0.wp.com\/www.wallendorff.com\/belogue\/wp-content\/uploads\/2018\/12\/20181201.jpg?resize=350%2C200&ssl=1","width":350,"height":200,"srcset":"https:\/\/i0.wp.com\/www.wallendorff.com\/belogue\/wp-content\/uploads\/2018\/12\/20181201.jpg?resize=350%2C200&ssl=1 1x, https:\/\/i0.wp.com\/www.wallendorff.com\/belogue\/wp-content\/uploads\/2018\/12\/20181201.jpg?resize=525%2C300&ssl=1 1.5x, https:\/\/i0.wp.com\/www.wallendorff.com\/belogue\/wp-content\/uploads\/2018\/12\/20181201.jpg?resize=700%2C400&ssl=1 2x, https:\/\/i0.wp.com\/www.wallendorff.com\/belogue\/wp-content\/uploads\/2018\/12\/20181201.jpg?resize=1050%2C600&ssl=1 3x"},"classes":[]},{"id":23857,"url":"https:\/\/www.wallendorff.com\/belogue\/2015\/02\/13\/george-ezra-le-bataclan-paris\/","url_meta":{"origin":37786,"position":3},"title":"George Ezra @ le Bataclan, Paris.","author":"dpc","date":"13 f\u00e9vrier 2015","format":false,"excerpt":"Blame It on Me George Ezra \u00a0","rel":"","context":"Dans &quot;Alive&quot;","block_context":{"text":"Alive","link":"https:\/\/www.wallendorff.com\/belogue\/category\/alive\/"},"img":{"alt_text":"","src":"https:\/\/i0.wp.com\/www.wallendorff.com\/belogue\/wp-content\/uploads\/2015\/04\/201502131.jpg?resize=350%2C200&ssl=1","width":350,"height":200,"srcset":"https:\/\/i0.wp.com\/www.wallendorff.com\/belogue\/wp-content\/uploads\/2015\/04\/201502131.jpg?resize=350%2C200&ssl=1 1x, https:\/\/i0.wp.com\/www.wallendorff.com\/belogue\/wp-content\/uploads\/2015\/04\/201502131.jpg?resize=525%2C300&ssl=1 1.5x, https:\/\/i0.wp.com\/www.wallendorff.com\/belogue\/wp-content\/uploads\/2015\/04\/201502131.jpg?resize=700%2C400&ssl=1 2x"},"classes":[]},{"id":40369,"url":"https:\/\/www.wallendorff.com\/belogue\/2018\/11\/02\/george-ezra-ten-tonnes-la-cigale-paris-1er-novembre-2018\/","url_meta":{"origin":37786,"position":4},"title":"George Ezra + Ten Tonnes @ la Cigale, Paris, 1er novembre 2018.","author":"dpc","date":"2 novembre 2018","format":false,"excerpt":"Ten Tonnes George Ezra","rel":"","context":"Dans &quot;Alive&quot;","block_context":{"text":"Alive","link":"https:\/\/www.wallendorff.com\/belogue\/category\/alive\/"},"img":{"alt_text":"","src":"https:\/\/i0.wp.com\/www.wallendorff.com\/belogue\/wp-content\/uploads\/2018\/11\/20181102-11.jpg?resize=350%2C200&ssl=1","width":350,"height":200,"srcset":"https:\/\/i0.wp.com\/www.wallendorff.com\/belogue\/wp-content\/uploads\/2018\/11\/20181102-11.jpg?resize=350%2C200&ssl=1 1x, https:\/\/i0.wp.com\/www.wallendorff.com\/belogue\/wp-content\/uploads\/2018\/11\/20181102-11.jpg?resize=525%2C300&ssl=1 1.5x, https:\/\/i0.wp.com\/www.wallendorff.com\/belogue\/wp-content\/uploads\/2018\/11\/20181102-11.jpg?resize=700%2C400&ssl=1 2x, https:\/\/i0.wp.com\/www.wallendorff.com\/belogue\/wp-content\/uploads\/2018\/11\/20181102-11.jpg?resize=1050%2C600&ssl=1 3x"},"classes":[]},{"id":40051,"url":"https:\/\/www.wallendorff.com\/belogue\/2018\/10\/01\/greve-sur-le-tard\/","url_meta":{"origin":37786,"position":5},"title":"Gr\u00e8ve sur le tard.","author":"dpc","date":"1 octobre 2018","format":false,"excerpt":"Ohrid, 1er ao\u00fbt 2018. Sugarcoat George Ezra","rel":"","context":"Dans &quot;DPC&quot;","block_context":{"text":"DPC","link":"https:\/\/www.wallendorff.com\/belogue\/category\/dpc\/"},"img":{"alt_text":"Ohrid, 01\/08\/2018","src":"https:\/\/i0.wp.com\/www.wallendorff.com\/belogue\/wp-content\/uploads\/2018\/10\/20181001.jpg?resize=350%2C200&ssl=1","width":350,"height":200,"srcset":"https:\/\/i0.wp.com\/www.wallendorff.com\/belogue\/wp-content\/uploads\/2018\/10\/20181001.jpg?resize=350%2C200&ssl=1 1x, https:\/\/i0.wp.com\/www.wallendorff.com\/belogue\/wp-content\/uploads\/2018\/10\/20181001.jpg?resize=525%2C300&ssl=1 1.5x, https:\/\/i0.wp.com\/www.wallendorff.com\/belogue\/wp-content\/uploads\/2018\/10\/20181001.jpg?resize=700%2C400&ssl=1 2x, https:\/\/i0.wp.com\/www.wallendorff.com\/belogue\/wp-content\/uploads\/2018\/10\/20181001.jpg?resize=1050%2C600&ssl=1 3x"},"classes":[]}],"_links":{"self":[{"href":"https:\/\/www.wallendorff.com\/belogue\/wp-json\/wp\/v2\/posts\/37786","targetHints":{"allow":["GET"]}}],"collection":[{"href":"https:\/\/www.wallendorff.com\/belogue\/wp-json\/wp\/v2\/posts"}],"about":[{"href":"https:\/\/www.wallendorff.com\/belogue\/wp-json\/wp\/v2\/types\/post"}],"author":[{"embeddable":true,"href":"https:\/\/www.wallendorff.com\/belogue\/wp-json\/wp\/v2\/users\/1"}],"replies":[{"embeddable":true,"href":"https:\/\/www.wallendorff.com\/belogue\/wp-json\/wp\/v2\/comments?post=37786"}],"version-history":[{"count":3,"href":"https:\/\/www.wallendorff.com\/belogue\/wp-json\/wp\/v2\/posts\/37786\/revisions"}],"predecessor-version":[{"id":37790,"href":"https:\/\/www.wallendorff.com\/belogue\/wp-json\/wp\/v2\/posts\/37786\/revisions\/37790"}],"wp:featuredmedia":[{"embeddable":true,"href":"https:\/\/www.wallendorff.com\/belogue\/wp-json\/wp\/v2\/media\/37787"}],"wp:attachment":[{"href":"https:\/\/www.wallendorff.com\/belogue\/wp-json\/wp\/v2\/media?parent=37786"}],"wp:term":[{"taxonomy":"category","embeddable":true,"href":"https:\/\/www.wallendorff.com\/belogue\/wp-json\/wp\/v2\/categories?post=37786"},{"taxonomy":"post_tag","embeddable":true,"href":"https:\/\/www.wallendorff.com\/belogue\/wp-json\/wp\/v2\/tags?post=37786"}],"curies":[{"name":"wp","href":"https:\/\/api.w.org\/{rel}","templated":true}]}}