{"id":37730,"date":"2018-03-28T12:23:28","date_gmt":"2018-03-28T10:23:28","guid":{"rendered":"http:\/\/www.wallendorff.com\/belogue\/?p=37730"},"modified":"2018-12-26T11:39:36","modified_gmt":"2018-12-26T09:39:36","slug":"hauts-de-colonne","status":"publish","type":"post","link":"https:\/\/www.wallendorff.com\/belogue\/2018\/03\/28\/hauts-de-colonne\/","title":{"rendered":"Hauts de colonne."},"content":{"rendered":"<div id=\"photo\">\n<p><img decoding=\"async\" src=\"https:\/\/www.wallendorff.com\/belogue\/wp-content\/uploads\/2018\/03\/20180328.jpg\"><br \/>\nColl&eacute;giale Saint-Barth&eacute;l&eacute;my, Francfort-sur-le-Main, 28 janvier.<\/p>\n<\/div>\n<div id=\"bandeson\">\n<p><img decoding=\"async\" src=\"https:\/\/www.wallendorff.com\/belogue\/photo\/pochettes\/m\/men_the-drift.jpg\" align=\"left\" \/><a href=\"http:\/\/www.youtube.com\/watch?v=lsLHi7uCQn0\"><em>Killed Someone<\/em><\/a><br \/>\n        <a href=\"http:\/\/wearethemen.blogspot.com\/\">The Men<\/a><\/p>\n<\/div>\n","protected":false},"excerpt":{"rendered":"<p>Coll&eacute;giale Saint-Barth&eacute;l&eacute;my, Francfort-sur-le-Main, 28 janvier. Killed Someone The Men<\/p>\n","protected":false},"author":1,"featured_media":37732,"comment_status":"open","ping_status":"open","sticky":false,"template":"","format":"standard","meta":{"_acf_changed":false,"ngg_post_thumbnail":0,"jetpack_post_was_ever_published":false,"_jetpack_newsletter_access":"","_jetpack_dont_email_post_to_subs":false,"_jetpack_newsletter_tier_id":0,"_jetpack_memberships_contains_paywalled_content":false,"_jetpack_memberships_contains_paid_content":false,"footnotes":"","jetpack_publicize_message":"","jetpack_publicize_feature_enabled":true,"jetpack_social_post_already_shared":true,"jetpack_social_options":{"image_generator_settings":{"template":"highway","default_image_id":0,"font":"","enabled":false},"version":2}},"categories":[3],"tags":[10953,11058,10743,14655,10500,14524,15305,10238,14533,14271,14540,14657,14656,14274,11002,10261],"class_list":["post-37730","post","type-post","status-publish","format-standard","has-post-thumbnail","hentry","category-dpc","tag-allemagne","tag-ballon","tag-cathedrale","tag-collegiale-saint-barthelemy","tag-contre-plongee","tag-district-de-darmstadt","tag-drift","tag-eglise","tag-francfort-sur-le-main","tag-fujifilm-x-t2","tag-hesse","tag-killed-someone","tag-licorne","tag-samyang-8-mm-f2-8-umc-fisheye-ii","tag-the-men","tag-voute"],"acf":[],"geo":{"latitude":50.1107903,"longitude":8.6849194,"description":"Frankfurt am Main, Hessen, 60311, DE"},"jetpack_publicize_connections":[],"jetpack_featured_media_url":"https:\/\/www.wallendorff.com\/belogue\/wp-content\/uploads\/2018\/03\/20180328.jpg","jetpack_shortlink":"https:\/\/wp.me\/p3b35P-9Oy","jetpack_sharing_enabled":true,"jetpack-related-posts":[{"id":37624,"url":"https:\/\/www.wallendorff.com\/belogue\/2018\/03\/19\/contre-plongee-no-1-227\/","url_meta":{"origin":37730,"position":0},"title":"Contre-plong\u00e9e no 1&nbsp;227.","author":"dpc","date":"19 mars 2018","format":false,"excerpt":"Coll\u00e9giale Saint-Barth\u00e9l\u00e9my, Francfort-sur-le-Main, 27 janvier. Rose on the Top of the World The Men","rel":"","context":"Dans &quot;DPC&quot;","block_context":{"text":"DPC","link":"https:\/\/www.wallendorff.com\/belogue\/category\/dpc-en\/"},"img":{"alt_text":"Coll\u00e9giale Saint-Barth\u00e9l\u00e9my, Francofrt-sur-le-Main, 27 janvier.","src":"https:\/\/i0.wp.com\/www.wallendorff.com\/belogue\/wp-content\/uploads\/2018\/03\/20180319.jpg?resize=350%2C200&ssl=1","width":350,"height":200,"srcset":"https:\/\/i0.wp.com\/www.wallendorff.com\/belogue\/wp-content\/uploads\/2018\/03\/20180319.jpg?resize=350%2C200&ssl=1 1x, https:\/\/i0.wp.com\/www.wallendorff.com\/belogue\/wp-content\/uploads\/2018\/03\/20180319.jpg?resize=525%2C300&ssl=1 1.5x, https:\/\/i0.wp.com\/www.wallendorff.com\/belogue\/wp-content\/uploads\/2018\/03\/20180319.jpg?resize=700%2C400&ssl=1 2x"},"classes":[]},{"id":37189,"url":"https:\/\/www.wallendorff.com\/belogue\/2018\/01\/31\/janvier-2018\/","url_meta":{"origin":37730,"position":1},"title":"Janvier 2018.","author":"dpc","date":"31 janvier 2018","format":"galerie","excerpt":"Un train, un avion, un extincteur, une nuit sous la tente, une montagne, un ar\u00e9oport, un train, un minaret, un sapin, une pizza, un concert, un ap\u00e9ro, une belle broderie, un bar, une exposition, un m\u00e9tro, une desp\u00e9dida, un num\u00e9ro, un caf\u00e9, une ruelle, une crue qui cro\u00eet, un chat\u2026","rel":"","context":"Dans &quot;Blog-note&quot;","block_context":{"text":"Blog-note","link":"https:\/\/www.wallendorff.com\/belogue\/category\/blog-note\/"},"img":{"alt_text":"","src":"https:\/\/i0.wp.com\/www.wallendorff.com\/belogue\/wp-content\/uploads\/2018\/02\/20180220-69.jpg?resize=350%2C200&ssl=1","width":350,"height":200,"srcset":"https:\/\/i0.wp.com\/www.wallendorff.com\/belogue\/wp-content\/uploads\/2018\/02\/20180220-69.jpg?resize=350%2C200&ssl=1 1x, https:\/\/i0.wp.com\/www.wallendorff.com\/belogue\/wp-content\/uploads\/2018\/02\/20180220-69.jpg?resize=525%2C300&ssl=1 1.5x, https:\/\/i0.wp.com\/www.wallendorff.com\/belogue\/wp-content\/uploads\/2018\/02\/20180220-69.jpg?resize=700%2C400&ssl=1 2x, https:\/\/i0.wp.com\/www.wallendorff.com\/belogue\/wp-content\/uploads\/2018\/02\/20180220-69.jpg?resize=1050%2C600&ssl=1 3x"},"classes":[]},{"id":37628,"url":"https:\/\/www.wallendorff.com\/belogue\/2018\/03\/20\/into-the-wide-139\/","url_meta":{"origin":37730,"position":2},"title":"Into the wide #139.","author":"dpc","date":"20 mars 2018","format":false,"excerpt":"Hauptwache, Francfort-sur-le-Main, 27 janvier. Handyman Awolnation","rel":"","context":"Dans &quot;Into the wide&quot;","block_context":{"text":"Into the wide","link":"https:\/\/www.wallendorff.com\/belogue\/category\/into-the-wide\/"},"img":{"alt_text":"Hauptwache, Francfort-sur-le-Main, 27 janvier.","src":"https:\/\/i0.wp.com\/www.wallendorff.com\/belogue\/wp-content\/uploads\/2018\/03\/20180320.jpg?resize=350%2C200&ssl=1","width":350,"height":200,"srcset":"https:\/\/i0.wp.com\/www.wallendorff.com\/belogue\/wp-content\/uploads\/2018\/03\/20180320.jpg?resize=350%2C200&ssl=1 1x, https:\/\/i0.wp.com\/www.wallendorff.com\/belogue\/wp-content\/uploads\/2018\/03\/20180320.jpg?resize=525%2C300&ssl=1 1.5x, https:\/\/i0.wp.com\/www.wallendorff.com\/belogue\/wp-content\/uploads\/2018\/03\/20180320.jpg?resize=700%2C400&ssl=1 2x, https:\/\/i0.wp.com\/www.wallendorff.com\/belogue\/wp-content\/uploads\/2018\/03\/20180320.jpg?resize=1050%2C600&ssl=1 3x"},"classes":[]},{"id":37500,"url":"https:\/\/www.wallendorff.com\/belogue\/2018\/03\/12\/%c6%a8\/","url_meta":{"origin":37730,"position":3},"title":"\u01a7.","author":"dpc","date":"12 mars 2018","format":false,"excerpt":"Wiesenh\u00fcttenplatz, Francfort-sur-le-Main, 27 janvier. Magazine Editors","rel":"","context":"Dans &quot;DPC&quot;","block_context":{"text":"DPC","link":"https:\/\/www.wallendorff.com\/belogue\/category\/dpc\/"},"img":{"alt_text":"Wiesenh\u00fcttenplatz, Francfort-sur-le-Main, 27 janvier.","src":"https:\/\/i0.wp.com\/www.wallendorff.com\/belogue\/wp-content\/uploads\/2018\/03\/20180312.jpg?resize=350%2C200&ssl=1","width":350,"height":200,"srcset":"https:\/\/i0.wp.com\/www.wallendorff.com\/belogue\/wp-content\/uploads\/2018\/03\/20180312.jpg?resize=350%2C200&ssl=1 1x, https:\/\/i0.wp.com\/www.wallendorff.com\/belogue\/wp-content\/uploads\/2018\/03\/20180312.jpg?resize=525%2C300&ssl=1 1.5x, https:\/\/i0.wp.com\/www.wallendorff.com\/belogue\/wp-content\/uploads\/2018\/03\/20180312.jpg?resize=700%2C400&ssl=1 2x"},"classes":[]},{"id":37733,"url":"https:\/\/www.wallendorff.com\/belogue\/2018\/03\/29\/into-the-wide-140\/","url_meta":{"origin":37730,"position":4},"title":"Into the wide #140.","author":"dpc","date":"29 mars 2018","format":false,"excerpt":"Eiserner Steg, Francfort-sur-le-Main, 28 janvier. It's a Beautiful WorldNoel Gallagher's High Flying Birds","rel":"","context":"Dans &quot;Into the wide&quot;","block_context":{"text":"Into the wide","link":"https:\/\/www.wallendorff.com\/belogue\/category\/into-the-wide\/"},"img":{"alt_text":"Eiserner Steg, Francfort-sur-le-Main, 28 janvier.","src":"https:\/\/i0.wp.com\/www.wallendorff.com\/belogue\/wp-content\/uploads\/2018\/03\/20180329.jpg?resize=350%2C200&ssl=1","width":350,"height":200,"srcset":"https:\/\/i0.wp.com\/www.wallendorff.com\/belogue\/wp-content\/uploads\/2018\/03\/20180329.jpg?resize=350%2C200&ssl=1 1x, https:\/\/i0.wp.com\/www.wallendorff.com\/belogue\/wp-content\/uploads\/2018\/03\/20180329.jpg?resize=525%2C300&ssl=1 1.5x, https:\/\/i0.wp.com\/www.wallendorff.com\/belogue\/wp-content\/uploads\/2018\/03\/20180329.jpg?resize=700%2C400&ssl=1 2x, https:\/\/i0.wp.com\/www.wallendorff.com\/belogue\/wp-content\/uploads\/2018\/03\/20180329.jpg?resize=1050%2C600&ssl=1 3x"},"classes":[]},{"id":33783,"url":"https:\/\/www.wallendorff.com\/belogue\/2017\/03\/31\/into-the-wide-90\/","url_meta":{"origin":37730,"position":5},"title":"Into the wide #90.","author":"dpc","date":"31 mars 2017","format":false,"excerpt":"Bulwar Xawerego Dunikowskiego, Wroc\u0142aw, 25 f\u00e9vrier. Chwyrlio The Joy Formidable","rel":"","context":"Dans &quot;Into the wide&quot;","block_context":{"text":"Into the wide","link":"https:\/\/www.wallendorff.com\/belogue\/category\/into-the-wide\/"},"img":{"alt_text":"","src":"https:\/\/i0.wp.com\/www.wallendorff.com\/belogue\/wp-content\/uploads\/2017\/03\/20170331.jpg?resize=350%2C200&ssl=1","width":350,"height":200,"srcset":"https:\/\/i0.wp.com\/www.wallendorff.com\/belogue\/wp-content\/uploads\/2017\/03\/20170331.jpg?resize=350%2C200&ssl=1 1x, https:\/\/i0.wp.com\/www.wallendorff.com\/belogue\/wp-content\/uploads\/2017\/03\/20170331.jpg?resize=525%2C300&ssl=1 1.5x, https:\/\/i0.wp.com\/www.wallendorff.com\/belogue\/wp-content\/uploads\/2017\/03\/20170331.jpg?resize=700%2C400&ssl=1 2x"},"classes":[]}],"_links":{"self":[{"href":"https:\/\/www.wallendorff.com\/belogue\/wp-json\/wp\/v2\/posts\/37730","targetHints":{"allow":["GET"]}}],"collection":[{"href":"https:\/\/www.wallendorff.com\/belogue\/wp-json\/wp\/v2\/posts"}],"about":[{"href":"https:\/\/www.wallendorff.com\/belogue\/wp-json\/wp\/v2\/types\/post"}],"author":[{"embeddable":true,"href":"https:\/\/www.wallendorff.com\/belogue\/wp-json\/wp\/v2\/users\/1"}],"replies":[{"embeddable":true,"href":"https:\/\/www.wallendorff.com\/belogue\/wp-json\/wp\/v2\/comments?post=37730"}],"version-history":[{"count":1,"href":"https:\/\/www.wallendorff.com\/belogue\/wp-json\/wp\/v2\/posts\/37730\/revisions"}],"predecessor-version":[{"id":37731,"href":"https:\/\/www.wallendorff.com\/belogue\/wp-json\/wp\/v2\/posts\/37730\/revisions\/37731"}],"wp:featuredmedia":[{"embeddable":true,"href":"https:\/\/www.wallendorff.com\/belogue\/wp-json\/wp\/v2\/media\/37732"}],"wp:attachment":[{"href":"https:\/\/www.wallendorff.com\/belogue\/wp-json\/wp\/v2\/media?parent=37730"}],"wp:term":[{"taxonomy":"category","embeddable":true,"href":"https:\/\/www.wallendorff.com\/belogue\/wp-json\/wp\/v2\/categories?post=37730"},{"taxonomy":"post_tag","embeddable":true,"href":"https:\/\/www.wallendorff.com\/belogue\/wp-json\/wp\/v2\/tags?post=37730"}],"curies":[{"name":"wp","href":"https:\/\/api.w.org\/{rel}","templated":true}]}}