{"id":3772,"date":"2009-01-06T11:58:30","date_gmt":"2009-01-06T10:58:30","guid":{"rendered":"http:\/\/www.po-l.com\/belogue\/?p=3772"},"modified":"2012-11-06T14:12:14","modified_gmt":"2012-11-06T12:12:14","slug":"coupelle-a-poix-rend-dieu","status":"publish","type":"post","link":"https:\/\/www.wallendorff.com\/belogue\/2009\/01\/06\/coupelle-a-poix-rend-dieu\/","title":{"rendered":"Coupelle \u00e0 poix rend Dieu."},"content":{"rendered":"<div id=\"photo\">\n<p><img decoding=\"async\" src=\"https:\/\/www.wallendorff.com\/belogue\/photo\/2009\/01\/20090106.jpg\" \/><br \/>Rue du Cardinal Guibert, Paris, 16 d&eacute;cembre 2008.<\/p>\n<\/div>\n<p style=\"text-align:right\">I&rsquo;d like to stop dreaming about things that forgot to be. <\/p>\n<div id=\"bandeson\">\n<p><img decoding=\"async\" src=\"https:\/\/www.wallendorff.com\/belogue\/photo\/pochettes\/s\/stevens_sufjan-illinoise.jpg\" align=\"left\" \/> <a href=\"http:\/\/www.sufjan.com\/\">Sufjan Stevens<\/a> &ndash; <em>Concerning the UFO Sighting over Highland, IL<\/em><\/p>\n<\/div>\n","protected":false},"excerpt":{"rendered":"<p>Rue du Cardinal Guibert, Paris, 16 d&eacute;cembre 2008. I&rsquo;d like to stop dreaming about things that forgot to be. Sufjan Stevens &ndash; Concerning the UFO Sighting over Highland, IL<\/p>\n","protected":false},"author":1,"featured_media":25333,"comment_status":"open","ping_status":"open","sticky":false,"template":"","format":"standard","meta":{"_acf_changed":false,"ngg_post_thumbnail":0,"jetpack_post_was_ever_published":false,"_jetpack_newsletter_access":"","_jetpack_dont_email_post_to_subs":false,"_jetpack_newsletter_tier_id":0,"_jetpack_memberships_contains_paywalled_content":false,"_jetpack_memberships_contains_paid_content":false,"footnotes":"","jetpack_publicize_message":"","jetpack_publicize_feature_enabled":true,"jetpack_social_post_already_shared":false,"jetpack_social_options":{"image_generator_settings":{"template":"highway","default_image_id":0,"font":"","enabled":false},"version":2}},"categories":[3],"tags":[10143,10487,142,132,2645,10120,10121,10142,10147,10098,2644,1160],"class_list":["post-3772","post","type-post","status-publish","format-standard","has-post-thumbnail","hentry","category-dpc","tag-10143","tag-basilique-du-sacre-coeur","tag-ef-s-10-22-mm-f35-45-usm","tag-eos-20d","tag-concerning-the-ufo-sighting-over-higland-il","tag-france","tag-ile-de-france","tag-montmartre","tag-nuit","tag-paris","tag-rue-du-cardinal-guibert","tag-sufjan-stevens"],"acf":[],"geo":{"latitude":48.8869934,"longitude":2.3425341,"description":null},"jetpack_publicize_connections":[],"jetpack_featured_media_url":"https:\/\/www.wallendorff.com\/belogue\/wp-content\/uploads\/2015\/04\/200901061.jpg","jetpack_shortlink":"https:\/\/wp.me\/p3b35P-YQ","jetpack_sharing_enabled":true,"jetpack-related-posts":[{"id":841,"url":"https:\/\/www.wallendorff.com\/belogue\/2006\/11\/30\/sans-retour-n-est\/","url_meta":{"origin":3772,"position":0},"title":"Sans retour n&rsquo;est.","author":"dpc","date":"30 novembre 2006","format":false,"excerpt":"Rue Alphand, Paris, 29 novembre. \u00a0Sufjan Stevens \u2013 That Was the Worst Christmas Ever","rel":"","context":"Dans &quot;DPC&quot;","block_context":{"text":"DPC","link":"https:\/\/www.wallendorff.com\/belogue\/category\/dpc\/"},"img":{"alt_text":"","src":"https:\/\/i0.wp.com\/www.wallendorff.com\/belogue\/wp-content\/uploads\/2015\/04\/200611301.jpg?resize=350%2C200&ssl=1","width":350,"height":200,"srcset":"https:\/\/i0.wp.com\/www.wallendorff.com\/belogue\/wp-content\/uploads\/2015\/04\/200611301.jpg?resize=350%2C200&ssl=1 1x, https:\/\/i0.wp.com\/www.wallendorff.com\/belogue\/wp-content\/uploads\/2015\/04\/200611301.jpg?resize=525%2C300&ssl=1 1.5x"},"classes":[]},{"id":104,"url":"https:\/\/www.wallendorff.com\/belogue\/2006\/03\/17\/mettre-las-chats-rue-a-venles-l-haibeux\/","url_meta":{"origin":3772,"position":1},"title":"Mettre las chats, rue \u00e0 Venles l&rsquo;haibeux.","author":"dpc","date":"17 mars 2006","format":false,"excerpt":"Rue Alexandre Dumas, Paris, 12 mars, 18h02. Bon. Ben on va peut-\u00eatre mettre \u00e0 jour la do-do list, main'nant. \u00a0Sufjan Stevens \u2013 Casimir Pulaski Day (live)","rel":"","context":"Dans &quot;DPC&quot;","block_context":{"text":"DPC","link":"https:\/\/www.wallendorff.com\/belogue\/category\/dpc\/"},"img":{"alt_text":"","src":"https:\/\/i0.wp.com\/www.wallendorff.com\/belogue\/wp-content\/uploads\/2015\/04\/200603171.jpg?resize=350%2C200&ssl=1","width":350,"height":200},"classes":[]},{"id":131726,"url":"https:\/\/www.wallendorff.com\/belogue\/2025\/01\/31\/janvier-2025\/","url_meta":{"origin":3772,"position":2},"title":"Janvier 2025.","author":"dpc","date":"31 janvier 2025","format":false,"excerpt":"Un r\u00e9veillon, un lendemain de r\u00e9veillon, une montagne, un chat pr\u00e9nomm\u00e9 Bob, une fen\u00eatre, un panneau, un croissant de lune, un r\u00e9veillon, un panneau, un chat pr\u00e9nomm\u00e9 Paupiette, un champ, un arbre, un champ, une flaque, un diable rouge, un banc, un No\u00ebl du livre, un mus\u00e9e, un \u00e9corch\u00e9, un\u2026","rel":"","context":"Dans &quot;Blog-note&quot;","block_context":{"text":"Blog-note","link":"https:\/\/www.wallendorff.com\/belogue\/category\/blog-note\/"},"img":{"alt_text":"","src":"https:\/\/i0.wp.com\/www.wallendorff.com\/belogue\/wp-content\/uploads\/2025\/02\/20250212-44.jpg?resize=350%2C200&ssl=1","width":350,"height":200,"srcset":"https:\/\/i0.wp.com\/www.wallendorff.com\/belogue\/wp-content\/uploads\/2025\/02\/20250212-44.jpg?resize=350%2C200&ssl=1 1x, https:\/\/i0.wp.com\/www.wallendorff.com\/belogue\/wp-content\/uploads\/2025\/02\/20250212-44.jpg?resize=525%2C300&ssl=1 1.5x, https:\/\/i0.wp.com\/www.wallendorff.com\/belogue\/wp-content\/uploads\/2025\/02\/20250212-44.jpg?resize=700%2C400&ssl=1 2x, https:\/\/i0.wp.com\/www.wallendorff.com\/belogue\/wp-content\/uploads\/2025\/02\/20250212-44.jpg?resize=1050%2C600&ssl=1 3x"},"classes":[]},{"id":552,"url":"https:\/\/www.wallendorff.com\/belogue\/2006\/07\/31\/kim-aime-meuhs-suisses\/","url_meta":{"origin":3772,"position":3},"title":"Kim aime meuhs suisses.","author":"dpc","date":"31 juillet 2006","format":false,"excerpt":"Boulevard de Belleville, Paris, 28 juillet. [Oui oui, toujours des barreaux.] Je devais poster \u00e7a samedi avec une histoire de chorale solitaire dans le m\u00e9tro, d'escaliers automatiques \u00e0 Ch\u00e2telet, de tra\u00e7ages en d\u00e9cibels surdos\u00e9s sur le boulevard de Belleville, de la fa\u00e7on dont cette photo est venue, de la pluie\u2026","rel":"","context":"Dans &quot;DPC&quot;","block_context":{"text":"DPC","link":"https:\/\/www.wallendorff.com\/belogue\/category\/dpc\/"},"img":{"alt_text":"","src":"https:\/\/i0.wp.com\/www.wallendorff.com\/belogue\/wp-content\/uploads\/2015\/04\/200607311.jpg?resize=350%2C200&ssl=1","width":350,"height":200},"classes":[]},{"id":306,"url":"https:\/\/www.wallendorff.com\/belogue\/2005\/07\/27\/floor-delices\/","url_meta":{"origin":3772,"position":4},"title":"Floor d&eacute;lices.","author":"dpc","date":"27 juillet 2005","format":false,"excerpt":"Ch\u00e2teau d'Amboise, 17 juillet. La bande-son du bel\u00f6gue change de forme [et les bordures des images aussi, mais \u00e7a c'est moins important]. \u00c0 partir de maintenant, vous pouvez l'\u00e9couter que si vous le voulez. Si vous voulez pas, il suffit de pas cliquer, et hop, rien ne se passe. C'est\u2026","rel":"","context":"Dans &quot;DPC&quot;","block_context":{"text":"DPC","link":"https:\/\/www.wallendorff.com\/belogue\/category\/dpc\/"},"img":{"alt_text":"","src":"https:\/\/i0.wp.com\/www.wallendorff.com\/belogue\/wp-content\/uploads\/2015\/04\/200507271.jpg?resize=350%2C200&ssl=1","width":350,"height":200},"classes":[]},{"id":132374,"url":"https:\/\/www.wallendorff.com\/belogue\/2025\/06\/01\/lenjouement\/","url_meta":{"origin":3772,"position":5},"title":"L&rsquo;enjouement.","author":"dpc","date":"1 juin 2025","format":false,"excerpt":"Paris, 31 mai 2025.","rel":"","context":"Dans &quot;DPC&quot;","block_context":{"text":"DPC","link":"https:\/\/www.wallendorff.com\/belogue\/category\/dpc\/"},"img":{"alt_text":"","src":"https:\/\/i0.wp.com\/www.wallendorff.com\/belogue\/wp-content\/uploads\/2025\/06\/20250601-26.jpg?resize=350%2C200&ssl=1","width":350,"height":200,"srcset":"https:\/\/i0.wp.com\/www.wallendorff.com\/belogue\/wp-content\/uploads\/2025\/06\/20250601-26.jpg?resize=350%2C200&ssl=1 1x, https:\/\/i0.wp.com\/www.wallendorff.com\/belogue\/wp-content\/uploads\/2025\/06\/20250601-26.jpg?resize=525%2C300&ssl=1 1.5x, https:\/\/i0.wp.com\/www.wallendorff.com\/belogue\/wp-content\/uploads\/2025\/06\/20250601-26.jpg?resize=700%2C400&ssl=1 2x, https:\/\/i0.wp.com\/www.wallendorff.com\/belogue\/wp-content\/uploads\/2025\/06\/20250601-26.jpg?resize=1050%2C600&ssl=1 3x"},"classes":[]}],"_links":{"self":[{"href":"https:\/\/www.wallendorff.com\/belogue\/wp-json\/wp\/v2\/posts\/3772","targetHints":{"allow":["GET"]}}],"collection":[{"href":"https:\/\/www.wallendorff.com\/belogue\/wp-json\/wp\/v2\/posts"}],"about":[{"href":"https:\/\/www.wallendorff.com\/belogue\/wp-json\/wp\/v2\/types\/post"}],"author":[{"embeddable":true,"href":"https:\/\/www.wallendorff.com\/belogue\/wp-json\/wp\/v2\/users\/1"}],"replies":[{"embeddable":true,"href":"https:\/\/www.wallendorff.com\/belogue\/wp-json\/wp\/v2\/comments?post=3772"}],"version-history":[{"count":3,"href":"https:\/\/www.wallendorff.com\/belogue\/wp-json\/wp\/v2\/posts\/3772\/revisions"}],"predecessor-version":[{"id":19497,"href":"https:\/\/www.wallendorff.com\/belogue\/wp-json\/wp\/v2\/posts\/3772\/revisions\/19497"}],"wp:featuredmedia":[{"embeddable":true,"href":"https:\/\/www.wallendorff.com\/belogue\/wp-json\/wp\/v2\/media\/25333"}],"wp:attachment":[{"href":"https:\/\/www.wallendorff.com\/belogue\/wp-json\/wp\/v2\/media?parent=3772"}],"wp:term":[{"taxonomy":"category","embeddable":true,"href":"https:\/\/www.wallendorff.com\/belogue\/wp-json\/wp\/v2\/categories?post=3772"},{"taxonomy":"post_tag","embeddable":true,"href":"https:\/\/www.wallendorff.com\/belogue\/wp-json\/wp\/v2\/tags?post=3772"}],"curies":[{"name":"wp","href":"https:\/\/api.w.org\/{rel}","templated":true}]}}