{"id":37710,"date":"2018-03-27T14:42:09","date_gmt":"2018-03-27T12:42:09","guid":{"rendered":"http:\/\/www.wallendorff.com\/belogue\/?p=37710"},"modified":"2018-05-23T08:00:35","modified_gmt":"2018-05-23T06:00:35","slug":"findlay-les-femmes-sen-melent-le-cafe-de-la-danse-paris-26-mars-2018","status":"publish","type":"post","link":"https:\/\/www.wallendorff.com\/belogue\/2018\/03\/27\/findlay-les-femmes-sen-melent-le-cafe-de-la-danse-paris-26-mars-2018\/","title":{"rendered":"Findlay @ les Femmes s&rsquo;en M\u00ealent, le Caf\u00e9 de la Danse, Paris, 26 mars 2018."},"content":{"rendered":"<div id=\"photo\">\n<p><img decoding=\"async\" src=\"https:\/\/www.wallendorff.com\/belogue\/wp-content\/uploads\/2018\/03\/20180327-09.jpg\"><\/p>\n<\/div>\n<div id='gallery-1' class='gallery galleryid-37710 gallery-columns-3 gallery-size-medium'><figure class='gallery-item'>\n\t\t\t<div class='gallery-icon landscape'>\n\t\t\t\t<a href='https:\/\/www.wallendorff.com\/belogue\/2018\/03\/27\/findlay-les-femmes-sen-melent-le-cafe-de-la-danse-paris-26-mars-2018\/findlay-les-femmes-sen-melent-le-cafe-de-la-danse-paris-26-03-2018\/'><img fetchpriority=\"high\" decoding=\"async\" width=\"300\" height=\"200\" src=\"https:\/\/www.wallendorff.com\/belogue\/wp-content\/uploads\/2018\/03\/20180327-01-300x200.jpg\" class=\"attachment-medium size-medium\" alt=\"\" aria-describedby=\"gallery-1-37711\" srcset=\"https:\/\/www.wallendorff.com\/belogue\/wp-content\/uploads\/2018\/03\/20180327-01-300x200.jpg 300w, https:\/\/www.wallendorff.com\/belogue\/wp-content\/uploads\/2018\/03\/20180327-01-820x547.jpg 820w, https:\/\/www.wallendorff.com\/belogue\/wp-content\/uploads\/2018\/03\/20180327-01-200x133.jpg 200w, https:\/\/www.wallendorff.com\/belogue\/wp-content\/uploads\/2018\/03\/20180327-01.jpg 1170w, https:\/\/www.wallendorff.com\/belogue\/wp-content\/uploads\/2018\/03\/20180327-01-1116x744.jpg 1116w, https:\/\/www.wallendorff.com\/belogue\/wp-content\/uploads\/2018\/03\/20180327-01-806x537.jpg 806w, https:\/\/www.wallendorff.com\/belogue\/wp-content\/uploads\/2018\/03\/20180327-01-558x372.jpg 558w, https:\/\/www.wallendorff.com\/belogue\/wp-content\/uploads\/2018\/03\/20180327-01-655x437.jpg 655w, https:\/\/www.wallendorff.com\/belogue\/wp-content\/uploads\/2018\/03\/20180327-01-600x400.jpg 600w\" sizes=\"(max-width: 300px) 100vw, 300px\" \/><\/a>\n\t\t\t<\/div>\n\t\t\t\t<figcaption class='wp-caption-text gallery-caption' id='gallery-1-37711'>\n\t\t\t\tFindlay @ Les Femmes s&rsquo;en M\u00ealent, le Caf\u00e9 de la Danse, Paris, 26\/03\/2018\n\t\t\t\t<\/figcaption><\/figure><figure class='gallery-item'>\n\t\t\t<div class='gallery-icon landscape'>\n\t\t\t\t<a href='https:\/\/www.wallendorff.com\/belogue\/2018\/03\/27\/findlay-les-femmes-sen-melent-le-cafe-de-la-danse-paris-26-mars-2018\/findlay-les-femmes-sen-melent-le-cafe-de-la-danse-paris-26-03-2018-2\/'><img decoding=\"async\" width=\"300\" height=\"200\" src=\"https:\/\/www.wallendorff.com\/belogue\/wp-content\/uploads\/2018\/03\/20180327-02-300x200.jpg\" class=\"attachment-medium size-medium\" alt=\"\" aria-describedby=\"gallery-1-37712\" srcset=\"https:\/\/www.wallendorff.com\/belogue\/wp-content\/uploads\/2018\/03\/20180327-02-300x200.jpg 300w, https:\/\/www.wallendorff.com\/belogue\/wp-content\/uploads\/2018\/03\/20180327-02-820x547.jpg 820w, https:\/\/www.wallendorff.com\/belogue\/wp-content\/uploads\/2018\/03\/20180327-02-200x133.jpg 200w, https:\/\/www.wallendorff.com\/belogue\/wp-content\/uploads\/2018\/03\/20180327-02.jpg 1170w, https:\/\/www.wallendorff.com\/belogue\/wp-content\/uploads\/2018\/03\/20180327-02-1116x744.jpg 1116w, https:\/\/www.wallendorff.com\/belogue\/wp-content\/uploads\/2018\/03\/20180327-02-806x537.jpg 806w, https:\/\/www.wallendorff.com\/belogue\/wp-content\/uploads\/2018\/03\/20180327-02-558x372.jpg 558w, https:\/\/www.wallendorff.com\/belogue\/wp-content\/uploads\/2018\/03\/20180327-02-655x437.jpg 655w, https:\/\/www.wallendorff.com\/belogue\/wp-content\/uploads\/2018\/03\/20180327-02-600x400.jpg 600w\" sizes=\"(max-width: 300px) 100vw, 300px\" \/><\/a>\n\t\t\t<\/div>\n\t\t\t\t<figcaption class='wp-caption-text gallery-caption' id='gallery-1-37712'>\n\t\t\t\tFindlay @ Les Femmes s&rsquo;en M\u00ealent, le Caf\u00e9 de la Danse, Paris, 26\/03\/2018\n\t\t\t\t<\/figcaption><\/figure><figure class='gallery-item'>\n\t\t\t<div class='gallery-icon landscape'>\n\t\t\t\t<a href='https:\/\/www.wallendorff.com\/belogue\/2018\/03\/27\/findlay-les-femmes-sen-melent-le-cafe-de-la-danse-paris-26-mars-2018\/findlay-les-femmes-sen-melent-le-cafe-de-la-danse-paris-26-03-2018-3\/'><img decoding=\"async\" width=\"300\" height=\"200\" src=\"https:\/\/www.wallendorff.com\/belogue\/wp-content\/uploads\/2018\/03\/20180327-03-300x200.jpg\" class=\"attachment-medium size-medium\" alt=\"\" aria-describedby=\"gallery-1-37713\" srcset=\"https:\/\/www.wallendorff.com\/belogue\/wp-content\/uploads\/2018\/03\/20180327-03-300x200.jpg 300w, https:\/\/www.wallendorff.com\/belogue\/wp-content\/uploads\/2018\/03\/20180327-03-820x547.jpg 820w, https:\/\/www.wallendorff.com\/belogue\/wp-content\/uploads\/2018\/03\/20180327-03-200x133.jpg 200w, https:\/\/www.wallendorff.com\/belogue\/wp-content\/uploads\/2018\/03\/20180327-03.jpg 1170w, https:\/\/www.wallendorff.com\/belogue\/wp-content\/uploads\/2018\/03\/20180327-03-1116x744.jpg 1116w, https:\/\/www.wallendorff.com\/belogue\/wp-content\/uploads\/2018\/03\/20180327-03-806x537.jpg 806w, https:\/\/www.wallendorff.com\/belogue\/wp-content\/uploads\/2018\/03\/20180327-03-558x372.jpg 558w, https:\/\/www.wallendorff.com\/belogue\/wp-content\/uploads\/2018\/03\/20180327-03-655x437.jpg 655w, https:\/\/www.wallendorff.com\/belogue\/wp-content\/uploads\/2018\/03\/20180327-03-600x400.jpg 600w\" sizes=\"(max-width: 300px) 100vw, 300px\" \/><\/a>\n\t\t\t<\/div>\n\t\t\t\t<figcaption class='wp-caption-text gallery-caption' id='gallery-1-37713'>\n\t\t\t\tFindlay @ Les Femmes s&rsquo;en M\u00ealent, le Caf\u00e9 de la Danse, Paris, 26\/03\/2018\n\t\t\t\t<\/figcaption><\/figure><figure class='gallery-item'>\n\t\t\t<div class='gallery-icon landscape'>\n\t\t\t\t<a href='https:\/\/www.wallendorff.com\/belogue\/2018\/03\/27\/findlay-les-femmes-sen-melent-le-cafe-de-la-danse-paris-26-mars-2018\/findlay-les-femmes-sen-melent-le-cafe-de-la-danse-paris-26-03-2018-4\/'><img loading=\"lazy\" decoding=\"async\" width=\"300\" height=\"200\" src=\"https:\/\/www.wallendorff.com\/belogue\/wp-content\/uploads\/2018\/03\/20180327-04-300x200.jpg\" class=\"attachment-medium size-medium\" alt=\"\" aria-describedby=\"gallery-1-37714\" srcset=\"https:\/\/www.wallendorff.com\/belogue\/wp-content\/uploads\/2018\/03\/20180327-04-300x200.jpg 300w, https:\/\/www.wallendorff.com\/belogue\/wp-content\/uploads\/2018\/03\/20180327-04-820x547.jpg 820w, https:\/\/www.wallendorff.com\/belogue\/wp-content\/uploads\/2018\/03\/20180327-04-200x133.jpg 200w, https:\/\/www.wallendorff.com\/belogue\/wp-content\/uploads\/2018\/03\/20180327-04.jpg 1170w, https:\/\/www.wallendorff.com\/belogue\/wp-content\/uploads\/2018\/03\/20180327-04-1116x744.jpg 1116w, https:\/\/www.wallendorff.com\/belogue\/wp-content\/uploads\/2018\/03\/20180327-04-806x537.jpg 806w, https:\/\/www.wallendorff.com\/belogue\/wp-content\/uploads\/2018\/03\/20180327-04-558x372.jpg 558w, https:\/\/www.wallendorff.com\/belogue\/wp-content\/uploads\/2018\/03\/20180327-04-655x437.jpg 655w, https:\/\/www.wallendorff.com\/belogue\/wp-content\/uploads\/2018\/03\/20180327-04-600x400.jpg 600w\" sizes=\"(max-width: 300px) 100vw, 300px\" \/><\/a>\n\t\t\t<\/div>\n\t\t\t\t<figcaption class='wp-caption-text gallery-caption' id='gallery-1-37714'>\n\t\t\t\tFindlay @ Les Femmes s&rsquo;en M\u00ealent, le Caf\u00e9 de la Danse, Paris, 26\/03\/2018\n\t\t\t\t<\/figcaption><\/figure><figure class='gallery-item'>\n\t\t\t<div class='gallery-icon landscape'>\n\t\t\t\t<a href='https:\/\/www.wallendorff.com\/belogue\/2018\/03\/27\/findlay-les-femmes-sen-melent-le-cafe-de-la-danse-paris-26-mars-2018\/findlay-les-femmes-sen-melent-le-cafe-de-la-danse-paris-26-03-2018-5\/'><img loading=\"lazy\" decoding=\"async\" width=\"300\" height=\"200\" src=\"https:\/\/www.wallendorff.com\/belogue\/wp-content\/uploads\/2018\/03\/20180327-05-300x200.jpg\" class=\"attachment-medium size-medium\" alt=\"\" aria-describedby=\"gallery-1-37715\" srcset=\"https:\/\/www.wallendorff.com\/belogue\/wp-content\/uploads\/2018\/03\/20180327-05-300x200.jpg 300w, https:\/\/www.wallendorff.com\/belogue\/wp-content\/uploads\/2018\/03\/20180327-05-820x547.jpg 820w, https:\/\/www.wallendorff.com\/belogue\/wp-content\/uploads\/2018\/03\/20180327-05-200x133.jpg 200w, https:\/\/www.wallendorff.com\/belogue\/wp-content\/uploads\/2018\/03\/20180327-05.jpg 1170w, https:\/\/www.wallendorff.com\/belogue\/wp-content\/uploads\/2018\/03\/20180327-05-1116x744.jpg 1116w, https:\/\/www.wallendorff.com\/belogue\/wp-content\/uploads\/2018\/03\/20180327-05-806x537.jpg 806w, https:\/\/www.wallendorff.com\/belogue\/wp-content\/uploads\/2018\/03\/20180327-05-558x372.jpg 558w, https:\/\/www.wallendorff.com\/belogue\/wp-content\/uploads\/2018\/03\/20180327-05-655x437.jpg 655w, https:\/\/www.wallendorff.com\/belogue\/wp-content\/uploads\/2018\/03\/20180327-05-600x400.jpg 600w\" sizes=\"(max-width: 300px) 100vw, 300px\" \/><\/a>\n\t\t\t<\/div>\n\t\t\t\t<figcaption class='wp-caption-text gallery-caption' id='gallery-1-37715'>\n\t\t\t\tFindlay @ Les Femmes s&rsquo;en M\u00ealent, le Caf\u00e9 de la Danse, Paris, 26\/03\/2018\n\t\t\t\t<\/figcaption><\/figure><figure class='gallery-item'>\n\t\t\t<div class='gallery-icon landscape'>\n\t\t\t\t<a href='https:\/\/www.wallendorff.com\/belogue\/2018\/03\/27\/findlay-les-femmes-sen-melent-le-cafe-de-la-danse-paris-26-mars-2018\/findlay-les-femmes-sen-melent-le-cafe-de-la-danse-paris-26-03-2018-6\/'><img loading=\"lazy\" decoding=\"async\" width=\"300\" height=\"200\" src=\"https:\/\/www.wallendorff.com\/belogue\/wp-content\/uploads\/2018\/03\/20180327-06-300x200.jpg\" class=\"attachment-medium size-medium\" alt=\"\" aria-describedby=\"gallery-1-37716\" srcset=\"https:\/\/www.wallendorff.com\/belogue\/wp-content\/uploads\/2018\/03\/20180327-06-300x200.jpg 300w, https:\/\/www.wallendorff.com\/belogue\/wp-content\/uploads\/2018\/03\/20180327-06-820x547.jpg 820w, https:\/\/www.wallendorff.com\/belogue\/wp-content\/uploads\/2018\/03\/20180327-06-200x133.jpg 200w, https:\/\/www.wallendorff.com\/belogue\/wp-content\/uploads\/2018\/03\/20180327-06.jpg 1170w, https:\/\/www.wallendorff.com\/belogue\/wp-content\/uploads\/2018\/03\/20180327-06-1116x744.jpg 1116w, https:\/\/www.wallendorff.com\/belogue\/wp-content\/uploads\/2018\/03\/20180327-06-806x537.jpg 806w, https:\/\/www.wallendorff.com\/belogue\/wp-content\/uploads\/2018\/03\/20180327-06-558x372.jpg 558w, https:\/\/www.wallendorff.com\/belogue\/wp-content\/uploads\/2018\/03\/20180327-06-655x437.jpg 655w, https:\/\/www.wallendorff.com\/belogue\/wp-content\/uploads\/2018\/03\/20180327-06-600x400.jpg 600w\" sizes=\"(max-width: 300px) 100vw, 300px\" \/><\/a>\n\t\t\t<\/div>\n\t\t\t\t<figcaption class='wp-caption-text gallery-caption' id='gallery-1-37716'>\n\t\t\t\tFindlay @ Les Femmes s&rsquo;en M\u00ealent, le Caf\u00e9 de la Danse, Paris, 26\/03\/2018\n\t\t\t\t<\/figcaption><\/figure><figure class='gallery-item'>\n\t\t\t<div class='gallery-icon landscape'>\n\t\t\t\t<a href='https:\/\/www.wallendorff.com\/belogue\/2018\/03\/27\/findlay-les-femmes-sen-melent-le-cafe-de-la-danse-paris-26-mars-2018\/findlay-les-femmes-sen-melent-le-cafe-de-la-danse-paris-26-03-2018-7\/'><img loading=\"lazy\" decoding=\"async\" width=\"300\" height=\"200\" src=\"https:\/\/www.wallendorff.com\/belogue\/wp-content\/uploads\/2018\/03\/20180327-07-300x200.jpg\" class=\"attachment-medium size-medium\" alt=\"\" aria-describedby=\"gallery-1-37717\" srcset=\"https:\/\/www.wallendorff.com\/belogue\/wp-content\/uploads\/2018\/03\/20180327-07-300x200.jpg 300w, https:\/\/www.wallendorff.com\/belogue\/wp-content\/uploads\/2018\/03\/20180327-07-820x547.jpg 820w, https:\/\/www.wallendorff.com\/belogue\/wp-content\/uploads\/2018\/03\/20180327-07-200x133.jpg 200w, https:\/\/www.wallendorff.com\/belogue\/wp-content\/uploads\/2018\/03\/20180327-07.jpg 1170w, https:\/\/www.wallendorff.com\/belogue\/wp-content\/uploads\/2018\/03\/20180327-07-1116x744.jpg 1116w, https:\/\/www.wallendorff.com\/belogue\/wp-content\/uploads\/2018\/03\/20180327-07-806x537.jpg 806w, https:\/\/www.wallendorff.com\/belogue\/wp-content\/uploads\/2018\/03\/20180327-07-558x372.jpg 558w, https:\/\/www.wallendorff.com\/belogue\/wp-content\/uploads\/2018\/03\/20180327-07-655x437.jpg 655w, https:\/\/www.wallendorff.com\/belogue\/wp-content\/uploads\/2018\/03\/20180327-07-600x400.jpg 600w\" sizes=\"(max-width: 300px) 100vw, 300px\" \/><\/a>\n\t\t\t<\/div>\n\t\t\t\t<figcaption class='wp-caption-text gallery-caption' id='gallery-1-37717'>\n\t\t\t\tFindlay @ Les Femmes s&rsquo;en M\u00ealent, le Caf\u00e9 de la Danse, Paris, 26\/03\/2018\n\t\t\t\t<\/figcaption><\/figure><figure class='gallery-item'>\n\t\t\t<div class='gallery-icon landscape'>\n\t\t\t\t<a href='https:\/\/www.wallendorff.com\/belogue\/2018\/03\/27\/findlay-les-femmes-sen-melent-le-cafe-de-la-danse-paris-26-mars-2018\/findlay-les-femmes-sen-melent-le-cafe-de-la-danse-paris-26-03-2018-8\/'><img loading=\"lazy\" decoding=\"async\" width=\"300\" height=\"200\" src=\"https:\/\/www.wallendorff.com\/belogue\/wp-content\/uploads\/2018\/03\/20180327-08-300x200.jpg\" class=\"attachment-medium size-medium\" alt=\"\" aria-describedby=\"gallery-1-37718\" srcset=\"https:\/\/www.wallendorff.com\/belogue\/wp-content\/uploads\/2018\/03\/20180327-08-300x200.jpg 300w, https:\/\/www.wallendorff.com\/belogue\/wp-content\/uploads\/2018\/03\/20180327-08-820x547.jpg 820w, https:\/\/www.wallendorff.com\/belogue\/wp-content\/uploads\/2018\/03\/20180327-08-200x133.jpg 200w, https:\/\/www.wallendorff.com\/belogue\/wp-content\/uploads\/2018\/03\/20180327-08.jpg 1170w, https:\/\/www.wallendorff.com\/belogue\/wp-content\/uploads\/2018\/03\/20180327-08-1116x744.jpg 1116w, https:\/\/www.wallendorff.com\/belogue\/wp-content\/uploads\/2018\/03\/20180327-08-806x537.jpg 806w, https:\/\/www.wallendorff.com\/belogue\/wp-content\/uploads\/2018\/03\/20180327-08-558x372.jpg 558w, https:\/\/www.wallendorff.com\/belogue\/wp-content\/uploads\/2018\/03\/20180327-08-655x437.jpg 655w, https:\/\/www.wallendorff.com\/belogue\/wp-content\/uploads\/2018\/03\/20180327-08-600x400.jpg 600w\" sizes=\"(max-width: 300px) 100vw, 300px\" \/><\/a>\n\t\t\t<\/div>\n\t\t\t\t<figcaption class='wp-caption-text gallery-caption' id='gallery-1-37718'>\n\t\t\t\tFindlay @ Les Femmes s&rsquo;en M\u00ealent, le Caf\u00e9 de la Danse, Paris, 26\/03\/2018\n\t\t\t\t<\/figcaption><\/figure><figure class='gallery-item'>\n\t\t\t<div class='gallery-icon landscape'>\n\t\t\t\t<a href='https:\/\/www.wallendorff.com\/belogue\/2018\/03\/27\/findlay-les-femmes-sen-melent-le-cafe-de-la-danse-paris-26-mars-2018\/findlay-les-femmes-sen-melent-le-cafe-de-la-danse-paris-26-03-2018-9\/'><img loading=\"lazy\" decoding=\"async\" width=\"300\" height=\"200\" src=\"https:\/\/www.wallendorff.com\/belogue\/wp-content\/uploads\/2018\/03\/20180327-09-300x200.jpg\" class=\"attachment-medium size-medium\" alt=\"\" aria-describedby=\"gallery-1-37719\" srcset=\"https:\/\/www.wallendorff.com\/belogue\/wp-content\/uploads\/2018\/03\/20180327-09-300x200.jpg 300w, https:\/\/www.wallendorff.com\/belogue\/wp-content\/uploads\/2018\/03\/20180327-09-820x547.jpg 820w, https:\/\/www.wallendorff.com\/belogue\/wp-content\/uploads\/2018\/03\/20180327-09-200x133.jpg 200w, https:\/\/www.wallendorff.com\/belogue\/wp-content\/uploads\/2018\/03\/20180327-09.jpg 1170w, https:\/\/www.wallendorff.com\/belogue\/wp-content\/uploads\/2018\/03\/20180327-09-1116x744.jpg 1116w, https:\/\/www.wallendorff.com\/belogue\/wp-content\/uploads\/2018\/03\/20180327-09-806x537.jpg 806w, https:\/\/www.wallendorff.com\/belogue\/wp-content\/uploads\/2018\/03\/20180327-09-558x372.jpg 558w, https:\/\/www.wallendorff.com\/belogue\/wp-content\/uploads\/2018\/03\/20180327-09-655x437.jpg 655w, https:\/\/www.wallendorff.com\/belogue\/wp-content\/uploads\/2018\/03\/20180327-09-600x400.jpg 600w\" sizes=\"(max-width: 300px) 100vw, 300px\" \/><\/a>\n\t\t\t<\/div>\n\t\t\t\t<figcaption class='wp-caption-text gallery-caption' id='gallery-1-37719'>\n\t\t\t\tFindlay @ Les Femmes s&rsquo;en M\u00ealent, le Caf\u00e9 de la Danse, Paris, 26\/03\/2018\n\t\t\t\t<\/figcaption><\/figure>\n\t\t<\/div>\n\n","protected":false},"excerpt":{"rendered":"Findlay @ Les Femmes s&rsquo;en M\u00ealent, le Caf\u00e9 de la Danse, Paris, 26\/03\/2018 Findlay @ Les Femmes s&rsquo;en M\u00ealent, le Caf\u00e9 de la Danse, Paris, 26\/03\/2018 Findlay @ Les Femmes s&rsquo;en M\u00ealent, le Caf\u00e9 de la Danse, Paris, 26\/03\/2018 Findlay @ Les Femmes s&rsquo;en M\u00ealent, le Caf\u00e9 de la Danse, Paris, 26\/03\/2018 Findlay @ Les&hellip;","protected":false},"author":1,"featured_media":37719,"comment_status":"open","ping_status":"open","sticky":false,"template":"","format":"standard","meta":{"_acf_changed":false,"ngg_post_thumbnail":0,"jetpack_post_was_ever_published":false,"_jetpack_newsletter_access":"","_jetpack_dont_email_post_to_subs":false,"_jetpack_newsletter_tier_id":0,"_jetpack_memberships_contains_paywalled_content":false,"_jetpack_memberships_contains_paid_content":false,"footnotes":"","jetpack_publicize_message":"","jetpack_publicize_feature_enabled":true,"jetpack_social_post_already_shared":true,"jetpack_social_options":{"image_generator_settings":{"template":"highway","default_image_id":0,"font":"","enabled":false},"version":2}},"categories":[7],"tags":[14460,10183,10084,8170,181,6766,8351,10136,11729,10120,10121,10598,1436,14651,10098,11390],"class_list":["post-37710","post","type-post","status-publish","format-standard","has-post-thumbnail","hentry","category-alive","tag-14460","tag-10183","tag-alive","tag-ef-24-70-mm-f2-8l-ii-usm","tag-ef-70-200-mm-f28l-usm","tag-eos-5d-mark-iii","tag-eos-6d","tag-festival","tag-findlay","tag-france","tag-ile-de-france","tag-le-cafe-de-la-danse","tag-les-femmes-sen-melent","tag-les-femmes-sen-melent-2018","tag-paris","tag-passage-louis-philippe"],"acf":[],"geo":{"latitude":48.8540955,"longitude":2.3728526,"description":"3-13 Passage Louis Philippe, 75011 Paris, France"},"jetpack_publicize_connections":[],"jetpack_featured_media_url":"https:\/\/www.wallendorff.com\/belogue\/wp-content\/uploads\/2018\/03\/20180327-09.jpg","jetpack_shortlink":"https:\/\/wp.me\/p3b35P-9Oe","jetpack_sharing_enabled":true,"jetpack-related-posts":[{"id":1284,"url":"https:\/\/www.wallendorff.com\/belogue\/2008\/08\/05\/gore-gore-girls-les-femmes-s-en-melent-la-maroquinerie-paris-21-avril\/","url_meta":{"origin":37710,"position":0},"title":"Gore Gore Girls @ les Femmes s&rsquo;en M\u00ealent, la Maroquinerie, Paris, 21 avril.","author":"dpc","date":"5 ao\u00fbt 2008","format":false,"excerpt":"\u00c0 part \u00e7a\u00a0: Secret Machines reviennent en octobre J'ai envie d'organiser des rendez-vous libatoires dominicaux urbano-rotatifs ne tol\u00e9rant que des fans de Black Rebel Motorcycle Club rien que pour le bonheur de dire \u00ab\u00a0dimanche j'ai un BRuMCh.\u00a0\u00bb Gore Gore Girls \u2013 Fox in a Box","rel":"","context":"Dans &quot;Alive&quot;","block_context":{"text":"Alive","link":"https:\/\/www.wallendorff.com\/belogue\/category\/alive\/"},"img":{"alt_text":"","src":"https:\/\/i0.wp.com\/www.wallendorff.com\/belogue\/wp-content\/uploads\/2015\/04\/200808051.jpg?resize=350%2C200&ssl=1","width":350,"height":200,"srcset":"https:\/\/i0.wp.com\/www.wallendorff.com\/belogue\/wp-content\/uploads\/2015\/04\/200808051.jpg?resize=350%2C200&ssl=1 1x, https:\/\/i0.wp.com\/www.wallendorff.com\/belogue\/wp-content\/uploads\/2015\/04\/200808051.jpg?resize=525%2C300&ssl=1 1.5x, https:\/\/i0.wp.com\/www.wallendorff.com\/belogue\/wp-content\/uploads\/2015\/04\/200808051.jpg?resize=700%2C400&ssl=1 2x"},"classes":[]},{"id":1280,"url":"https:\/\/www.wallendorff.com\/belogue\/2008\/07\/30\/ane-brun-kelly-de-martino-les-femmes-s-en-melent-la-maroquinerie-paris-19-avril\/","url_meta":{"origin":37710,"position":1},"title":"Ane Brun + Kelly De Martino @ les Femmes s&rsquo;en m\u00ealent, la Maroquinerie, Paris, 19 avril.","author":"dpc","date":"30 juillet 2008","format":false,"excerpt":"Kelly De Martino \u2013 Bumblebees (acoustic) Kelly De Martino Ane Brun","rel":"","context":"Dans &quot;Alive&quot;","block_context":{"text":"Alive","link":"https:\/\/www.wallendorff.com\/belogue\/category\/alive\/"},"img":{"alt_text":"","src":"https:\/\/i0.wp.com\/www.wallendorff.com\/belogue\/wp-content\/uploads\/2015\/04\/200807301.jpg?resize=350%2C200&ssl=1","width":350,"height":200,"srcset":"https:\/\/i0.wp.com\/www.wallendorff.com\/belogue\/wp-content\/uploads\/2015\/04\/200807301.jpg?resize=350%2C200&ssl=1 1x, https:\/\/i0.wp.com\/www.wallendorff.com\/belogue\/wp-content\/uploads\/2015\/04\/200807301.jpg?resize=525%2C300&ssl=1 1.5x, https:\/\/i0.wp.com\/www.wallendorff.com\/belogue\/wp-content\/uploads\/2015\/04\/200807301.jpg?resize=700%2C400&ssl=1 2x"},"classes":[]},{"id":3249,"url":"https:\/\/www.wallendorff.com\/belogue\/2008\/08\/27\/previously-unreleased-831\/","url_meta":{"origin":37710,"position":2},"title":"Previously Unreleased #831.","author":"dpc","date":"27 ao\u00fbt 2008","format":false,"excerpt":"Miss Li, la Maroquinerie, Paris, 24 avril. Huhuhu. dEUS \u2013 Popular Culture _____ 1 Previously Unreleased is a registered trademark of beauty and magic \u00a9 2004-2008 Juyette-les-photos-chouettes.","rel":"","context":"Dans &quot;Previously unreleased&quot;","block_context":{"text":"Previously unreleased","link":"https:\/\/www.wallendorff.com\/belogue\/category\/previously-unreleased\/"},"img":{"alt_text":"","src":"https:\/\/i0.wp.com\/www.wallendorff.com\/belogue\/wp-content\/uploads\/2015\/04\/200808271.jpg?resize=350%2C200&ssl=1","width":350,"height":200},"classes":[]},{"id":1211,"url":"https:\/\/www.wallendorff.com\/belogue\/2008\/04\/20\/ane-brun-les-femmes-s-en-mlent-la-maroquinerie-paris\/","url_meta":{"origin":37710,"position":3},"title":"Ane Brun @ les Femmes s&rsquo;en M\u00ealent, la Maroquinerie, Paris.","author":"dpc","date":"20 avril 2008","format":false,"excerpt":"\u00a0The Raconteurs \u2013 Rich Kid Blues","rel":"","context":"Dans &quot;Alive&quot;","block_context":{"text":"Alive","link":"https:\/\/www.wallendorff.com\/belogue\/category\/alive\/"},"img":{"alt_text":"","src":"https:\/\/i0.wp.com\/www.wallendorff.com\/belogue\/wp-content\/uploads\/2015\/04\/200804201.jpg?resize=350%2C200&ssl=1","width":350,"height":200,"srcset":"https:\/\/i0.wp.com\/www.wallendorff.com\/belogue\/wp-content\/uploads\/2015\/04\/200804201.jpg?resize=350%2C200&ssl=1 1x, https:\/\/i0.wp.com\/www.wallendorff.com\/belogue\/wp-content\/uploads\/2015\/04\/200804201.jpg?resize=525%2C300&ssl=1 1.5x, https:\/\/i0.wp.com\/www.wallendorff.com\/belogue\/wp-content\/uploads\/2015\/04\/200804201.jpg?resize=700%2C400&ssl=1 2x"},"classes":[]},{"id":11913,"url":"https:\/\/www.wallendorff.com\/belogue\/2011\/01\/21\/klaxons-is-tropical-le-bataclan-paris\/","url_meta":{"origin":37710,"position":4},"title":"Klaxons + Is Tropical @ le Bataclan, Paris.","author":"dpc","date":"21 janvier 2011","format":false,"excerpt":"Atlantis to Interzone \u2022 Flashover \u2022 The Same Space \u2022 As Above, So Below \u2022 Gravity's Rainbow \u2022 Venusia \u2022 Golden Skans \u2022 Twin Flames \u2022 Future Memories \u2022 Two Receivers \u2022 Magick \u2022 Valley of the Calm Trees \u2022 Cypherspeed \u2022 Echoes \u00a6 Surfing the Void \u2022 It's Not\u2026","rel":"","context":"Dans &quot;Alive&quot;","block_context":{"text":"Alive","link":"https:\/\/www.wallendorff.com\/belogue\/category\/alive\/"},"img":{"alt_text":"","src":"https:\/\/i0.wp.com\/www.wallendorff.com\/belogue\/wp-content\/uploads\/2015\/04\/201101211.jpg?resize=350%2C200&ssl=1","width":350,"height":200,"srcset":"https:\/\/i0.wp.com\/www.wallendorff.com\/belogue\/wp-content\/uploads\/2015\/04\/201101211.jpg?resize=350%2C200&ssl=1 1x, https:\/\/i0.wp.com\/www.wallendorff.com\/belogue\/wp-content\/uploads\/2015\/04\/201101211.jpg?resize=525%2C300&ssl=1 1.5x, https:\/\/i0.wp.com\/www.wallendorff.com\/belogue\/wp-content\/uploads\/2015\/04\/201101211.jpg?resize=700%2C400&ssl=1 2x"},"classes":[]},{"id":1216,"url":"https:\/\/www.wallendorff.com\/belogue\/2008\/04\/25\/phoebe-killdeer-the-short-straws-les-femmes-s-en-mlent-la-maroquinerie-paris\/","url_meta":{"origin":37710,"position":5},"title":"Phoebe Killdeer &amp; The Short Straws @ les Femmes s&rsquo;en M\u00ealent, la Maroquinerie, Paris.","author":"dpc","date":"25 avril 2008","format":false,"excerpt":"Cette semaine c'est vraiment le total pieds. \u00a0The Black Angels \u2013 Doves","rel":"","context":"Dans &quot;Alive&quot;","block_context":{"text":"Alive","link":"https:\/\/www.wallendorff.com\/belogue\/category\/alive\/"},"img":{"alt_text":"","src":"https:\/\/i0.wp.com\/www.wallendorff.com\/belogue\/wp-content\/uploads\/2015\/04\/200804251.jpg?resize=350%2C200&ssl=1","width":350,"height":200,"srcset":"https:\/\/i0.wp.com\/www.wallendorff.com\/belogue\/wp-content\/uploads\/2015\/04\/200804251.jpg?resize=350%2C200&ssl=1 1x, https:\/\/i0.wp.com\/www.wallendorff.com\/belogue\/wp-content\/uploads\/2015\/04\/200804251.jpg?resize=525%2C300&ssl=1 1.5x, https:\/\/i0.wp.com\/www.wallendorff.com\/belogue\/wp-content\/uploads\/2015\/04\/200804251.jpg?resize=700%2C400&ssl=1 2x"},"classes":[]}],"_links":{"self":[{"href":"https:\/\/www.wallendorff.com\/belogue\/wp-json\/wp\/v2\/posts\/37710","targetHints":{"allow":["GET"]}}],"collection":[{"href":"https:\/\/www.wallendorff.com\/belogue\/wp-json\/wp\/v2\/posts"}],"about":[{"href":"https:\/\/www.wallendorff.com\/belogue\/wp-json\/wp\/v2\/types\/post"}],"author":[{"embeddable":true,"href":"https:\/\/www.wallendorff.com\/belogue\/wp-json\/wp\/v2\/users\/1"}],"replies":[{"embeddable":true,"href":"https:\/\/www.wallendorff.com\/belogue\/wp-json\/wp\/v2\/comments?post=37710"}],"version-history":[{"count":2,"href":"https:\/\/www.wallendorff.com\/belogue\/wp-json\/wp\/v2\/posts\/37710\/revisions"}],"predecessor-version":[{"id":37721,"href":"https:\/\/www.wallendorff.com\/belogue\/wp-json\/wp\/v2\/posts\/37710\/revisions\/37721"}],"wp:featuredmedia":[{"embeddable":true,"href":"https:\/\/www.wallendorff.com\/belogue\/wp-json\/wp\/v2\/media\/37719"}],"wp:attachment":[{"href":"https:\/\/www.wallendorff.com\/belogue\/wp-json\/wp\/v2\/media?parent=37710"}],"wp:term":[{"taxonomy":"category","embeddable":true,"href":"https:\/\/www.wallendorff.com\/belogue\/wp-json\/wp\/v2\/categories?post=37710"},{"taxonomy":"post_tag","embeddable":true,"href":"https:\/\/www.wallendorff.com\/belogue\/wp-json\/wp\/v2\/tags?post=37710"}],"curies":[{"name":"wp","href":"https:\/\/api.w.org\/{rel}","templated":true}]}}