{"id":377,"date":"2005-05-12T15:34:58","date_gmt":"2005-05-12T15:34:58","guid":{"rendered":"http:\/\/www.po-l.com\/wordpress\/?p=377"},"modified":"2012-04-09T13:37:39","modified_gmt":"2012-04-09T11:37:39","slug":"et-pendant-ce-temps-a-santa-claruz","status":"publish","type":"post","link":"https:\/\/www.wallendorff.com\/belogue\/2005\/05\/12\/et-pendant-ce-temps-a-santa-claruz\/","title":{"rendered":"Et pendant ce temps, \u00e0 Santa-Claruz."},"content":{"rendered":"\n<div id=\"photo\">\n<p><img decoding=\"async\" src=\"http:\/\/www.po-L.com\/belogue\/photo\/2005\/05\/20050512-3.jpg\" \/><br \/>\n          Lac Sainte-Claire, D&eacute;troit, 8 janvier.<\/p>\n<p>[mais si, vous vous souvenez. C&rsquo;&eacute;tait <a href=\"https:\/\/www.wallendorff.com\/belogue\/2005\/01\/15\/arbore-les-sens\/\">l&agrave;<\/a>]<\/p>\n<\/p><\/div>\n<div id=\"photo2\">\n<p><img decoding=\"async\" src=\"http:\/\/www.po-L.com\/belogue\/photo\/2005\/05\/20050512-2.jpg\" \/><br \/>\n          Lac Sainte-Claire, D&eacute;troit, 8 mai. [photo pas moi]<\/p>\n<\/p><\/div>\n<p style=\"text-align:right\">Conclusion: Quand vient le mois de mai, la neige, <U>elle fond<\/U>.<\/p>\n<p style=\"text-align:right\">[et l&rsquo;arbre, <U>il fleurit<\/U>.]<\/p>\n<p style=\"text-align:right\">[et le bateau, <U>il vogue<\/U>.]<\/p>\n<p>[&Ccedil;a se voit, que je m&#8217;emmerde&nbsp;?]<\/p>\n<div id=\"bandeson\">\n<p><img decoding=\"async\" src=\"https:\/\/www.wallendorff.com\/belogue\/photo\/pochettes\/s\/subways_the-1am.jpg\" align=\"left\" \/>&nbsp;<a href=\"http:\/\/www.thesubways.net\">The Subways<\/a> &ndash; <em>1am<\/em><\/p>\n<\/div>\n","protected":false},"excerpt":{"rendered":"<p>Lac Sainte-Claire, D&eacute;troit, 8 janvier. [mais si, vous vous souvenez. C&rsquo;&eacute;tait l&agrave;] Lac Sainte-Claire, D&eacute;troit, 8 mai. [photo pas moi] Conclusion: Quand vient le mois de mai, la neige, elle fond. [et l&rsquo;arbre, il fleurit.] [et le bateau, il vogue.] [&Ccedil;a se voit, que je m&#8217;emmerde&nbsp;?] &nbsp;The Subways &ndash; 1am<\/p>\n","protected":false},"author":1,"featured_media":24317,"comment_status":"closed","ping_status":"closed","sticky":false,"template":"","format":"standard","meta":{"_acf_changed":false,"ngg_post_thumbnail":0,"jetpack_post_was_ever_published":false,"_jetpack_newsletter_access":"","_jetpack_dont_email_post_to_subs":false,"_jetpack_newsletter_tier_id":0,"_jetpack_memberships_contains_paywalled_content":false,"_jetpack_memberships_contains_paid_content":false,"footnotes":"","jetpack_publicize_message":"","jetpack_publicize_feature_enabled":true,"jetpack_social_post_already_shared":false,"jetpack_social_options":{"image_generator_settings":{"template":"highway","default_image_id":0,"font":"","enabled":false},"version":2}},"categories":[3],"tags":[860,10345,155,132,10484,55,10667,752,54,10211,10234],"class_list":["post-377","post","type-post","status-publish","format-standard","has-post-thumbnail","hentry","category-dpc","tag-1am","tag-arbre","tag-ef-s-18-55-mm-f35-56-ii","tag-eos-20d","tag-eau","tag-etats-unis","tag-lac","tag-lac-sainte-claire","tag-michigan","tag-neige","tag-the-subways"],"acf":[],"geo":{"latitude":42.5721245,"longitude":-82.7990189,"description":null},"jetpack_publicize_connections":[],"jetpack_featured_media_url":"https:\/\/www.wallendorff.com\/belogue\/wp-content\/uploads\/2015\/04\/20050512-31.jpg","jetpack_shortlink":"https:\/\/wp.me\/p3b35P-65","jetpack_sharing_enabled":true,"jetpack-related-posts":[{"id":494,"url":"https:\/\/www.wallendorff.com\/belogue\/2005\/01\/19\/ares-comptant-pour-un\/","url_meta":{"origin":377,"position":0},"title":"Ares comptant pour un.","author":"dpc","date":"19 janvier 2005","format":false,"excerpt":"Lac Sainte-Claire, 8 janvier [Je vous ai bien eus, hein?] \u00a0Tom McRae \u2013 Bloodless","rel":"","context":"Dans &quot;DPC&quot;","block_context":{"text":"DPC","link":"https:\/\/www.wallendorff.com\/belogue\/category\/dpc\/"},"img":{"alt_text":"","src":"https:\/\/i0.wp.com\/www.wallendorff.com\/belogue\/wp-content\/uploads\/2015\/04\/20050119-barrieres1.jpg?resize=350%2C200&ssl=1","width":350,"height":200,"srcset":"https:\/\/i0.wp.com\/www.wallendorff.com\/belogue\/wp-content\/uploads\/2015\/04\/20050119-barrieres1.jpg?resize=350%2C200&ssl=1 1x, https:\/\/i0.wp.com\/www.wallendorff.com\/belogue\/wp-content\/uploads\/2015\/04\/20050119-barrieres1.jpg?resize=525%2C300&ssl=1 1.5x"},"classes":[]},{"id":128298,"url":"https:\/\/www.wallendorff.com\/belogue\/2024\/06\/13\/cetait-2005\/","url_meta":{"origin":377,"position":1},"title":"C&rsquo;\u00e9tait 2005.","author":"dpc","date":"13 juin 2024","format":false,"excerpt":"Revenir des \u00c9tats-Unis, s'installer temporairement \u00e0 Paris et entamer deux carri\u00e8res en parall\u00e8le. D\u00e9troit, 3 janvier 2005 Lac Sainte-Claire, 8 janvier 2005 Lac Sainte-Claire, 8 janvier 2005 Macomb, 15 janvier 2005 Auburn Hills, 20 janvier 2005 Birmingham, 23 janvier 2005 Birmingham, 23 janvier 2005 D\u00e9troit, 5 f\u00e9vrier 2005 Amsterdam, 16\u2026","rel":"","context":"Dans &quot;DPC&quot;","block_context":{"text":"DPC","link":"https:\/\/www.wallendorff.com\/belogue\/category\/dpc\/"},"img":{"alt_text":"","src":"https:\/\/i0.wp.com\/www.wallendorff.com\/belogue\/wp-content\/uploads\/2024\/06\/20240613-05.jpg?resize=350%2C200&ssl=1","width":350,"height":200,"srcset":"https:\/\/i0.wp.com\/www.wallendorff.com\/belogue\/wp-content\/uploads\/2024\/06\/20240613-05.jpg?resize=350%2C200&ssl=1 1x, https:\/\/i0.wp.com\/www.wallendorff.com\/belogue\/wp-content\/uploads\/2024\/06\/20240613-05.jpg?resize=525%2C300&ssl=1 1.5x, https:\/\/i0.wp.com\/www.wallendorff.com\/belogue\/wp-content\/uploads\/2024\/06\/20240613-05.jpg?resize=700%2C400&ssl=1 2x"},"classes":[]},{"id":505,"url":"https:\/\/www.wallendorff.com\/belogue\/2005\/01\/11\/tres-pieds\/","url_meta":{"origin":377,"position":2},"title":"Tr&egrave;s pieds.","author":"dpc","date":"11 janvier 2005","format":false,"excerpt":"Lac Sainte-Claire, 8 janvier. [Oui oui, encore le lac Sainte-Claire] [Cette semaine, du lac Sainte-Claire, il y en aura plein.] [Enlevez pas\u00a0vos maillots de bain] \u00a0L\u00e6titia Sh\u00e9riff \u2014 Music Box","rel":"","context":"Dans &quot;DPC&quot;","block_context":{"text":"DPC","link":"https:\/\/www.wallendorff.com\/belogue\/category\/dpc\/"},"img":{"alt_text":"","src":"https:\/\/i0.wp.com\/www.wallendorff.com\/belogue\/wp-content\/uploads\/2015\/04\/20050111-pieds1.jpg?resize=350%2C200&ssl=1","width":350,"height":200,"srcset":"https:\/\/i0.wp.com\/www.wallendorff.com\/belogue\/wp-content\/uploads\/2015\/04\/20050111-pieds1.jpg?resize=350%2C200&ssl=1 1x, https:\/\/i0.wp.com\/www.wallendorff.com\/belogue\/wp-content\/uploads\/2015\/04\/20050111-pieds1.jpg?resize=525%2C300&ssl=1 1.5x, https:\/\/i0.wp.com\/www.wallendorff.com\/belogue\/wp-content\/uploads\/2015\/04\/20050111-pieds1.jpg?resize=700%2C400&ssl=1 2x"},"classes":[]},{"id":498,"url":"https:\/\/www.wallendorff.com\/belogue\/2005\/01\/15\/planche-neige-et-l-essai-demain\/","url_meta":{"origin":377,"position":3},"title":"Planche, neige et l&rsquo;essai demain.","author":"dpc","date":"15 janvier 2005","format":false,"excerpt":"Lac Sainte-Claire, 8 janvier [on commence \u00e0 le savoir, je sais] La minute ovale des anti-fouteballe*: N'oubliez pas Neath Swansea - Castres, demain, en coupe d'Europe de rugby. C'est super important. \u00a0 \u00a0 * Une nouvelle rubrique r\u00e9currente, cr\u00e9\u00e9e\u00a0pour satisfaire la foule de visiteurs rugbymaniaques de ce bel\u00f6gue. Merci de\u2026","rel":"","context":"Dans &quot;DPC&quot;","block_context":{"text":"DPC","link":"https:\/\/www.wallendorff.com\/belogue\/category\/dpc\/"},"img":{"alt_text":"","src":"https:\/\/i0.wp.com\/www.wallendorff.com\/belogue\/wp-content\/uploads\/2015\/04\/20050115-planches1.jpg?resize=350%2C200&ssl=1","width":350,"height":200},"classes":[]},{"id":495,"url":"https:\/\/www.wallendorff.com\/belogue\/2005\/01\/18\/quatre-glacons-dans-le-vent\/","url_meta":{"origin":377,"position":4},"title":"Quatre gla&ccedil;ons dans le vent.","author":"dpc","date":"18 janvier 2005","format":false,"excerpt":"[Allez, c'est la derni\u00e8re:] Lac Sainte-Claire, 8 janvier. \u00a0Kings of Leon \u2013 The Bucket","rel":"","context":"Dans &quot;DPC&quot;","block_context":{"text":"DPC","link":"https:\/\/www.wallendorff.com\/belogue\/category\/dpc\/"},"img":{"alt_text":"","src":"https:\/\/i0.wp.com\/www.wallendorff.com\/belogue\/wp-content\/uploads\/2015\/04\/20050118-lac1.jpg?resize=350%2C200&ssl=1","width":350,"height":200,"srcset":"https:\/\/i0.wp.com\/www.wallendorff.com\/belogue\/wp-content\/uploads\/2015\/04\/20050118-lac1.jpg?resize=350%2C200&ssl=1 1x, https:\/\/i0.wp.com\/www.wallendorff.com\/belogue\/wp-content\/uploads\/2015\/04\/20050118-lac1.jpg?resize=525%2C300&ssl=1 1.5x"},"classes":[]},{"id":500,"url":"https:\/\/www.wallendorff.com\/belogue\/2005\/01\/14\/sentiers-bons-heurts-j-entends-nos-curs\/","url_meta":{"origin":377,"position":5},"title":"Sentiers, bons heurts, j&rsquo;entends nos c&oelig;urs.","author":"dpc","date":"14 janvier 2005","format":false,"excerpt":"Lac Sainte-Claire, 8 janvier. \u00a0Depeche Mode \u2013 Little 15","rel":"","context":"Dans &quot;DPC&quot;","block_context":{"text":"DPC","link":"https:\/\/www.wallendorff.com\/belogue\/category\/dpc\/"},"img":{"alt_text":"","src":"https:\/\/i0.wp.com\/www.wallendorff.com\/belogue\/wp-content\/uploads\/2015\/04\/20050114-sentier1.jpg?resize=350%2C200&ssl=1","width":350,"height":200},"classes":[]}],"_links":{"self":[{"href":"https:\/\/www.wallendorff.com\/belogue\/wp-json\/wp\/v2\/posts\/377","targetHints":{"allow":["GET"]}}],"collection":[{"href":"https:\/\/www.wallendorff.com\/belogue\/wp-json\/wp\/v2\/posts"}],"about":[{"href":"https:\/\/www.wallendorff.com\/belogue\/wp-json\/wp\/v2\/types\/post"}],"author":[{"embeddable":true,"href":"https:\/\/www.wallendorff.com\/belogue\/wp-json\/wp\/v2\/users\/1"}],"replies":[{"embeddable":true,"href":"https:\/\/www.wallendorff.com\/belogue\/wp-json\/wp\/v2\/comments?post=377"}],"version-history":[{"count":2,"href":"https:\/\/www.wallendorff.com\/belogue\/wp-json\/wp\/v2\/posts\/377\/revisions"}],"predecessor-version":[{"id":16772,"href":"https:\/\/www.wallendorff.com\/belogue\/wp-json\/wp\/v2\/posts\/377\/revisions\/16772"}],"wp:featuredmedia":[{"embeddable":true,"href":"https:\/\/www.wallendorff.com\/belogue\/wp-json\/wp\/v2\/media\/24317"}],"wp:attachment":[{"href":"https:\/\/www.wallendorff.com\/belogue\/wp-json\/wp\/v2\/media?parent=377"}],"wp:term":[{"taxonomy":"category","embeddable":true,"href":"https:\/\/www.wallendorff.com\/belogue\/wp-json\/wp\/v2\/categories?post=377"},{"taxonomy":"post_tag","embeddable":true,"href":"https:\/\/www.wallendorff.com\/belogue\/wp-json\/wp\/v2\/tags?post=377"}],"curies":[{"name":"wp","href":"https:\/\/api.w.org\/{rel}","templated":true}]}}