{"id":37679,"date":"2018-03-23T13:19:21","date_gmt":"2018-03-23T11:19:21","guid":{"rendered":"http:\/\/www.wallendorff.com\/belogue\/?p=37679"},"modified":"2018-05-23T08:00:36","modified_gmt":"2018-05-23T06:00:36","slug":"people-141","status":"publish","type":"post","link":"https:\/\/www.wallendorff.com\/belogue\/2018\/03\/23\/people-141\/","title":{"rendered":"People #141."},"content":{"rendered":"<div id=\"photo\">\n<p><img decoding=\"async\" src=\"https:\/\/www.wallendorff.com\/belogue\/wp-content\/uploads\/2018\/03\/20180321-01.jpg\"><br \/>\nBrasserie Barb&egrave;s, Paris, 19 f&eacute;vrier.<\/p>\n<\/div>\n<p style=\"text-align: right\">Portraits assortis d&rsquo;une interview pour Soul Kitchen, &agrave; lire <a href=\"http:\/\/www.soul-kitchen.fr\/81865-george-ezra-second-depart\">chez eux<\/a>.<\/p>\n<div id=\"photo2\">\n<p><img decoding=\"async\" src=\"https:\/\/www.wallendorff.com\/belogue\/wp-content\/uploads\/2018\/03\/20180321-02.jpg\"><\/p>\n<\/div>\n<div id=\"photo2\">\n<p><img decoding=\"async\" src=\"https:\/\/www.wallendorff.com\/belogue\/wp-content\/uploads\/2018\/03\/20180321-03.jpg\"><\/p>\n<\/div>\n","protected":false},"excerpt":{"rendered":"<p>Brasserie Barb&egrave;s, Paris, 19 f&eacute;vrier. Portraits assortis d&rsquo;une interview pour Soul Kitchen, &agrave; lire chez eux.<\/p>\n","protected":false},"author":1,"featured_media":37681,"comment_status":"open","ping_status":"open","sticky":false,"template":"","format":"standard","meta":{"_acf_changed":false,"ngg_post_thumbnail":0,"jetpack_post_was_ever_published":false,"_jetpack_newsletter_access":"","_jetpack_dont_email_post_to_subs":false,"_jetpack_newsletter_tier_id":0,"_jetpack_memberships_contains_paywalled_content":false,"_jetpack_memberships_contains_paid_content":false,"footnotes":"","jetpack_publicize_message":"People #141.","jetpack_publicize_feature_enabled":true,"jetpack_social_post_already_shared":true,"jetpack_social_options":{"image_generator_settings":{"template":"highway","default_image_id":0,"font":"","enabled":false},"version":2}},"categories":[8],"tags":[10143,14649,14648,13733,1438,6766,10120,12456,10121,10098,10272,10376],"class_list":["post-37679","post","type-post","status-publish","format-standard","has-post-thumbnail","hentry","category-portraits","tag-10143","tag-boulevard-barbes","tag-brasserie-barbes","tag-ef-28-mm-f1-8-usm","tag-ef-50-mm-f14-usm","tag-eos-5d-mark-iii","tag-france","tag-george-ezra","tag-ile-de-france","tag-paris","tag-portrait","tag-promo"],"acf":[],"geo":{"latitude":48.8839798,"longitude":2.3497615,"description":"Paris 18, \u00cele-de-France, 75018, FR"},"jetpack_publicize_connections":[],"jetpack_featured_media_url":"https:\/\/www.wallendorff.com\/belogue\/wp-content\/uploads\/2018\/03\/20180321-01.jpg","jetpack_shortlink":"https:\/\/wp.me\/p3b35P-9NJ","jetpack_sharing_enabled":true,"jetpack-related-posts":[{"id":12967,"url":"https:\/\/www.wallendorff.com\/belogue\/2011\/07\/05\/main-square-festival-jour-1\/","url_meta":{"origin":37679,"position":0},"title":"Main Square Festival 2011, jour 1.","author":"dpc","date":"5 juillet 2011","format":false,"excerpt":"Un bracelet bleu, du soleil, de la poussi\u00e8re, un biscuit mou mou, des bi\u00e8res qui volent, des gens en latex, une couille, des sandouiches \u00e0 la viande, une culotte, des barbes, des Anglais, des chapeaux Ricard\u00ae et une \u00e9chancrure. La suite demain. \u00a0Shaka Ponk \u2013 Reset After All Warpaint, Green\u2026","rel":"","context":"Dans &quot;Alive&quot;","block_context":{"text":"Alive","link":"https:\/\/www.wallendorff.com\/belogue\/category\/alive\/"},"img":{"alt_text":"","src":"https:\/\/i0.wp.com\/www.wallendorff.com\/belogue\/wp-content\/uploads\/2015\/04\/201107051.jpg?resize=350%2C200&ssl=1","width":350,"height":200,"srcset":"https:\/\/i0.wp.com\/www.wallendorff.com\/belogue\/wp-content\/uploads\/2015\/04\/201107051.jpg?resize=350%2C200&ssl=1 1x, https:\/\/i0.wp.com\/www.wallendorff.com\/belogue\/wp-content\/uploads\/2015\/04\/201107051.jpg?resize=525%2C300&ssl=1 1.5x, https:\/\/i0.wp.com\/www.wallendorff.com\/belogue\/wp-content\/uploads\/2015\/04\/201107051.jpg?resize=700%2C400&ssl=1 2x"},"classes":[]},{"id":43445,"url":"https:\/\/www.wallendorff.com\/belogue\/2019\/08\/14\/portrait-148\/","url_meta":{"origin":37679,"position":1},"title":"Portrait #148.","author":"dpc","date":"14 ao\u00fbt 2019","format":false,"excerpt":"Le Pigalle, Paris, 1er mai 2019.","rel":"","context":"Dans &quot;Portraits&quot;","block_context":{"text":"Portraits","link":"https:\/\/www.wallendorff.com\/belogue\/category\/portraits\/"},"img":{"alt_text":"","src":"https:\/\/i0.wp.com\/www.wallendorff.com\/belogue\/wp-content\/uploads\/2019\/08\/20190814-02.jpg?resize=350%2C200&ssl=1","width":350,"height":200,"srcset":"https:\/\/i0.wp.com\/www.wallendorff.com\/belogue\/wp-content\/uploads\/2019\/08\/20190814-02.jpg?resize=350%2C200&ssl=1 1x, https:\/\/i0.wp.com\/www.wallendorff.com\/belogue\/wp-content\/uploads\/2019\/08\/20190814-02.jpg?resize=525%2C300&ssl=1 1.5x, https:\/\/i0.wp.com\/www.wallendorff.com\/belogue\/wp-content\/uploads\/2019\/08\/20190814-02.jpg?resize=700%2C400&ssl=1 2x"},"classes":[]},{"id":41075,"url":"https:\/\/www.wallendorff.com\/belogue\/2019\/02\/01\/portrait-145\/","url_meta":{"origin":37679,"position":2},"title":"Portrait #146.","author":"dpc","date":"1 f\u00e9vrier 2019","format":false,"excerpt":"Place du Panth\u00e9on, Paris, 9 janvier 2019.","rel":"","context":"Dans &quot;Portraits&quot;","block_context":{"text":"Portraits","link":"https:\/\/www.wallendorff.com\/belogue\/category\/portraits\/"},"img":{"alt_text":"","src":"https:\/\/i0.wp.com\/www.wallendorff.com\/belogue\/wp-content\/uploads\/2019\/02\/20190201-03.jpg?resize=350%2C200&ssl=1","width":350,"height":200,"srcset":"https:\/\/i0.wp.com\/www.wallendorff.com\/belogue\/wp-content\/uploads\/2019\/02\/20190201-03.jpg?resize=350%2C200&ssl=1 1x, https:\/\/i0.wp.com\/www.wallendorff.com\/belogue\/wp-content\/uploads\/2019\/02\/20190201-03.jpg?resize=525%2C300&ssl=1 1.5x, https:\/\/i0.wp.com\/www.wallendorff.com\/belogue\/wp-content\/uploads\/2019\/02\/20190201-03.jpg?resize=700%2C400&ssl=1 2x, https:\/\/i0.wp.com\/www.wallendorff.com\/belogue\/wp-content\/uploads\/2019\/02\/20190201-03.jpg?resize=1050%2C600&ssl=1 3x"},"classes":[]},{"id":41622,"url":"https:\/\/www.wallendorff.com\/belogue\/2019\/04\/17\/portrait-147\/","url_meta":{"origin":37679,"position":3},"title":"Portrait #147.","author":"dpc","date":"17 avril 2019","format":false,"excerpt":"Reset Bar, Paris, 20 mars 2019. Merci au Reset Bar pour leur accueil.","rel":"","context":"Dans &quot;Portraits&quot;","block_context":{"text":"Portraits","link":"https:\/\/www.wallendorff.com\/belogue\/category\/portraits\/"},"img":{"alt_text":"","src":"https:\/\/i0.wp.com\/www.wallendorff.com\/belogue\/wp-content\/uploads\/2019\/04\/20190417-01.jpg?resize=350%2C200&ssl=1","width":350,"height":200,"srcset":"https:\/\/i0.wp.com\/www.wallendorff.com\/belogue\/wp-content\/uploads\/2019\/04\/20190417-01.jpg?resize=350%2C200&ssl=1 1x, https:\/\/i0.wp.com\/www.wallendorff.com\/belogue\/wp-content\/uploads\/2019\/04\/20190417-01.jpg?resize=525%2C300&ssl=1 1.5x, https:\/\/i0.wp.com\/www.wallendorff.com\/belogue\/wp-content\/uploads\/2019\/04\/20190417-01.jpg?resize=700%2C400&ssl=1 2x, https:\/\/i0.wp.com\/www.wallendorff.com\/belogue\/wp-content\/uploads\/2019\/04\/20190417-01.jpg?resize=1050%2C600&ssl=1 3x"},"classes":[]},{"id":33425,"url":"https:\/\/www.wallendorff.com\/belogue\/2017\/01\/27\/shooting-people-132\/","url_meta":{"origin":37679,"position":4},"title":"Shooting people #132.","author":"dpc","date":"27 janvier 2017","format":false,"excerpt":"Mill\u00e9sime H\u00f4tel, Paris, 26 septembre 2016. Rhythm & Blues The Head and the Heart","rel":"","context":"Dans &quot;Portraits&quot;","block_context":{"text":"Portraits","link":"https:\/\/www.wallendorff.com\/belogue\/category\/portraits\/"},"img":{"alt_text":"","src":"https:\/\/i0.wp.com\/www.wallendorff.com\/belogue\/wp-content\/uploads\/2017\/01\/20170127-01.jpg?resize=350%2C200&ssl=1","width":350,"height":200,"srcset":"https:\/\/i0.wp.com\/www.wallendorff.com\/belogue\/wp-content\/uploads\/2017\/01\/20170127-01.jpg?resize=350%2C200&ssl=1 1x, https:\/\/i0.wp.com\/www.wallendorff.com\/belogue\/wp-content\/uploads\/2017\/01\/20170127-01.jpg?resize=525%2C300&ssl=1 1.5x, https:\/\/i0.wp.com\/www.wallendorff.com\/belogue\/wp-content\/uploads\/2017\/01\/20170127-01.jpg?resize=700%2C400&ssl=1 2x"},"classes":[]},{"id":1026,"url":"https:\/\/www.wallendorff.com\/belogue\/2007\/08\/30\/shooting-people-14\/","url_meta":{"origin":37679,"position":5},"title":"Shooting people #14.","author":"dpc","date":"30 ao\u00fbt 2007","format":false,"excerpt":"Paris, 4 juillet. \u00a0Jack White \u2013 Wayfaring Stranger","rel":"","context":"Dans &quot;Portraits&quot;","block_context":{"text":"Portraits","link":"https:\/\/www.wallendorff.com\/belogue\/category\/portraits\/"},"img":{"alt_text":"","src":"https:\/\/i0.wp.com\/www.wallendorff.com\/belogue\/wp-content\/uploads\/2015\/04\/200708301.jpg?resize=350%2C200&ssl=1","width":350,"height":200,"srcset":"https:\/\/i0.wp.com\/www.wallendorff.com\/belogue\/wp-content\/uploads\/2015\/04\/200708301.jpg?resize=350%2C200&ssl=1 1x, https:\/\/i0.wp.com\/www.wallendorff.com\/belogue\/wp-content\/uploads\/2015\/04\/200708301.jpg?resize=525%2C300&ssl=1 1.5x, https:\/\/i0.wp.com\/www.wallendorff.com\/belogue\/wp-content\/uploads\/2015\/04\/200708301.jpg?resize=700%2C400&ssl=1 2x"},"classes":[]}],"_links":{"self":[{"href":"https:\/\/www.wallendorff.com\/belogue\/wp-json\/wp\/v2\/posts\/37679","targetHints":{"allow":["GET"]}}],"collection":[{"href":"https:\/\/www.wallendorff.com\/belogue\/wp-json\/wp\/v2\/posts"}],"about":[{"href":"https:\/\/www.wallendorff.com\/belogue\/wp-json\/wp\/v2\/types\/post"}],"author":[{"embeddable":true,"href":"https:\/\/www.wallendorff.com\/belogue\/wp-json\/wp\/v2\/users\/1"}],"replies":[{"embeddable":true,"href":"https:\/\/www.wallendorff.com\/belogue\/wp-json\/wp\/v2\/comments?post=37679"}],"version-history":[{"count":3,"href":"https:\/\/www.wallendorff.com\/belogue\/wp-json\/wp\/v2\/posts\/37679\/revisions"}],"predecessor-version":[{"id":37685,"href":"https:\/\/www.wallendorff.com\/belogue\/wp-json\/wp\/v2\/posts\/37679\/revisions\/37685"}],"wp:featuredmedia":[{"embeddable":true,"href":"https:\/\/www.wallendorff.com\/belogue\/wp-json\/wp\/v2\/media\/37681"}],"wp:attachment":[{"href":"https:\/\/www.wallendorff.com\/belogue\/wp-json\/wp\/v2\/media?parent=37679"}],"wp:term":[{"taxonomy":"category","embeddable":true,"href":"https:\/\/www.wallendorff.com\/belogue\/wp-json\/wp\/v2\/categories?post=37679"},{"taxonomy":"post_tag","embeddable":true,"href":"https:\/\/www.wallendorff.com\/belogue\/wp-json\/wp\/v2\/tags?post=37679"}],"curies":[{"name":"wp","href":"https:\/\/api.w.org\/{rel}","templated":true}]}}