{"id":3767,"date":"2009-01-05T12:35:50","date_gmt":"2009-01-05T11:35:50","guid":{"rendered":"http:\/\/www.po-l.com\/belogue\/?p=3767"},"modified":"2013-11-12T17:42:35","modified_gmt":"2013-11-12T15:42:35","slug":"lacs-et-phares-abiment","status":"publish","type":"post","link":"https:\/\/www.wallendorff.com\/belogue\/2009\/01\/05\/lacs-et-phares-abiment\/","title":{"rendered":"Lacs et phares ab\u00eement."},"content":{"rendered":"<div id=\"photo\">\n<p><img decoding=\"async\" src=\"https:\/\/www.wallendorff.com\/belogue\/photo\/2009\/01\/20090105.jpg\" \/><br \/>\n  Sacr&eacute;-C&oelig;ur, Paris, 16 d&eacute;cembre 2008.<\/p>\n<\/div>\n<div id=\"bandeson\">\n<p><img decoding=\"async\" src=\"https:\/\/www.wallendorff.com\/belogue\/photo\/pochettes\/b\/black_angels_the-directions_to_see_a_ghost.jpg\" align=\"left\" \/> <a href=\"http:\/\/www.theblackangels.com\/\">The Black Angels<\/a> &ndash; <em>Vikings<\/em><\/p>\n<\/div>\n<p>C&rsquo;&eacute;tait l&rsquo;hiver sur Montmartre et il y avait trois personnages. Quatre, en comptant la masse de pierre glabre. Cinq, m&ecirc;me, avec le fotoaparat qui avait accompagn&eacute; le Poilu au sommet de la butte. Un fotoaparat neurasth&eacute;nique, sa sangle penchait vers la retraite.<\/p>\n<p>La masse de pierre glabre ressemblait &agrave; une glace d&rsquo;arctique et dominait toute la surface de la place que le Japonais avait entrepris de photographier. Oui, sous la masse de pierre glabre, il y avait un Japonais, tr&egrave;s quelconque, debout, l&rsquo;appareil au bras. Il faisait face &agrave; sa douce, pr&ecirc;te &agrave; sourire avec une millim&eacute;trique application et, &agrave; force de t&acirc;tonnements reptants, semblait avoir r&eacute;ussi &agrave; assembler jeune fille et vieil iceberg dans un seul cadre. Encore fall&ucirc;t-il tout exposer comme il eut fallu, voil&agrave; qui n&rsquo;&eacute;tait pas gagn&eacute;. <\/p>\n<p>Ces supputations gambadaient sous la longue chevelure d&rsquo;airain du Poilu, lui-m&ecirc;me en pleine qu&ecirc;te du bon angle, quand une paire de phares blancs vint envahir tout son viseur, le perturbant en pleine g&eacute;nuflexion cadreuse.<\/p>\n<p>&Agrave; cause des visages rieurs de l&rsquo;escouade de policiers occupant l&rsquo;estafette qui venait d&rsquo;aborder la place, ou peut-&ecirc;tre du l&eacute;ger bourdonnement qui couvrait l&eacute;g&egrave;rement son Nipode, le Poilu coupa sa bande-son. Le fourgon rallia au pas le fond de la place, y fit demi-tour et repassa le long de la masse de pierre glabre, haut-parleur branch&eacute;, un sergent de ville jovial tenant son micro au milieu de sa troupe hilare, d&eacute;clamant<\/p>\n<p style=\"text-align:right\">&laquo;&nbsp;<em>La Pr&eacute;fecture de Police,<br \/>\n  La Mairie de Paris,<br \/>\n  Se joignent &agrave; nous,<br \/>\nPour vous souhaiter de bonnes f&ecirc;tes de fin d&rsquo;ann&eacute;e.<\/em>&nbsp;&raquo;<\/p>\n<p>Regardant l&rsquo;estafette s&rsquo;&eacute;loigner, le Poilu ne put que conclure qu&rsquo;il existait effectivement d&rsquo;autres moyens de changer les policiers en fleurs que le Walther P38.<\/p>\n","protected":false},"excerpt":{"rendered":"<p>Sacr&eacute;-C&oelig;ur, Paris, 16 d&eacute;cembre 2008. The Black Angels &ndash; Vikings C&rsquo;&eacute;tait l&rsquo;hiver sur Montmartre et il y avait trois personnages. Quatre, en comptant la masse de pierre glabre. Cinq, m&ecirc;me, avec le fotoaparat qui avait accompagn&eacute; le Poilu au sommet de la butte. Un fotoaparat neurasth&eacute;nique, sa sangle penchait vers la retraite. La masse de&hellip;<\/p>\n","protected":false},"author":1,"featured_media":25332,"comment_status":"open","ping_status":"open","sticky":false,"template":"","format":"standard","meta":{"_acf_changed":false,"ngg_post_thumbnail":0,"jetpack_post_was_ever_published":false,"_jetpack_newsletter_access":"","_jetpack_dont_email_post_to_subs":false,"_jetpack_newsletter_tier_id":0,"_jetpack_memberships_contains_paywalled_content":false,"_jetpack_memberships_contains_paid_content":false,"footnotes":"","jetpack_publicize_message":"","jetpack_publicize_feature_enabled":true,"jetpack_social_post_already_shared":false,"jetpack_social_options":{"image_generator_settings":{"template":"highway","default_image_id":0,"font":"","enabled":false},"version":2}},"categories":[3],"tags":[10143,10487,142,132,4805,10120,10121,10142,143,10147,10098,7452,10349,2642],"class_list":["post-3767","post","type-post","status-publish","format-standard","has-post-thumbnail","hentry","category-dpc","tag-10143","tag-basilique-du-sacre-coeur","tag-ef-s-10-22-mm-f35-45-usm","tag-eos-20d","tag-directions-to-see-a-ghost","tag-france","tag-ile-de-france","tag-montmartre","tag-noir-et-blanc","tag-nuit","tag-paris","tag-rue-du-cardinal-dubois","tag-the-black-angels","tag-vikings"],"acf":[],"geo":{"latitude":48.8858757,"longitude":2.3431818,"description":"Rue du Cardinal Dubois, 75018 Paris, France"},"jetpack_publicize_connections":[],"jetpack_featured_media_url":"https:\/\/www.wallendorff.com\/belogue\/wp-content\/uploads\/2015\/04\/200901051.jpg","jetpack_shortlink":"https:\/\/wp.me\/p3b35P-YL","jetpack_sharing_enabled":true,"jetpack-related-posts":[{"id":23074,"url":"https:\/\/www.wallendorff.com\/belogue\/2014\/06\/27\/dix-ans-dinstants\/","url_meta":{"origin":3767,"position":0},"title":"Dix ans d&rsquo;instants.","author":"dpc","date":"27 juin 2014","format":false,"excerpt":"Dix ans de secondes qui s'\u00e9coul\u00e8rent comme des ans. 75 Nord, 25 ao\u00fbt 2004. 75 Nord, D\u00e9troit, 25 ao\u00fbt 2004. \u00ab\u00a0La pluie. Violente. Un orage comme on n'en trouve qu\u2019ici. Ball and Biscuit tr\u00e8s tr\u00e8s fort, \u00e7a prend une toute autre dimension, quand on roule \u00e0 travers D\u00e9troit, qu\u2019on passe\u2026","rel":"","context":"Dans &quot;DPC&quot;","block_context":{"text":"DPC","link":"https:\/\/www.wallendorff.com\/belogue\/category\/dpc\/"},"img":{"alt_text":"","src":"https:\/\/i0.wp.com\/www.wallendorff.com\/belogue\/wp-content\/uploads\/2015\/04\/201101173.jpg?resize=350%2C200&ssl=1","width":350,"height":200,"srcset":"https:\/\/i0.wp.com\/www.wallendorff.com\/belogue\/wp-content\/uploads\/2015\/04\/201101173.jpg?resize=350%2C200&ssl=1 1x, https:\/\/i0.wp.com\/www.wallendorff.com\/belogue\/wp-content\/uploads\/2015\/04\/201101173.jpg?resize=525%2C300&ssl=1 1.5x, https:\/\/i0.wp.com\/www.wallendorff.com\/belogue\/wp-content\/uploads\/2015\/04\/201101173.jpg?resize=700%2C400&ssl=1 2x"},"classes":[]},{"id":19821,"url":"https:\/\/www.wallendorff.com\/belogue\/2012\/12\/22\/tombes-et-des-cordes\/","url_meta":{"origin":3767,"position":1},"title":"Tombes [et des cordes].","author":"dpc","date":"22 d\u00e9cembre 2012","format":false,"excerpt":"Cimeti\u00e8re du Calvaire, Paris, 1er novembre. \u00a0Crystal Castles \u2013 Child I Will Hurt You","rel":"","context":"Dans &quot;DPC&quot;","block_context":{"text":"DPC","link":"https:\/\/www.wallendorff.com\/belogue\/category\/dpc\/"},"img":{"alt_text":"","src":"https:\/\/i0.wp.com\/www.wallendorff.com\/belogue\/wp-content\/uploads\/2015\/04\/201212221.jpg?resize=350%2C200&ssl=1","width":350,"height":200,"srcset":"https:\/\/i0.wp.com\/www.wallendorff.com\/belogue\/wp-content\/uploads\/2015\/04\/201212221.jpg?resize=350%2C200&ssl=1 1x, https:\/\/i0.wp.com\/www.wallendorff.com\/belogue\/wp-content\/uploads\/2015\/04\/201212221.jpg?resize=525%2C300&ssl=1 1.5x"},"classes":[]},{"id":4939,"url":"https:\/\/www.wallendorff.com\/belogue\/2009\/10\/29\/the-dead-weather-creature-with-the-atom-brain-lolympia-paris\/","url_meta":{"origin":3767,"position":2},"title":"The Dead Weather + Creature with the Atom Brain @ l&rsquo;Olympia, Paris.","author":"dpc","date":"29 octobre 2009","format":false,"excerpt":"Le constat sera le m\u00eame que la derni\u00e8re fois. \u00c0 part que l'Olympia fut encore plus mal \u00e9clair\u00e9 que la Cigale, comme quoi tout est possible dans la vie, et qu'il y avait moins de groupies fanatiques de Mosshart dans la fosse. Ou alors c'est que je ne les ai\u2026","rel":"","context":"Dans &quot;Alive&quot;","block_context":{"text":"Alive","link":"https:\/\/www.wallendorff.com\/belogue\/category\/alive\/"},"img":{"alt_text":"","src":"https:\/\/i0.wp.com\/www.wallendorff.com\/belogue\/wp-content\/uploads\/2015\/04\/200910291.jpg?resize=350%2C200&ssl=1","width":350,"height":200,"srcset":"https:\/\/i0.wp.com\/www.wallendorff.com\/belogue\/wp-content\/uploads\/2015\/04\/200910291.jpg?resize=350%2C200&ssl=1 1x, https:\/\/i0.wp.com\/www.wallendorff.com\/belogue\/wp-content\/uploads\/2015\/04\/200910291.jpg?resize=525%2C300&ssl=1 1.5x, https:\/\/i0.wp.com\/www.wallendorff.com\/belogue\/wp-content\/uploads\/2015\/04\/200910291.jpg?resize=700%2C400&ssl=1 2x"},"classes":[]},{"id":1248,"url":"https:\/\/www.wallendorff.com\/belogue\/2008\/06\/12\/le-pied-o-la-vieille-m-oint-cher\/","url_meta":{"origin":3767,"position":3},"title":"Le pied o\u00f9 la vieille m&rsquo;oint cher\u00b9.","author":"dpc","date":"12 juin 2008","format":false,"excerpt":"Rue Saint-Rustique, Paris, 12 avril. TV on the Radio \u2013 Blind Il y a quatre ans, les Pistons de D\u00e9troit \u00e9taient en finale NBA. Il y a trois ans, les Pistons de D\u00e9troit \u00e9taient encore en finale NBA. Il y a deux ans, les Pistons de D\u00e9troit \u00e9taient en vacances\u2026","rel":"","context":"Dans &quot;DPC&quot;","block_context":{"text":"DPC","link":"https:\/\/www.wallendorff.com\/belogue\/category\/dpc\/"},"img":{"alt_text":"","src":"https:\/\/i0.wp.com\/www.wallendorff.com\/belogue\/wp-content\/uploads\/2015\/04\/200806121.jpg?resize=350%2C200&ssl=1","width":350,"height":200},"classes":[]},{"id":6348,"url":"https:\/\/www.wallendorff.com\/belogue\/2010\/01\/26\/wolfmother-the-black-angels-le-bataclan-paris\/","url_meta":{"origin":3767,"position":4},"title":"Wolfmother + The Black Angels @ le Bataclan, Paris.","author":"dpc","date":"26 janvier 2010","format":false,"excerpt":"1\u00a0Wolfmother \u2013 California Queen Ce Bataclan-l\u00e0 ressembla quand m\u00eame beaucoup \u00e0 cet \u00c9lys\u00e9e-Montmartre-ci. Pourtant, l\u00e0 o\u00f9 \u00e0 l'\u00e9poque je voyais \u00ab\u00a0un combo australien compl\u00e8tement \u00e0 fond de 5e, le compte-tour dans le rouge, les pistons qui fondent\u00a0\u00bb, hier c'\u00e9tait plut\u00f4t un groupe de reprises de lui-m\u00eame \u2015 rappelons que Stockdale\u2026","rel":"","context":"Dans &quot;Alive&quot;","block_context":{"text":"Alive","link":"https:\/\/www.wallendorff.com\/belogue\/category\/alive\/"},"img":{"alt_text":"","src":"https:\/\/i0.wp.com\/www.wallendorff.com\/belogue\/wp-content\/uploads\/2015\/04\/201001261.jpg?resize=350%2C200&ssl=1","width":350,"height":200,"srcset":"https:\/\/i0.wp.com\/www.wallendorff.com\/belogue\/wp-content\/uploads\/2015\/04\/201001261.jpg?resize=350%2C200&ssl=1 1x, https:\/\/i0.wp.com\/www.wallendorff.com\/belogue\/wp-content\/uploads\/2015\/04\/201001261.jpg?resize=525%2C300&ssl=1 1.5x, https:\/\/i0.wp.com\/www.wallendorff.com\/belogue\/wp-content\/uploads\/2015\/04\/201001261.jpg?resize=700%2C400&ssl=1 2x"},"classes":[]},{"id":38162,"url":"https:\/\/www.wallendorff.com\/belogue\/2018\/05\/18\/soviet-suprem-lelysee-montmartre-paris-17-mai\/","url_meta":{"origin":3767,"position":5},"title":"Soviet Suprem @ l&rsquo;\u00c9lys\u00e9e-Montmartre, Paris, 17 mai.","author":"dpc","date":"18 mai 2018","format":false,"excerpt":"La veille, j'\u00e9tais \u00e0 la Cigale pour Cats on Trees. La salle \u00e9tait blind\u00e9e et les angles rares. J'ai tent\u00e9 les coursives, le c\u00f4t\u00e9 de la sc\u00e8ne, puis le c\u00f4t\u00e9 droit du balcon sans succ\u00e8s, avant de me d\u00e9cider \u00e0 essayer le c\u00f4t\u00e9 gauche. C'est \u00e0 ce moment-l\u00e0 que Rhubarbe\u2026","rel":"","context":"Dans &quot;Alive&quot;","block_context":{"text":"Alive","link":"https:\/\/www.wallendorff.com\/belogue\/category\/alive\/"},"img":{"alt_text":"","src":"https:\/\/i0.wp.com\/www.wallendorff.com\/belogue\/wp-content\/uploads\/2018\/05\/20180518-17.jpg?resize=350%2C200&ssl=1","width":350,"height":200,"srcset":"https:\/\/i0.wp.com\/www.wallendorff.com\/belogue\/wp-content\/uploads\/2018\/05\/20180518-17.jpg?resize=350%2C200&ssl=1 1x, https:\/\/i0.wp.com\/www.wallendorff.com\/belogue\/wp-content\/uploads\/2018\/05\/20180518-17.jpg?resize=525%2C300&ssl=1 1.5x, https:\/\/i0.wp.com\/www.wallendorff.com\/belogue\/wp-content\/uploads\/2018\/05\/20180518-17.jpg?resize=700%2C400&ssl=1 2x, https:\/\/i0.wp.com\/www.wallendorff.com\/belogue\/wp-content\/uploads\/2018\/05\/20180518-17.jpg?resize=1050%2C600&ssl=1 3x"},"classes":[]}],"_links":{"self":[{"href":"https:\/\/www.wallendorff.com\/belogue\/wp-json\/wp\/v2\/posts\/3767","targetHints":{"allow":["GET"]}}],"collection":[{"href":"https:\/\/www.wallendorff.com\/belogue\/wp-json\/wp\/v2\/posts"}],"about":[{"href":"https:\/\/www.wallendorff.com\/belogue\/wp-json\/wp\/v2\/types\/post"}],"author":[{"embeddable":true,"href":"https:\/\/www.wallendorff.com\/belogue\/wp-json\/wp\/v2\/users\/1"}],"replies":[{"embeddable":true,"href":"https:\/\/www.wallendorff.com\/belogue\/wp-json\/wp\/v2\/comments?post=3767"}],"version-history":[{"count":11,"href":"https:\/\/www.wallendorff.com\/belogue\/wp-json\/wp\/v2\/posts\/3767\/revisions"}],"predecessor-version":[{"id":21992,"href":"https:\/\/www.wallendorff.com\/belogue\/wp-json\/wp\/v2\/posts\/3767\/revisions\/21992"}],"wp:featuredmedia":[{"embeddable":true,"href":"https:\/\/www.wallendorff.com\/belogue\/wp-json\/wp\/v2\/media\/25332"}],"wp:attachment":[{"href":"https:\/\/www.wallendorff.com\/belogue\/wp-json\/wp\/v2\/media?parent=3767"}],"wp:term":[{"taxonomy":"category","embeddable":true,"href":"https:\/\/www.wallendorff.com\/belogue\/wp-json\/wp\/v2\/categories?post=3767"},{"taxonomy":"post_tag","embeddable":true,"href":"https:\/\/www.wallendorff.com\/belogue\/wp-json\/wp\/v2\/tags?post=3767"}],"curies":[{"name":"wp","href":"https:\/\/api.w.org\/{rel}","templated":true}]}}