{"id":3764,"date":"2009-01-03T16:41:26","date_gmt":"2009-01-03T15:41:26","guid":{"rendered":"http:\/\/www.po-l.com\/belogue\/?p=3764"},"modified":"2012-11-06T14:10:28","modified_gmt":"2012-11-06T12:10:28","slug":"lets-roll-the-dice-just-one-more-time","status":"publish","type":"post","link":"https:\/\/www.wallendorff.com\/belogue\/2009\/01\/03\/lets-roll-the-dice-just-one-more-time\/","title":{"rendered":"Let&rsquo;s roll the dice just one more time."},"content":{"rendered":"<div id=\"photo\">\n<p><img decoding=\"async\" src=\"https:\/\/www.wallendorff.com\/belogue\/photo\/2009\/01\/20090103.jpg\" \/><br \/>\n  Rue Chappe, Paris, 16 d&eacute;cembre 2008.<\/p>\n<\/div>\n<div id=\"bandeson\">\n<p><img decoding=\"async\" src=\"https:\/\/www.wallendorff.com\/belogue\/photo\/pochettes\/m\/mcrae_tom-tom_mcrae.jpg\" align=\"left\" \/> <a href=\"http:\/\/www.tommcrae.com\/\">Tom McRae<\/a> &ndash;<em> A &amp; B Song<\/em><\/div>\n<p style=\"text-align:right\">Y&rsquo;avait <a href=\"https:\/\/www.wallendorff.com\/belogue\/2008\/06\/11\/l-fers-luisent-trio\/\">longtemps<\/a>.<\/p>\n","protected":false},"excerpt":{"rendered":"<p>Rue Chappe, Paris, 16 d&eacute;cembre 2008. Tom McRae &ndash; A &amp; B Song Y&rsquo;avait longtemps.<\/p>\n","protected":false},"author":1,"featured_media":25331,"comment_status":"open","ping_status":"open","sticky":false,"template":"","format":"standard","meta":{"_acf_changed":false,"ngg_post_thumbnail":0,"jetpack_post_was_ever_published":false,"_jetpack_newsletter_access":"","_jetpack_dont_email_post_to_subs":false,"_jetpack_newsletter_tier_id":0,"_jetpack_memberships_contains_paywalled_content":false,"_jetpack_memberships_contains_paid_content":false,"footnotes":"","jetpack_publicize_message":"","jetpack_publicize_feature_enabled":true,"jetpack_social_post_already_shared":false,"jetpack_social_options":{"image_generator_settings":{"template":"highway","default_image_id":0,"font":"","enabled":false},"version":2}},"categories":[3],"tags":[10143,2641,142,132,10210,10120,10121,10278,10142,143,10147,10098,10507,35],"class_list":["post-3764","post","type-post","status-publish","format-standard","has-post-thumbnail","hentry","category-dpc","tag-10143","tag-a-b-song","tag-ef-s-10-22-mm-f35-45-usm","tag-eos-20d","tag-escalier","tag-france","tag-ile-de-france","tag-lampadaire","tag-montmartre","tag-noir-et-blanc","tag-nuit","tag-paris","tag-rue-chappe","tag-tom-mcrae"],"acf":[],"geo":{"latitude":48.8850822,"longitude":2.3418663,"description":null},"jetpack_publicize_connections":[],"jetpack_featured_media_url":"https:\/\/www.wallendorff.com\/belogue\/wp-content\/uploads\/2015\/04\/200901031.jpg","jetpack_shortlink":"https:\/\/wp.me\/p3b35P-YI","jetpack_sharing_enabled":true,"jetpack-related-posts":[{"id":385,"url":"https:\/\/www.wallendorff.com\/belogue\/2005\/05\/06\/haie-chappe-est-belle\/","url_meta":{"origin":3764,"position":0},"title":"Haie Chappe est belle\u00b9.","author":"dpc","date":"6 mai 2005","format":false,"excerpt":"Canal de l'Ourcq, Paris, 2 mai. \u00a0Little Barrie \u2014 Freeprise _____ 1 \"Haie Chappe est belle\" parce que ces bidules-l\u00e0 me font penser \u00e0 des t\u00e9l\u00e9graphes de Chappe, et que voil\u00e0. [Et pour rester dans le t\u00e9l\u00e9graphe, un petit bout de Little Barrie\u00a0avec des bruits de guitares morses dedans, pour\u2026","rel":"","context":"Dans &quot;DPC&quot;","block_context":{"text":"DPC","link":"https:\/\/www.wallendorff.com\/belogue\/category\/dpc\/"},"img":{"alt_text":"","src":"https:\/\/i0.wp.com\/www.wallendorff.com\/belogue\/wp-content\/uploads\/2015\/04\/200505061.jpg?resize=350%2C200&ssl=1","width":350,"height":200},"classes":[]},{"id":746,"url":"https:\/\/www.wallendorff.com\/belogue\/2004\/07\/04\/woodward-ave-detroit-1er-juillet-2004\/","url_meta":{"origin":3764,"position":1},"title":"Woodward Ave., D\u00e9troit, 1er juillet 2004.","author":"dpc","date":"4 juillet 2004","format":false,"excerpt":"J'aime bien ces couchers de soleil hauts en couleurs, tout en deviendrait joli. \u00a0Tom McRae \u2013 S\u00e3o Paulo Rain","rel":"","context":"Dans &quot;DPC&quot;","block_context":{"text":"DPC","link":"https:\/\/www.wallendorff.com\/belogue\/category\/dpc\/"},"img":{"alt_text":"","src":"https:\/\/i0.wp.com\/www.wallendorff.com\/belogue\/wp-content\/uploads\/2015\/04\/108.jpg?resize=350%2C200&ssl=1","width":350,"height":200},"classes":[]},{"id":6860,"url":"https:\/\/www.wallendorff.com\/belogue\/2010\/02\/24\/but-i-cant-move-the-mountains-for-you\/","url_meta":{"origin":3764,"position":2},"title":"But I can&rsquo;t move the mountains for you.","author":"dpc","date":"24 f\u00e9vrier 2010","format":false,"excerpt":"Cimeti\u00e8re de Belleville, Paris, 9 janvier. \u00ab\u00a0Oh, Pierre, tu sais qu'on voit ta maison d'ici\u00a0?\u00a0\u00bb. Et puisqu'il faut savoir innover, aujourd'hui on fera dans la bande-son \u00e0 choix multiple\u00a0: \u00a0Mumford and Sons \u2013 Timshel \u00a0Tom McRae \u2013 Out of the Walls","rel":"","context":"Dans &quot;DPC&quot;","block_context":{"text":"DPC","link":"https:\/\/www.wallendorff.com\/belogue\/category\/dpc\/"},"img":{"alt_text":"","src":"https:\/\/i0.wp.com\/www.wallendorff.com\/belogue\/wp-content\/uploads\/2015\/04\/201002241.jpg?resize=350%2C200&ssl=1","width":350,"height":200,"srcset":"https:\/\/i0.wp.com\/www.wallendorff.com\/belogue\/wp-content\/uploads\/2015\/04\/201002241.jpg?resize=350%2C200&ssl=1 1x, https:\/\/i0.wp.com\/www.wallendorff.com\/belogue\/wp-content\/uploads\/2015\/04\/201002241.jpg?resize=525%2C300&ssl=1 1.5x"},"classes":[]},{"id":849,"url":"https:\/\/www.wallendorff.com\/belogue\/2003\/11\/15\/tom-mcrae-l-after-club-amneville\/","url_meta":{"origin":3764,"position":3},"title":"Tom McRae @ l&rsquo;After-Club, Amn\u00e9ville.","author":"dpc","date":"15 novembre 2003","format":false,"excerpt":"Tom McRae est triste. Au vu de l'aura de m\u00e9lancolie et de douceur que ce gars-l\u00e0 d\u00e9gage, on sent qu'il a du souffrir, un jour ou l'autre. Et cette souffrance a \u00e9t\u00e9 si tenace qu'il a d\u00e9cid\u00e9 de la mettre en texte tout d'abord, puis en musique ensuite. Il l'avoue\u2026","rel":"","context":"Dans &quot;Alive&quot;","block_context":{"text":"Alive","link":"https:\/\/www.wallendorff.com\/belogue\/category\/alive\/"},"img":{"alt_text":"","src":"","width":0,"height":0},"classes":[]},{"id":494,"url":"https:\/\/www.wallendorff.com\/belogue\/2005\/01\/19\/ares-comptant-pour-un\/","url_meta":{"origin":3764,"position":4},"title":"Ares comptant pour un.","author":"dpc","date":"19 janvier 2005","format":false,"excerpt":"Lac Sainte-Claire, 8 janvier [Je vous ai bien eus, hein?] \u00a0Tom McRae \u2013 Bloodless","rel":"","context":"Dans &quot;DPC&quot;","block_context":{"text":"DPC","link":"https:\/\/www.wallendorff.com\/belogue\/category\/dpc\/"},"img":{"alt_text":"","src":"https:\/\/i0.wp.com\/www.wallendorff.com\/belogue\/wp-content\/uploads\/2015\/04\/20050119-barrieres1.jpg?resize=350%2C200&ssl=1","width":350,"height":200,"srcset":"https:\/\/i0.wp.com\/www.wallendorff.com\/belogue\/wp-content\/uploads\/2015\/04\/20050119-barrieres1.jpg?resize=350%2C200&ssl=1 1x, https:\/\/i0.wp.com\/www.wallendorff.com\/belogue\/wp-content\/uploads\/2015\/04\/20050119-barrieres1.jpg?resize=525%2C300&ssl=1 1.5x"},"classes":[]},{"id":35826,"url":"https:\/\/www.wallendorff.com\/belogue\/2017\/08\/31\/aout-2017\/","url_meta":{"origin":3764,"position":5},"title":"Ao\u00fbt 2017.","author":"dpc","date":"31 ao\u00fbt 2017","format":false,"excerpt":"Une passerelle, un coucher de soleil, une soir\u00e9e qui finit tard, un train, un num\u00e9ro, un bla\u00efne-test, une contre-plong\u00e9e, un chat pr\u00e9nomm\u00e9 Bigorneau, une soir\u00e9e qui finit tard, une butte, un escalier, un graffiti, une affiche, une 2cv, une statue, un chat pr\u00e9nomm\u00e9 Bo\u00eet\u00e0m', une soir\u00e9e qui finit t\u00f4t, un\u2026","rel":"","context":"Dans &quot;Blog-note&quot;","block_context":{"text":"Blog-note","link":"https:\/\/www.wallendorff.com\/belogue\/category\/blog-note\/"},"img":{"alt_text":"","src":"https:\/\/i0.wp.com\/www.wallendorff.com\/belogue\/wp-content\/uploads\/2017\/09\/20170914-02.jpg?resize=350%2C200&ssl=1","width":350,"height":200,"srcset":"https:\/\/i0.wp.com\/www.wallendorff.com\/belogue\/wp-content\/uploads\/2017\/09\/20170914-02.jpg?resize=350%2C200&ssl=1 1x, https:\/\/i0.wp.com\/www.wallendorff.com\/belogue\/wp-content\/uploads\/2017\/09\/20170914-02.jpg?resize=525%2C300&ssl=1 1.5x, https:\/\/i0.wp.com\/www.wallendorff.com\/belogue\/wp-content\/uploads\/2017\/09\/20170914-02.jpg?resize=700%2C400&ssl=1 2x"},"classes":[]}],"_links":{"self":[{"href":"https:\/\/www.wallendorff.com\/belogue\/wp-json\/wp\/v2\/posts\/3764","targetHints":{"allow":["GET"]}}],"collection":[{"href":"https:\/\/www.wallendorff.com\/belogue\/wp-json\/wp\/v2\/posts"}],"about":[{"href":"https:\/\/www.wallendorff.com\/belogue\/wp-json\/wp\/v2\/types\/post"}],"author":[{"embeddable":true,"href":"https:\/\/www.wallendorff.com\/belogue\/wp-json\/wp\/v2\/users\/1"}],"replies":[{"embeddable":true,"href":"https:\/\/www.wallendorff.com\/belogue\/wp-json\/wp\/v2\/comments?post=3764"}],"version-history":[{"count":3,"href":"https:\/\/www.wallendorff.com\/belogue\/wp-json\/wp\/v2\/posts\/3764\/revisions"}],"predecessor-version":[{"id":19495,"href":"https:\/\/www.wallendorff.com\/belogue\/wp-json\/wp\/v2\/posts\/3764\/revisions\/19495"}],"wp:featuredmedia":[{"embeddable":true,"href":"https:\/\/www.wallendorff.com\/belogue\/wp-json\/wp\/v2\/media\/25331"}],"wp:attachment":[{"href":"https:\/\/www.wallendorff.com\/belogue\/wp-json\/wp\/v2\/media?parent=3764"}],"wp:term":[{"taxonomy":"category","embeddable":true,"href":"https:\/\/www.wallendorff.com\/belogue\/wp-json\/wp\/v2\/categories?post=3764"},{"taxonomy":"post_tag","embeddable":true,"href":"https:\/\/www.wallendorff.com\/belogue\/wp-json\/wp\/v2\/tags?post=3764"}],"curies":[{"name":"wp","href":"https:\/\/api.w.org\/{rel}","templated":true}]}}