{"id":3762,"date":"2009-01-02T10:29:37","date_gmt":"2009-01-02T09:29:37","guid":{"rendered":"http:\/\/www.po-l.com\/belogue\/?p=3762"},"modified":"2012-11-06T14:09:10","modified_gmt":"2012-11-06T12:09:10","slug":"shooting-people-43","status":"publish","type":"post","link":"https:\/\/www.wallendorff.com\/belogue\/2009\/01\/02\/shooting-people-43\/","title":{"rendered":"Shooting people #43."},"content":{"rendered":"<div id=\"photo\">\n<p><img decoding=\"async\" src=\"https:\/\/www.wallendorff.com\/belogue\/photo\/2009\/01\/20090102.jpg\"\/><br \/>\n  Parc Monceau, Paris, 30 novembre 2008.<\/p>\n<\/div>\n<div id=\"bandeson\">\n<p><img decoding=\"async\" src=\"https:\/\/www.wallendorff.com\/belogue\/photo\/pochettes\/m\/mr_david_viner-mr_david_viner.jpg\" align=\"left\" \/> <a href=\"http:\/\/www.mrdavidviner.com\/\">Mr. David Viner<\/a> &ndash;<em> Another Man<\/em><\/p>\n<\/div>\n","protected":false},"excerpt":{"rendered":"<p>Parc Monceau, Paris, 30 novembre 2008. Mr. David Viner &ndash; Another Man<\/p>\n","protected":false},"author":1,"featured_media":25330,"comment_status":"open","ping_status":"open","sticky":false,"template":"","format":"standard","meta":{"_acf_changed":false,"ngg_post_thumbnail":0,"jetpack_post_was_ever_published":false,"_jetpack_newsletter_access":"","_jetpack_dont_email_post_to_subs":false,"_jetpack_newsletter_tier_id":0,"_jetpack_memberships_contains_paywalled_content":false,"_jetpack_memberships_contains_paid_content":false,"footnotes":"","jetpack_publicize_message":"","jetpack_publicize_feature_enabled":true,"jetpack_social_post_already_shared":false,"jetpack_social_options":{"image_generator_settings":{"template":"highway","default_image_id":0,"font":"","enabled":false},"version":2}},"categories":[8],"tags":[10237,2639,10345,10842,2571,187,10340,10120,10121,2020,143,10700,2554,10098],"class_list":["post-3762","post","type-post","status-publish","format-standard","has-post-thumbnail","hentry","category-portraits","tag-10237","tag-another-man","tag-arbre","tag-branche","tag-ef-16-35-mm-f28l-ii-usm","tag-eos-1d-mark-ii","tag-fille","tag-france","tag-ile-de-france","tag-mr-david-viner","tag-noir-et-blanc","tag-parapluie","tag-parc-monceau","tag-paris"],"acf":[],"geo":{"latitude":48.8798218,"longitude":2.3105676,"description":null},"jetpack_publicize_connections":[],"jetpack_featured_media_url":"https:\/\/www.wallendorff.com\/belogue\/wp-content\/uploads\/2015\/04\/200901021.jpg","jetpack_shortlink":"https:\/\/wp.me\/p3b35P-YG","jetpack_sharing_enabled":true,"jetpack-related-posts":[{"id":12353,"url":"https:\/\/www.wallendorff.com\/belogue\/2011\/02\/25\/interlude-8\/","url_meta":{"origin":3762,"position":0},"title":"Interlude.","author":"dpc","date":"25 f\u00e9vrier 2011","format":false,"excerpt":"Parc Monceau, Paris, 31 janvier. Un gabill\u00e9, c'est un peu comme un gatounu, \u00e0 part qu'il est habill\u00e9. \u00a0City and Colour \u2013 The Girl","rel":"","context":"Dans &quot;DPC&quot;","block_context":{"text":"DPC","link":"https:\/\/www.wallendorff.com\/belogue\/category\/dpc\/"},"img":{"alt_text":"","src":"https:\/\/i0.wp.com\/www.wallendorff.com\/belogue\/wp-content\/uploads\/2015\/04\/201102251.jpg?resize=350%2C200&ssl=1","width":350,"height":200},"classes":[]},{"id":3461,"url":"https:\/\/www.wallendorff.com\/belogue\/2008\/09\/26\/well-hold-on-tight-just-hold-on-tight-youre-too-slow\/","url_meta":{"origin":3762,"position":1},"title":"Well hold on tight, just hold on tight you&rsquo;re too slow.","author":"dpc","date":"26 septembre 2008","format":false,"excerpt":"Parc Monceau, Paris, 6 septembre. \u00a0 The Black Angels \u2013 Young Men Dead Les Black Angels c'est bon, mangez-en. [Et cliquez sur la pochette pour la voir en grand parce que la r\u00e9duction ne lui est pas flatteuse du tout.]","rel":"","context":"Dans &quot;DPC&quot;","block_context":{"text":"DPC","link":"https:\/\/www.wallendorff.com\/belogue\/category\/dpc\/"},"img":{"alt_text":"","src":"https:\/\/i0.wp.com\/www.wallendorff.com\/belogue\/wp-content\/uploads\/2015\/04\/200809261.jpg?resize=350%2C200&ssl=1","width":350,"height":200,"srcset":"https:\/\/i0.wp.com\/www.wallendorff.com\/belogue\/wp-content\/uploads\/2015\/04\/200809261.jpg?resize=350%2C200&ssl=1 1x, https:\/\/i0.wp.com\/www.wallendorff.com\/belogue\/wp-content\/uploads\/2015\/04\/200809261.jpg?resize=525%2C300&ssl=1 1.5x"},"classes":[]},{"id":11585,"url":"https:\/\/www.wallendorff.com\/belogue\/2011\/01\/13\/parc-mont-seau\/","url_meta":{"origin":3762,"position":2},"title":"Parc mont-seau.","author":"dpc","date":"13 janvier 2011","format":false,"excerpt":"Rue du Mont-Cenis, Paris, 20 novembre 2010. \u00ab\u00a0Mont-seau\u00a0\u00bb parce qu'au milieu du square il y a un ch\u00e2teau d'eau et que \u00e7a sonne comme Monceau. D'o\u00f9 dr\u00f4le, d'o\u00f9 lol mdr rophlmao poney poney. Enfin normalement. Hum. \u00a0Amanda Palmer \u2013 I Will Follow You into the Dark (Death Cab for Cutie\u2026","rel":"","context":"Dans &quot;DPC&quot;","block_context":{"text":"DPC","link":"https:\/\/www.wallendorff.com\/belogue\/category\/dpc\/"},"img":{"alt_text":"","src":"https:\/\/i0.wp.com\/www.wallendorff.com\/belogue\/wp-content\/uploads\/2015\/04\/201101131.jpg?resize=350%2C200&ssl=1","width":350,"height":200},"classes":[]},{"id":1238,"url":"https:\/\/www.wallendorff.com\/belogue\/2008\/05\/29\/instant-d-carmin\/","url_meta":{"origin":3762,"position":3},"title":"Instant d&rsquo;carmin.","author":"dpc","date":"29 mai 2008","format":false,"excerpt":"\u00a0 La Fl\u00e8che d'Or, Paris, 11 avril. \u00catre rock en 2008, c'est aussi s'autoriser des jeux de mots bien bien pourris. \u00a0Mr. David Viner \u2013 Nobody's Fault But Mine (Led Zeppelin cover)","rel":"","context":"Dans &quot;DPC&quot;","block_context":{"text":"DPC","link":"https:\/\/www.wallendorff.com\/belogue\/category\/dpc\/"},"img":{"alt_text":"","src":"https:\/\/i0.wp.com\/www.wallendorff.com\/belogue\/wp-content\/uploads\/2015\/04\/200805291.jpg?resize=350%2C200&ssl=1","width":350,"height":200},"classes":[]},{"id":970,"url":"https:\/\/www.wallendorff.com\/belogue\/2007\/06\/06\/assises-bonnes-en-gare\/","url_meta":{"origin":3762,"position":4},"title":"Assises bonnes en gare\u00b9.","author":"dpc","date":"6 juin 2007","format":false,"excerpt":"George Bush Intercontinental Airport, Houston, 27 avril. Jacques et Marguerite de la Blanche Bande ont r\u00e9v\u00e9l\u00e9 le nom du chansonnier qui se produira en ouverture du bal qu'ils donneront lundi au dancing \u00ab\u00a0le Z\u00e9nith\u00a0\u00bb, \u00e0 Paris XIX. Il s'agit d'un certain Mr. David Viner, un Anglais jusque l\u00e0 inconnu malgr\u00e9\u2026","rel":"","context":"Dans &quot;DPC&quot;","block_context":{"text":"DPC","link":"https:\/\/www.wallendorff.com\/belogue\/category\/dpc\/"},"img":{"alt_text":"","src":"https:\/\/i0.wp.com\/www.wallendorff.com\/belogue\/wp-content\/uploads\/2015\/04\/200706061.jpg?resize=350%2C200&ssl=1","width":350,"height":200,"srcset":"https:\/\/i0.wp.com\/www.wallendorff.com\/belogue\/wp-content\/uploads\/2015\/04\/200706061.jpg?resize=350%2C200&ssl=1 1x, https:\/\/i0.wp.com\/www.wallendorff.com\/belogue\/wp-content\/uploads\/2015\/04\/200706061.jpg?resize=525%2C300&ssl=1 1.5x, https:\/\/i0.wp.com\/www.wallendorff.com\/belogue\/wp-content\/uploads\/2015\/04\/200706061.jpg?resize=700%2C400&ssl=1 2x"},"classes":[]},{"id":1281,"url":"https:\/\/www.wallendorff.com\/belogue\/2008\/07\/31\/blog-note-juillet-2008\/","url_meta":{"origin":3762,"position":5},"title":"Blog-note &#8211; juillet 2008.","author":"dpc","date":"31 juillet 2008","format":false,"excerpt":"[Pas de nouveau truc ce mois-ci donc pas d'album du mois.] Albums Sigur R\u00f3s \u2013 Takk... Foo Fighters \u2013 Skin and Bones Jeff Buckley \u2013 Grace Two Gallants \u2013 Two Gallants Gin Blossoms \u2013 New Miserable Experience Air Traffic \u2013 No More Running Away [censur\u00e9] Mr. David Viner \u2013 Mr.\u2026","rel":"","context":"Dans &quot;Blog-note&quot;","block_context":{"text":"Blog-note","link":"https:\/\/www.wallendorff.com\/belogue\/category\/blog-note\/"},"img":{"alt_text":"","src":"","width":0,"height":0},"classes":[]}],"_links":{"self":[{"href":"https:\/\/www.wallendorff.com\/belogue\/wp-json\/wp\/v2\/posts\/3762","targetHints":{"allow":["GET"]}}],"collection":[{"href":"https:\/\/www.wallendorff.com\/belogue\/wp-json\/wp\/v2\/posts"}],"about":[{"href":"https:\/\/www.wallendorff.com\/belogue\/wp-json\/wp\/v2\/types\/post"}],"author":[{"embeddable":true,"href":"https:\/\/www.wallendorff.com\/belogue\/wp-json\/wp\/v2\/users\/1"}],"replies":[{"embeddable":true,"href":"https:\/\/www.wallendorff.com\/belogue\/wp-json\/wp\/v2\/comments?post=3762"}],"version-history":[{"count":3,"href":"https:\/\/www.wallendorff.com\/belogue\/wp-json\/wp\/v2\/posts\/3762\/revisions"}],"predecessor-version":[{"id":19494,"href":"https:\/\/www.wallendorff.com\/belogue\/wp-json\/wp\/v2\/posts\/3762\/revisions\/19494"}],"wp:featuredmedia":[{"embeddable":true,"href":"https:\/\/www.wallendorff.com\/belogue\/wp-json\/wp\/v2\/media\/25330"}],"wp:attachment":[{"href":"https:\/\/www.wallendorff.com\/belogue\/wp-json\/wp\/v2\/media?parent=3762"}],"wp:term":[{"taxonomy":"category","embeddable":true,"href":"https:\/\/www.wallendorff.com\/belogue\/wp-json\/wp\/v2\/categories?post=3762"},{"taxonomy":"post_tag","embeddable":true,"href":"https:\/\/www.wallendorff.com\/belogue\/wp-json\/wp\/v2\/tags?post=3762"}],"curies":[{"name":"wp","href":"https:\/\/api.w.org\/{rel}","templated":true}]}}