{"id":376,"date":"2005-05-13T00:34:41","date_gmt":"2005-05-13T00:34:41","guid":{"rendered":"http:\/\/www.po-l.com\/wordpress\/?p=376"},"modified":"2012-04-09T13:38:36","modified_gmt":"2012-04-09T11:38:36","slug":"les-operas-sont-a-cours-ouverts","status":"publish","type":"post","link":"https:\/\/www.wallendorff.com\/belogue\/2005\/05\/13\/les-operas-sont-a-cours-ouverts\/","title":{"rendered":"Les op\u00e9ras sont \u00e0 c\u0153urs ouverts."},"content":{"rendered":"\n<div id=\"photo\">\n<p><img decoding=\"async\" src=\"http:\/\/www.po-L.com\/belogue\/photo\/2005\/05\/20050513.jpg\" \/><br \/>\n          Ligne <img decoding=\"async\" src=\"https:\/\/www.wallendorff.com\/belogue\/photo\/metro\/01.gif\" align=\"absmiddle\" \/> Bastille-Nation, Paris, 3 mai.<\/p>\n<\/p><\/div>\n<p style=\"text-align:right\"><em>&quot;Wherever I run<br \/>\n        My beautiful sin<br \/>\n        Is calling outside<br \/>\n        And it&rsquo;s that that reminds me of you&quot;<\/em><\/p>\n<div id=\"bandeson\">\n<p><img decoding=\"async\" src=\"https:\/\/www.wallendorff.com\/belogue\/photo\/pochettes\/v\/veils_the-the_runaway_found.jpg\" align=\"left\" \/>&nbsp;<a href=\"http:\/\/www.theveils.com\/\">The Veils<\/a> &ndash; <em>Guiding Light<\/em><\/p>\n<\/div>\n","protected":false},"excerpt":{"rendered":"<p>Ligne Bastille-Nation, Paris, 3 mai. &quot;Wherever I run My beautiful sin Is calling outside And it&rsquo;s that that reminds me of you&quot; &nbsp;The Veils &ndash; Guiding Light<\/p>\n","protected":false},"author":1,"featured_media":24316,"comment_status":"closed","ping_status":"closed","sticky":false,"template":"","format":"standard","meta":{"_acf_changed":false,"ngg_post_thumbnail":0,"jetpack_post_was_ever_published":false,"_jetpack_newsletter_access":"","_jetpack_dont_email_post_to_subs":false,"_jetpack_newsletter_tier_id":0,"_jetpack_memberships_contains_paywalled_content":false,"_jetpack_memberships_contains_paid_content":false,"footnotes":"","jetpack_publicize_message":"","jetpack_publicize_feature_enabled":true,"jetpack_social_post_already_shared":false,"jetpack_social_options":{"image_generator_settings":{"template":"highway","default_image_id":0,"font":"","enabled":false},"version":2}},"categories":[3],"tags":[10271,1008,157,132,10120,1006,10121,1007,10119,10270,10098,811,10230],"class_list":["post-376","post","type-post","status-publish","format-standard","has-post-thumbnail","hentry","category-dpc","tag-10271","tag-bastille","tag-ef-50-mm-f18-ii","tag-eos-20d","tag-france","tag-guiding-light","tag-ile-de-france","tag-ligne-1","tag-metro","tag-nation","tag-paris","tag-the-veils","tag-vert"],"acf":[],"geo":{"latitude":48.8458786,"longitude":2.3791409,"description":null},"jetpack_publicize_connections":[],"jetpack_featured_media_url":"https:\/\/www.wallendorff.com\/belogue\/wp-content\/uploads\/2015\/04\/200505131.jpg","jetpack_shortlink":"https:\/\/wp.me\/p3b35P-64","jetpack_sharing_enabled":true,"jetpack-related-posts":[{"id":7544,"url":"https:\/\/www.wallendorff.com\/belogue\/2010\/05\/17\/guess-i-died-a-while-ago\/","url_meta":{"origin":376,"position":0},"title":"Guess I died a while ago.","author":"dpc","date":"17 mai 2010","format":false,"excerpt":"Rue Mahler, Paris, 10 avril. \u00a0The Veils \u2013 Nux Vomica","rel":"","context":"Dans &quot;DPC&quot;","block_context":{"text":"DPC","link":"https:\/\/www.wallendorff.com\/belogue\/category\/dpc\/"},"img":{"alt_text":"","src":"https:\/\/i0.wp.com\/www.wallendorff.com\/belogue\/wp-content\/uploads\/2015\/04\/201005171.jpg?resize=350%2C200&ssl=1","width":350,"height":200},"classes":[]},{"id":341,"url":"https:\/\/www.wallendorff.com\/belogue\/2005\/06\/17\/il-ne-faut-jamais-dire-j-aimais\/","url_meta":{"origin":376,"position":1},"title":"Il ne faut jamais dire j&rsquo;aimais.","author":"dpc","date":"17 juin 2005","format":false,"excerpt":"Station Charles de Gaulle-\u00c9toile, Paris, 8 juin. \"A love not warm's a love not done.\" \u00a0The Veils \u2013 Talk Down the Girl","rel":"","context":"Dans &quot;DPC&quot;","block_context":{"text":"DPC","link":"https:\/\/www.wallendorff.com\/belogue\/category\/dpc\/"},"img":{"alt_text":"","src":"https:\/\/i0.wp.com\/www.wallendorff.com\/belogue\/wp-content\/uploads\/2015\/04\/200506171.jpg?resize=350%2C200&ssl=1","width":350,"height":200,"srcset":"https:\/\/i0.wp.com\/www.wallendorff.com\/belogue\/wp-content\/uploads\/2015\/04\/200506171.jpg?resize=350%2C200&ssl=1 1x, https:\/\/i0.wp.com\/www.wallendorff.com\/belogue\/wp-content\/uploads\/2015\/04\/200506171.jpg?resize=525%2C300&ssl=1 1.5x"},"classes":[]},{"id":4019,"url":"https:\/\/www.wallendorff.com\/belogue\/2009\/03\/14\/drou-the-candy-kid-le-vieux-leon-paris\/","url_meta":{"origin":376,"position":2},"title":"Drou &#038; the Candy Kid @ le Vieux L\u00e9on, Paris.","author":"dpc","date":"14 mars 2009","format":false,"excerpt":"\u00a0 The Veils \u2013 Three Sisters [Je sais, \u00e7a manque de Candy Kid. Mais je me rattraperai.]","rel":"","context":"Dans &quot;Alive&quot;","block_context":{"text":"Alive","link":"https:\/\/www.wallendorff.com\/belogue\/category\/alive\/"},"img":{"alt_text":"","src":"https:\/\/i0.wp.com\/www.wallendorff.com\/belogue\/wp-content\/uploads\/2015\/04\/200903141.jpg?resize=350%2C200&ssl=1","width":350,"height":200,"srcset":"https:\/\/i0.wp.com\/www.wallendorff.com\/belogue\/wp-content\/uploads\/2015\/04\/200903141.jpg?resize=350%2C200&ssl=1 1x, https:\/\/i0.wp.com\/www.wallendorff.com\/belogue\/wp-content\/uploads\/2015\/04\/200903141.jpg?resize=525%2C300&ssl=1 1.5x, https:\/\/i0.wp.com\/www.wallendorff.com\/belogue\/wp-content\/uploads\/2015\/04\/200903141.jpg?resize=700%2C400&ssl=1 2x"},"classes":[]},{"id":839,"url":"https:\/\/www.wallendorff.com\/belogue\/2006\/11\/28\/attend-son-danger\/","url_meta":{"origin":376,"position":3},"title":"Attend son danger.","author":"dpc","date":"28 novembre 2006","format":false,"excerpt":"Place de la Bastille, Paris, 24 novembre. Peut-\u00eatre temps de se remettre au boulot, quand m\u00eame. \u00a0Calexico \u2013 Deep Down (acoustic)","rel":"","context":"Dans &quot;DPC&quot;","block_context":{"text":"DPC","link":"https:\/\/www.wallendorff.com\/belogue\/category\/dpc\/"},"img":{"alt_text":"","src":"https:\/\/i0.wp.com\/www.wallendorff.com\/belogue\/wp-content\/uploads\/2015\/04\/200611281.jpg?resize=350%2C200&ssl=1","width":350,"height":200},"classes":[]},{"id":3801,"url":"https:\/\/www.wallendorff.com\/belogue\/2009\/01\/16\/les-pas-droles-senvolent-les-epris-restent\/","url_meta":{"origin":376,"position":4},"title":"Les pas dr\u00f4les s&rsquo;env\u00f4lent, les \u00e9pris restent.","author":"dpc","date":"16 janvier 2009","format":false,"excerpt":"Port Saint-Marcel, Metz, 29 d\u00e9cembre 2008. The Veils \u2013 More Heat Than Light \/Edit: rien \u00e0 voir, mais n'oublions pas que Patrick McGoohan, c'\u00e9tait surtout \u00e7a.","rel":"","context":"Dans &quot;DPC&quot;","block_context":{"text":"DPC","link":"https:\/\/www.wallendorff.com\/belogue\/category\/dpc\/"},"img":{"alt_text":"","src":"https:\/\/i0.wp.com\/www.wallendorff.com\/belogue\/wp-content\/uploads\/2015\/04\/200901161.jpg?resize=350%2C200&ssl=1","width":350,"height":200},"classes":[]},{"id":20693,"url":"https:\/\/www.wallendorff.com\/belogue\/2013\/03\/26\/navion-ii\/","url_meta":{"origin":376,"position":5},"title":"Navion [II].","author":"dpc","date":"26 mars 2013","format":false,"excerpt":"A\u00e9roport Paris-Charles-de-Gaulle, 8 f\u00e9vrier. [Joyeux anniversaire.] Through the Deep, Dark WoodsThe Veils","rel":"","context":"Dans &quot;DPC&quot;","block_context":{"text":"DPC","link":"https:\/\/www.wallendorff.com\/belogue\/category\/dpc\/"},"img":{"alt_text":"","src":"https:\/\/i0.wp.com\/www.wallendorff.com\/belogue\/wp-content\/uploads\/2015\/04\/20130326.jpg?resize=350%2C200&ssl=1","width":350,"height":200,"srcset":"https:\/\/i0.wp.com\/www.wallendorff.com\/belogue\/wp-content\/uploads\/2015\/04\/20130326.jpg?resize=350%2C200&ssl=1 1x, https:\/\/i0.wp.com\/www.wallendorff.com\/belogue\/wp-content\/uploads\/2015\/04\/20130326.jpg?resize=525%2C300&ssl=1 1.5x"},"classes":[]}],"_links":{"self":[{"href":"https:\/\/www.wallendorff.com\/belogue\/wp-json\/wp\/v2\/posts\/376","targetHints":{"allow":["GET"]}}],"collection":[{"href":"https:\/\/www.wallendorff.com\/belogue\/wp-json\/wp\/v2\/posts"}],"about":[{"href":"https:\/\/www.wallendorff.com\/belogue\/wp-json\/wp\/v2\/types\/post"}],"author":[{"embeddable":true,"href":"https:\/\/www.wallendorff.com\/belogue\/wp-json\/wp\/v2\/users\/1"}],"replies":[{"embeddable":true,"href":"https:\/\/www.wallendorff.com\/belogue\/wp-json\/wp\/v2\/comments?post=376"}],"version-history":[{"count":1,"href":"https:\/\/www.wallendorff.com\/belogue\/wp-json\/wp\/v2\/posts\/376\/revisions"}],"predecessor-version":[{"id":16773,"href":"https:\/\/www.wallendorff.com\/belogue\/wp-json\/wp\/v2\/posts\/376\/revisions\/16773"}],"wp:featuredmedia":[{"embeddable":true,"href":"https:\/\/www.wallendorff.com\/belogue\/wp-json\/wp\/v2\/media\/24316"}],"wp:attachment":[{"href":"https:\/\/www.wallendorff.com\/belogue\/wp-json\/wp\/v2\/media?parent=376"}],"wp:term":[{"taxonomy":"category","embeddable":true,"href":"https:\/\/www.wallendorff.com\/belogue\/wp-json\/wp\/v2\/categories?post=376"},{"taxonomy":"post_tag","embeddable":true,"href":"https:\/\/www.wallendorff.com\/belogue\/wp-json\/wp\/v2\/tags?post=376"}],"curies":[{"name":"wp","href":"https:\/\/api.w.org\/{rel}","templated":true}]}}