{"id":374,"date":"2005-05-14T00:26:32","date_gmt":"2005-05-14T00:26:32","guid":{"rendered":"http:\/\/www.po-l.com\/wordpress\/?p=374"},"modified":"2018-05-23T08:08:30","modified_gmt":"2018-05-23T06:08:30","slug":"et-coin-et-coin-petite-pate-a-pain","status":"publish","type":"post","link":"https:\/\/www.wallendorff.com\/belogue\/2005\/05\/14\/et-coin-et-coin-petite-pate-a-pain\/","title":{"rendered":"Et coin, et coin, petite p\u00e2te \u00e0 pain."},"content":{"rendered":"<div id=\"photo\">\n<p><img decoding=\"async\" src=\"http:\/\/www.po-L.com\/belogue\/photo\/2005\/05\/20050514.jpg\" \/><br \/>\nCour Carr&eacute;e, Paris, 3 mai.<\/p>\n<\/div>\n<p>Messages personnels&nbsp;:<\/p>\n<p><a href=\"http:\/\/www.20six.fr\/either\">Either<\/a>&nbsp;: Il y a des coins-coins Cour Carr&eacute;e. Mais ils ne sortent que le soir, entre 18h22 et 18h31. C&rsquo;est pour&nbsp;cette raison&nbsp;que tu ne les as jusque-l&agrave; pas vu. J&rsquo;ai pour ma part jou&eacute; de chance.<\/p>\n<p><a href=\"http:\/\/www.20six.fr\/ptitboutdefemme\">Cracotte<\/a>&nbsp;: Je sais que ce ne sont pas ceux du plan d&rsquo;eau de <a href=\"http:\/\/www.mairie-metz.fr\/\">Metz<\/a>. Mais je m&rsquo;entra&icirc;ne pour ne pas louper ces derniers au moment opportun.<\/p>\n<div id=\"bandeson\">\n<p><img decoding=\"async\" src=\"https:\/\/www.wallendorff.com\/belogue\/photo\/pochettes\/i\/interpol-antics.jpg\" align=\"left\" \/>&nbsp;<a href=\"http:\/\/www.interpolnyc.com\">Interpol<\/a> &ndash; <em>Not Even Jail<\/em><\/p>\n<\/div>\n","protected":false},"excerpt":{"rendered":"<p>Cour Carr&eacute;e, Paris, 3 mai. Messages personnels&nbsp;: Either&nbsp;: Il y a des coins-coins Cour Carr&eacute;e. Mais ils ne sortent que le soir, entre 18h22 et 18h31. C&rsquo;est pour&nbsp;cette raison&nbsp;que tu ne les as jusque-l&agrave; pas vu. J&rsquo;ai pour ma part jou&eacute; de chance. Cracotte&nbsp;: Je sais que ce ne sont pas ceux du plan d&rsquo;eau&hellip;<\/p>\n","protected":false},"author":1,"featured_media":24314,"comment_status":"closed","ping_status":"closed","sticky":false,"template":"","format":"standard","meta":{"_acf_changed":false,"ngg_post_thumbnail":0,"jetpack_post_was_ever_published":false,"_jetpack_newsletter_access":"","_jetpack_dont_email_post_to_subs":false,"_jetpack_newsletter_tier_id":0,"_jetpack_memberships_contains_paywalled_content":false,"_jetpack_memberships_contains_paid_content":false,"footnotes":"","jetpack_publicize_message":"","jetpack_publicize_feature_enabled":true,"jetpack_social_post_already_shared":false,"jetpack_social_options":{"image_generator_settings":{"template":"highway","default_image_id":0,"font":"","enabled":false},"version":2}},"categories":[3],"tags":[10182,10691,132,3567,7754,10120,10121,10111,1012,11237,10098,10272,173],"class_list":["post-374","post","type-post","status-publish","format-standard","has-post-thumbnail","hentry","category-dpc","tag-10182","tag-canard","tag-eos-20d","tag-cour-carree","tag-dessinateur","tag-france","tag-ile-de-france","tag-interpol","tag-not-even-jail","tag-palais-du-louvre","tag-paris","tag-portrait","tag-sigma-28-70-mm-f28-dg-ex"],"acf":[],"geo":{"latitude":48.8604584,"longitude":2.3386233,"description":null},"jetpack_publicize_connections":[],"jetpack_featured_media_url":"https:\/\/www.wallendorff.com\/belogue\/wp-content\/uploads\/2015\/04\/200505141.jpg","jetpack_shortlink":"https:\/\/wp.me\/p3b35P-62","jetpack_sharing_enabled":true,"jetpack-related-posts":[{"id":3418,"url":"https:\/\/www.wallendorff.com\/belogue\/2008\/09\/10\/trois-hanches-en-pagne\/","url_meta":{"origin":374,"position":0},"title":"Trois hanches en pagne.","author":"dpc","date":"10 septembre 2008","format":false,"excerpt":"Cour carr\u00e9e du Louvre, Paris, 6 ao\u00fbt. Jos\u00e9 Gonz\u00e1lez \u2013 Stay in the Shade Oui je sais, on ne les voit pas et il faut les imaginer. C'est fou le nombre de trucs que l'on doit se contenter d'imaginer en ce moment.","rel":"","context":"Dans &quot;DPC&quot;","block_context":{"text":"DPC","link":"https:\/\/www.wallendorff.com\/belogue\/category\/dpc\/"},"img":{"alt_text":"","src":"https:\/\/i0.wp.com\/www.wallendorff.com\/belogue\/wp-content\/uploads\/2015\/04\/200809101.jpg?resize=350%2C200&ssl=1","width":350,"height":200},"classes":[]},{"id":60,"url":"https:\/\/www.wallendorff.com\/belogue\/2005\/09\/20\/et-pendant-ce-temps-au-louvre\/","url_meta":{"origin":374,"position":1},"title":"Et pendant ce temps, au Louvre.","author":"dpc","date":"20 septembre 2005","format":false,"excerpt":"Cour Carr\u00e9e, Paris, 13 septembre. [Il ne se passe rien non plus.] \"Tell everyone in the place to just get out We'll get clean together And I'll find me a soapbox Where I can shout it.\" \u00a0Bob Dylan \/ Jack White \u2014 Ball and Biscuit (live D\u00e9troit 03\/17\/2004)","rel":"","context":"Dans &quot;DPC&quot;","block_context":{"text":"DPC","link":"https:\/\/www.wallendorff.com\/belogue\/category\/dpc\/"},"img":{"alt_text":"","src":"https:\/\/i0.wp.com\/www.wallendorff.com\/belogue\/wp-content\/uploads\/2015\/04\/200509201.jpg?resize=350%2C200&ssl=1","width":350,"height":200},"classes":[]},{"id":35926,"url":"https:\/\/www.wallendorff.com\/belogue\/2017\/10\/06\/into-the-wide-111\/","url_meta":{"origin":374,"position":2},"title":"Into the wide #111.","author":"dpc","date":"6 octobre 2017","format":false,"excerpt":"Cour carr\u00e9e du Louvre, Paris, 3 ao\u00fbt. In Your Hands Nick Mulvey","rel":"","context":"Dans &quot;Into the wide&quot;","block_context":{"text":"Into the wide","link":"https:\/\/www.wallendorff.com\/belogue\/category\/into-the-wide\/"},"img":{"alt_text":"","src":"https:\/\/i0.wp.com\/www.wallendorff.com\/belogue\/wp-content\/uploads\/2017\/10\/20171006.jpg?resize=350%2C200&ssl=1","width":350,"height":200,"srcset":"https:\/\/i0.wp.com\/www.wallendorff.com\/belogue\/wp-content\/uploads\/2017\/10\/20171006.jpg?resize=350%2C200&ssl=1 1x, https:\/\/i0.wp.com\/www.wallendorff.com\/belogue\/wp-content\/uploads\/2017\/10\/20171006.jpg?resize=525%2C300&ssl=1 1.5x, https:\/\/i0.wp.com\/www.wallendorff.com\/belogue\/wp-content\/uploads\/2017\/10\/20171006.jpg?resize=700%2C400&ssl=1 2x"},"classes":[]},{"id":35950,"url":"https:\/\/www.wallendorff.com\/belogue\/2017\/10\/09\/into-the-wide-112\/","url_meta":{"origin":374,"position":3},"title":"Into the wide #112.","author":"dpc","date":"9 octobre 2017","format":false,"excerpt":"Cour carr\u00e9e du Louvre, Paris, 3 ao\u00fbt. Formidable Cool Wolf Alice","rel":"","context":"Dans &quot;Into the wide&quot;","block_context":{"text":"Into the wide","link":"https:\/\/www.wallendorff.com\/belogue\/category\/into-the-wide\/"},"img":{"alt_text":"","src":"https:\/\/i0.wp.com\/www.wallendorff.com\/belogue\/wp-content\/uploads\/2017\/10\/20171009.jpg?resize=350%2C200&ssl=1","width":350,"height":200,"srcset":"https:\/\/i0.wp.com\/www.wallendorff.com\/belogue\/wp-content\/uploads\/2017\/10\/20171009.jpg?resize=350%2C200&ssl=1 1x, https:\/\/i0.wp.com\/www.wallendorff.com\/belogue\/wp-content\/uploads\/2017\/10\/20171009.jpg?resize=525%2C300&ssl=1 1.5x, https:\/\/i0.wp.com\/www.wallendorff.com\/belogue\/wp-content\/uploads\/2017\/10\/20171009.jpg?resize=700%2C400&ssl=1 2x"},"classes":[]},{"id":329,"url":"https:\/\/www.wallendorff.com\/belogue\/2006\/07\/21\/there-is-a-light-that-never-goes-out\/","url_meta":{"origin":374,"position":4},"title":"There is a light that never goes out.","author":"dpc","date":"21 juillet 2006","format":false,"excerpt":"Cour carr\u00e9e du Louvre, Paris, 19 juillet. Et c'est en ce jour de F\u00eate Nationale belge1 que rena\u00eet brusquement l'espoir d'un compte Free qui ne plante plus, d'un acc\u00e8s FTP \u00e9ternel et d'une r\u00e9apparition p\u00e9renne sur la toile du cyber-monde. Les Belges, d\u00e9cid\u00e9ment, ils sont super bal\u00e8zes. \u00a0The Indelicates\u00a0\u2015 Waiting\u2026","rel":"","context":"Dans &quot;DPC&quot;","block_context":{"text":"DPC","link":"https:\/\/www.wallendorff.com\/belogue\/category\/dpc\/"},"img":{"alt_text":"","src":"https:\/\/i0.wp.com\/www.wallendorff.com\/belogue\/wp-content\/uploads\/2015\/04\/200607211.jpg?resize=350%2C200&ssl=1","width":350,"height":200},"classes":[]},{"id":3404,"url":"https:\/\/www.wallendorff.com\/belogue\/2008\/09\/08\/lit-lit-lit\/","url_meta":{"origin":374,"position":5},"title":"Lit lit lit.","author":"dpc","date":"8 septembre 2008","format":false,"excerpt":"Cour carr\u00e9e du Louvre, Paris, 6 ao\u00fbt. The Veils \u2013 Drive (R.E.M. cover) \u2013 (Drive XV) C'est quand m\u00eame chouette de faire dans le dynamique motivant d\u00e8s le lundi matin.","rel":"","context":"Dans &quot;DPC&quot;","block_context":{"text":"DPC","link":"https:\/\/www.wallendorff.com\/belogue\/category\/dpc\/"},"img":{"alt_text":"","src":"https:\/\/i0.wp.com\/www.wallendorff.com\/belogue\/wp-content\/uploads\/2015\/04\/200809081.jpg?resize=350%2C200&ssl=1","width":350,"height":200},"classes":[]}],"_links":{"self":[{"href":"https:\/\/www.wallendorff.com\/belogue\/wp-json\/wp\/v2\/posts\/374","targetHints":{"allow":["GET"]}}],"collection":[{"href":"https:\/\/www.wallendorff.com\/belogue\/wp-json\/wp\/v2\/posts"}],"about":[{"href":"https:\/\/www.wallendorff.com\/belogue\/wp-json\/wp\/v2\/types\/post"}],"author":[{"embeddable":true,"href":"https:\/\/www.wallendorff.com\/belogue\/wp-json\/wp\/v2\/users\/1"}],"replies":[{"embeddable":true,"href":"https:\/\/www.wallendorff.com\/belogue\/wp-json\/wp\/v2\/comments?post=374"}],"version-history":[{"count":1,"href":"https:\/\/www.wallendorff.com\/belogue\/wp-json\/wp\/v2\/posts\/374\/revisions"}],"predecessor-version":[{"id":21160,"href":"https:\/\/www.wallendorff.com\/belogue\/wp-json\/wp\/v2\/posts\/374\/revisions\/21160"}],"wp:featuredmedia":[{"embeddable":true,"href":"https:\/\/www.wallendorff.com\/belogue\/wp-json\/wp\/v2\/media\/24314"}],"wp:attachment":[{"href":"https:\/\/www.wallendorff.com\/belogue\/wp-json\/wp\/v2\/media?parent=374"}],"wp:term":[{"taxonomy":"category","embeddable":true,"href":"https:\/\/www.wallendorff.com\/belogue\/wp-json\/wp\/v2\/categories?post=374"},{"taxonomy":"post_tag","embeddable":true,"href":"https:\/\/www.wallendorff.com\/belogue\/wp-json\/wp\/v2\/tags?post=374"}],"curies":[{"name":"wp","href":"https:\/\/api.w.org\/{rel}","templated":true}]}}