{"id":37312,"date":"2018-02-23T12:35:45","date_gmt":"2018-02-23T10:35:45","guid":{"rendered":"http:\/\/www.wallendorff.com\/belogue\/?p=37312"},"modified":"2018-12-26T11:17:05","modified_gmt":"2018-12-26T09:17:05","slug":"into-the-wide-135","status":"publish","type":"post","link":"https:\/\/www.wallendorff.com\/belogue\/2018\/02\/23\/into-the-wide-135\/","title":{"rendered":"Into the wide #135."},"content":{"rendered":"<div id=\"photo\">\n<p><img decoding=\"async\" src=\"https:\/\/www.wallendorff.com\/belogue\/wp-content\/uploads\/2018\/02\/20180223.jpg\"><br \/>\nPalais du Belv\u00e9d\u00e8re, Vienne, 10 d\u00e9cembre 2017.<\/p>\n<\/div>\n<div id=\"bandeson\">\n<p><img decoding=\"async\" src=\"https:\/\/www.wallendorff.com\/belogue\/photo\/pochettes\/f\/franz_ferdinand-always_ascending.jpg\" align=\"left\"><a href=\"http:\/\/www.youtube.com\/watch?v=SbuTIDkKTQ\"><em>Paper Cages<\/em><\/a><br \/>\n<a href=\"http:\/\/www.franzferdinand.co.uk\">Franz Ferdinand<\/a><\/p>\n<\/div>\n","protected":false},"excerpt":{"rendered":"<p>Palais du Belv\u00e9d\u00e8re, Vienne, 10 d\u00e9cembre 2017. Paper Cages Franz Ferdinand<\/p>\n","protected":false},"author":1,"featured_media":37314,"comment_status":"open","ping_status":"open","sticky":false,"template":"","format":"standard","meta":{"_acf_changed":false,"ngg_post_thumbnail":0,"jetpack_post_was_ever_published":false,"_jetpack_newsletter_access":"","_jetpack_dont_email_post_to_subs":false,"_jetpack_newsletter_tier_id":0,"_jetpack_memberships_contains_paywalled_content":false,"_jetpack_memberships_contains_paid_content":false,"footnotes":"","jetpack_publicize_message":"","jetpack_publicize_feature_enabled":true,"jetpack_social_post_already_shared":true,"jetpack_social_options":{"image_generator_settings":{"template":"highway","default_image_id":0,"font":"","enabled":false},"version":2}},"categories":[7356],"tags":[15293,12059,737,11253,10326,10311,10100,12770,11748,12607,11323,14580,10592,12614,12060],"class_list":["post-37312","post","type-post","status-publish","format-standard","has-post-thumbnail","hentry","category-into-the-wide","tag-always-ascending-album","tag-autriche","tag-bleu","tag-bonnet","tag-crepuscule","tag-dos","tag-franz-ferdinand","tag-landstrase","tag-marche-de-noel","tag-palais-du-belvedere","tag-panoramique","tag-paper-cages","tag-pose-longue","tag-prinz-eugen-strase","tag-vienne"],"acf":[],"geo":{"latitude":48.1897583,"longitude":16.3812542,"description":"Wien, Wieden, Wien, 1040, AT"},"jetpack_publicize_connections":[],"jetpack_featured_media_url":"https:\/\/www.wallendorff.com\/belogue\/wp-content\/uploads\/2018\/02\/20180223.jpg","jetpack_shortlink":"https:\/\/wp.me\/p3b35P-9HO","jetpack_sharing_enabled":true,"jetpack-related-posts":[{"id":29929,"url":"https:\/\/www.wallendorff.com\/belogue\/2016\/01\/07\/into-the-wide-60\/","url_meta":{"origin":37312,"position":0},"title":"Into the wide #60.","author":"dpc","date":"7 janvier 2016","format":false,"excerpt":"Palais du Belv\u00e9d\u00e8re, Vienne, 11 septembre 2015. Underdog (Save Me) Turin Brakes","rel":"","context":"Dans &quot;Into the wide&quot;","block_context":{"text":"Into the wide","link":"https:\/\/www.wallendorff.com\/belogue\/category\/into-the-wide\/"},"img":{"alt_text":"","src":"https:\/\/i0.wp.com\/www.wallendorff.com\/belogue\/wp-content\/uploads\/2016\/01\/20160107.jpg?resize=350%2C200&ssl=1","width":350,"height":200,"srcset":"https:\/\/i0.wp.com\/www.wallendorff.com\/belogue\/wp-content\/uploads\/2016\/01\/20160107.jpg?resize=350%2C200&ssl=1 1x, https:\/\/i0.wp.com\/www.wallendorff.com\/belogue\/wp-content\/uploads\/2016\/01\/20160107.jpg?resize=525%2C300&ssl=1 1.5x, https:\/\/i0.wp.com\/www.wallendorff.com\/belogue\/wp-content\/uploads\/2016\/01\/20160107.jpg?resize=700%2C400&ssl=1 2x, https:\/\/i0.wp.com\/www.wallendorff.com\/belogue\/wp-content\/uploads\/2016\/01\/20160107.jpg?resize=1050%2C600&ssl=1 3x"},"classes":[]},{"id":36818,"url":"https:\/\/www.wallendorff.com\/belogue\/2017\/12\/24\/weihnachtsmarkt-iv\/","url_meta":{"origin":37312,"position":1},"title":"Weihnachtsmarkt [IV].","author":"dpc","date":"24 d\u00e9cembre 2017","format":false,"excerpt":"Palais du Belv\u00e9d\u00e8re, Vienne, 10 d\u00e9cembre. Have Yourself a Merry Little Christmas (Frank Sinatra cover)Coldplay","rel":"","context":"Dans &quot;DPC&quot;","block_context":{"text":"DPC","link":"https:\/\/www.wallendorff.com\/belogue\/category\/dpc\/"},"img":{"alt_text":"","src":"https:\/\/i0.wp.com\/www.wallendorff.com\/belogue\/wp-content\/uploads\/2017\/12\/20171224.jpg?resize=350%2C200&ssl=1","width":350,"height":200,"srcset":"https:\/\/i0.wp.com\/www.wallendorff.com\/belogue\/wp-content\/uploads\/2017\/12\/20171224.jpg?resize=350%2C200&ssl=1 1x, https:\/\/i0.wp.com\/www.wallendorff.com\/belogue\/wp-content\/uploads\/2017\/12\/20171224.jpg?resize=525%2C300&ssl=1 1.5x, https:\/\/i0.wp.com\/www.wallendorff.com\/belogue\/wp-content\/uploads\/2017\/12\/20171224.jpg?resize=700%2C400&ssl=1 2x"},"classes":[]},{"id":37309,"url":"https:\/\/www.wallendorff.com\/belogue\/2018\/02\/22\/into-the-wide-134\/","url_meta":{"origin":37312,"position":2},"title":"Into the wide #134.","author":"dpc","date":"22 f\u00e9vrier 2018","format":false,"excerpt":"Palais Ferstel, Vienne, 9 d\u00e9cembre 2017. Carried from the Start Black Rebel Motorcycle Club","rel":"","context":"Dans &quot;Into the wide&quot;","block_context":{"text":"Into the wide","link":"https:\/\/www.wallendorff.com\/belogue\/category\/into-the-wide\/"},"img":{"alt_text":"Palais Ferstel, Vienne, 9 d&eacute;cembre 2017.","src":"https:\/\/i0.wp.com\/www.wallendorff.com\/belogue\/wp-content\/uploads\/2018\/02\/20180222.jpg?resize=350%2C200&ssl=1","width":350,"height":200,"srcset":"https:\/\/i0.wp.com\/www.wallendorff.com\/belogue\/wp-content\/uploads\/2018\/02\/20180222.jpg?resize=350%2C200&ssl=1 1x, https:\/\/i0.wp.com\/www.wallendorff.com\/belogue\/wp-content\/uploads\/2018\/02\/20180222.jpg?resize=525%2C300&ssl=1 1.5x, https:\/\/i0.wp.com\/www.wallendorff.com\/belogue\/wp-content\/uploads\/2018\/02\/20180222.jpg?resize=700%2C400&ssl=1 2x, https:\/\/i0.wp.com\/www.wallendorff.com\/belogue\/wp-content\/uploads\/2018\/02\/20180222.jpg?resize=1050%2C600&ssl=1 3x"},"classes":[]},{"id":49735,"url":"https:\/\/www.wallendorff.com\/belogue\/2021\/10\/06\/into-the-wide-230\/","url_meta":{"origin":37312,"position":3},"title":"Into the wide #230.","author":"dpc","date":"6 octobre 2021","format":false,"excerpt":"Palais Ferstel, Vienne, 26 juin 2021. Sweetheart Coach Party\u00a0","rel":"","context":"Dans &quot;Into the wide&quot;","block_context":{"text":"Into the wide","link":"https:\/\/www.wallendorff.com\/belogue\/category\/into-the-wide\/"},"img":{"alt_text":"","src":"https:\/\/i0.wp.com\/www.wallendorff.com\/belogue\/wp-content\/uploads\/2021\/10\/20211006.jpg?resize=350%2C200&ssl=1","width":350,"height":200,"srcset":"https:\/\/i0.wp.com\/www.wallendorff.com\/belogue\/wp-content\/uploads\/2021\/10\/20211006.jpg?resize=350%2C200&ssl=1 1x, https:\/\/i0.wp.com\/www.wallendorff.com\/belogue\/wp-content\/uploads\/2021\/10\/20211006.jpg?resize=525%2C300&ssl=1 1.5x, https:\/\/i0.wp.com\/www.wallendorff.com\/belogue\/wp-content\/uploads\/2021\/10\/20211006.jpg?resize=700%2C400&ssl=1 2x"},"classes":[]},{"id":23003,"url":"https:\/\/www.wallendorff.com\/belogue\/2014\/06\/20\/dix-ans-de-concerts-12\/","url_meta":{"origin":37312,"position":4},"title":"Dix ans de concerts [1\/2].","author":"dpc","date":"20 juin 2014","format":false,"excerpt":"Pas la peine de faire une redite, apr\u00e8s la compile des 500 concerts et celle des 10 ans de passes photos. Depuis 2012, disons que je retiens la fois o\u00f9 je me suis fait maudire par un Italien, Matthias Malzieu qui me tombe sur le nez \u00e0 Rock en Seine,\u2026","rel":"","context":"Dans &quot;DPC&quot;","block_context":{"text":"DPC","link":"https:\/\/www.wallendorff.com\/belogue\/category\/dpc\/"},"img":{"alt_text":"","src":"https:\/\/i0.wp.com\/www.wallendorff.com\/belogue\/wp-content\/uploads\/2015\/04\/20110520-391.jpg?resize=350%2C200&ssl=1","width":350,"height":200,"srcset":"https:\/\/i0.wp.com\/www.wallendorff.com\/belogue\/wp-content\/uploads\/2015\/04\/20110520-391.jpg?resize=350%2C200&ssl=1 1x, https:\/\/i0.wp.com\/www.wallendorff.com\/belogue\/wp-content\/uploads\/2015\/04\/20110520-391.jpg?resize=525%2C300&ssl=1 1.5x, https:\/\/i0.wp.com\/www.wallendorff.com\/belogue\/wp-content\/uploads\/2015\/04\/20110520-391.jpg?resize=700%2C400&ssl=1 2x"},"classes":[]},{"id":31298,"url":"https:\/\/www.wallendorff.com\/belogue\/2016\/06\/27\/into-the-wide-69\/","url_meta":{"origin":37312,"position":5},"title":"Into the wide #69.","author":"dpc","date":"27 juin 2016","format":false,"excerpt":"Canal du Danube, Vienne, 23 avril. Life Like This Kurt Vile","rel":"","context":"Dans &quot;Into the wide&quot;","block_context":{"text":"Into the wide","link":"https:\/\/www.wallendorff.com\/belogue\/category\/into-the-wide\/"},"img":{"alt_text":"","src":"https:\/\/i0.wp.com\/www.wallendorff.com\/belogue\/wp-content\/uploads\/2016\/06\/20160627.jpg?resize=350%2C200&ssl=1","width":350,"height":200,"srcset":"https:\/\/i0.wp.com\/www.wallendorff.com\/belogue\/wp-content\/uploads\/2016\/06\/20160627.jpg?resize=350%2C200&ssl=1 1x, https:\/\/i0.wp.com\/www.wallendorff.com\/belogue\/wp-content\/uploads\/2016\/06\/20160627.jpg?resize=525%2C300&ssl=1 1.5x, https:\/\/i0.wp.com\/www.wallendorff.com\/belogue\/wp-content\/uploads\/2016\/06\/20160627.jpg?resize=700%2C400&ssl=1 2x"},"classes":[]}],"_links":{"self":[{"href":"https:\/\/www.wallendorff.com\/belogue\/wp-json\/wp\/v2\/posts\/37312","targetHints":{"allow":["GET"]}}],"collection":[{"href":"https:\/\/www.wallendorff.com\/belogue\/wp-json\/wp\/v2\/posts"}],"about":[{"href":"https:\/\/www.wallendorff.com\/belogue\/wp-json\/wp\/v2\/types\/post"}],"author":[{"embeddable":true,"href":"https:\/\/www.wallendorff.com\/belogue\/wp-json\/wp\/v2\/users\/1"}],"replies":[{"embeddable":true,"href":"https:\/\/www.wallendorff.com\/belogue\/wp-json\/wp\/v2\/comments?post=37312"}],"version-history":[{"count":3,"href":"https:\/\/www.wallendorff.com\/belogue\/wp-json\/wp\/v2\/posts\/37312\/revisions"}],"predecessor-version":[{"id":40740,"href":"https:\/\/www.wallendorff.com\/belogue\/wp-json\/wp\/v2\/posts\/37312\/revisions\/40740"}],"wp:featuredmedia":[{"embeddable":true,"href":"https:\/\/www.wallendorff.com\/belogue\/wp-json\/wp\/v2\/media\/37314"}],"wp:attachment":[{"href":"https:\/\/www.wallendorff.com\/belogue\/wp-json\/wp\/v2\/media?parent=37312"}],"wp:term":[{"taxonomy":"category","embeddable":true,"href":"https:\/\/www.wallendorff.com\/belogue\/wp-json\/wp\/v2\/categories?post=37312"},{"taxonomy":"post_tag","embeddable":true,"href":"https:\/\/www.wallendorff.com\/belogue\/wp-json\/wp\/v2\/tags?post=37312"}],"curies":[{"name":"wp","href":"https:\/\/api.w.org\/{rel}","templated":true}]}}