{"id":372,"date":"2005-05-20T16:10:44","date_gmt":"2005-05-20T16:10:44","guid":{"rendered":"http:\/\/www.po-l.com\/wordpress\/?p=372"},"modified":"2012-04-13T14:04:42","modified_gmt":"2012-04-13T12:04:42","slug":"saine-rigole-plut","status":"publish","type":"post","link":"https:\/\/www.wallendorff.com\/belogue\/2005\/05\/20\/saine-rigole-plut\/","title":{"rendered":"Saine rigole plut\u00b9."},"content":{"rendered":"<div id=\"photo\">\n<p align=\"center\"><img decoding=\"async\" src=\"http:\/\/www.po-L.com\/belogue\/photo\/2005\/05\/20050520-2.jpg\" \/><br \/>\n    Square Vermenouze, Paris, 15 mai.<\/p>\n<\/div>\n<p>&Agrave; la demande g&eacute;n&eacute;rale de <a href=\"http:\/\/www.20six.fr\/SweetJane\">SweetJane<\/a>, je me plie &agrave; mon tour au p&eacute;rilleux exercice de d&eacute;voilage des mes go&ucirc;ts litt&eacute;raires. Attention, je pr&eacute;f&egrave;re toutefois vous pr&eacute;venir&nbsp;: comme lecteur, je suis un gros naze. Pas que j&rsquo;aime pas &ccedil;a, hein, mais j&rsquo;ai rarement le temps.<\/p>\n<h3>1. Combien lisez-vous de livre par an&nbsp;? <\/h3>\n<p>128. Desquels il faut retrancher 16 Fluides Glaciaux (12 mensuels et 4 hors-s&eacute;ries), 12 Rock &amp; Folk, 12 RockMag et 3 ou 4 Spin, parce que ce sont des magazines. &Ccedil;a fait donc 84.<\/p>\n<p>[On m&rsquo;informe que les livrets de CD ne comptent pas non plus pour des livres.]<\/p>\n<p>&Ccedil;a fait donc 4. En moyenne, hein, 4.<\/p>\n<h3>2. Quel est le dernier livre que vous ayez achet&eacute;&nbsp;?<\/h3>\n<p>Si on ne compte pas la bio de Slipknot de jeudi, je pense que ce serait un Maigret, <em>Maigret et le corps sans t&ecirc;te<\/em>, trouv&eacute; dans une librairie d&rsquo;occase &agrave; Ann Arbor, tout annot&eacute; en anglais par un premier lecteur qui voulait travailler son fran&ccedil;ais, je pense. Et avant c&rsquo;&eacute;tait un recueil de photos de Jim Marshall, <em>Proof<\/em>, achet&eacute; &agrave; Toronto.<\/p>\n<h3>3. Quel est le dernier livre que vous ayez lu?<\/h3>\n<ul>\n<li> En cours&nbsp;: <em>Led Zeppelin<\/em> de Fran&ccedil;ois Ducray<\/li>\n<li> Le dernier&nbsp;: <em>The White Stripes and the Sound of the Mutants Blues<\/em>, par Everett True avec la participation de Ben Blackwell, qui en plus d&rsquo;avoir&nbsp;<a       href=\"http:\/\/www.cassrecords.com\/\" target=\"blank_\">un label<\/a> et un <a       href=\"http:\/\/www.getbehindmesatan.com\/\" target=\"blank_\">oncle illustre<\/a>, &eacute;crit bien.<\/li>\n<li>Le dernier en fran&ccedil;ais&nbsp;: Ben <em>Maigret et le corps sans t&ecirc;te<\/em>, fini juste avant d&rsquo;atterir &agrave; Amsterdam.<\/li>\n<li>Le dernier en fran&ccedil;ais achet&eacute; en France&nbsp;: <em>Le zubial<\/em>, d&rsquo;Alexandre Jardin.<\/li>\n<\/ul>\n<h3>4. Listez 5 livres qui comptent beaucoup pour vous ou que vous avez particuli&egrave;rement appr&eacute;ci&eacute;s&nbsp;:<\/h3>\n<ul>\n<li> Daniel Pennac &#8211; <em>Au bonheur des ogres <\/em>: &Agrave; force de le lire une fois par an<sup>2<\/sup>, je le connais par c&oelig;ur, et que donc voil&agrave;.<\/li>\n<li>Daniel Pennac &#8211; <em>La f&eacute;e Carabine<\/em>&nbsp;: &Agrave; force de le lire une fois par an<sup>3<\/sup>, je le connais par c&oelig;ur, et que donc voil&agrave;.<\/li>\n<li>Daniel Pennac &#8211; <em>La petite marchande de prose<\/em>: &Agrave; force de le lire une fois par an<sup>4<\/sup>, je le connais par c&oelig;ur, et que donc voil&agrave;.<\/li>\n<li>Daniel Pennac &#8211; <em>Monsieur Malauss&egrave;ne<\/em>: &Agrave; force de le lire une fois par an<sup>5<\/sup>, je le connais par c&oelig;ur, et que donc voil&agrave;.<\/li>\n<li>Daniel Pennac &#8211; <em>Au fruits de la passion<\/em>: Je l&rsquo;ai lu qu&rsquo;une fois<sup>6<\/sup>, j&rsquo;aimerais bien le relire un jour.<\/li>\n<\/ul>\n<h3>5. &Agrave; qui allez-vous passer le relais (3 blogs) et pourquoi&nbsp;?<\/h3>\n<p>Trois blogs&nbsp;??? Mais tout le monde l&rsquo;a d&eacute;j&agrave; fait !!! Je peux r&eacute;pondre <a       href=\"http:\/\/www.20six.fr\/sppc\" target=\"blank_\">Sppc<\/a><sup>37<\/sup>&nbsp;?<\/p>\n<div id=\"bas_note\">\n<p>_____<\/p>\n<p><sup>1<\/sup> C&rsquo;est dingue, quand m&ecirc;me. Plaire et pleuvoir sont des homonymes &agrave; la 3<sup>e<\/sup> personne du singulier du pass&eacute; simple&nbsp;:<\/p>\n<ul>\n<ul>\n<li>&laquo;&nbsp;Alors Tata, les gens ont aim&eacute; ton pique-nique&nbsp;?&nbsp;&raquo;<\/li>\n<li>&laquo;&nbsp;Je peux dire qu&rsquo;il plut. M&ecirc;me s&rsquo;il plut.&nbsp;&raquo;<\/li>\n<\/ul>\n<\/ul>\n<p><sup>2<\/sup> En fait,&nbsp;c&rsquo;est un des 4 livres de la question 1.<\/p>\n<p><sup>3<\/sup> En fait,&nbsp;c&rsquo;est un des 4 livres de la question 1.<\/p>\n<p><sup>4<\/sup> En fait,&nbsp;c&rsquo;est un des 4 livres de la question 1.<\/p>\n<p><sup>5<\/sup> En faisant une pause bi&egrave;re au milieu de           sa note, l&rsquo;auteur &agrave; involontairement oubli&eacute; le texte de cette note de bas           de note. Sauras-tu la retrouver avec tes amis&nbsp;? Indice&nbsp;: Elle commence par &laquo;&nbsp;En fait&nbsp;&raquo;.<\/p>\n<p><sup>6<\/sup> Oui. Je l&rsquo;ai perdu. Sinon, dans la question 1, des bouquins, il y en aurait 5.<\/p>\n<p><sup>7<\/sup> Le 3 &agrave; c&ocirc;t&eacute; n&rsquo;est pas une note de bas de note mais un exposant cubique. sppc &times; sppc &times; sppc. Faites bien gaffe &agrave; pas vous tromper. En fait, <a href=\"http:\/\/www.20six.fr\/sppc\" target=\"blank_\">Sppc<\/a> n&rsquo;est pas l&rsquo;un des 4 livres de la question 1.<\/small><\/p>\n<\/div>\n<div id=\"bandeson\">\n<p><strong>Bande-Son<\/strong>&nbsp;: Je n&rsquo;ai pas l&rsquo;temps de dire au r&rsquo;voir je suis en r&rsquo;tard   en r&rsquo;tard.<\/p>\n<\/div>\n","protected":false},"excerpt":{"rendered":"<p>Square Vermenouze, Paris, 15 mai. &Agrave; la demande g&eacute;n&eacute;rale de SweetJane, je me plie &agrave; mon tour au p&eacute;rilleux exercice de d&eacute;voilage des mes go&ucirc;ts litt&eacute;raires. Attention, je pr&eacute;f&egrave;re toutefois vous pr&eacute;venir&nbsp;: comme lecteur, je suis un gros naze. Pas que j&rsquo;aime pas &ccedil;a, hein, mais j&rsquo;ai rarement le temps. 1. Combien lisez-vous de livre&hellip;<\/p>\n","protected":false},"author":1,"featured_media":24312,"comment_status":"closed","ping_status":"closed","sticky":false,"template":"","format":"standard","meta":{"_acf_changed":false,"ngg_post_thumbnail":0,"jetpack_post_was_ever_published":false,"_jetpack_newsletter_access":"","_jetpack_dont_email_post_to_subs":false,"_jetpack_newsletter_tier_id":0,"_jetpack_memberships_contains_paywalled_content":false,"_jetpack_memberships_contains_paid_content":false,"footnotes":"","jetpack_publicize_message":"","jetpack_publicize_feature_enabled":true,"jetpack_social_post_already_shared":false,"jetpack_social_options":{"image_generator_settings":{"template":"highway","default_image_id":0,"font":"","enabled":false},"version":2}},"categories":[3],"tags":[10239,157,132,10120,10121,10098,10688,1022,10351,3229,1021],"class_list":["post-372","post","type-post","status-publish","format-standard","has-post-thumbnail","hentry","category-dpc","tag-10239","tag-ef-50-mm-f18-ii","tag-eos-20d","tag-france","tag-ile-de-france","tag-paris","tag-paves","tag-questionnaire","tag-rue","tag-square-vermenouze","tag-sweetjane"],"acf":[],"geo":{"latitude":48.840416,"longitude":2.3496044,"description":"3-9 Rue de l&apos;Arbal\u00e8te, 75005 Paris, France"},"jetpack_publicize_connections":[],"jetpack_featured_media_url":"https:\/\/www.wallendorff.com\/belogue\/wp-content\/uploads\/2015\/04\/20050520-21.jpg","jetpack_shortlink":"https:\/\/wp.me\/p3b35P-60","jetpack_sharing_enabled":true,"jetpack-related-posts":[{"id":269,"url":"https:\/\/www.wallendorff.com\/belogue\/2005\/11\/16\/titre-y-aigres-aumines\/","url_meta":{"origin":372,"position":0},"title":"Titre y aigres aumin&eacute;s&sup1;.","author":"dpc","date":"16 novembre 2005","format":false,"excerpt":"Rue des Haudriettes, Paris, 6 novembre. Bon. C'est pas pour me faire de l'auto-pub, hein. Mais c'est juste que gr\u00e2ce \u00e0 ma joyeuse camarade SweetJane, j'ai pu photographier de pr\u00e8s \u2014\u00a0de super-pr\u00e8s, m\u00eame\u00a0\u2014 M. Brendan Benson himself, et que c'est pas rien, parce que Brendan Benson, il a lui-m\u00eame approch\u00e9\u2026","rel":"","context":"Dans &quot;DPC&quot;","block_context":{"text":"DPC","link":"https:\/\/www.wallendorff.com\/belogue\/category\/dpc\/"},"img":{"alt_text":"","src":"https:\/\/i0.wp.com\/www.wallendorff.com\/belogue\/wp-content\/uploads\/2015\/04\/200511161.jpg?resize=350%2C200&ssl=1","width":350,"height":200},"classes":[]},{"id":51,"url":"https:\/\/www.wallendorff.com\/belogue\/2005\/10\/19\/corps-de-red\/","url_meta":{"origin":372,"position":1},"title":"Corps de red.","author":"dpc","date":"19 octobre 2005","format":false,"excerpt":"Gare des Aubrais-Orl\u00e9ans, 22 septembre. \"Through a window to the last mile Little picture on the wall From the banks on the far side See the lights come ashore Racin' from the risin' tide to my father's door Racin' from the risin' tide to my father's door\" \u00a0Black Rebel Motorcycle\u2026","rel":"","context":"Dans &quot;DPC&quot;","block_context":{"text":"DPC","link":"https:\/\/www.wallendorff.com\/belogue\/category\/dpc\/"},"img":{"alt_text":"","src":"https:\/\/i0.wp.com\/www.wallendorff.com\/belogue\/wp-content\/uploads\/2015\/04\/200510191.jpg?resize=350%2C200&ssl=1","width":350,"height":200,"srcset":"https:\/\/i0.wp.com\/www.wallendorff.com\/belogue\/wp-content\/uploads\/2015\/04\/200510191.jpg?resize=350%2C200&ssl=1 1x, https:\/\/i0.wp.com\/www.wallendorff.com\/belogue\/wp-content\/uploads\/2015\/04\/200510191.jpg?resize=525%2C300&ssl=1 1.5x, https:\/\/i0.wp.com\/www.wallendorff.com\/belogue\/wp-content\/uploads\/2015\/04\/200510191.jpg?resize=700%2C400&ssl=1 2x"},"classes":[]},{"id":5726,"url":"https:\/\/www.wallendorff.com\/belogue\/2010\/01\/02\/pere-dupe-erre-du-paire-dhuppes-raides-huent\/","url_meta":{"origin":372,"position":2},"title":"P\u00e8re dupe erre d\u00fb, paire d&rsquo;hupp\u00e9s raides huent.","author":"dpc","date":"2 janvier 2010","format":false,"excerpt":"Square du Vert-Galant, Paris, 25 octobre 2009. \u00a0Cold War Kids \u2013 Audience Et parce que c'est l'\u00e9poque des \u00e9trennes, voil\u00e0 un beau cadeau au go\u00fbt douteux mais que voulez-vous ma bonne dame c'est que j'ai appris l'art dans une \u00e9cole de m\u00e9canique voyez-vous. [Ah et je sais que \u00e7a avait\u2026","rel":"","context":"Dans &quot;DPC&quot;","block_context":{"text":"DPC","link":"https:\/\/www.wallendorff.com\/belogue\/category\/dpc\/"},"img":{"alt_text":"","src":"https:\/\/i0.wp.com\/www.wallendorff.com\/belogue\/wp-content\/uploads\/2015\/04\/201001021.jpg?resize=350%2C200&ssl=1","width":350,"height":200},"classes":[]},{"id":454,"url":"https:\/\/www.wallendorff.com\/belogue\/2005\/02\/27\/toute-porte-a-croix-re\/","url_meta":{"origin":372,"position":3},"title":"[Toute] porte [a] croix [re].","author":"dpc","date":"27 f\u00e9vrier 2005","format":false,"excerpt":"Ferdinand St., D\u00e9troit, 15 f\u00e9vrier. [Pas le no 1203, un peu plus loin, vers le 1800]1 Cette photo sera la derni\u00e8re de D\u00e9troit sur ce bel\u00f6gue. \u00c0 moins d'un Previsouly Unreleased ou autre chose, bien s\u00fbr. Ou d'une nouvelle expatriation, parce qu'on sait jamais. Enfin pour ce qui est de\u2026","rel":"","context":"Dans &quot;DPC&quot;","block_context":{"text":"DPC","link":"https:\/\/www.wallendorff.com\/belogue\/category\/dpc\/"},"img":{"alt_text":"","src":"https:\/\/i0.wp.com\/www.wallendorff.com\/belogue\/wp-content\/uploads\/2015\/04\/20050227-011.jpg?resize=350%2C200&ssl=1","width":350,"height":200},"classes":[]},{"id":4024,"url":"https:\/\/www.wallendorff.com\/belogue\/2009\/03\/16\/mais-dis-cqua-moi\/","url_meta":{"origin":372,"position":4},"title":"Mais dis c&rsquo;qu&rsquo;a moi.","author":"dpc","date":"16 mars 2009","format":false,"excerpt":"Trude m'avait soumis ce questionnaire il y a quelques mois et je n'ai jamais pris le temps de m'y plier. C'est tr\u00e8s mal et je le regrette am\u00e8rement, \u00e0 en r\u00eaver toutes les nuits sous forme de com\u00e9die musicale cauchemardesque, car souvent mon chiant inconscient chante incessamment et sciemment salement1.\u2026","rel":"","context":"Dans &quot;DPC&quot;","block_context":{"text":"DPC","link":"https:\/\/www.wallendorff.com\/belogue\/category\/dpc\/"},"img":{"alt_text":"","src":"https:\/\/i0.wp.com\/www.wallendorff.com\/belogue\/wp-content\/uploads\/2015\/04\/200903161.jpg?resize=350%2C200&ssl=1","width":350,"height":200},"classes":[]},{"id":130417,"url":"https:\/\/www.wallendorff.com\/belogue\/2024\/08\/29\/there-we-were-now-here-we-are\/","url_meta":{"origin":372,"position":5},"title":"There we were, now here we are.","author":"dpc","date":"29 ao\u00fbt 2024","format":false,"excerpt":"Rock en Seine, Domaine national de Saint-Cloud, 28 ao\u00fbt 2009.J\u2019ai photographi\u00e9 ces trois jeunes filles du premier rang du public de Rock en Seine le 28 ao\u00fbt 2009 \u00e0 21 h 59 min 41 s, juste avant le concert d\u2019Oasis, juste avant l\u2019annonce de la plus fameuse baston-\u00e0-coups-de-guitares-en- loges\u00b9 de\u2026","rel":"","context":"Dans &quot;Alive&quot;","block_context":{"text":"Alive","link":"https:\/\/www.wallendorff.com\/belogue\/category\/alive\/"},"img":{"alt_text":"","src":"https:\/\/i0.wp.com\/www.wallendorff.com\/belogue\/wp-content\/uploads\/2024\/08\/20240829-01.jpg?resize=350%2C200&ssl=1","width":350,"height":200,"srcset":"https:\/\/i0.wp.com\/www.wallendorff.com\/belogue\/wp-content\/uploads\/2024\/08\/20240829-01.jpg?resize=350%2C200&ssl=1 1x, https:\/\/i0.wp.com\/www.wallendorff.com\/belogue\/wp-content\/uploads\/2024\/08\/20240829-01.jpg?resize=525%2C300&ssl=1 1.5x, https:\/\/i0.wp.com\/www.wallendorff.com\/belogue\/wp-content\/uploads\/2024\/08\/20240829-01.jpg?resize=700%2C400&ssl=1 2x, https:\/\/i0.wp.com\/www.wallendorff.com\/belogue\/wp-content\/uploads\/2024\/08\/20240829-01.jpg?resize=1050%2C600&ssl=1 3x"},"classes":[]}],"_links":{"self":[{"href":"https:\/\/www.wallendorff.com\/belogue\/wp-json\/wp\/v2\/posts\/372","targetHints":{"allow":["GET"]}}],"collection":[{"href":"https:\/\/www.wallendorff.com\/belogue\/wp-json\/wp\/v2\/posts"}],"about":[{"href":"https:\/\/www.wallendorff.com\/belogue\/wp-json\/wp\/v2\/types\/post"}],"author":[{"embeddable":true,"href":"https:\/\/www.wallendorff.com\/belogue\/wp-json\/wp\/v2\/users\/1"}],"replies":[{"embeddable":true,"href":"https:\/\/www.wallendorff.com\/belogue\/wp-json\/wp\/v2\/comments?post=372"}],"version-history":[{"count":2,"href":"https:\/\/www.wallendorff.com\/belogue\/wp-json\/wp\/v2\/posts\/372\/revisions"}],"predecessor-version":[{"id":16882,"href":"https:\/\/www.wallendorff.com\/belogue\/wp-json\/wp\/v2\/posts\/372\/revisions\/16882"}],"wp:featuredmedia":[{"embeddable":true,"href":"https:\/\/www.wallendorff.com\/belogue\/wp-json\/wp\/v2\/media\/24312"}],"wp:attachment":[{"href":"https:\/\/www.wallendorff.com\/belogue\/wp-json\/wp\/v2\/media?parent=372"}],"wp:term":[{"taxonomy":"category","embeddable":true,"href":"https:\/\/www.wallendorff.com\/belogue\/wp-json\/wp\/v2\/categories?post=372"},{"taxonomy":"post_tag","embeddable":true,"href":"https:\/\/www.wallendorff.com\/belogue\/wp-json\/wp\/v2\/tags?post=372"}],"curies":[{"name":"wp","href":"https:\/\/api.w.org\/{rel}","templated":true}]}}