{"id":37180,"date":"2018-02-08T12:21:31","date_gmt":"2018-02-08T10:21:31","guid":{"rendered":"http:\/\/www.wallendorff.com\/belogue\/?p=37180"},"modified":"2018-12-26T11:30:30","modified_gmt":"2018-12-26T09:30:30","slug":"into-the-wide-132","status":"publish","type":"post","link":"https:\/\/www.wallendorff.com\/belogue\/2018\/02\/08\/into-the-wide-132\/","title":{"rendered":"Into the wide #132."},"content":{"rendered":"<div id=\"photo\">\n<p><img decoding=\"async\" src=\"https:\/\/www.wallendorff.com\/belogue\/wp-content\/uploads\/2018\/02\/20180208.jpg\"><br \/>\nStephansplatz, Vienne, 9 d&eacute;cembre 2017.<\/p>\n<\/div>\n<div id=\"bandeson\">\n<p><img decoding=\"async\" src=\"https:\/\/www.wallendorff.com\/belogue\/photo\/pochettes\/w\/wombats_the-beautiful_people_will_ruin_your_life.jpg\" align=\"left\"><a id=\"lienmp3\" style=\"font-weight: normal;\" href=\"http:\/\/www.youtube.com\/watch?v=HwPa71UZRaQ\"><em>Lemon to a Knife Fight<\/em><\/a><br \/><a href=\"http:\/\/thewombats.co.uk\/\">The Wombats<\/a><\/p>\n<\/div>\n","protected":false},"excerpt":{"rendered":"<p>Stephansplatz, Vienne, 9 d&eacute;cembre 2017. Lemon to a Knife FightThe Wombats<\/p>\n","protected":false},"author":1,"featured_media":37181,"comment_status":"open","ping_status":"open","sticky":false,"template":"","format":"standard","meta":{"_acf_changed":false,"ngg_post_thumbnail":0,"jetpack_post_was_ever_published":false,"_jetpack_newsletter_access":"","_jetpack_dont_email_post_to_subs":false,"_jetpack_newsletter_tier_id":0,"_jetpack_memberships_contains_paywalled_content":false,"_jetpack_memberships_contains_paid_content":false,"footnotes":"","jetpack_publicize_message":"","jetpack_publicize_feature_enabled":true,"jetpack_social_post_already_shared":true,"jetpack_social_options":{"image_generator_settings":{"template":"highway","default_image_id":0,"font":"","enabled":false},"version":2}},"categories":[7356],"tags":[12059,15300,2571,6766,10743,12078,10326,10238,8901,14510,11323,13637,10458,12060],"class_list":["post-37180","post","type-post","status-publish","format-standard","has-post-thumbnail","hentry","category-into-the-wide","tag-autriche","tag-beautiful-people-will-ruin-your-life","tag-ef-16-35-mm-f28l-ii-usm","tag-eos-5d-mark-iii","tag-cathedrale","tag-cathedrale-saint-etienne-vienne","tag-crepuscule","tag-eglise","tag-innere-stadt","tag-lemon-to-a-knife-fight","tag-panoramique","tag-stephansplatz","tag-the-wombats","tag-vienne"],"acf":[],"geo":{"latitude":48.2090836,"longitude":16.3728371,"description":null},"jetpack_publicize_connections":[],"jetpack_featured_media_url":"https:\/\/www.wallendorff.com\/belogue\/wp-content\/uploads\/2018\/02\/20180208.jpg","jetpack_shortlink":"https:\/\/wp.me\/p3b35P-9FG","jetpack_sharing_enabled":true,"jetpack-related-posts":[{"id":36814,"url":"https:\/\/www.wallendorff.com\/belogue\/2017\/12\/23\/wiehnachtsmarkt-iii\/","url_meta":{"origin":37180,"position":0},"title":"Weihnachtsmarkt [III].","author":"dpc","date":"23 d\u00e9cembre 2017","format":false,"excerpt":"Karlsplatz, Vienne, 5 d\u00e9cembre. Is This Christmas?The Wombats","rel":"","context":"Dans &quot;Into the wide&quot;","block_context":{"text":"Into the wide","link":"https:\/\/www.wallendorff.com\/belogue\/category\/into-the-wide\/"},"img":{"alt_text":"","src":"https:\/\/i0.wp.com\/www.wallendorff.com\/belogue\/wp-content\/uploads\/2017\/12\/20171223.jpg?resize=350%2C200&ssl=1","width":350,"height":200,"srcset":"https:\/\/i0.wp.com\/www.wallendorff.com\/belogue\/wp-content\/uploads\/2017\/12\/20171223.jpg?resize=350%2C200&ssl=1 1x, https:\/\/i0.wp.com\/www.wallendorff.com\/belogue\/wp-content\/uploads\/2017\/12\/20171223.jpg?resize=525%2C300&ssl=1 1.5x, https:\/\/i0.wp.com\/www.wallendorff.com\/belogue\/wp-content\/uploads\/2017\/12\/20171223.jpg?resize=700%2C400&ssl=1 2x"},"classes":[]},{"id":126959,"url":"https:\/\/www.wallendorff.com\/belogue\/2023\/12\/23\/servus-wien-8\/","url_meta":{"origin":37180,"position":1},"title":"Servus Wien.","author":"dpc","date":"23 d\u00e9cembre 2023","format":false,"excerpt":"","rel":"","context":"Dans &quot;DPC&quot;","block_context":{"text":"DPC","link":"https:\/\/www.wallendorff.com\/belogue\/category\/dpc\/"},"img":{"alt_text":"","src":"https:\/\/i0.wp.com\/www.wallendorff.com\/belogue\/wp-content\/uploads\/2023\/12\/20231223-26.jpg?resize=350%2C200&ssl=1","width":350,"height":200,"srcset":"https:\/\/i0.wp.com\/www.wallendorff.com\/belogue\/wp-content\/uploads\/2023\/12\/20231223-26.jpg?resize=350%2C200&ssl=1 1x, https:\/\/i0.wp.com\/www.wallendorff.com\/belogue\/wp-content\/uploads\/2023\/12\/20231223-26.jpg?resize=525%2C300&ssl=1 1.5x, https:\/\/i0.wp.com\/www.wallendorff.com\/belogue\/wp-content\/uploads\/2023\/12\/20231223-26.jpg?resize=700%2C400&ssl=1 2x, https:\/\/i0.wp.com\/www.wallendorff.com\/belogue\/wp-content\/uploads\/2023\/12\/20231223-26.jpg?resize=1050%2C600&ssl=1 3x"},"classes":[]},{"id":22345,"url":"https:\/\/www.wallendorff.com\/belogue\/2014\/01\/06\/sapins-trient-forts-ceux-des-villes\/","url_meta":{"origin":37180,"position":2},"title":"Sapins trient fort ceux des villes.","author":"dpc","date":"6 janvier 2014","format":false,"excerpt":"Parvis Notre-Dame \u2013 place Jean-Paul-II, Paris, 16 d\u00e9cembre 2013. [Je fais un peu beaucoup dans la cath\u00e9drale, ces temps.] Is This Christmas? The Wombats","rel":"","context":"Dans &quot;DPC&quot;","block_context":{"text":"DPC","link":"https:\/\/www.wallendorff.com\/belogue\/category\/dpc\/"},"img":{"alt_text":"","src":"https:\/\/i0.wp.com\/www.wallendorff.com\/belogue\/wp-content\/uploads\/2015\/04\/201401061.jpg?resize=350%2C200&ssl=1","width":350,"height":200,"srcset":"https:\/\/i0.wp.com\/www.wallendorff.com\/belogue\/wp-content\/uploads\/2015\/04\/201401061.jpg?resize=350%2C200&ssl=1 1x, https:\/\/i0.wp.com\/www.wallendorff.com\/belogue\/wp-content\/uploads\/2015\/04\/201401061.jpg?resize=525%2C300&ssl=1 1.5x, https:\/\/i0.wp.com\/www.wallendorff.com\/belogue\/wp-content\/uploads\/2015\/04\/201401061.jpg?resize=700%2C400&ssl=1 2x"},"classes":[]},{"id":45514,"url":"https:\/\/www.wallendorff.com\/belogue\/2020\/04\/19\/servus-wien\/","url_meta":{"origin":37180,"position":3},"title":"Servus Wien.","author":"dpc","date":"19 avril 2020","format":false,"excerpt":"Vienne, 7 \u2013 9 f\u00e9vrier 2020.","rel":"","context":"Dans &quot;DPC&quot;","block_context":{"text":"DPC","link":"https:\/\/www.wallendorff.com\/belogue\/category\/dpc\/"},"img":{"alt_text":"","src":"https:\/\/i0.wp.com\/www.wallendorff.com\/belogue\/wp-content\/uploads\/2020\/04\/20200419-05.jpg?resize=350%2C200&ssl=1","width":350,"height":200,"srcset":"https:\/\/i0.wp.com\/www.wallendorff.com\/belogue\/wp-content\/uploads\/2020\/04\/20200419-05.jpg?resize=350%2C200&ssl=1 1x, https:\/\/i0.wp.com\/www.wallendorff.com\/belogue\/wp-content\/uploads\/2020\/04\/20200419-05.jpg?resize=525%2C300&ssl=1 1.5x, https:\/\/i0.wp.com\/www.wallendorff.com\/belogue\/wp-content\/uploads\/2020\/04\/20200419-05.jpg?resize=700%2C400&ssl=1 2x, https:\/\/i0.wp.com\/www.wallendorff.com\/belogue\/wp-content\/uploads\/2020\/04\/20200419-05.jpg?resize=1050%2C600&ssl=1 3x"},"classes":[]},{"id":37827,"url":"https:\/\/www.wallendorff.com\/belogue\/2018\/03\/31\/mars-2018\/","url_meta":{"origin":37180,"position":4},"title":"Mars 2018.","author":"dpc","date":"31 mars 2018","format":false,"excerpt":"Un concert, une soir\u00e9e, un cr\u00e9puscule, une expo, un chat pr\u00e9nomm\u00e9 Albuquerque, un repose-clavier, un concert, un train, une gare, un arc de triomphe, un concert, une tour, un avion, un distributeur, une bi\u00e8re, un bar, un caf\u00e9, une belle carafe, une ampoule, un mus\u00e9e, un gros dinosaure, une V\u00e9nus,\u2026","rel":"","context":"Dans &quot;Blog-note&quot;","block_context":{"text":"Blog-note","link":"https:\/\/www.wallendorff.com\/belogue\/category\/blog-note\/"},"img":{"alt_text":"","src":"https:\/\/i0.wp.com\/www.wallendorff.com\/belogue\/wp-content\/uploads\/2018\/04\/20180412-28.jpg?resize=350%2C200&ssl=1","width":350,"height":200,"srcset":"https:\/\/i0.wp.com\/www.wallendorff.com\/belogue\/wp-content\/uploads\/2018\/04\/20180412-28.jpg?resize=350%2C200&ssl=1 1x, https:\/\/i0.wp.com\/www.wallendorff.com\/belogue\/wp-content\/uploads\/2018\/04\/20180412-28.jpg?resize=525%2C300&ssl=1 1.5x, https:\/\/i0.wp.com\/www.wallendorff.com\/belogue\/wp-content\/uploads\/2018\/04\/20180412-28.jpg?resize=700%2C400&ssl=1 2x, https:\/\/i0.wp.com\/www.wallendorff.com\/belogue\/wp-content\/uploads\/2018\/04\/20180412-28.jpg?resize=1050%2C600&ssl=1 3x"},"classes":[]},{"id":41184,"url":"https:\/\/www.wallendorff.com\/belogue\/2019\/02\/14\/the-wombats-circa-waves-le-trabendo-paris-5-fevrier-2019\/","url_meta":{"origin":37180,"position":5},"title":"The Wombats + Circa Waves @ le Trabendo, Paris, 5 f\u00e9vrier 2019.","author":"dpc","date":"14 f\u00e9vrier 2019","format":false,"excerpt":"Cheetah Tongue | Moving to New York | Jump into the Fog | Give Me a Try | Black Flamingo | Emotions | Lemon to a Knife Fight | I Don't Know Why I Like U | Pink Lemonade | Bee Sting | Kill the Director | Ice Cream |\u2026","rel":"","context":"Dans &quot;Alive&quot;","block_context":{"text":"Alive","link":"https:\/\/www.wallendorff.com\/belogue\/category\/alive\/"},"img":{"alt_text":"","src":"https:\/\/i0.wp.com\/www.wallendorff.com\/belogue\/wp-content\/uploads\/2019\/02\/20190206-27.jpg?resize=350%2C200&ssl=1","width":350,"height":200,"srcset":"https:\/\/i0.wp.com\/www.wallendorff.com\/belogue\/wp-content\/uploads\/2019\/02\/20190206-27.jpg?resize=350%2C200&ssl=1 1x, https:\/\/i0.wp.com\/www.wallendorff.com\/belogue\/wp-content\/uploads\/2019\/02\/20190206-27.jpg?resize=525%2C300&ssl=1 1.5x, https:\/\/i0.wp.com\/www.wallendorff.com\/belogue\/wp-content\/uploads\/2019\/02\/20190206-27.jpg?resize=700%2C400&ssl=1 2x, https:\/\/i0.wp.com\/www.wallendorff.com\/belogue\/wp-content\/uploads\/2019\/02\/20190206-27.jpg?resize=1050%2C600&ssl=1 3x"},"classes":[]}],"_links":{"self":[{"href":"https:\/\/www.wallendorff.com\/belogue\/wp-json\/wp\/v2\/posts\/37180","targetHints":{"allow":["GET"]}}],"collection":[{"href":"https:\/\/www.wallendorff.com\/belogue\/wp-json\/wp\/v2\/posts"}],"about":[{"href":"https:\/\/www.wallendorff.com\/belogue\/wp-json\/wp\/v2\/types\/post"}],"author":[{"embeddable":true,"href":"https:\/\/www.wallendorff.com\/belogue\/wp-json\/wp\/v2\/users\/1"}],"replies":[{"embeddable":true,"href":"https:\/\/www.wallendorff.com\/belogue\/wp-json\/wp\/v2\/comments?post=37180"}],"version-history":[{"count":1,"href":"https:\/\/www.wallendorff.com\/belogue\/wp-json\/wp\/v2\/posts\/37180\/revisions"}],"predecessor-version":[{"id":37182,"href":"https:\/\/www.wallendorff.com\/belogue\/wp-json\/wp\/v2\/posts\/37180\/revisions\/37182"}],"wp:featuredmedia":[{"embeddable":true,"href":"https:\/\/www.wallendorff.com\/belogue\/wp-json\/wp\/v2\/media\/37181"}],"wp:attachment":[{"href":"https:\/\/www.wallendorff.com\/belogue\/wp-json\/wp\/v2\/media?parent=37180"}],"wp:term":[{"taxonomy":"category","embeddable":true,"href":"https:\/\/www.wallendorff.com\/belogue\/wp-json\/wp\/v2\/categories?post=37180"},{"taxonomy":"post_tag","embeddable":true,"href":"https:\/\/www.wallendorff.com\/belogue\/wp-json\/wp\/v2\/tags?post=37180"}],"curies":[{"name":"wp","href":"https:\/\/api.w.org\/{rel}","templated":true}]}}