{"id":371,"date":"2005-05-21T01:26:46","date_gmt":"2005-05-21T01:26:46","guid":{"rendered":"http:\/\/www.po-l.com\/wordpress\/?p=371"},"modified":"2012-04-15T12:11:30","modified_gmt":"2012-04-15T10:11:30","slug":"l-art-venge-des-seats","status":"publish","type":"post","link":"https:\/\/www.wallendorff.com\/belogue\/2005\/05\/21\/l-art-venge-des-seats\/","title":{"rendered":"L&rsquo;art venge des seats."},"content":{"rendered":"\n<div id=\"photo\">\n<p><img decoding=\"async\" src=\"http:\/\/www.po-L.com\/belogue\/photo\/2005\/05\/20050521.jpg\" \/><br \/>\n          Jardin du Luxembourg, Paris, 15 mai.<\/p>\n<\/p><\/div>\n<p style=\"text-align:right\">[Attention. L&rsquo;abus de Lambrusco peut nuire &agrave; la qualit&eacute; des titres de notes.]<\/p>\n<div id=\"bandeson\">\n<p><img decoding=\"async\" src=\"https:\/\/www.wallendorff.com\/belogue\/photo\/pochettes\/g\/guns_nroses-gnr_lies.jpg\" align=\"left\" \/>&nbsp;<a href=\"http:\/\/www.gunsnroses.com\/\">Guns N&rsquo; Roses<\/a> &ndash; <em>One in a Million<\/em><\/p>\n<\/div>\n","protected":false},"excerpt":{"rendered":"<p>Jardin du Luxembourg, Paris, 15 mai. [Attention. L&rsquo;abus de Lambrusco peut nuire &agrave; la qualit&eacute; des titres de notes.] &nbsp;Guns N&rsquo; Roses &ndash; One in a Million<\/p>\n","protected":false},"author":1,"featured_media":24311,"comment_status":"closed","ping_status":"closed","sticky":false,"template":"","format":"standard","meta":{"_acf_changed":false,"ngg_post_thumbnail":0,"jetpack_post_was_ever_published":false,"_jetpack_newsletter_access":"","_jetpack_dont_email_post_to_subs":false,"_jetpack_newsletter_tier_id":0,"_jetpack_memberships_contains_paywalled_content":false,"_jetpack_memberships_contains_paid_content":false,"footnotes":"","jetpack_publicize_message":"","jetpack_publicize_feature_enabled":true,"jetpack_social_post_already_shared":false,"jetpack_social_options":{"image_generator_settings":{"template":"highway","default_image_id":0,"font":"","enabled":false},"version":2}},"categories":[3],"tags":[10250,155,132,10240,10120,1023,10121,1025,1024,10504,10098,10334],"class_list":["post-371","post","type-post","status-publish","format-standard","has-post-thumbnail","hentry","category-dpc","tag-10250","tag-ef-s-18-55-mm-f35-56-ii","tag-eos-20d","tag-chaises","tag-france","tag-guns-nroses","tag-ile-de-france","tag-jardin-du-luxembourg","tag-one-in-a-million","tag-parc","tag-paris","tag-table"],"acf":[],"geo":{"latitude":48.8470192,"longitude":2.3391759,"description":null},"jetpack_publicize_connections":[],"jetpack_featured_media_url":"https:\/\/www.wallendorff.com\/belogue\/wp-content\/uploads\/2015\/04\/200505211.jpg","jetpack_shortlink":"https:\/\/wp.me\/p3b35P-5Z","jetpack_sharing_enabled":true,"jetpack-related-posts":[{"id":134820,"url":"https:\/\/www.wallendorff.com\/belogue\/2025\/11\/30\/novembre-2025\/","url_meta":{"origin":371,"position":0},"title":"Novembre 2025.","author":"dpc","date":"30 novembre 2025","format":false,"excerpt":"Des miroirs qui bougent, une sieste, un t\u00e9l\u00e9phone, une vitrine, un ap\u00e9ro, un num\u00e9ro, un parquet neuf, une tour de contr\u00f4le, un tapis roulant, un embarquement, des avions, une lampe torche, des ombres, un jardin de No\u00ebl, des travaux, un avion, un d\u00e9chargement, un anniversaire, une pizza, un reflet, un\u2026","rel":"","context":"Dans &quot;Blog-note&quot;","block_context":{"text":"Blog-note","link":"https:\/\/www.wallendorff.com\/belogue\/category\/blog-note\/"},"img":{"alt_text":"","src":"https:\/\/i0.wp.com\/www.wallendorff.com\/belogue\/wp-content\/uploads\/2025\/12\/20251219-41.jpg?resize=350%2C200&ssl=1","width":350,"height":200,"srcset":"https:\/\/i0.wp.com\/www.wallendorff.com\/belogue\/wp-content\/uploads\/2025\/12\/20251219-41.jpg?resize=350%2C200&ssl=1 1x, https:\/\/i0.wp.com\/www.wallendorff.com\/belogue\/wp-content\/uploads\/2025\/12\/20251219-41.jpg?resize=525%2C300&ssl=1 1.5x, https:\/\/i0.wp.com\/www.wallendorff.com\/belogue\/wp-content\/uploads\/2025\/12\/20251219-41.jpg?resize=700%2C400&ssl=1 2x, https:\/\/i0.wp.com\/www.wallendorff.com\/belogue\/wp-content\/uploads\/2025\/12\/20251219-41.jpg?resize=1050%2C600&ssl=1 3x"},"classes":[]},{"id":21612,"url":"https:\/\/www.wallendorff.com\/belogue\/2013\/09\/17\/la-roue-quest-a-nu\/","url_meta":{"origin":371,"position":1},"title":"La roue [qu&rsquo;est \u00e0 nu].","author":"dpc","date":"17 septembre 2013","format":false,"excerpt":"Jardin des Tuileries, Paris, 14 ao\u00fbt. MercyTV on the Radio \u00a0","rel":"","context":"Dans &quot;DPC&quot;","block_context":{"text":"DPC","link":"https:\/\/www.wallendorff.com\/belogue\/category\/dpc\/"},"img":{"alt_text":"","src":"https:\/\/i0.wp.com\/www.wallendorff.com\/belogue\/wp-content\/uploads\/2015\/04\/201309171.jpg?resize=350%2C200&ssl=1","width":350,"height":200},"classes":[]},{"id":21625,"url":"https:\/\/www.wallendorff.com\/belogue\/2013\/09\/18\/into-the-wide-20\/","url_meta":{"origin":371,"position":2},"title":"Into the wide #20.","author":"dpc","date":"18 septembre 2013","format":false,"excerpt":"Jardin des Tuileries, Paris, 14 ao\u00fbt. The WireHaim","rel":"","context":"Dans &quot;Into the wide&quot;","block_context":{"text":"Into the wide","link":"https:\/\/www.wallendorff.com\/belogue\/category\/into-the-wide\/"},"img":{"alt_text":"","src":"https:\/\/i0.wp.com\/www.wallendorff.com\/belogue\/wp-content\/uploads\/2015\/04\/201309181.jpg?resize=350%2C200&ssl=1","width":350,"height":200,"srcset":"https:\/\/i0.wp.com\/www.wallendorff.com\/belogue\/wp-content\/uploads\/2015\/04\/201309181.jpg?resize=350%2C200&ssl=1 1x, https:\/\/i0.wp.com\/www.wallendorff.com\/belogue\/wp-content\/uploads\/2015\/04\/201309181.jpg?resize=525%2C300&ssl=1 1.5x, https:\/\/i0.wp.com\/www.wallendorff.com\/belogue\/wp-content\/uploads\/2015\/04\/201309181.jpg?resize=700%2C400&ssl=1 2x"},"classes":[]},{"id":14443,"url":"https:\/\/www.wallendorff.com\/belogue\/2011\/11\/10\/vites-et-bien\/","url_meta":{"origin":371,"position":3},"title":"V\u00eetes [et bien].","author":"dpc","date":"10 novembre 2011","format":false,"excerpt":"Jardin des Tuileries, Paris, 30 ao\u00fbt. Florence and the Machine \u2013 No Light, No Light [youtube]http:\/\/www.youtube.com\/watch?v=qOB3G6WeZrQ[\/youtube]","rel":"","context":"Dans &quot;DPC&quot;","block_context":{"text":"DPC","link":"https:\/\/www.wallendorff.com\/belogue\/category\/dpc\/"},"img":{"alt_text":"","src":"https:\/\/i0.wp.com\/www.wallendorff.com\/belogue\/wp-content\/uploads\/2015\/04\/201111101.jpg?resize=350%2C200&ssl=1","width":350,"height":200,"srcset":"https:\/\/i0.wp.com\/www.wallendorff.com\/belogue\/wp-content\/uploads\/2015\/04\/201111101.jpg?resize=350%2C200&ssl=1 1x, https:\/\/i0.wp.com\/www.wallendorff.com\/belogue\/wp-content\/uploads\/2015\/04\/201111101.jpg?resize=525%2C300&ssl=1 1.5x, https:\/\/i0.wp.com\/www.wallendorff.com\/belogue\/wp-content\/uploads\/2015\/04\/201111101.jpg?resize=700%2C400&ssl=1 2x"},"classes":[]},{"id":207,"url":"https:\/\/www.wallendorff.com\/belogue\/2006\/01\/19\/prendre-gares-d-a-soi-1\/","url_meta":{"origin":371,"position":4},"title":"Prendre gares d&rsquo;&agrave; soi #1.","author":"dpc","date":"19 janvier 2006","format":false,"excerpt":"Gare de l'Est, Paris, 13 janvier, 18h23. Aujourd'hui, j'ai r\u00e9alis\u00e9 que \u00ab\u00a0Tricoter des pulls\u00a0\u00bb, c'est une presque parfaite contrep\u00e9trie. C'est dingue, quand m\u00eame, la vie. \u00a0Guns N' Roses \u2013 One in a Million","rel":"","context":"Dans &quot;DPC&quot;","block_context":{"text":"DPC","link":"https:\/\/www.wallendorff.com\/belogue\/category\/dpc\/"},"img":{"alt_text":"","src":"https:\/\/i0.wp.com\/www.wallendorff.com\/belogue\/wp-content\/uploads\/2015\/04\/200601171.jpg?resize=350%2C200&ssl=1","width":350,"height":200},"classes":[]},{"id":32458,"url":"https:\/\/www.wallendorff.com\/belogue\/2016\/09\/30\/septembre-2016\/","url_meta":{"origin":371,"position":5},"title":"Septembre 2016.","author":"dpc","date":"30 septembre 2016","format":false,"excerpt":"Un avion, une \u00e9glise, un m\u00e9tro, une affiche, un mus\u00e9e, une 2 cv, un parc, une autoroute, un mur, des cadenas, une librairie, deux statues, une fa\u00e7ade, un pont, une ruelle, une aurore, des toits, des poup\u00e9es russes, un lampadaire, un cimeti\u00e8re, une \u00e9glise, un Freud qui pend, une vitrine,\u2026","rel":"","context":"Dans &quot;Blog-note&quot;","block_context":{"text":"Blog-note","link":"https:\/\/www.wallendorff.com\/belogue\/category\/blog-note\/"},"img":{"alt_text":"","src":"https:\/\/i0.wp.com\/www.wallendorff.com\/belogue\/wp-content\/uploads\/2016\/10\/20161014-20.jpg?resize=350%2C200&ssl=1","width":350,"height":200,"srcset":"https:\/\/i0.wp.com\/www.wallendorff.com\/belogue\/wp-content\/uploads\/2016\/10\/20161014-20.jpg?resize=350%2C200&ssl=1 1x, https:\/\/i0.wp.com\/www.wallendorff.com\/belogue\/wp-content\/uploads\/2016\/10\/20161014-20.jpg?resize=525%2C300&ssl=1 1.5x, https:\/\/i0.wp.com\/www.wallendorff.com\/belogue\/wp-content\/uploads\/2016\/10\/20161014-20.jpg?resize=700%2C400&ssl=1 2x"},"classes":[]}],"_links":{"self":[{"href":"https:\/\/www.wallendorff.com\/belogue\/wp-json\/wp\/v2\/posts\/371","targetHints":{"allow":["GET"]}}],"collection":[{"href":"https:\/\/www.wallendorff.com\/belogue\/wp-json\/wp\/v2\/posts"}],"about":[{"href":"https:\/\/www.wallendorff.com\/belogue\/wp-json\/wp\/v2\/types\/post"}],"author":[{"embeddable":true,"href":"https:\/\/www.wallendorff.com\/belogue\/wp-json\/wp\/v2\/users\/1"}],"replies":[{"embeddable":true,"href":"https:\/\/www.wallendorff.com\/belogue\/wp-json\/wp\/v2\/comments?post=371"}],"version-history":[{"count":2,"href":"https:\/\/www.wallendorff.com\/belogue\/wp-json\/wp\/v2\/posts\/371\/revisions"}],"predecessor-version":[{"id":16895,"href":"https:\/\/www.wallendorff.com\/belogue\/wp-json\/wp\/v2\/posts\/371\/revisions\/16895"}],"wp:featuredmedia":[{"embeddable":true,"href":"https:\/\/www.wallendorff.com\/belogue\/wp-json\/wp\/v2\/media\/24311"}],"wp:attachment":[{"href":"https:\/\/www.wallendorff.com\/belogue\/wp-json\/wp\/v2\/media?parent=371"}],"wp:term":[{"taxonomy":"category","embeddable":true,"href":"https:\/\/www.wallendorff.com\/belogue\/wp-json\/wp\/v2\/categories?post=371"},{"taxonomy":"post_tag","embeddable":true,"href":"https:\/\/www.wallendorff.com\/belogue\/wp-json\/wp\/v2\/tags?post=371"}],"curies":[{"name":"wp","href":"https:\/\/api.w.org\/{rel}","templated":true}]}}