{"id":3709,"date":"2008-12-26T10:32:08","date_gmt":"2008-12-26T09:32:08","guid":{"rendered":"http:\/\/www.po-l.com\/belogue\/?p=3709"},"modified":"2012-08-20T11:50:50","modified_gmt":"2012-08-20T09:50:50","slug":"deuxmilhuit-en-1","status":"publish","type":"post","link":"https:\/\/www.wallendorff.com\/belogue\/2008\/12\/26\/deuxmilhuit-en-1\/","title":{"rendered":"2008 en&#8230; #1."},"content":{"rendered":"<div id=\"photo\">\n<p><img decoding=\"async\" src=\"https:\/\/www.wallendorff.com\/belogue\/images\/etoile_blanche.jpg\"><\/p>\n<\/div>\n<table class=\"center\" style=\"text-align:center;border:none\">\n<tr style=\"border:none\">\n<td style=\"border:none\"><img decoding=\"async\" src=\"https:\/\/www.wallendorff.com\/belogue\/photo\/2008\/12\/partenaires\/itineris.gif\" ><\/td>\n<td style=\"border:none\"><img decoding=\"async\" src=\"https:\/\/www.wallendorff.com\/belogue\/photo\/2008\/12\/partenaires\/eurotunnel.gif\" ><\/td>\n<\/tr>\n<\/tbody>\n<\/table>\n<p style=\"text-align:center\"><strong>pr&eacute;sentent<\/strong><\/p>\n<h1 class=\"titre\">2008 en 5 titres de l&rsquo;horreur que la mal&eacute;diction infernale t&rsquo;a mis sur ton chemin toute l&rsquo;ann&eacute;e <\/h1>\n<ol>\n<ol>\n<ol>\n<ol>\n<li>Estelle \u2015 <em>American Boy<\/em><\/li>\n<li>Vanessa Paradis \u2015 <em>D&egrave;s que je te vois<\/em><\/li>\n<li>Damien Saez \u2015 <em>Jeunesse l&egrave;ve-toin<\/em><\/li>\n<li>Panic at the Disco \u2015 <em>Nine in the Afternoon<\/em> <\/li>\n<li>Plain White T&rsquo;s \u2015 <em>Delilah<\/em><\/li>\n<\/ol>\n<\/ol>\n<\/ol>\n<\/ol>\n<p>Enfin depuis l&rsquo;invention de la cassette-jack &agrave; autoradio et du r&eacute;veil-matin wifi, je n&rsquo;ai plus &agrave; endurer Le M&uuml;ve&rsquo; le matin ni J&auml;wh&ouml;l FM la journ&eacute;e, ce qui restreint le champ du harc&egrave;lement musical. Cela &eacute;tant, on tient un beau gagnant cette ann&eacute;e avec machine et sa chanson de merd&rsquo; qui me donne vraiment envie d&rsquo;acqu&eacute;rir une batte de cricket &agrave; chaque fois que je l&rsquo;entends pour relancer l&rsquo;industrie de fabrication de postes de radiodiffusion. F&eacute;licitations &agrave; elle.<\/p>\n<p>Archives <a href=\"https:\/\/www.wallendorff.com\/belogue\/2007\/12\/25\/2007en-1\/\">2007<\/a> et <a href=\"https:\/\/www.wallendorff.com\/belogue\/2007\/01\/10\/shooting-people-7\">2006<\/a>.<\/p>\n","protected":false},"excerpt":{"rendered":"<p>pr&eacute;sentent 2008 en 5 titres de l&rsquo;horreur que la mal&eacute;diction infernale t&rsquo;a mis sur ton chemin toute l&rsquo;ann&eacute;e Estelle \u2015 American Boy Vanessa Paradis \u2015 D&egrave;s que je te vois Damien Saez \u2015 Jeunesse l&egrave;ve-toin Panic at the Disco \u2015 Nine in the Afternoon Plain White T&rsquo;s \u2015 Delilah Enfin depuis l&rsquo;invention de la cassette-jack&hellip;<\/p>\n","protected":false},"author":1,"featured_media":25323,"comment_status":"open","ping_status":"open","sticky":false,"template":"","format":"standard","meta":{"_acf_changed":false,"ngg_post_thumbnail":0,"jetpack_post_was_ever_published":false,"_jetpack_newsletter_access":"","_jetpack_dont_email_post_to_subs":false,"_jetpack_newsletter_tier_id":0,"_jetpack_memberships_contains_paywalled_content":false,"_jetpack_memberships_contains_paid_content":false,"footnotes":"","jetpack_publicize_message":"","jetpack_publicize_feature_enabled":true,"jetpack_social_post_already_shared":false,"jetpack_social_options":{"image_generator_settings":{"template":"highway","default_image_id":0,"font":"","enabled":false},"version":2}},"categories":[3],"tags":[167,10505,2629,3334,2628,2627,2492],"class_list":["post-3709","post","type-post","status-publish","format-standard","has-post-thumbnail","hentry","category-dpc","tag-classements-de-fin-dannee","tag-damien-saez","tag-estelle","tag-nases","tag-panic-at-the-disco","tag-plain-white-ts","tag-vanessa-paradis"],"acf":[],"geo":null,"jetpack_publicize_connections":[],"jetpack_featured_media_url":"https:\/\/www.wallendorff.com\/belogue\/wp-content\/uploads\/2015\/04\/itineris1.gif","jetpack_shortlink":"https:\/\/wp.me\/p3b35P-XP","jetpack_sharing_enabled":true,"jetpack-related-posts":[{"id":1272,"url":"https:\/\/www.wallendorff.com\/belogue\/2008\/07\/18\/monte-hippiethon\/","url_meta":{"origin":3709,"position":0},"title":"Monte-hippiethon\u00b9.","author":"dpc","date":"18 juillet 2008","format":false,"excerpt":"Rue de la Manutention, Paris, 23 juin. Le seul truc pire que de se r\u00e9veiller \u00e0 6h36 quand on a mis son r\u00e9veil \u00e0 6h37, c'est se r\u00e9veiller \u00e0 6h36, grommeler en se retournant pour profiter de sa derni\u00e8re minute et \u00eatre interrompu dans la seconde suivante par Vanessa Paradis\u2026","rel":"","context":"Dans &quot;DPC&quot;","block_context":{"text":"DPC","link":"https:\/\/www.wallendorff.com\/belogue\/category\/dpc\/"},"img":{"alt_text":"","src":"https:\/\/i0.wp.com\/www.wallendorff.com\/belogue\/wp-content\/uploads\/2015\/04\/200807181.jpg?resize=350%2C200&ssl=1","width":350,"height":200},"classes":[]},{"id":21405,"url":"https:\/\/www.wallendorff.com\/belogue\/2013\/08\/05\/paleo-festival-2013-nyon-jours-4-5-6\/","url_meta":{"origin":3709,"position":1},"title":"Pal\u00e9o Festival 2013, Nyon &#8211; jours 4-5-6.","author":"dpc","date":"5 ao\u00fbt 2013","format":false,"excerpt":"Vendredi et dimanche furent un peu courts, alors je r\u00e9unis tout\u00a0: les 35\u00a0\u00b0C du vendredi et du samedi, les gerbes d'eau de Blur, la chemise hawa\u00efenne de Biolay, la bi\u00e8re qui mousse de Saez et l'orage et le feu d'artifice sous la pluie du dimanche. La suite viendra l'ann\u00e9e prochaine...\u2026","rel":"","context":"Dans &quot;Alive&quot;","block_context":{"text":"Alive","link":"https:\/\/www.wallendorff.com\/belogue\/category\/alive\/"},"img":{"alt_text":"","src":"https:\/\/i0.wp.com\/www.wallendorff.com\/belogue\/wp-content\/uploads\/2015\/04\/201308051.jpg?resize=350%2C200&ssl=1","width":350,"height":200,"srcset":"https:\/\/i0.wp.com\/www.wallendorff.com\/belogue\/wp-content\/uploads\/2015\/04\/201308051.jpg?resize=350%2C200&ssl=1 1x, https:\/\/i0.wp.com\/www.wallendorff.com\/belogue\/wp-content\/uploads\/2015\/04\/201308051.jpg?resize=525%2C300&ssl=1 1.5x, https:\/\/i0.wp.com\/www.wallendorff.com\/belogue\/wp-content\/uploads\/2015\/04\/201308051.jpg?resize=700%2C400&ssl=1 2x"},"classes":[]},{"id":1215,"url":"https:\/\/www.wallendorff.com\/belogue\/2008\/04\/24\/al-en-verra-l-an-d-rat\/","url_meta":{"origin":3709,"position":2},"title":"Al en verra l&rsquo;an d&rsquo;rat.","author":"dpc","date":"24 avril 2008","format":false,"excerpt":"Boulevard Beaumarchais, Paris, 30 mars. Encore subi entendu Saez hier soir. \u00ab\u00a0Comme an \u00e9clat de rire viant consolet tristesse Comme an sauffle avenir viant raviver les brinses Comme un porfum de sauffre qui fait na\u00eetre la flomme. Jeunesse l\u00e8ve-toi.\u00a0\u00bb J'h\u00e9site entre lancer une souscription nationale pour lui payer un orthophoniste\u2026","rel":"","context":"Dans &quot;DPC&quot;","block_context":{"text":"DPC","link":"https:\/\/www.wallendorff.com\/belogue\/category\/dpc\/"},"img":{"alt_text":"","src":"https:\/\/i0.wp.com\/www.wallendorff.com\/belogue\/wp-content\/uploads\/2015\/04\/200804241.jpg?resize=350%2C200&ssl=1","width":350,"height":200},"classes":[]},{"id":3898,"url":"https:\/\/www.wallendorff.com\/belogue\/2009\/02\/10\/main-square-festival-arras-05-juillet-2008\/","url_meta":{"origin":3709,"position":3},"title":"Main Square Festival, Arras, 5 juillet 2008.","author":"dpc","date":"10 f\u00e9vrier 2009","format":false,"excerpt":"Je les avais promises l'ann\u00e9e derni\u00e8re et hop les voil\u00e0, les photos du Main Square Festival \u2015\u00a0Munster festival pour les intimes\u00a0\u2015, pr\u00e8s de 7 mois apr\u00e8s la bataille. Youpi. Hoosiers \u00a0 Panic at the Disco \u00a0 BB Brunes \u00a0 The Kooks \u00a0 Mika \u00a0 Apr\u00e8s cette belle s\u00e9ries de photos\u2026","rel":"","context":"Dans &quot;Alive&quot;","block_context":{"text":"Alive","link":"https:\/\/www.wallendorff.com\/belogue\/category\/alive\/"},"img":{"alt_text":"","src":"https:\/\/i0.wp.com\/www.wallendorff.com\/belogue\/wp-content\/uploads\/2015\/04\/200902101.jpg?resize=350%2C200&ssl=1","width":350,"height":200,"srcset":"https:\/\/i0.wp.com\/www.wallendorff.com\/belogue\/wp-content\/uploads\/2015\/04\/200902101.jpg?resize=350%2C200&ssl=1 1x, https:\/\/i0.wp.com\/www.wallendorff.com\/belogue\/wp-content\/uploads\/2015\/04\/200902101.jpg?resize=525%2C300&ssl=1 1.5x, https:\/\/i0.wp.com\/www.wallendorff.com\/belogue\/wp-content\/uploads\/2015\/04\/200902101.jpg?resize=700%2C400&ssl=1 2x"},"classes":[]},{"id":21429,"url":"https:\/\/www.wallendorff.com\/belogue\/2013\/07\/31\/juillet-2013\/","url_meta":{"origin":3709,"position":4},"title":"Juillet 2013.","author":"dpc","date":"31 juillet 2013","format":false,"excerpt":"5 titres Pixies \u2013 Bagboy The Naked and Famous \u2013 Hearts Like Ours Palma Violets \u2013 Best of Friends Filligar \u2013 New Local Smallpools \u2013 Mason Jar Et en bonus parce que tout le monde l'a tellement chant\u00e9e \u00e0 Belfort qu'elle en est rest\u00e9e coinc\u00e9e dans mon oreille le mois\u2026","rel":"","context":"Dans &quot;Blog-note&quot;","block_context":{"text":"Blog-note","link":"https:\/\/www.wallendorff.com\/belogue\/category\/blog-note\/"},"img":{"alt_text":"","src":"https:\/\/i0.wp.com\/www.wallendorff.com\/belogue\/wp-content\/uploads\/2015\/04\/20130809-801.jpg?resize=350%2C200&ssl=1","width":350,"height":200,"srcset":"https:\/\/i0.wp.com\/www.wallendorff.com\/belogue\/wp-content\/uploads\/2015\/04\/20130809-801.jpg?resize=350%2C200&ssl=1 1x, https:\/\/i0.wp.com\/www.wallendorff.com\/belogue\/wp-content\/uploads\/2015\/04\/20130809-801.jpg?resize=525%2C300&ssl=1 1.5x, https:\/\/i0.wp.com\/www.wallendorff.com\/belogue\/wp-content\/uploads\/2015\/04\/20130809-801.jpg?resize=700%2C400&ssl=1 2x"},"classes":[]},{"id":29242,"url":"https:\/\/www.wallendorff.com\/belogue\/2015\/09\/23\/1001-bruits-le-compte-des\/","url_meta":{"origin":3709,"position":5},"title":"1&nbsp;001 bruits (le compte des).","author":"dpc","date":"23 septembre 2015","format":false,"excerpt":"Cobo Arena, D\u00e9troit, 1er d\u00e9cembre 20041. Hot Chip, dimanche 30 ao\u00fbt 2015 \u00e0 Rock en Seine, fut donc le 1\u00a0001e artiste que j'ai vu se produire sur sc\u00e8ne en 690 concerts et festivals ces 20 derni\u00e8res ann\u00e9es, ce qui fait une brouette de gens, quand on consid\u00e8re que le terme\u2026","rel":"","context":"Dans &quot;DPC&quot;","block_context":{"text":"DPC","link":"https:\/\/www.wallendorff.com\/belogue\/category\/dpc\/"},"img":{"alt_text":"","src":"https:\/\/i0.wp.com\/www.wallendorff.com\/belogue\/wp-content\/uploads\/2015\/09\/20070119.jpg?resize=350%2C200&ssl=1","width":350,"height":200,"srcset":"https:\/\/i0.wp.com\/www.wallendorff.com\/belogue\/wp-content\/uploads\/2015\/09\/20070119.jpg?resize=350%2C200&ssl=1 1x, https:\/\/i0.wp.com\/www.wallendorff.com\/belogue\/wp-content\/uploads\/2015\/09\/20070119.jpg?resize=525%2C300&ssl=1 1.5x, https:\/\/i0.wp.com\/www.wallendorff.com\/belogue\/wp-content\/uploads\/2015\/09\/20070119.jpg?resize=700%2C400&ssl=1 2x"},"classes":[]}],"_links":{"self":[{"href":"https:\/\/www.wallendorff.com\/belogue\/wp-json\/wp\/v2\/posts\/3709","targetHints":{"allow":["GET"]}}],"collection":[{"href":"https:\/\/www.wallendorff.com\/belogue\/wp-json\/wp\/v2\/posts"}],"about":[{"href":"https:\/\/www.wallendorff.com\/belogue\/wp-json\/wp\/v2\/types\/post"}],"author":[{"embeddable":true,"href":"https:\/\/www.wallendorff.com\/belogue\/wp-json\/wp\/v2\/users\/1"}],"replies":[{"embeddable":true,"href":"https:\/\/www.wallendorff.com\/belogue\/wp-json\/wp\/v2\/comments?post=3709"}],"version-history":[{"count":9,"href":"https:\/\/www.wallendorff.com\/belogue\/wp-json\/wp\/v2\/posts\/3709\/revisions"}],"predecessor-version":[{"id":18687,"href":"https:\/\/www.wallendorff.com\/belogue\/wp-json\/wp\/v2\/posts\/3709\/revisions\/18687"}],"wp:featuredmedia":[{"embeddable":true,"href":"https:\/\/www.wallendorff.com\/belogue\/wp-json\/wp\/v2\/media\/25323"}],"wp:attachment":[{"href":"https:\/\/www.wallendorff.com\/belogue\/wp-json\/wp\/v2\/media?parent=3709"}],"wp:term":[{"taxonomy":"category","embeddable":true,"href":"https:\/\/www.wallendorff.com\/belogue\/wp-json\/wp\/v2\/categories?post=3709"},{"taxonomy":"post_tag","embeddable":true,"href":"https:\/\/www.wallendorff.com\/belogue\/wp-json\/wp\/v2\/tags?post=3709"}],"curies":[{"name":"wp","href":"https:\/\/api.w.org\/{rel}","templated":true}]}}