{"id":37002,"date":"2018-01-18T11:27:02","date_gmt":"2018-01-18T09:27:02","guid":{"rendered":"http:\/\/www.wallendorff.com\/belogue\/?p=37002"},"modified":"2018-05-23T08:01:22","modified_gmt":"2018-05-23T06:01:22","slug":"foehn-house-i","status":"publish","type":"post","link":"https:\/\/www.wallendorff.com\/belogue\/2018\/01\/18\/foehn-house-i\/","title":{"rendered":"Foehn house [I]."},"content":{"rendered":"<div id=\"photo\">\n<p><img decoding=\"async\" src=\"https:\/\/www.wallendorff.com\/belogue\/wp-content\/uploads\/2018\/01\/20180118.jpg\"><br \/>\nPalais du Louvre, Paris, 10 novembre 2017.<\/p>\n<p style=\"text-align:right\">\u00c7a fait redite de <a href=\"https:\/\/www.wallendorff.com\/belogue\/2008\/08\/01\/gaie-miss-herbert-osant-faire\/\">celle-ci<\/a>, je sais, mais qui ira chercher aussi loin dans mes archives&nbsp;?<\/p>\n<\/div>\n<div id=\"bandeson\">\n<p><img decoding=\"async\" src=\"https:\/\/www.wallendorff.com\/belogue\/photo\/pochettes\/w\/warlocks_the-surgery.jpg\" align=\"left\"><a href=\"http:\/\/www.youtube.com\/watch?v=JGeqblkdBPQ\"><em>Come Save Us<\/em><\/a><br \/><a href=\"https:\/\/www.thewarlocks.com\/\">The Warlocks<\/a><\/p>\n<\/div>\n","protected":false},"excerpt":{"rendered":"<p>Palais du Louvre, Paris, 10 novembre 2017. \u00c7a fait redite de celle-ci, je sais, mais qui ira chercher aussi loin dans mes archives&nbsp;? Come Save UsThe Warlocks<\/p>\n","protected":false},"author":1,"featured_media":37003,"comment_status":"open","ping_status":"open","sticky":false,"template":"","format":"standard","meta":{"_acf_changed":false,"ngg_post_thumbnail":0,"jetpack_post_was_ever_published":false,"_jetpack_newsletter_access":"","_jetpack_dont_email_post_to_subs":false,"_jetpack_newsletter_tier_id":0,"_jetpack_memberships_contains_paywalled_content":false,"_jetpack_memberships_contains_paid_content":false,"footnotes":"","jetpack_publicize_message":"","jetpack_publicize_feature_enabled":true,"jetpack_social_post_already_shared":true,"jetpack_social_options":{"image_generator_settings":{"template":"highway","default_image_id":0,"font":"","enabled":false},"version":2}},"categories":[3],"tags":[10182,1593,10120,14271,10121,143,11237,10098,10592,916,14274,813],"class_list":["post-37002","post","type-post","status-publish","format-standard","has-post-thumbnail","hentry","category-dpc","tag-10182","tag-come-save-us","tag-france","tag-fujifilm-x-t2","tag-ile-de-france","tag-noir-et-blanc","tag-palais-du-louvre","tag-paris","tag-pose-longue","tag-pyramide-du-louvre","tag-samyang-8-mm-f2-8-umc-fisheye-ii","tag-the-warlocks"],"acf":[],"geo":{"latitude":48.8606644,"longitude":2.3356247,"description":"Louvre Pyramid, 75001 Paris, France"},"jetpack_publicize_connections":[],"jetpack_featured_media_url":"https:\/\/www.wallendorff.com\/belogue\/wp-content\/uploads\/2018\/01\/20180118.jpg","jetpack_shortlink":"https:\/\/wp.me\/p3b35P-9CO","jetpack_sharing_enabled":true,"jetpack-related-posts":[{"id":1279,"url":"https:\/\/www.wallendorff.com\/belogue\/2008\/07\/29\/sec-ou-elle-est-mouille\/","url_meta":{"origin":37002,"position":0},"title":"Sec o\u00f9 elle est mouille.","author":"dpc","date":"29 juillet 2008","format":false,"excerpt":"Le Louvre, Paris, 23 juin. Jaaaaaaaaaaaaaaaaaaaaaaaaack. \u00a0The Warlocks \u2013 Inside Outside","rel":"","context":"Dans &quot;DPC&quot;","block_context":{"text":"DPC","link":"https:\/\/www.wallendorff.com\/belogue\/category\/dpc\/"},"img":{"alt_text":"","src":"https:\/\/i0.wp.com\/www.wallendorff.com\/belogue\/wp-content\/uploads\/2015\/04\/200807291.jpg?resize=350%2C200&ssl=1","width":350,"height":200},"classes":[]},{"id":125717,"url":"https:\/\/www.wallendorff.com\/belogue\/2023\/07\/28\/losanges-laissent\/","url_meta":{"origin":37002,"position":1},"title":"Losanges laissent.","author":"dpc","date":"28 juillet 2023","format":false,"excerpt":"Palais du Louvre, Paris, 12 mai 2023.","rel":"","context":"Dans &quot;DPC&quot;","block_context":{"text":"DPC","link":"https:\/\/www.wallendorff.com\/belogue\/category\/dpc-en\/"},"img":{"alt_text":"","src":"https:\/\/i0.wp.com\/www.wallendorff.com\/belogue\/wp-content\/uploads\/2023\/07\/20230728.jpg?resize=350%2C200&ssl=1","width":350,"height":200,"srcset":"https:\/\/i0.wp.com\/www.wallendorff.com\/belogue\/wp-content\/uploads\/2023\/07\/20230728.jpg?resize=350%2C200&ssl=1 1x, https:\/\/i0.wp.com\/www.wallendorff.com\/belogue\/wp-content\/uploads\/2023\/07\/20230728.jpg?resize=525%2C300&ssl=1 1.5x, https:\/\/i0.wp.com\/www.wallendorff.com\/belogue\/wp-content\/uploads\/2023\/07\/20230728.jpg?resize=700%2C400&ssl=1 2x, https:\/\/i0.wp.com\/www.wallendorff.com\/belogue\/wp-content\/uploads\/2023\/07\/20230728.jpg?resize=1050%2C600&ssl=1 3x"},"classes":[]},{"id":39,"url":"https:\/\/www.wallendorff.com\/belogue\/2005\/10\/27\/miroirs-sentent-huns\/","url_meta":{"origin":37002,"position":2},"title":"Miroirs sentent huns.","author":"dpc","date":"27 octobre 2005","format":false,"excerpt":"Le Louvre, Paris, 29 septembre1. Rien de tel qu'un morceau joyeux avec un titre ensoleill\u00e9 pour se souhaiter une belle nuit et un matin qui chante pour la journ\u00e9e de demain qui commencera sous de merveilleux auspices puisqu'il fera beau2. \u00a0The Warlocks \u2013 Suicide Note _____ 1 Le Louvre\u00a0: demain\u2026","rel":"","context":"Dans &quot;DPC&quot;","block_context":{"text":"DPC","link":"https:\/\/www.wallendorff.com\/belogue\/category\/dpc\/"},"img":{"alt_text":"","src":"https:\/\/i0.wp.com\/www.wallendorff.com\/belogue\/wp-content\/uploads\/2015\/04\/200510271.jpg?resize=350%2C200&ssl=1","width":350,"height":200},"classes":[]},{"id":127662,"url":"https:\/\/www.wallendorff.com\/belogue\/2024\/04\/02\/lueur-des-soirs-2\/","url_meta":{"origin":37002,"position":3},"title":"Lueur des soirs.","author":"dpc","date":"2 avril 2024","format":false,"excerpt":"Palais du Louvre, Paris, 8 f\u00e9vrier 2024.Toujours pris de toujours la m\u00eame flaque.","rel":"","context":"Dans &quot;DPC&quot;","block_context":{"text":"DPC","link":"https:\/\/www.wallendorff.com\/belogue\/category\/dpc\/"},"img":{"alt_text":"","src":"https:\/\/i0.wp.com\/www.wallendorff.com\/belogue\/wp-content\/uploads\/2024\/04\/20240402-scaled.jpg?resize=350%2C200&ssl=1","width":350,"height":200,"srcset":"https:\/\/i0.wp.com\/www.wallendorff.com\/belogue\/wp-content\/uploads\/2024\/04\/20240402-scaled.jpg?resize=350%2C200&ssl=1 1x, https:\/\/i0.wp.com\/www.wallendorff.com\/belogue\/wp-content\/uploads\/2024\/04\/20240402-scaled.jpg?resize=525%2C300&ssl=1 1.5x, https:\/\/i0.wp.com\/www.wallendorff.com\/belogue\/wp-content\/uploads\/2024\/04\/20240402-scaled.jpg?resize=700%2C400&ssl=1 2x, https:\/\/i0.wp.com\/www.wallendorff.com\/belogue\/wp-content\/uploads\/2024\/04\/20240402-scaled.jpg?resize=1050%2C600&ssl=1 3x, https:\/\/i0.wp.com\/www.wallendorff.com\/belogue\/wp-content\/uploads\/2024\/04\/20240402-scaled.jpg?resize=1400%2C800&ssl=1 4x"},"classes":[]},{"id":127197,"url":"https:\/\/www.wallendorff.com\/belogue\/2024\/01\/29\/pis-kepis-cake-collegue-rame\/","url_meta":{"origin":37002,"position":4},"title":"Pis k\u00e9pis, cake, coll\u00e8gue rame.","author":"dpc","date":"29 janvier 2024","format":false,"excerpt":"Palais du Louvre, 11 d\u00e9cembre 2023. Toujours depuis la m\u00eame flaque. Un jour, je ferai une s\u00e9rie rien que sur elle.","rel":"","context":"Dans &quot;DPC&quot;","block_context":{"text":"DPC","link":"https:\/\/www.wallendorff.com\/belogue\/category\/dpc\/"},"img":{"alt_text":"","src":"https:\/\/i0.wp.com\/www.wallendorff.com\/belogue\/wp-content\/uploads\/2024\/01\/20240129.jpg?resize=350%2C200&ssl=1","width":350,"height":200,"srcset":"https:\/\/i0.wp.com\/www.wallendorff.com\/belogue\/wp-content\/uploads\/2024\/01\/20240129.jpg?resize=350%2C200&ssl=1 1x, https:\/\/i0.wp.com\/www.wallendorff.com\/belogue\/wp-content\/uploads\/2024\/01\/20240129.jpg?resize=525%2C300&ssl=1 1.5x, https:\/\/i0.wp.com\/www.wallendorff.com\/belogue\/wp-content\/uploads\/2024\/01\/20240129.jpg?resize=700%2C400&ssl=1 2x, https:\/\/i0.wp.com\/www.wallendorff.com\/belogue\/wp-content\/uploads\/2024\/01\/20240129.jpg?resize=1050%2C600&ssl=1 3x"},"classes":[]},{"id":43810,"url":"https:\/\/www.wallendorff.com\/belogue\/2019\/09\/30\/nuits-bleues\/","url_meta":{"origin":37002,"position":5},"title":"Nuits bleues.","author":"dpc","date":"30 septembre 2019","format":false,"excerpt":"Palais du Louvre, Paris, 7 ao\u00fbt 2019. U (Man Like) Bon Iver","rel":"","context":"Dans &quot;DPC&quot;","block_context":{"text":"DPC","link":"https:\/\/www.wallendorff.com\/belogue\/category\/dpc\/"},"img":{"alt_text":"Palais du Louvre, Paris, 7 ao\u00fbt 2019.","src":"https:\/\/i0.wp.com\/www.wallendorff.com\/belogue\/wp-content\/uploads\/2019\/09\/20190930.jpg?resize=350%2C200&ssl=1","width":350,"height":200,"srcset":"https:\/\/i0.wp.com\/www.wallendorff.com\/belogue\/wp-content\/uploads\/2019\/09\/20190930.jpg?resize=350%2C200&ssl=1 1x, https:\/\/i0.wp.com\/www.wallendorff.com\/belogue\/wp-content\/uploads\/2019\/09\/20190930.jpg?resize=525%2C300&ssl=1 1.5x, https:\/\/i0.wp.com\/www.wallendorff.com\/belogue\/wp-content\/uploads\/2019\/09\/20190930.jpg?resize=700%2C400&ssl=1 2x"},"classes":[]}],"_links":{"self":[{"href":"https:\/\/www.wallendorff.com\/belogue\/wp-json\/wp\/v2\/posts\/37002","targetHints":{"allow":["GET"]}}],"collection":[{"href":"https:\/\/www.wallendorff.com\/belogue\/wp-json\/wp\/v2\/posts"}],"about":[{"href":"https:\/\/www.wallendorff.com\/belogue\/wp-json\/wp\/v2\/types\/post"}],"author":[{"embeddable":true,"href":"https:\/\/www.wallendorff.com\/belogue\/wp-json\/wp\/v2\/users\/1"}],"replies":[{"embeddable":true,"href":"https:\/\/www.wallendorff.com\/belogue\/wp-json\/wp\/v2\/comments?post=37002"}],"version-history":[{"count":4,"href":"https:\/\/www.wallendorff.com\/belogue\/wp-json\/wp\/v2\/posts\/37002\/revisions"}],"predecessor-version":[{"id":37007,"href":"https:\/\/www.wallendorff.com\/belogue\/wp-json\/wp\/v2\/posts\/37002\/revisions\/37007"}],"wp:featuredmedia":[{"embeddable":true,"href":"https:\/\/www.wallendorff.com\/belogue\/wp-json\/wp\/v2\/media\/37003"}],"wp:attachment":[{"href":"https:\/\/www.wallendorff.com\/belogue\/wp-json\/wp\/v2\/media?parent=37002"}],"wp:term":[{"taxonomy":"category","embeddable":true,"href":"https:\/\/www.wallendorff.com\/belogue\/wp-json\/wp\/v2\/categories?post=37002"},{"taxonomy":"post_tag","embeddable":true,"href":"https:\/\/www.wallendorff.com\/belogue\/wp-json\/wp\/v2\/tags?post=37002"}],"curies":[{"name":"wp","href":"https:\/\/api.w.org\/{rel}","templated":true}]}}