{"id":3692,"date":"2008-12-19T14:15:43","date_gmt":"2008-12-19T12:15:43","guid":{"rendered":"http:\/\/www.po-l.com\/belogue\/?p=3692"},"modified":"2012-08-10T11:13:18","modified_gmt":"2012-08-10T09:13:18","slug":"astonvilla-subway-le-bataclan-paris","status":"publish","type":"post","link":"https:\/\/www.wallendorff.com\/belogue\/2008\/12\/19\/astonvilla-subway-le-bataclan-paris\/","title":{"rendered":"Astonvilla + Subway @ le Bataclan, Paris."},"content":{"rendered":"<div id=\"photo\">\n<p><img decoding=\"async\" src=\"https:\/\/www.wallendorff.com\/belogue\/photo\/2008\/12\/20081219.jpg\" \/><\/p>\n<\/div>\n<p>Je pourrais faire un long article racontant &agrave; quel point le 5D Mark II est un vrai bonheur de la vie, mais <a href=\"http:\/\/www.le-hiboo.com\/7591\">le Rod s&rsquo;en &eacute;tant d&eacute;j&agrave; occup&eacute; avant-hier<\/a>, je m&rsquo;en tiendrai &agrave; une liste de pour\/contre rapide, histoire de gagner du temps&nbsp;:<\/p>\n<h2>Contre&nbsp;:<\/h2>\n<ul>\n<li>L&rsquo;autofocus patine effectivement. Pas bien meilleur que celui du 20D, qui est pourtant vieux de quatre ans. Cela &eacute;tant, le fotoapparat fonctionnant dans des conditions lumineuses bien plus d&eacute;favorables que mes bo&icirc;tiers pr&eacute;c&eacute;dents, il est normal que l&rsquo;autofocus s&rsquo;y fasse plus difficilement puisqu&rsquo;il lui faut de la lumi&egrave;re pour fonctionner, l&rsquo;autofocus, c&rsquo;est un peu le contraire des vampire quand on y pense.<\/li>\n<li>La mesure d&rsquo;expo est assez capricieuse, mais apr&egrave;s quelques points sur les i [&laquo;&nbsp;Non, Rhubarbe, c&rsquo;est tr&egrave;s mal de surexposer les gens, apr&egrave;s ils sont tout blafards, alors tu arr&ecirc;tes, maintenant.&nbsp;&raquo;&nbsp;; &laquo;&nbsp;Non, Rhubarbe, les sous-exposer pour qu&rsquo;ils deviennent tout noirs c&rsquo;est pas bien non plus, si tu continues je te prive de dessert demain&nbsp;&raquo;, etc.], \u00e7a va.<\/li>\n<li>Le bouton AF-On ne peut &ecirc;tre utilis&eacute; comme sur l&rsquo;Eos-1D comme basculateur de point d&rsquo;autofocus instantan&eacute;, et &ccedil;a c&rsquo;est super moche, surtout quand on est habitu&eacute; depuis deux ans &agrave; d&eacute;caler du point central vers celui du haut en une petite pression quand on veut mettre au point sur une t&ecirc;te de chanteur en vertical. &Ccedil;a me pose des probl&egrave;mes dans mon karma, entrave ma nature intrins&egrave;que, je crois qu&rsquo;il va falloir que je consulte. <\/li>\n<li>Les bruts de 30&nbsp;Mo, pardon mais mon ordinateur n&rsquo;y arrive pas. Reste &agrave; chouter en sRAW, du coup, mais on se retrouve avec 9&nbsp;millions de pixels seulement, ce qui est un peu limite face aux 12 millions du Mark I.<\/li>\n<li>Au m&ecirc;me rayon, avec 30&nbsp;Mo de donn&eacute;es &agrave; manger par prise, mieux vaut que tes CompactFlash aient des p&eacute;digrees de poney si tu ne veux pas que ta rafale &#8213;&nbsp;par ailleurs lente, mais on s&rsquo;en fout, c&rsquo;est pas un appareil de sport&nbsp;&#8213; d&eacute;passe les cinq clich&eacute;s.   <\/li>\n<li>Quelqu&rsquo;un a un CS4 &agrave; me pr&ecirc;ter&nbsp;? Lightroom, c&rsquo;est bien joli, mais rien ne remplace Photoshop pour de vraies optimisations de brut et des noirs et blancs pas gris et gris.  <\/li>\n<\/ul>\n<h2>Pour<\/h2>\n<ul>\n<li>Bienvenu. Bienvenu dans un monde d&rsquo;ISO &agrave; 3&nbsp;200 sans bruit, de photos les plus lentes au 100<sup>e<\/sup> de seconde, un univers tout net o&ugrave; l&rsquo;on ne rencontre plus de probl&egrave;me &agrave; choper ce qu&rsquo;on voulait choper sans obtenir une vieille merde floue ou une jolie image toute blanche parce qu&rsquo;au moment o&ugrave; Jimi Hendrix a mordu sa guitare, ton bo&icirc;tier a trouv&eacute; malin d&rsquo;exposer pendant 2&nbsp;s pour bien qu&rsquo;on lui voie les dents. Et le mieux, c&rsquo;est qu&rsquo;&agrave; 6&nbsp;400, &ccedil;a passe encore.<\/li>\n<li>Les 21 millions de pixels, encore. Le fichier &eacute;norme, &ccedil;a permet des retouches bien plus jolie puisque pr&eacute;cises<sup>1<\/sup>. &Ccedil;a n&#8217;emp&ecirc;che pas mon disque dur et mes CompactFlash de faire la gueule mais malgr&eacute; tout, joie, et dilemme corn&eacute;lien aggrav&eacute; pour d&eacute;cider de quel format de brut employer.<\/li>\n<li>La vis&eacute;e par &eacute;cran, quoique passablement gadget, permet d&rsquo;atteindre des angles vraiment bizarres et &ccedil;a, si &ccedil;a ne servira pas trop pour le live &#8213;&nbsp;les trous de nez en contre-plong&eacute;e, c&rsquo;est jamais tr&egrave;s flatteur pour le sujet&nbsp;&#8213;, bonjour les prochaines photos de plafonds de gares au grand-angle avec le machin pos&eacute; par terre, ahah, on va s&rsquo;&eacute;clater grave.<\/li>\n<li>Le plein format, &eacute;videmment, que mon fisheye fait enfin du vrai fisheye et que mes profondeurs de champ sont enfin de vraies profondeurs de champ. Le tout implique un viseur confortable, mes yeux tout pourris et moi pouvons enfin faire de la mise au point manuelle, et franchement, la vie c&rsquo;est trop bien.<\/li>\n<\/ul>\n<p>Enfin, je ne sais pas si c&rsquo;est li&eacute;, mais chouter au 5D Mark II &ccedil;a donne envie aux groupes fran&ccedil;ais de reprendre <em>Whatever Happened to my Rock n&rsquo;Roll<\/em>, je sais pas si c&rsquo;est li&eacute;, mais en quatre ans de 20D et d&rsquo;1D Mark II, aucun groupe fran&ccedil;ais ne m&rsquo;avait repris de BRMC.<\/p>\n<p>Les photos d&rsquo;hier suivent, et joyeux anniversaire au passage &agrave; Astonvilla qui f&ecirc;tait ses 15 ans. <\/p>ngg_shortcode_0_placeholder<p>Ah et comme j&rsquo;&eacute;tais press&eacute; de jouer avec, j&rsquo;ai fait du Subway aussi&nbsp;:<\/p>ngg_shortcode_1_placeholder<p>&nbsp;<\/p>\n<div id=\"bandeson\">\n<p><img decoding=\"async\" src=\"https:\/\/www.wallendorff.com\/belogue\/photo\/pochettes\/b\/black_rebel_motorcycle_club-brmc.jpg\" align=\"left\" \/> <a href=\"http:\/\/www.blackrebelmotorcycleclub.com\/\">Black Rebel Motorcycle Club<\/a> &ndash; <em>Whatever Happened to my Rock &amp; Roll (Punk Song)<\/em><\/p>\n<\/div>\n<p>_____<\/p>\n<div id=\"bas_note\">\n<p><sup>1<\/sup> Oui, parce que j&rsquo;efface r&eacute;guli&egrave;rement des pieds de micros et des bouts de manches de guitares quand ils me pourrissent mes cadrages et j&rsquo;en suis fier, d&rsquo;abord.<\/p>\n<\/div>\n","protected":false},"excerpt":{"rendered":"<p>Je pourrais faire un long article racontant &agrave; quel point le 5D Mark II est un vrai bonheur de la vie, mais le Rod s&rsquo;en &eacute;tant d&eacute;j&agrave; occup&eacute; avant-hier, je m&rsquo;en tiendrai &agrave; une liste de pour\/contre rapide, histoire de gagner du temps&nbsp;: Contre&nbsp;: L&rsquo;autofocus patine effectivement. Pas bien meilleur que celui du 20D, qui&hellip;<\/p>\n","protected":false},"author":1,"featured_media":25319,"comment_status":"open","ping_status":"open","sticky":false,"template":"","format":"standard","meta":{"_acf_changed":false,"ngg_post_thumbnail":0,"jetpack_post_was_ever_published":false,"_jetpack_newsletter_access":"","_jetpack_dont_email_post_to_subs":false,"_jetpack_newsletter_tier_id":0,"_jetpack_memberships_contains_paywalled_content":false,"_jetpack_memberships_contains_paid_content":false,"footnotes":"","jetpack_publicize_message":"","jetpack_publicize_feature_enabled":true,"jetpack_social_post_already_shared":false,"jetpack_social_options":{"image_generator_settings":{"template":"highway","default_image_id":0,"font":"","enabled":false},"version":2}},"categories":[7],"tags":[203,10183,10084,2582,10118,196,2615,10121,10332,143,10098,2616,2617],"class_list":["post-3692","post","type-post","status-publish","format-standard","has-post-thumbnail","hentry","category-alive","tag-203","tag-10183","tag-alive","tag-astonvilla","tag-black-rebel-motorcycle-club","tag-ef-28-70-mm-f28l-usm","tag-eos-5d-mark-ii","tag-ile-de-france","tag-le-bataclan","tag-noir-et-blanc","tag-paris","tag-subway","tag-whatever-happened-to-my-rock-roll"],"acf":[],"geo":{"latitude":48.8629417,"longitude":2.370445,"description":"1-15 Passage Saint-Pierre Amelot, 75011 Paris, France"},"jetpack_publicize_connections":[],"jetpack_featured_media_url":"https:\/\/www.wallendorff.com\/belogue\/wp-content\/uploads\/2015\/04\/200812191.jpg","jetpack_shortlink":"https:\/\/wp.me\/p3b35P-Xy","jetpack_sharing_enabled":true,"jetpack-related-posts":[{"id":130445,"url":"https:\/\/www.wallendorff.com\/belogue\/2024\/08\/31\/flogging-molly-le-bataclan-paris-27-aout-2024\/","url_meta":{"origin":3692,"position":0},"title":"Flogging Molly @ le Bataclan, Paris, 27 ao\u00fbt 2024.","author":"dpc","date":"31 ao\u00fbt 2024","format":false,"excerpt":"Drunken Lullabies | The Hand of John L. Sullivan | Swagger | (Try) Keep the Man Down | Whistles the Wind | Life in a Tenement Square | A Song of Liberty | Tobacco Island | The Croppy Boy '98 | Float | Saints & Sinners | Rebels of the\u2026","rel":"","context":"Dans &quot;Alive&quot;","block_context":{"text":"Alive","link":"https:\/\/www.wallendorff.com\/belogue\/category\/alive\/"},"img":{"alt_text":"","src":"https:\/\/i0.wp.com\/www.wallendorff.com\/belogue\/wp-content\/uploads\/2024\/08\/20240830-26.jpg?resize=350%2C200&ssl=1","width":350,"height":200,"srcset":"https:\/\/i0.wp.com\/www.wallendorff.com\/belogue\/wp-content\/uploads\/2024\/08\/20240830-26.jpg?resize=350%2C200&ssl=1 1x, https:\/\/i0.wp.com\/www.wallendorff.com\/belogue\/wp-content\/uploads\/2024\/08\/20240830-26.jpg?resize=525%2C300&ssl=1 1.5x, https:\/\/i0.wp.com\/www.wallendorff.com\/belogue\/wp-content\/uploads\/2024\/08\/20240830-26.jpg?resize=700%2C400&ssl=1 2x, https:\/\/i0.wp.com\/www.wallendorff.com\/belogue\/wp-content\/uploads\/2024\/08\/20240830-26.jpg?resize=1050%2C600&ssl=1 3x"},"classes":[]},{"id":3577,"url":"https:\/\/www.wallendorff.com\/belogue\/2008\/11\/12\/astonvilla-le-brise-glace-annecy-4-5-juin\/","url_meta":{"origin":3692,"position":1},"title":"Astonvilla @ le Brise Glace, Annecy, 4-5 juin.","author":"dpc","date":"12 novembre 2008","format":false,"excerpt":"Astonvilla \u2013 Live sort aujourd'hui avec 15 de mes photos dans son livret, ce qui est la frime, un peu, reconnaissons-le, alors f\u00eatons \u00e7a avec une s\u00e9rie sur le concert du Brise Glace o\u00f9 a \u00e9t\u00e9 enregistr\u00e9 l'album. Le disque est l\u00e0. Et si vous \u00eates gentils, oui je veux\u2026","rel":"","context":"Dans &quot;Alive&quot;","block_context":{"text":"Alive","link":"https:\/\/www.wallendorff.com\/belogue\/category\/alive\/"},"img":{"alt_text":"","src":"https:\/\/i0.wp.com\/www.wallendorff.com\/belogue\/wp-content\/uploads\/2015\/04\/200811121.jpg?resize=350%2C200&ssl=1","width":350,"height":200,"srcset":"https:\/\/i0.wp.com\/www.wallendorff.com\/belogue\/wp-content\/uploads\/2015\/04\/200811121.jpg?resize=350%2C200&ssl=1 1x, https:\/\/i0.wp.com\/www.wallendorff.com\/belogue\/wp-content\/uploads\/2015\/04\/200811121.jpg?resize=525%2C300&ssl=1 1.5x, https:\/\/i0.wp.com\/www.wallendorff.com\/belogue\/wp-content\/uploads\/2015\/04\/200811121.jpg?resize=700%2C400&ssl=1 2x"},"classes":[]},{"id":12546,"url":"https:\/\/www.wallendorff.com\/belogue\/2011\/04\/07\/the-kills-s-c-u-m-le-bataclan-paris\/","url_meta":{"origin":3692,"position":2},"title":"The Kills + S.C.U.M @ le Bataclan, Paris.","author":"dpc","date":"7 avril 2011","format":false,"excerpt":"No Wow | Future Starts Slow | Heart Is a Beating Drum | Kissy Kissy | U.R.A. Fever | DNA | Satellite | Tape Song | Baby Says | You Don't Own the Road | Sour Cherry || The Last Goodbye | Pots and Pans | Fried My Little Brains\u2026","rel":"","context":"Dans &quot;Alive&quot;","block_context":{"text":"Alive","link":"https:\/\/www.wallendorff.com\/belogue\/category\/alive\/"},"img":{"alt_text":"","src":"https:\/\/i0.wp.com\/www.wallendorff.com\/belogue\/wp-content\/uploads\/2015\/04\/201104071.jpg?resize=350%2C200&ssl=1","width":350,"height":200,"srcset":"https:\/\/i0.wp.com\/www.wallendorff.com\/belogue\/wp-content\/uploads\/2015\/04\/201104071.jpg?resize=350%2C200&ssl=1 1x, https:\/\/i0.wp.com\/www.wallendorff.com\/belogue\/wp-content\/uploads\/2015\/04\/201104071.jpg?resize=525%2C300&ssl=1 1.5x, https:\/\/i0.wp.com\/www.wallendorff.com\/belogue\/wp-content\/uploads\/2015\/04\/201104071.jpg?resize=700%2C400&ssl=1 2x"},"classes":[]},{"id":4080,"url":"https:\/\/www.wallendorff.com\/belogue\/2009\/03\/28\/eagles-of-death-metal-le-bataclan-paris\/","url_meta":{"origin":3692,"position":3},"title":"Eagles of Death Metal @ le Bataclan, Paris.","author":"dpc","date":"28 mars 2009","format":false,"excerpt":"\u00a0 Ghinzu \u2013 Kill the Surfer Il y a quelque chose de jouissif \u00e0 se faire \u00e9craser par les rangs de derri\u00e8re alors qu'on s'agrippe d'une main \u00e0 la sc\u00e8ne et que de l'autre on tient le fotoapparat, tout bloqu\u00e9 en manuel et en autofocus \u00e0 t\u00eate chercheuse. On n'est\u2026","rel":"","context":"Dans &quot;Alive&quot;","block_context":{"text":"Alive","link":"https:\/\/www.wallendorff.com\/belogue\/category\/alive\/"},"img":{"alt_text":"","src":"https:\/\/i0.wp.com\/www.wallendorff.com\/belogue\/wp-content\/uploads\/2015\/04\/200903281.jpg?resize=350%2C200&ssl=1","width":350,"height":200,"srcset":"https:\/\/i0.wp.com\/www.wallendorff.com\/belogue\/wp-content\/uploads\/2015\/04\/200903281.jpg?resize=350%2C200&ssl=1 1x, https:\/\/i0.wp.com\/www.wallendorff.com\/belogue\/wp-content\/uploads\/2015\/04\/200903281.jpg?resize=525%2C300&ssl=1 1.5x, https:\/\/i0.wp.com\/www.wallendorff.com\/belogue\/wp-content\/uploads\/2015\/04\/200903281.jpg?resize=700%2C400&ssl=1 2x"},"classes":[]},{"id":7786,"url":"https:\/\/www.wallendorff.com\/belogue\/2010\/07\/01\/the-dead-weather-le-bataclan-paris\/","url_meta":{"origin":3692,"position":4},"title":"The Dead Weather @ le Bataclan, Paris.","author":"dpc","date":"1 juillet 2010","format":false,"excerpt":"Ahah et dire que quand j'\u00e9tais jeune et na\u00eff je m'\u00e9tais plaint du Bataclan de Pidji Harvet l'ann\u00e9e derni\u00e8re parce qu'on avait eu trop chaud. Hier c'\u00e9tait pire, bien pire, pire m\u00eame que la Cigale de l'ann\u00e9e derni\u00e8re avec des morts et tout\u00a0; mais pas des morts inutiles, hein, des\u2026","rel":"","context":"Dans &quot;Alive&quot;","block_context":{"text":"Alive","link":"https:\/\/www.wallendorff.com\/belogue\/category\/alive\/"},"img":{"alt_text":"","src":"https:\/\/i0.wp.com\/www.wallendorff.com\/belogue\/wp-content\/uploads\/2015\/04\/201007011.jpg?resize=350%2C200&ssl=1","width":350,"height":200,"srcset":"https:\/\/i0.wp.com\/www.wallendorff.com\/belogue\/wp-content\/uploads\/2015\/04\/201007011.jpg?resize=350%2C200&ssl=1 1x, https:\/\/i0.wp.com\/www.wallendorff.com\/belogue\/wp-content\/uploads\/2015\/04\/201007011.jpg?resize=525%2C300&ssl=1 1.5x, https:\/\/i0.wp.com\/www.wallendorff.com\/belogue\/wp-content\/uploads\/2015\/04\/201007011.jpg?resize=700%2C400&ssl=1 2x"},"classes":[]},{"id":4892,"url":"https:\/\/www.wallendorff.com\/belogue\/2009\/10\/17\/the-fray-le-bataclan-paris\/","url_meta":{"origin":3692,"position":5},"title":"The Fray @ le Bataclan, Paris.","author":"dpc","date":"17 octobre 2009","format":false,"excerpt":"\u00a0The Big Pink \u2013 Dominos Ce qui est bien, c'est que maintenant que le Bataclan s'est \u00e9quip\u00e9 d'un sonom\u00e8tre, on sait qu'une horde de fans enamour\u00e9s, \u00e7a crie son impatience de voir revenir ses idoles sur sc\u00e8ne \u00e0 106,6\u00a0dB.","rel":"","context":"Dans &quot;Alive&quot;","block_context":{"text":"Alive","link":"https:\/\/www.wallendorff.com\/belogue\/category\/alive\/"},"img":{"alt_text":"","src":"https:\/\/i0.wp.com\/www.wallendorff.com\/belogue\/wp-content\/uploads\/2015\/04\/200910171.jpg?resize=350%2C200&ssl=1","width":350,"height":200,"srcset":"https:\/\/i0.wp.com\/www.wallendorff.com\/belogue\/wp-content\/uploads\/2015\/04\/200910171.jpg?resize=350%2C200&ssl=1 1x, https:\/\/i0.wp.com\/www.wallendorff.com\/belogue\/wp-content\/uploads\/2015\/04\/200910171.jpg?resize=525%2C300&ssl=1 1.5x, https:\/\/i0.wp.com\/www.wallendorff.com\/belogue\/wp-content\/uploads\/2015\/04\/200910171.jpg?resize=700%2C400&ssl=1 2x"},"classes":[]}],"_links":{"self":[{"href":"https:\/\/www.wallendorff.com\/belogue\/wp-json\/wp\/v2\/posts\/3692","targetHints":{"allow":["GET"]}}],"collection":[{"href":"https:\/\/www.wallendorff.com\/belogue\/wp-json\/wp\/v2\/posts"}],"about":[{"href":"https:\/\/www.wallendorff.com\/belogue\/wp-json\/wp\/v2\/types\/post"}],"author":[{"embeddable":true,"href":"https:\/\/www.wallendorff.com\/belogue\/wp-json\/wp\/v2\/users\/1"}],"replies":[{"embeddable":true,"href":"https:\/\/www.wallendorff.com\/belogue\/wp-json\/wp\/v2\/comments?post=3692"}],"version-history":[{"count":4,"href":"https:\/\/www.wallendorff.com\/belogue\/wp-json\/wp\/v2\/posts\/3692\/revisions"}],"predecessor-version":[{"id":3697,"href":"https:\/\/www.wallendorff.com\/belogue\/wp-json\/wp\/v2\/posts\/3692\/revisions\/3697"}],"wp:featuredmedia":[{"embeddable":true,"href":"https:\/\/www.wallendorff.com\/belogue\/wp-json\/wp\/v2\/media\/25319"}],"wp:attachment":[{"href":"https:\/\/www.wallendorff.com\/belogue\/wp-json\/wp\/v2\/media?parent=3692"}],"wp:term":[{"taxonomy":"category","embeddable":true,"href":"https:\/\/www.wallendorff.com\/belogue\/wp-json\/wp\/v2\/categories?post=3692"},{"taxonomy":"post_tag","embeddable":true,"href":"https:\/\/www.wallendorff.com\/belogue\/wp-json\/wp\/v2\/tags?post=3692"}],"curies":[{"name":"wp","href":"https:\/\/api.w.org\/{rel}","templated":true}]}}