{"id":3689,"date":"2008-12-18T11:28:44","date_gmt":"2008-12-18T09:28:44","guid":{"rendered":"http:\/\/www.po-l.com\/belogue\/?p=3689"},"modified":"2017-06-16T11:53:12","modified_gmt":"2017-06-16T09:53:12","slug":"lapereau-sur-les-aulx1","status":"publish","type":"post","link":"https:\/\/www.wallendorff.com\/belogue\/2008\/12\/18\/lapereau-sur-les-aulx1\/","title":{"rendered":"Lapereau sur les aulx<sup>1<\/sup>."},"content":{"rendered":"<div id=\"photo\">\n<p><img decoding=\"async\" src=\"https:\/\/www.wallendorff.com\/belogue\/photo\/2008\/12\/20081218.jpg\" \/><br \/>\n  Operaen, Bj&oslash;rvika, Oslo, 18 novembre.<\/p>\n<\/div>\n<div id=\"bandeson\">\n<p><img decoding=\"async\" src=\"https:\/\/www.wallendorff.com\/belogue\/photo\/pochettes\/k\/kills_the-midnight_boom.jpg\" align=\"left\" \/> <a href=\"http:\/\/www.thekills.tv\/\">The Kills<\/a> &ndash; <em>Goodnight Bad Morning<\/em><\/p>\n<\/div>\n<div id=\"bas_note\">\n<p>_____<\/p>\n<p><sup>1<\/sup> Parce que les amateurs de cuisine &agrave; l&rsquo;ail ont eux aussi droit &agrave; leurs mots-cl&eacute;s personnalis&eacute;s.<\/p>\n<\/div>\n","protected":false},"excerpt":{"rendered":"<p>Operaen, Bj&oslash;rvika, Oslo, 18 novembre. The Kills &ndash; Goodnight Bad Morning _____ 1 Parce que les amateurs de cuisine &agrave; l&rsquo;ail ont eux aussi droit &agrave; leurs mots-cl&eacute;s personnalis&eacute;s.<\/p>\n","protected":false},"author":1,"featured_media":25318,"comment_status":"open","ping_status":"open","sticky":false,"template":"","format":"standard","meta":{"_acf_changed":false,"ngg_post_thumbnail":0,"jetpack_post_was_ever_published":false,"_jetpack_newsletter_access":"","_jetpack_dont_email_post_to_subs":false,"_jetpack_newsletter_tier_id":0,"_jetpack_memberships_contains_paywalled_content":false,"_jetpack_memberships_contains_paid_content":false,"footnotes":"","jetpack_publicize_message":"","jetpack_publicize_feature_enabled":true,"jetpack_social_post_already_shared":false,"jetpack_social_options":{"image_generator_settings":{"template":"highway","default_image_id":0,"font":"","enabled":false},"version":2}},"categories":[3],"tags":[2610,737,196,132,2611,4811,10232,2357,13877,2398,10212],"class_list":["post-3689","post","type-post","status-publish","format-standard","has-post-thumbnail","hentry","category-dpc","tag-bjrvika","tag-bleu","tag-ef-28-70-mm-f28l-usm","tag-eos-20d","tag-goodnight-bad-morning","tag-midnight-boom","tag-musee","tag-norvege","tag-opera-doslo","tag-oslo","tag-the-kills"],"acf":[],"geo":{"latitude":59.9080734,"longitude":10.7517424,"description":null},"jetpack_publicize_connections":[],"jetpack_featured_media_url":"https:\/\/www.wallendorff.com\/belogue\/wp-content\/uploads\/2015\/04\/200812181.jpg","jetpack_shortlink":"https:\/\/wp.me\/p3b35P-Xv","jetpack_sharing_enabled":true,"jetpack-related-posts":[{"id":34351,"url":"https:\/\/www.wallendorff.com\/belogue\/2017\/06\/28\/into-the-wide-103\/","url_meta":{"origin":3689,"position":0},"title":"Into the wide #103.","author":"dpc","date":"28 juin 2017","format":false,"excerpt":"Fridtjof Nansens Plass, Oslo, 7 mai. Wait (non-electric) The Kills","rel":"","context":"Dans &quot;Into the wide&quot;","block_context":{"text":"Into the wide","link":"https:\/\/www.wallendorff.com\/belogue\/category\/into-the-wide\/"},"img":{"alt_text":"","src":"https:\/\/i0.wp.com\/www.wallendorff.com\/belogue\/wp-content\/uploads\/2017\/06\/20170628.jpg?resize=350%2C200&ssl=1","width":350,"height":200,"srcset":"https:\/\/i0.wp.com\/www.wallendorff.com\/belogue\/wp-content\/uploads\/2017\/06\/20170628.jpg?resize=350%2C200&ssl=1 1x, https:\/\/i0.wp.com\/www.wallendorff.com\/belogue\/wp-content\/uploads\/2017\/06\/20170628.jpg?resize=525%2C300&ssl=1 1.5x, https:\/\/i0.wp.com\/www.wallendorff.com\/belogue\/wp-content\/uploads\/2017\/06\/20170628.jpg?resize=700%2C400&ssl=1 2x, https:\/\/i0.wp.com\/www.wallendorff.com\/belogue\/wp-content\/uploads\/2017\/06\/20170628.jpg?resize=1050%2C600&ssl=1 3x"},"classes":[]},{"id":32697,"url":"https:\/\/www.wallendorff.com\/belogue\/2016\/10\/20\/the-kills-lolympia-paris\/","url_meta":{"origin":3689,"position":1},"title":"The Kills @ l&rsquo;Olympia, Paris.","author":"dpc","date":"20 octobre 2016","format":false,"excerpt":"J'esp\u00e8re que vous aimez les noirs et blancs p\u00e2teux, les violents contres-jours et les gens rendus flous \u00e0 cause du photographe qui tenait absolument restituer les mouvements de cheveux de Mosshart et a pour ce faire choisi une vitesse trop lente bigre que cette phrase est trop longue. 12 ann\u00e9es\u2026","rel":"","context":"Dans &quot;Alive&quot;","block_context":{"text":"Alive","link":"https:\/\/www.wallendorff.com\/belogue\/category\/alive\/"},"img":{"alt_text":"","src":"https:\/\/i0.wp.com\/www.wallendorff.com\/belogue\/wp-content\/uploads\/2016\/10\/20161020-10-1.jpg?resize=350%2C200&ssl=1","width":350,"height":200,"srcset":"https:\/\/i0.wp.com\/www.wallendorff.com\/belogue\/wp-content\/uploads\/2016\/10\/20161020-10-1.jpg?resize=350%2C200&ssl=1 1x, https:\/\/i0.wp.com\/www.wallendorff.com\/belogue\/wp-content\/uploads\/2016\/10\/20161020-10-1.jpg?resize=525%2C300&ssl=1 1.5x, https:\/\/i0.wp.com\/www.wallendorff.com\/belogue\/wp-content\/uploads\/2016\/10\/20161020-10-1.jpg?resize=700%2C400&ssl=1 2x"},"classes":[]},{"id":1227,"url":"https:\/\/www.wallendorff.com\/belogue\/2008\/05\/15\/fous-comme-les-soirs\/","url_meta":{"origin":3689,"position":2},"title":"Fous comme les soirs.","author":"dpc","date":"15 mai 2008","format":false,"excerpt":"Akershus park, Oslo, 1er avril. \u00c7a me fait penser que j'ai oubli\u00e9 de faire de la pub pour ce fin accordeur de bande-son. Allez-y, il m\u00e9rite. \u00a0Eddie Vedder \u2013 The Wolf","rel":"","context":"Dans &quot;DPC&quot;","block_context":{"text":"DPC","link":"https:\/\/www.wallendorff.com\/belogue\/category\/dpc\/"},"img":{"alt_text":"","src":"https:\/\/i0.wp.com\/www.wallendorff.com\/belogue\/wp-content\/uploads\/2015\/04\/200805151.jpg?resize=350%2C200&ssl=1","width":350,"height":200,"srcset":"https:\/\/i0.wp.com\/www.wallendorff.com\/belogue\/wp-content\/uploads\/2015\/04\/200805151.jpg?resize=350%2C200&ssl=1 1x, https:\/\/i0.wp.com\/www.wallendorff.com\/belogue\/wp-content\/uploads\/2015\/04\/200805151.jpg?resize=525%2C300&ssl=1 1.5x, https:\/\/i0.wp.com\/www.wallendorff.com\/belogue\/wp-content\/uploads\/2015\/04\/200805151.jpg?resize=700%2C400&ssl=1 2x"},"classes":[]},{"id":3682,"url":"https:\/\/www.wallendorff.com\/belogue\/2008\/12\/16\/les-mamies-de-mes-amis-sont-mes-ames-mies1\/","url_meta":{"origin":3689,"position":3},"title":"Les mamies de mes amis sont mes \u00e2mes mies1.","author":"dpc","date":"16 d\u00e9cembre 2008","format":false,"excerpt":"Akersgata, Oslo, 17 novembre. Interpol \u2013 Hands Away Des r\u00e9miniscences de \u00e7a, je trouve. _____ 1 Parce qu'attirer les amateurs de liage mamellaire, les fans de poneys, les billdetokiohotelophiles, les aficionados du suivi d'\u00e9volution pond\u00e9rale de rock star et tout ce qui ressemble de pr\u00e8s ou de loin \u00e0 un\u2026","rel":"","context":"Dans &quot;DPC&quot;","block_context":{"text":"DPC","link":"https:\/\/www.wallendorff.com\/belogue\/category\/dpc\/"},"img":{"alt_text":"","src":"https:\/\/i0.wp.com\/www.wallendorff.com\/belogue\/wp-content\/uploads\/2015\/04\/200812161.jpg?resize=350%2C200&ssl=1","width":350,"height":200,"srcset":"https:\/\/i0.wp.com\/www.wallendorff.com\/belogue\/wp-content\/uploads\/2015\/04\/200812161.jpg?resize=350%2C200&ssl=1 1x, https:\/\/i0.wp.com\/www.wallendorff.com\/belogue\/wp-content\/uploads\/2015\/04\/200812161.jpg?resize=525%2C300&ssl=1 1.5x, https:\/\/i0.wp.com\/www.wallendorff.com\/belogue\/wp-content\/uploads\/2015\/04\/200812161.jpg?resize=700%2C400&ssl=1 2x"},"classes":[]},{"id":109,"url":"https:\/\/www.wallendorff.com\/belogue\/2006\/03\/27\/illumination-1\/","url_meta":{"origin":3689,"position":4},"title":"Illumination #1.","author":"dpc","date":"27 mars 2006","format":false,"excerpt":"Passerelle Bidule, Paris, 15 mars, 22h18. En fait, \u00eatre \u00e0 la maison, c'est quand les 5 et les 7 sur les plaques des voitures sont dans le bon ordre. \u00a0The Kills \u2013 Rodeo Town","rel":"","context":"Dans &quot;DPC&quot;","block_context":{"text":"DPC","link":"https:\/\/www.wallendorff.com\/belogue\/category\/dpc\/"},"img":{"alt_text":"","src":"https:\/\/i0.wp.com\/www.wallendorff.com\/belogue\/wp-content\/uploads\/2015\/04\/200603271.jpg?resize=350%2C200&ssl=1","width":350,"height":200},"classes":[]},{"id":779,"url":"https:\/\/www.wallendorff.com\/belogue\/2006\/09\/04\/early-work-1\/","url_meta":{"origin":3689,"position":5},"title":"Early @ Work #1.","author":"dpc","date":"4 septembre 2006","format":false,"excerpt":"Clamart MC, 24 ao\u00fbt. \u00a0Arcade Fire \u2013 Une ann\u00e9e sans lumi\u00e8re","rel":"","context":"Dans &quot;DPC&quot;","block_context":{"text":"DPC","link":"https:\/\/www.wallendorff.com\/belogue\/category\/dpc\/"},"img":{"alt_text":"","src":"https:\/\/i0.wp.com\/www.wallendorff.com\/belogue\/wp-content\/uploads\/2015\/04\/200609041.jpg?resize=350%2C200&ssl=1","width":350,"height":200},"classes":[]}],"_links":{"self":[{"href":"https:\/\/www.wallendorff.com\/belogue\/wp-json\/wp\/v2\/posts\/3689","targetHints":{"allow":["GET"]}}],"collection":[{"href":"https:\/\/www.wallendorff.com\/belogue\/wp-json\/wp\/v2\/posts"}],"about":[{"href":"https:\/\/www.wallendorff.com\/belogue\/wp-json\/wp\/v2\/types\/post"}],"author":[{"embeddable":true,"href":"https:\/\/www.wallendorff.com\/belogue\/wp-json\/wp\/v2\/users\/1"}],"replies":[{"embeddable":true,"href":"https:\/\/www.wallendorff.com\/belogue\/wp-json\/wp\/v2\/comments?post=3689"}],"version-history":[{"count":1,"href":"https:\/\/www.wallendorff.com\/belogue\/wp-json\/wp\/v2\/posts\/3689\/revisions"}],"predecessor-version":[{"id":34317,"href":"https:\/\/www.wallendorff.com\/belogue\/wp-json\/wp\/v2\/posts\/3689\/revisions\/34317"}],"wp:featuredmedia":[{"embeddable":true,"href":"https:\/\/www.wallendorff.com\/belogue\/wp-json\/wp\/v2\/media\/25318"}],"wp:attachment":[{"href":"https:\/\/www.wallendorff.com\/belogue\/wp-json\/wp\/v2\/media?parent=3689"}],"wp:term":[{"taxonomy":"category","embeddable":true,"href":"https:\/\/www.wallendorff.com\/belogue\/wp-json\/wp\/v2\/categories?post=3689"},{"taxonomy":"post_tag","embeddable":true,"href":"https:\/\/www.wallendorff.com\/belogue\/wp-json\/wp\/v2\/tags?post=3689"}],"curies":[{"name":"wp","href":"https:\/\/api.w.org\/{rel}","templated":true}]}}