{"id":3686,"date":"2008-12-17T11:57:59","date_gmt":"2008-12-17T09:57:59","guid":{"rendered":"http:\/\/www.po-l.com\/belogue\/?p=3686"},"modified":"2012-08-08T11:55:44","modified_gmt":"2012-08-08T09:55:44","slug":"since-when-were-you-bitten-where-were-you-smitten","status":"publish","type":"post","link":"https:\/\/www.wallendorff.com\/belogue\/2008\/12\/17\/since-when-were-you-bitten-where-were-you-smitten\/","title":{"rendered":"Since when were you bitten, where were you smitten."},"content":{"rendered":"<div id=\"photo\">\n<p><img decoding=\"async\" src=\"https:\/\/www.wallendorff.com\/belogue\/photo\/2008\/12\/20081217.jpg\" \/><br \/>\n  S\u00f8ndregate, Oslo, 17 novembre. <\/p>\n<\/div>\n<div id=\"bandeson\">\n<p><img decoding=\"async\" src=\"https:\/\/www.wallendorff.com\/belogue\/photo\/pochettes\/i\/i_am_kloot-i_am_kloot.jpg\" align=\"left\" \/> <a href=\"http:\/\/www.iamkloot.com\/\">I Am Kloot<\/a> &ndash; <em>Cuckoo<\/em> <\/p>\n<\/div>\n","protected":false},"excerpt":{"rendered":"<p>S\u00f8ndregate, Oslo, 17 novembre. I Am Kloot &ndash; Cuckoo<\/p>\n","protected":false},"author":1,"featured_media":25317,"comment_status":"open","ping_status":"open","sticky":false,"template":"","format":"standard","meta":{"_acf_changed":false,"ngg_post_thumbnail":0,"jetpack_post_was_ever_published":false,"_jetpack_newsletter_access":"","_jetpack_dont_email_post_to_subs":false,"_jetpack_newsletter_tier_id":0,"_jetpack_memberships_contains_paywalled_content":false,"_jetpack_memberships_contains_paid_content":false,"footnotes":"","jetpack_publicize_message":"","jetpack_publicize_feature_enabled":true,"jetpack_social_post_already_shared":false,"jetpack_social_options":{"image_generator_settings":{"template":"highway","default_image_id":0,"font":"","enabled":false},"version":2}},"categories":[3],"tags":[2606,142,132,2608,10221,10278,2357,10147,2398,2607],"class_list":["post-3686","post","type-post","status-publish","format-standard","has-post-thumbnail","hentry","category-dpc","tag-ankerbrua","tag-ef-s-10-22-mm-f35-45-usm","tag-eos-20d","tag-cuckoo","tag-i-am-kloot","tag-lampadaire","tag-norvege","tag-nuit","tag-oslo","tag-sndregate"],"acf":[],"geo":{"latitude":59.9183006,"longitude":10.7568922,"description":null},"jetpack_publicize_connections":[],"jetpack_featured_media_url":"https:\/\/www.wallendorff.com\/belogue\/wp-content\/uploads\/2015\/04\/200812171.jpg","jetpack_shortlink":"https:\/\/wp.me\/p3b35P-Xs","jetpack_sharing_enabled":true,"jetpack-related-posts":[{"id":3989,"url":"https:\/\/www.wallendorff.com\/belogue\/2009\/03\/06\/i-am-kloot-la-maroquinerie-paris\/","url_meta":{"origin":3686,"position":0},"title":"I Am Kloot @ Minimum Festival, la Maroquinerie, Paris.","author":"dpc","date":"6 mars 2009","format":false,"excerpt":"Habituellement, je passe sous silence les premi\u00e8res parties nases parce que dans la vie il faut \u00eatre sympa, ouvert d'esprit et grave tol\u00e9rant. Mais quand on te sert Arlt., duo d\u00e9primant et mixte constitu\u00e9 d'un gars et une fille aussi dr\u00f4les que des amishs \u00e0 l'enterrement de leur grand-tante, d\u00e9bitant\u2026","rel":"","context":"Dans &quot;Alive&quot;","block_context":{"text":"Alive","link":"https:\/\/www.wallendorff.com\/belogue\/category\/alive\/"},"img":{"alt_text":"","src":"https:\/\/i0.wp.com\/www.wallendorff.com\/belogue\/wp-content\/uploads\/2015\/04\/200903061.jpg?resize=350%2C200&ssl=1","width":350,"height":200,"srcset":"https:\/\/i0.wp.com\/www.wallendorff.com\/belogue\/wp-content\/uploads\/2015\/04\/200903061.jpg?resize=350%2C200&ssl=1 1x, https:\/\/i0.wp.com\/www.wallendorff.com\/belogue\/wp-content\/uploads\/2015\/04\/200903061.jpg?resize=525%2C300&ssl=1 1.5x, https:\/\/i0.wp.com\/www.wallendorff.com\/belogue\/wp-content\/uploads\/2015\/04\/200903061.jpg?resize=700%2C400&ssl=1 2x"},"classes":[]},{"id":9703,"url":"https:\/\/www.wallendorff.com\/belogue\/2010\/10\/25\/i-am-kloot-la-maroquinerie-paris-2\/","url_meta":{"origin":3686,"position":1},"title":"I Am Kloot @ la Maroquinerie, Paris.","author":"dpc","date":"25 octobre 2010","format":false,"excerpt":"Northern Skies | Lately | To the Brink | The Stars Looks Familiar | Hey Little Bird | It's Just the Night | Somone Like You | From Your Favourite Sky | Storm Warning | Over My Shoulder | 86 TV's | Bigger Wheels | I Still Do | ?\u2026","rel":"","context":"Dans &quot;Alive&quot;","block_context":{"text":"Alive","link":"https:\/\/www.wallendorff.com\/belogue\/category\/alive\/"},"img":{"alt_text":"","src":"https:\/\/i0.wp.com\/www.wallendorff.com\/belogue\/wp-content\/uploads\/2015\/04\/201010251.jpg?resize=350%2C200&ssl=1","width":350,"height":200,"srcset":"https:\/\/i0.wp.com\/www.wallendorff.com\/belogue\/wp-content\/uploads\/2015\/04\/201010251.jpg?resize=350%2C200&ssl=1 1x, https:\/\/i0.wp.com\/www.wallendorff.com\/belogue\/wp-content\/uploads\/2015\/04\/201010251.jpg?resize=525%2C300&ssl=1 1.5x, https:\/\/i0.wp.com\/www.wallendorff.com\/belogue\/wp-content\/uploads\/2015\/04\/201010251.jpg?resize=700%2C400&ssl=1 2x"},"classes":[]},{"id":21183,"url":"https:\/\/www.wallendorff.com\/belogue\/2013\/06\/19\/shooting-people-105\/","url_meta":{"origin":3686,"position":2},"title":"Shooting people #105.","author":"dpc","date":"19 juin 2013","format":false,"excerpt":"Cannibale caf\u00e9, Paris, 10 mai. Northern SkiesI Am Kloot","rel":"","context":"Dans &quot;Portraits&quot;","block_context":{"text":"Portraits","link":"https:\/\/www.wallendorff.com\/belogue\/category\/portraits\/"},"img":{"alt_text":"","src":"https:\/\/i0.wp.com\/www.wallendorff.com\/belogue\/wp-content\/uploads\/2015\/04\/20130619.jpg?resize=350%2C200&ssl=1","width":350,"height":200,"srcset":"https:\/\/i0.wp.com\/www.wallendorff.com\/belogue\/wp-content\/uploads\/2015\/04\/20130619.jpg?resize=350%2C200&ssl=1 1x, https:\/\/i0.wp.com\/www.wallendorff.com\/belogue\/wp-content\/uploads\/2015\/04\/20130619.jpg?resize=525%2C300&ssl=1 1.5x, https:\/\/i0.wp.com\/www.wallendorff.com\/belogue\/wp-content\/uploads\/2015\/04\/20130619.jpg?resize=700%2C400&ssl=1 2x"},"classes":[]},{"id":20513,"url":"https:\/\/www.wallendorff.com\/belogue\/2013\/02\/26\/into-the-wide-1\/","url_meta":{"origin":3686,"position":3},"title":"Into the wide #1.","author":"dpc","date":"26 f\u00e9vrier 2013","format":false,"excerpt":"Rue Clauzel, Paris, 13 janvier. Du m\u00eame toit qu'il y a 5 ans. Proof (reinterpreted)I Am Kloot","rel":"","context":"Dans &quot;Into the wide&quot;","block_context":{"text":"Into the wide","link":"https:\/\/www.wallendorff.com\/belogue\/category\/into-the-wide\/"},"img":{"alt_text":"","src":"https:\/\/i0.wp.com\/www.wallendorff.com\/belogue\/wp-content\/uploads\/2015\/04\/20130226.jpg?resize=350%2C200&ssl=1","width":350,"height":200,"srcset":"https:\/\/i0.wp.com\/www.wallendorff.com\/belogue\/wp-content\/uploads\/2015\/04\/20130226.jpg?resize=350%2C200&ssl=1 1x, https:\/\/i0.wp.com\/www.wallendorff.com\/belogue\/wp-content\/uploads\/2015\/04\/20130226.jpg?resize=525%2C300&ssl=1 1.5x, https:\/\/i0.wp.com\/www.wallendorff.com\/belogue\/wp-content\/uploads\/2015\/04\/20130226.jpg?resize=700%2C400&ssl=1 2x"},"classes":[]},{"id":12288,"url":"https:\/\/www.wallendorff.com\/belogue\/2011\/02\/14\/pis-a-prismes-25\/","url_meta":{"origin":3686,"position":4},"title":"Pis \u00e0 prismes #25.","author":"dpc","date":"14 f\u00e9vrier 2011","format":false,"excerpt":"Pont de Bir-Hakeim, Paris, 8 janvier. \u00a0I Am Kloot \u2013 From Your Favourite Sky","rel":"","context":"Dans &quot;Pis \u00e0 prismes&quot;","block_context":{"text":"Pis \u00e0 prismes","link":"https:\/\/www.wallendorff.com\/belogue\/category\/pis-a-prismes\/"},"img":{"alt_text":"","src":"https:\/\/i0.wp.com\/www.wallendorff.com\/belogue\/wp-content\/uploads\/2015\/04\/201102141.jpg?resize=350%2C200&ssl=1","width":350,"height":200},"classes":[]},{"id":1091,"url":"https:\/\/www.wallendorff.com\/belogue\/2007\/11\/25\/tente-temps-d\/","url_meta":{"origin":3686,"position":5},"title":"Tente \u00e0 temps d\u00fb.","author":"dpc","date":"25 novembre 2007","format":false,"excerpt":"Rue Flayelle, Givet, 27 octobre. \u00a0I Am Kloot \u2013 I Believe","rel":"","context":"Dans &quot;DPC&quot;","block_context":{"text":"DPC","link":"https:\/\/www.wallendorff.com\/belogue\/category\/dpc\/"},"img":{"alt_text":"","src":"https:\/\/i0.wp.com\/www.wallendorff.com\/belogue\/wp-content\/uploads\/2015\/04\/200711251.jpg?resize=350%2C200&ssl=1","width":350,"height":200},"classes":[]}],"_links":{"self":[{"href":"https:\/\/www.wallendorff.com\/belogue\/wp-json\/wp\/v2\/posts\/3686","targetHints":{"allow":["GET"]}}],"collection":[{"href":"https:\/\/www.wallendorff.com\/belogue\/wp-json\/wp\/v2\/posts"}],"about":[{"href":"https:\/\/www.wallendorff.com\/belogue\/wp-json\/wp\/v2\/types\/post"}],"author":[{"embeddable":true,"href":"https:\/\/www.wallendorff.com\/belogue\/wp-json\/wp\/v2\/users\/1"}],"replies":[{"embeddable":true,"href":"https:\/\/www.wallendorff.com\/belogue\/wp-json\/wp\/v2\/comments?post=3686"}],"version-history":[{"count":2,"href":"https:\/\/www.wallendorff.com\/belogue\/wp-json\/wp\/v2\/posts\/3686\/revisions"}],"predecessor-version":[{"id":18559,"href":"https:\/\/www.wallendorff.com\/belogue\/wp-json\/wp\/v2\/posts\/3686\/revisions\/18559"}],"wp:featuredmedia":[{"embeddable":true,"href":"https:\/\/www.wallendorff.com\/belogue\/wp-json\/wp\/v2\/media\/25317"}],"wp:attachment":[{"href":"https:\/\/www.wallendorff.com\/belogue\/wp-json\/wp\/v2\/media?parent=3686"}],"wp:term":[{"taxonomy":"category","embeddable":true,"href":"https:\/\/www.wallendorff.com\/belogue\/wp-json\/wp\/v2\/categories?post=3686"},{"taxonomy":"post_tag","embeddable":true,"href":"https:\/\/www.wallendorff.com\/belogue\/wp-json\/wp\/v2\/tags?post=3686"}],"curies":[{"name":"wp","href":"https:\/\/api.w.org\/{rel}","templated":true}]}}