{"id":36818,"date":"2017-12-24T16:58:59","date_gmt":"2017-12-24T14:58:59","guid":{"rendered":"http:\/\/www.wallendorff.com\/belogue\/?p=36818"},"modified":"2017-12-24T16:58:59","modified_gmt":"2017-12-24T14:58:59","slug":"weihnachtsmarkt-iv","status":"publish","type":"post","link":"https:\/\/www.wallendorff.com\/belogue\/2017\/12\/24\/weihnachtsmarkt-iv\/","title":{"rendered":"Weihnachtsmarkt [IV]."},"content":{"rendered":"\n<div id=\"photo\">\n<p><img decoding=\"async\" src=\"https:\/\/www.wallendorff.com\/belogue\/wp-content\/uploads\/2017\/12\/20171224.jpg\"><br \/>\nPalais du Belv&eacute;d&egrave;re, Vienne, 10 d\u00e9cembre.<\/p>\n<\/p><\/div>\n<div id=\"bandeson\">\n<p><img decoding=\"async\" src=\"https:\/\/www.wallendorff.com\/belogue\/photo\/pochettes\/c\/coldplay-mince_species.jpg\" align=\"left\"><a id=\"lienmp3\" style=\"font-weight: normal;\" href=\"http:\/\/www.youtube.com\/watch?v=r57Fp3goxOU\"><em>Have Yourself a Merry Little Christmas<\/em> (Frank Sinatra cover)<\/a><br \/><a href=\"http:\/\/www.coldplay.co.uk\/\">Coldplay<\/a><\/p>\n<\/div>\n","protected":false},"excerpt":{"rendered":"<p>Palais du Belv&eacute;d&egrave;re, Vienne, 10 d\u00e9cembre. Have Yourself a Merry Little Christmas (Frank Sinatra cover)Coldplay<\/p>\n","protected":false},"author":1,"featured_media":36819,"comment_status":"open","ping_status":"open","sticky":false,"template":"","format":"standard","meta":{"_acf_changed":false,"ngg_post_thumbnail":0,"jetpack_post_was_ever_published":false,"_jetpack_newsletter_access":"","_jetpack_dont_email_post_to_subs":false,"_jetpack_newsletter_tier_id":0,"_jetpack_memberships_contains_paywalled_content":false,"_jetpack_memberships_contains_paid_content":false,"footnotes":"","jetpack_publicize_message":"","jetpack_publicize_feature_enabled":true,"jetpack_social_post_already_shared":true,"jetpack_social_options":{"image_generator_settings":{"template":"highway","default_image_id":0,"font":"","enabled":false},"version":2}},"categories":[3],"tags":[12059,737,8170,6766,10364,10326,14383,14382,12770,11748,4614,14381,12607,11323,10592,12614,12060],"class_list":["post-36818","post","type-post","status-publish","format-standard","has-post-thumbnail","hentry","category-dpc","tag-autriche","tag-bleu","tag-ef-24-70-mm-f2-8l-ii-usm","tag-eos-5d-mark-iii","tag-coldplay","tag-crepuscule","tag-frank-sinatra","tag-have-yourself-a-merry-little-christmas","tag-landstrase","tag-marche-de-noel","tag-noel","tag-palais","tag-palais-du-belvedere","tag-panoramique","tag-pose-longue","tag-prinz-eugen-strase","tag-vienne"],"acf":[],"geo":{"latitude":48.1897583,"longitude":16.3812542,"description":"Wien, Wieden, Wien, 1040, AT"},"jetpack_publicize_connections":[],"jetpack_featured_media_url":"https:\/\/www.wallendorff.com\/belogue\/wp-content\/uploads\/2017\/12\/20171224.jpg","jetpack_shortlink":"https:\/\/wp.me\/p3b35P-9zQ","jetpack_sharing_enabled":true,"jetpack-related-posts":[{"id":37312,"url":"https:\/\/www.wallendorff.com\/belogue\/2018\/02\/23\/into-the-wide-135\/","url_meta":{"origin":36818,"position":0},"title":"Into the wide #135.","author":"dpc","date":"23 f\u00e9vrier 2018","format":false,"excerpt":"Palais du Belv\u00e9d\u00e8re, Vienne, 10 d\u00e9cembre 2017. Paper Cages Franz Ferdinand","rel":"","context":"Dans &quot;Into the wide&quot;","block_context":{"text":"Into the wide","link":"https:\/\/www.wallendorff.com\/belogue\/category\/into-the-wide\/"},"img":{"alt_text":"Palais du Belv&eacute;d&egrave;re, Vienne, 10 d&eacute;cembre 2017","src":"https:\/\/i0.wp.com\/www.wallendorff.com\/belogue\/wp-content\/uploads\/2018\/02\/20180223.jpg?resize=350%2C200&ssl=1","width":350,"height":200,"srcset":"https:\/\/i0.wp.com\/www.wallendorff.com\/belogue\/wp-content\/uploads\/2018\/02\/20180223.jpg?resize=350%2C200&ssl=1 1x, https:\/\/i0.wp.com\/www.wallendorff.com\/belogue\/wp-content\/uploads\/2018\/02\/20180223.jpg?resize=525%2C300&ssl=1 1.5x, https:\/\/i0.wp.com\/www.wallendorff.com\/belogue\/wp-content\/uploads\/2018\/02\/20180223.jpg?resize=700%2C400&ssl=1 2x, https:\/\/i0.wp.com\/www.wallendorff.com\/belogue\/wp-content\/uploads\/2018\/02\/20180223.jpg?resize=1050%2C600&ssl=1 3x"},"classes":[]},{"id":29929,"url":"https:\/\/www.wallendorff.com\/belogue\/2016\/01\/07\/into-the-wide-60\/","url_meta":{"origin":36818,"position":1},"title":"Into the wide #60.","author":"dpc","date":"7 janvier 2016","format":false,"excerpt":"Palais du Belv\u00e9d\u00e8re, Vienne, 11 septembre 2015. Underdog (Save Me) Turin Brakes","rel":"","context":"Dans &quot;Into the wide&quot;","block_context":{"text":"Into the wide","link":"https:\/\/www.wallendorff.com\/belogue\/category\/into-the-wide\/"},"img":{"alt_text":"","src":"https:\/\/i0.wp.com\/www.wallendorff.com\/belogue\/wp-content\/uploads\/2016\/01\/20160107.jpg?resize=350%2C200&ssl=1","width":350,"height":200,"srcset":"https:\/\/i0.wp.com\/www.wallendorff.com\/belogue\/wp-content\/uploads\/2016\/01\/20160107.jpg?resize=350%2C200&ssl=1 1x, https:\/\/i0.wp.com\/www.wallendorff.com\/belogue\/wp-content\/uploads\/2016\/01\/20160107.jpg?resize=525%2C300&ssl=1 1.5x, https:\/\/i0.wp.com\/www.wallendorff.com\/belogue\/wp-content\/uploads\/2016\/01\/20160107.jpg?resize=700%2C400&ssl=1 2x, https:\/\/i0.wp.com\/www.wallendorff.com\/belogue\/wp-content\/uploads\/2016\/01\/20160107.jpg?resize=1050%2C600&ssl=1 3x"},"classes":[]},{"id":63880,"url":"https:\/\/www.wallendorff.com\/belogue\/2023\/02\/04\/frohe-weihnachten-wien-i\/","url_meta":{"origin":36818,"position":2},"title":"Frohe Weihnachten Wien [I].","author":"dpc","date":"4 f\u00e9vrier 2023","format":false,"excerpt":"","rel":"","context":"Dans &quot;DPC&quot;","block_context":{"text":"DPC","link":"https:\/\/www.wallendorff.com\/belogue\/category\/dpc\/"},"img":{"alt_text":"","src":"https:\/\/i0.wp.com\/www.wallendorff.com\/belogue\/wp-content\/uploads\/2023\/02\/20230204-20.jpg?resize=350%2C200&ssl=1","width":350,"height":200,"srcset":"https:\/\/i0.wp.com\/www.wallendorff.com\/belogue\/wp-content\/uploads\/2023\/02\/20230204-20.jpg?resize=350%2C200&ssl=1 1x, https:\/\/i0.wp.com\/www.wallendorff.com\/belogue\/wp-content\/uploads\/2023\/02\/20230204-20.jpg?resize=525%2C300&ssl=1 1.5x, https:\/\/i0.wp.com\/www.wallendorff.com\/belogue\/wp-content\/uploads\/2023\/02\/20230204-20.jpg?resize=700%2C400&ssl=1 2x, https:\/\/i0.wp.com\/www.wallendorff.com\/belogue\/wp-content\/uploads\/2023\/02\/20230204-20.jpg?resize=1050%2C600&ssl=1 3x"},"classes":[]},{"id":80768,"url":"https:\/\/www.wallendorff.com\/belogue\/2023\/02\/08\/frohe-weihnachten-wien-ii\/","url_meta":{"origin":36818,"position":3},"title":"Frohe Weihnachten Wien [II].","author":"dpc","date":"8 f\u00e9vrier 2023","format":false,"excerpt":"","rel":"","context":"Dans &quot;DPC&quot;","block_context":{"text":"DPC","link":"https:\/\/www.wallendorff.com\/belogue\/category\/dpc\/"},"img":{"alt_text":"","src":"https:\/\/i0.wp.com\/www.wallendorff.com\/belogue\/wp-content\/uploads\/2023\/02\/20230208-25.jpg?resize=350%2C200&ssl=1","width":350,"height":200,"srcset":"https:\/\/i0.wp.com\/www.wallendorff.com\/belogue\/wp-content\/uploads\/2023\/02\/20230208-25.jpg?resize=350%2C200&ssl=1 1x, https:\/\/i0.wp.com\/www.wallendorff.com\/belogue\/wp-content\/uploads\/2023\/02\/20230208-25.jpg?resize=525%2C300&ssl=1 1.5x, https:\/\/i0.wp.com\/www.wallendorff.com\/belogue\/wp-content\/uploads\/2023\/02\/20230208-25.jpg?resize=700%2C400&ssl=1 2x, https:\/\/i0.wp.com\/www.wallendorff.com\/belogue\/wp-content\/uploads\/2023\/02\/20230208-25.jpg?resize=1050%2C600&ssl=1 3x"},"classes":[]},{"id":37309,"url":"https:\/\/www.wallendorff.com\/belogue\/2018\/02\/22\/into-the-wide-134\/","url_meta":{"origin":36818,"position":4},"title":"Into the wide #134.","author":"dpc","date":"22 f\u00e9vrier 2018","format":false,"excerpt":"Palais Ferstel, Vienne, 9 d\u00e9cembre 2017. Carried from the Start Black Rebel Motorcycle Club","rel":"","context":"Dans &quot;Into the wide&quot;","block_context":{"text":"Into the wide","link":"https:\/\/www.wallendorff.com\/belogue\/category\/into-the-wide\/"},"img":{"alt_text":"Palais Ferstel, Vienne, 9 d&eacute;cembre 2017.","src":"https:\/\/i0.wp.com\/www.wallendorff.com\/belogue\/wp-content\/uploads\/2018\/02\/20180222.jpg?resize=350%2C200&ssl=1","width":350,"height":200,"srcset":"https:\/\/i0.wp.com\/www.wallendorff.com\/belogue\/wp-content\/uploads\/2018\/02\/20180222.jpg?resize=350%2C200&ssl=1 1x, https:\/\/i0.wp.com\/www.wallendorff.com\/belogue\/wp-content\/uploads\/2018\/02\/20180222.jpg?resize=525%2C300&ssl=1 1.5x, https:\/\/i0.wp.com\/www.wallendorff.com\/belogue\/wp-content\/uploads\/2018\/02\/20180222.jpg?resize=700%2C400&ssl=1 2x, https:\/\/i0.wp.com\/www.wallendorff.com\/belogue\/wp-content\/uploads\/2018\/02\/20180222.jpg?resize=1050%2C600&ssl=1 3x"},"classes":[]},{"id":23365,"url":"https:\/\/www.wallendorff.com\/belogue\/2014\/09\/18\/papy-ly-ever-after\/","url_meta":{"origin":36818,"position":5},"title":"Papy [-ly. Ever. After.]","author":"dpc","date":"18 septembre 2014","format":false,"excerpt":"Palais Liechtenstein, Vienne, 21 juin. Blue Moon Beck","rel":"","context":"Dans &quot;DPC&quot;","block_context":{"text":"DPC","link":"https:\/\/www.wallendorff.com\/belogue\/category\/dpc\/"},"img":{"alt_text":"","src":"https:\/\/i0.wp.com\/www.wallendorff.com\/belogue\/wp-content\/uploads\/2015\/04\/201409181.jpg?resize=350%2C200&ssl=1","width":350,"height":200,"srcset":"https:\/\/i0.wp.com\/www.wallendorff.com\/belogue\/wp-content\/uploads\/2015\/04\/201409181.jpg?resize=350%2C200&ssl=1 1x, https:\/\/i0.wp.com\/www.wallendorff.com\/belogue\/wp-content\/uploads\/2015\/04\/201409181.jpg?resize=525%2C300&ssl=1 1.5x"},"classes":[]}],"_links":{"self":[{"href":"https:\/\/www.wallendorff.com\/belogue\/wp-json\/wp\/v2\/posts\/36818","targetHints":{"allow":["GET"]}}],"collection":[{"href":"https:\/\/www.wallendorff.com\/belogue\/wp-json\/wp\/v2\/posts"}],"about":[{"href":"https:\/\/www.wallendorff.com\/belogue\/wp-json\/wp\/v2\/types\/post"}],"author":[{"embeddable":true,"href":"https:\/\/www.wallendorff.com\/belogue\/wp-json\/wp\/v2\/users\/1"}],"replies":[{"embeddable":true,"href":"https:\/\/www.wallendorff.com\/belogue\/wp-json\/wp\/v2\/comments?post=36818"}],"version-history":[{"count":1,"href":"https:\/\/www.wallendorff.com\/belogue\/wp-json\/wp\/v2\/posts\/36818\/revisions"}],"predecessor-version":[{"id":36820,"href":"https:\/\/www.wallendorff.com\/belogue\/wp-json\/wp\/v2\/posts\/36818\/revisions\/36820"}],"wp:featuredmedia":[{"embeddable":true,"href":"https:\/\/www.wallendorff.com\/belogue\/wp-json\/wp\/v2\/media\/36819"}],"wp:attachment":[{"href":"https:\/\/www.wallendorff.com\/belogue\/wp-json\/wp\/v2\/media?parent=36818"}],"wp:term":[{"taxonomy":"category","embeddable":true,"href":"https:\/\/www.wallendorff.com\/belogue\/wp-json\/wp\/v2\/categories?post=36818"},{"taxonomy":"post_tag","embeddable":true,"href":"https:\/\/www.wallendorff.com\/belogue\/wp-json\/wp\/v2\/tags?post=36818"}],"curies":[{"name":"wp","href":"https:\/\/api.w.org\/{rel}","templated":true}]}}