{"id":36794,"date":"2017-12-22T12:01:40","date_gmt":"2017-12-22T10:01:40","guid":{"rendered":"http:\/\/www.wallendorff.com\/belogue\/?p=36794"},"modified":"2017-12-22T12:01:40","modified_gmt":"2017-12-22T10:01:40","slug":"weihnachtsmarkt-ii","status":"publish","type":"post","link":"https:\/\/www.wallendorff.com\/belogue\/2017\/12\/22\/weihnachtsmarkt-ii\/","title":{"rendered":"Weihnachtsmarkt [II]."},"content":{"rendered":"\n<div id=\"photo\">\n<p><img decoding=\"async\" src=\"https:\/\/www.wallendorff.com\/belogue\/wp-content\/uploads\/2017\/12\/20171222.jpg\"><br \/>\nRathausplatz, Vienne, 6 d\u00e9cembre.<\/p>\n<\/p><\/div>\n<div id=\"bandeson\">\n<p><img decoding=\"async\" src=\"https:\/\/www.wallendorff.com\/belogue\/photo\/pochettes\/s\/smith_and_burrows-funny_looking_angels.jpg\" align=\"left\"><a id=\"lienmp3\" style=\"font-weight: normal;\" href=\"http:\/\/www.youtube.com\/watch?v=4SIr-f1obew\"><em>This Ain&rsquo;t New Jersey<\/em><\/a><br \/><a href=\"http:\/\/www.slowclubband.com\/\">Smith &amp; Burrows<\/a><\/p>\n<\/div>\n","protected":false},"excerpt":{"rendered":"<p>Rathausplatz, Vienne, 6 d\u00e9cembre. This Ain&rsquo;t New JerseySmith &amp; Burrows<\/p>\n","protected":false},"author":1,"featured_media":36795,"comment_status":"open","ping_status":"open","sticky":false,"template":"","format":"standard","meta":{"_acf_changed":false,"ngg_post_thumbnail":0,"jetpack_post_was_ever_published":false,"_jetpack_newsletter_access":"","_jetpack_dont_email_post_to_subs":false,"_jetpack_newsletter_tier_id":0,"_jetpack_memberships_contains_paywalled_content":false,"_jetpack_memberships_contains_paid_content":false,"footnotes":"","jetpack_publicize_message":"","jetpack_publicize_feature_enabled":true,"jetpack_social_post_already_shared":true,"jetpack_social_options":{"image_generator_settings":{"template":"highway","default_image_id":0,"font":"","enabled":false},"version":2}},"categories":[7356],"tags":[12059,8170,6766,10326,12214,8901,11748,4614,11323,10592,8900,12212,5424,5564,8896,12060],"class_list":["post-36794","post","type-post","status-publish","format-standard","has-post-thumbnail","hentry","category-into-the-wide","tag-autriche","tag-ef-24-70-mm-f2-8l-ii-usm","tag-eos-5d-mark-iii","tag-crepuscule","tag-hotel-de-ville-de-vienne","tag-innere-stadt","tag-marche-de-noel","tag-noel","tag-panoramique","tag-pose-longue","tag-rathauspark","tag-rathausplatz","tag-smith-burrows","tag-this-aint-new-jersey","tag-universitatsring","tag-vienne"],"acf":[],"geo":{"latitude":48.2112961,"longitude":16.3604774,"description":"Wien, Innere Stadt, Wien, 1010, AT"},"jetpack_publicize_connections":[],"jetpack_featured_media_url":"https:\/\/www.wallendorff.com\/belogue\/wp-content\/uploads\/2017\/12\/20171222.jpg","jetpack_shortlink":"https:\/\/wp.me\/p3b35P-9zs","jetpack_sharing_enabled":true,"jetpack-related-posts":[{"id":36787,"url":"https:\/\/www.wallendorff.com\/belogue\/2017\/12\/21\/weihnachtsmarkt-i\/","url_meta":{"origin":36794,"position":0},"title":"Weihnachtsmarkt [I].","author":"dpc","date":"21 d\u00e9cembre 2017","format":false,"excerpt":"Rathausplatz, Vienne, 6 d\u00e9cembre. Christmas (Baby Please Come Home) (Darlene Love cover)Slow Club","rel":"","context":"Dans &quot;Into the wide&quot;","block_context":{"text":"Into the wide","link":"https:\/\/www.wallendorff.com\/belogue\/category\/into-the-wide\/"},"img":{"alt_text":"","src":"https:\/\/i0.wp.com\/www.wallendorff.com\/belogue\/wp-content\/uploads\/2017\/12\/20171221.jpg?resize=350%2C200&ssl=1","width":350,"height":200,"srcset":"https:\/\/i0.wp.com\/www.wallendorff.com\/belogue\/wp-content\/uploads\/2017\/12\/20171221.jpg?resize=350%2C200&ssl=1 1x, https:\/\/i0.wp.com\/www.wallendorff.com\/belogue\/wp-content\/uploads\/2017\/12\/20171221.jpg?resize=525%2C300&ssl=1 1.5x, https:\/\/i0.wp.com\/www.wallendorff.com\/belogue\/wp-content\/uploads\/2017\/12\/20171221.jpg?resize=700%2C400&ssl=1 2x"},"classes":[]},{"id":53953,"url":"https:\/\/www.wallendorff.com\/belogue\/2022\/12\/25\/shalalalala-12\/","url_meta":{"origin":36794,"position":1},"title":"[Shalalalala.]","author":"dpc","date":"25 d\u00e9cembre 2022","format":false,"excerpt":"Rathausplatz, Vienne, 18 d\u00e9cembre 2022. En vous le souhaitant bon. All I Want for Christmas Yeah Yeah Yeahs","rel":"","context":"Dans &quot;DPC&quot;","block_context":{"text":"DPC","link":"https:\/\/www.wallendorff.com\/belogue\/category\/dpc\/"},"img":{"alt_text":"","src":"https:\/\/i0.wp.com\/www.wallendorff.com\/belogue\/wp-content\/uploads\/2022\/12\/20221225.jpg?resize=350%2C200&ssl=1","width":350,"height":200,"srcset":"https:\/\/i0.wp.com\/www.wallendorff.com\/belogue\/wp-content\/uploads\/2022\/12\/20221225.jpg?resize=350%2C200&ssl=1 1x, https:\/\/i0.wp.com\/www.wallendorff.com\/belogue\/wp-content\/uploads\/2022\/12\/20221225.jpg?resize=525%2C300&ssl=1 1.5x, https:\/\/i0.wp.com\/www.wallendorff.com\/belogue\/wp-content\/uploads\/2022\/12\/20221225.jpg?resize=700%2C400&ssl=1 2x"},"classes":[]},{"id":23926,"url":"https:\/\/www.wallendorff.com\/belogue\/2015\/03\/27\/derviches-compris\/","url_meta":{"origin":36794,"position":2},"title":"Derviches compris.","author":"dpc","date":"27 mars 2015","format":false,"excerpt":"Rathausplatz, Vienne, 20 f\u00e9vrier. Violins I'm from Barcelona","rel":"","context":"Dans &quot;DPC&quot;","block_context":{"text":"DPC","link":"https:\/\/www.wallendorff.com\/belogue\/category\/dpc\/"},"img":{"alt_text":"","src":"https:\/\/i0.wp.com\/www.wallendorff.com\/belogue\/wp-content\/uploads\/2015\/04\/201503271.jpg?resize=350%2C200&ssl=1","width":350,"height":200,"srcset":"https:\/\/i0.wp.com\/www.wallendorff.com\/belogue\/wp-content\/uploads\/2015\/04\/201503271.jpg?resize=350%2C200&ssl=1 1x, https:\/\/i0.wp.com\/www.wallendorff.com\/belogue\/wp-content\/uploads\/2015\/04\/201503271.jpg?resize=525%2C300&ssl=1 1.5x, https:\/\/i0.wp.com\/www.wallendorff.com\/belogue\/wp-content\/uploads\/2015\/04\/201503271.jpg?resize=700%2C400&ssl=1 2x"},"classes":[]},{"id":63880,"url":"https:\/\/www.wallendorff.com\/belogue\/2023\/02\/04\/frohe-weihnachten-wien-i\/","url_meta":{"origin":36794,"position":3},"title":"Frohe Weihnachten Wien [I].","author":"dpc","date":"4 f\u00e9vrier 2023","format":false,"excerpt":"","rel":"","context":"Dans &quot;DPC&quot;","block_context":{"text":"DPC","link":"https:\/\/www.wallendorff.com\/belogue\/category\/dpc\/"},"img":{"alt_text":"","src":"https:\/\/i0.wp.com\/www.wallendorff.com\/belogue\/wp-content\/uploads\/2023\/02\/20230204-20.jpg?resize=350%2C200&ssl=1","width":350,"height":200,"srcset":"https:\/\/i0.wp.com\/www.wallendorff.com\/belogue\/wp-content\/uploads\/2023\/02\/20230204-20.jpg?resize=350%2C200&ssl=1 1x, https:\/\/i0.wp.com\/www.wallendorff.com\/belogue\/wp-content\/uploads\/2023\/02\/20230204-20.jpg?resize=525%2C300&ssl=1 1.5x, https:\/\/i0.wp.com\/www.wallendorff.com\/belogue\/wp-content\/uploads\/2023\/02\/20230204-20.jpg?resize=700%2C400&ssl=1 2x, https:\/\/i0.wp.com\/www.wallendorff.com\/belogue\/wp-content\/uploads\/2023\/02\/20230204-20.jpg?resize=1050%2C600&ssl=1 3x"},"classes":[]},{"id":80768,"url":"https:\/\/www.wallendorff.com\/belogue\/2023\/02\/08\/frohe-weihnachten-wien-ii\/","url_meta":{"origin":36794,"position":4},"title":"Frohe Weihnachten Wien [II].","author":"dpc","date":"8 f\u00e9vrier 2023","format":false,"excerpt":"","rel":"","context":"Dans &quot;DPC&quot;","block_context":{"text":"DPC","link":"https:\/\/www.wallendorff.com\/belogue\/category\/dpc\/"},"img":{"alt_text":"","src":"https:\/\/i0.wp.com\/www.wallendorff.com\/belogue\/wp-content\/uploads\/2023\/02\/20230208-25.jpg?resize=350%2C200&ssl=1","width":350,"height":200,"srcset":"https:\/\/i0.wp.com\/www.wallendorff.com\/belogue\/wp-content\/uploads\/2023\/02\/20230208-25.jpg?resize=350%2C200&ssl=1 1x, https:\/\/i0.wp.com\/www.wallendorff.com\/belogue\/wp-content\/uploads\/2023\/02\/20230208-25.jpg?resize=525%2C300&ssl=1 1.5x, https:\/\/i0.wp.com\/www.wallendorff.com\/belogue\/wp-content\/uploads\/2023\/02\/20230208-25.jpg?resize=700%2C400&ssl=1 2x, https:\/\/i0.wp.com\/www.wallendorff.com\/belogue\/wp-content\/uploads\/2023\/02\/20230208-25.jpg?resize=1050%2C600&ssl=1 3x"},"classes":[]},{"id":41083,"url":"https:\/\/www.wallendorff.com\/belogue\/2019\/02\/06\/contre-plongee-no-2-712\/","url_meta":{"origin":36794,"position":5},"title":"Contre-plong\u00e9e no 2&nbsp;712.","author":"dpc","date":"6 f\u00e9vrier 2019","format":false,"excerpt":"H\u00f4tel de ville de Vienne, 30 novembre 2018. Internationally Unknown RAT BOY","rel":"","context":"Dans &quot;DPC&quot;","block_context":{"text":"DPC","link":"https:\/\/www.wallendorff.com\/belogue\/category\/dpc\/"},"img":{"alt_text":"H\u00f4tel de ville de Vienne, 30 novembre 2018.","src":"https:\/\/i0.wp.com\/www.wallendorff.com\/belogue\/wp-content\/uploads\/2019\/02\/20190206.jpg?resize=350%2C200&ssl=1","width":350,"height":200,"srcset":"https:\/\/i0.wp.com\/www.wallendorff.com\/belogue\/wp-content\/uploads\/2019\/02\/20190206.jpg?resize=350%2C200&ssl=1 1x, https:\/\/i0.wp.com\/www.wallendorff.com\/belogue\/wp-content\/uploads\/2019\/02\/20190206.jpg?resize=525%2C300&ssl=1 1.5x, https:\/\/i0.wp.com\/www.wallendorff.com\/belogue\/wp-content\/uploads\/2019\/02\/20190206.jpg?resize=700%2C400&ssl=1 2x, https:\/\/i0.wp.com\/www.wallendorff.com\/belogue\/wp-content\/uploads\/2019\/02\/20190206.jpg?resize=1050%2C600&ssl=1 3x"},"classes":[]}],"_links":{"self":[{"href":"https:\/\/www.wallendorff.com\/belogue\/wp-json\/wp\/v2\/posts\/36794","targetHints":{"allow":["GET"]}}],"collection":[{"href":"https:\/\/www.wallendorff.com\/belogue\/wp-json\/wp\/v2\/posts"}],"about":[{"href":"https:\/\/www.wallendorff.com\/belogue\/wp-json\/wp\/v2\/types\/post"}],"author":[{"embeddable":true,"href":"https:\/\/www.wallendorff.com\/belogue\/wp-json\/wp\/v2\/users\/1"}],"replies":[{"embeddable":true,"href":"https:\/\/www.wallendorff.com\/belogue\/wp-json\/wp\/v2\/comments?post=36794"}],"version-history":[{"count":1,"href":"https:\/\/www.wallendorff.com\/belogue\/wp-json\/wp\/v2\/posts\/36794\/revisions"}],"predecessor-version":[{"id":36796,"href":"https:\/\/www.wallendorff.com\/belogue\/wp-json\/wp\/v2\/posts\/36794\/revisions\/36796"}],"wp:featuredmedia":[{"embeddable":true,"href":"https:\/\/www.wallendorff.com\/belogue\/wp-json\/wp\/v2\/media\/36795"}],"wp:attachment":[{"href":"https:\/\/www.wallendorff.com\/belogue\/wp-json\/wp\/v2\/media?parent=36794"}],"wp:term":[{"taxonomy":"category","embeddable":true,"href":"https:\/\/www.wallendorff.com\/belogue\/wp-json\/wp\/v2\/categories?post=36794"},{"taxonomy":"post_tag","embeddable":true,"href":"https:\/\/www.wallendorff.com\/belogue\/wp-json\/wp\/v2\/tags?post=36794"}],"curies":[{"name":"wp","href":"https:\/\/api.w.org\/{rel}","templated":true}]}}