{"id":36768,"date":"2017-12-14T17:20:51","date_gmt":"2017-12-14T15:20:51","guid":{"rendered":"http:\/\/www.wallendorff.com\/belogue\/?p=36768"},"modified":"2017-12-25T13:33:47","modified_gmt":"2017-12-25T11:33:47","slug":"ferry-tale-of-new-york","status":"publish","type":"post","link":"https:\/\/www.wallendorff.com\/belogue\/2017\/12\/14\/ferry-tale-of-new-york\/","title":{"rendered":"Ferry tale of New York."},"content":{"rendered":"\n<div id=\"photo\">\n<p><img decoding=\"async\" src=\"https:\/\/www.wallendorff.com\/belogue\/wp-content\/uploads\/2017\/12\/20171214.jpg\"><br \/>\nVers Staten Island, New York, 6 septembre.<\/p>\n<\/p><\/div>\n<div id=\"bandeson\">\n<p><img decoding=\"async\" src=\"https:\/\/www.wallendorff.com\/belogue\/photo\/pochettes\/l\/london_grammar-truth_is_a_beautiful_thing.jpg\" align=\"left\"><a id=\"lienmp3\" style=\"font-weight: normal;\" href=\"http:\/\/www.youtube.com\/watch?v=mnmeYiJcXPw\"><em>Leave the War with Me<\/em><\/a><br \/><a href=\"http:\/\/www.londongrammar.com\/\">London Grammar<\/a><\/p>\n<\/div>\n","protected":false},"excerpt":{"rendered":"<p>Vers Staten Island, New York, 6 septembre. Leave the War with MeLondon Grammar<\/p>\n","protected":false},"author":1,"featured_media":36769,"comment_status":"open","ping_status":"open","sticky":false,"template":"","format":"standard","meta":{"_acf_changed":false,"ngg_post_thumbnail":0,"jetpack_post_was_ever_published":false,"_jetpack_newsletter_access":"","_jetpack_dont_email_post_to_subs":false,"_jetpack_newsletter_tier_id":0,"_jetpack_memberships_contains_paywalled_content":false,"_jetpack_memberships_contains_paid_content":false,"footnotes":"","jetpack_publicize_message":"","jetpack_publicize_feature_enabled":true,"jetpack_social_post_already_shared":true,"jetpack_social_options":{"image_generator_settings":{"template":"highway","default_image_id":0,"font":"","enabled":false},"version":2}},"categories":[3],"tags":[10384,8170,6766,3066,55,9679,14372,11727,592,143,11653,14389],"class_list":["post-36768","post","type-post","status-publish","format-standard","has-post-thumbnail","hentry","category-dpc","tag-bateau","tag-ef-24-70-mm-f2-8l-ii-usm","tag-eos-5d-mark-iii","tag-etat-de-new-york","tag-etats-unis","tag-ferry","tag-leave-the-war-with-me","tag-london-grammar","tag-new-york","tag-noir-et-blanc","tag-statue-de-la-liberte","tag-truth-is-a-beautiful-thing"],"acf":[],"geo":{"latitude":40.6785851,"longitude":-74.0392685,"description":null},"jetpack_publicize_connections":[],"jetpack_featured_media_url":"https:\/\/www.wallendorff.com\/belogue\/wp-content\/uploads\/2017\/12\/20171214.jpg","jetpack_shortlink":"https:\/\/wp.me\/p3b35P-9z2","jetpack_sharing_enabled":true,"jetpack-related-posts":[{"id":36257,"url":"https:\/\/www.wallendorff.com\/belogue\/2017\/11\/03\/que-deau-que-dos\/","url_meta":{"origin":36768,"position":0},"title":"Que d&rsquo;eau [que dos].","author":"dpc","date":"3 novembre 2017","format":false,"excerpt":"Brooklyn Bridge Park, New York, 4 septembre. Hell to the LiarsLondon Grammar","rel":"","context":"Dans &quot;DPC&quot;","block_context":{"text":"DPC","link":"https:\/\/www.wallendorff.com\/belogue\/category\/dpc\/"},"img":{"alt_text":"","src":"https:\/\/i0.wp.com\/www.wallendorff.com\/belogue\/wp-content\/uploads\/2017\/11\/20171103.jpg?resize=350%2C200&ssl=1","width":350,"height":200,"srcset":"https:\/\/i0.wp.com\/www.wallendorff.com\/belogue\/wp-content\/uploads\/2017\/11\/20171103.jpg?resize=350%2C200&ssl=1 1x, https:\/\/i0.wp.com\/www.wallendorff.com\/belogue\/wp-content\/uploads\/2017\/11\/20171103.jpg?resize=525%2C300&ssl=1 1.5x, https:\/\/i0.wp.com\/www.wallendorff.com\/belogue\/wp-content\/uploads\/2017\/11\/20171103.jpg?resize=700%2C400&ssl=1 2x"},"classes":[]},{"id":27434,"url":"https:\/\/www.wallendorff.com\/belogue\/2015\/06\/01\/into-the-wide-46\/","url_meta":{"origin":36768,"position":1},"title":"Into the wide #46.","author":"dpc","date":"1 juin 2015","format":false,"excerpt":"Empire Fulton Ferry State Park, New York, 13 mars. Daysleeper (live acoustic) R.E.M.","rel":"","context":"Dans &quot;Into the wide&quot;","block_context":{"text":"Into the wide","link":"https:\/\/www.wallendorff.com\/belogue\/category\/into-the-wide\/"},"img":{"alt_text":"","src":"https:\/\/i0.wp.com\/www.wallendorff.com\/belogue\/wp-content\/uploads\/2015\/06\/20150601.jpg?resize=350%2C200&ssl=1","width":350,"height":200,"srcset":"https:\/\/i0.wp.com\/www.wallendorff.com\/belogue\/wp-content\/uploads\/2015\/06\/20150601.jpg?resize=350%2C200&ssl=1 1x, https:\/\/i0.wp.com\/www.wallendorff.com\/belogue\/wp-content\/uploads\/2015\/06\/20150601.jpg?resize=525%2C300&ssl=1 1.5x, https:\/\/i0.wp.com\/www.wallendorff.com\/belogue\/wp-content\/uploads\/2015\/06\/20150601.jpg?resize=700%2C400&ssl=1 2x, https:\/\/i0.wp.com\/www.wallendorff.com\/belogue\/wp-content\/uploads\/2015\/06\/20150601.jpg?resize=1050%2C600&ssl=1 3x"},"classes":[]},{"id":8204,"url":"https:\/\/www.wallendorff.com\/belogue\/2010\/08\/29\/if-i-could-have-it-back-you-know-id-love-to-waste-it-again\/","url_meta":{"origin":36768,"position":2},"title":"All the time that we wasted.","author":"dpc","date":"29 ao\u00fbt 2010","format":false,"excerpt":"Brooklyn, 10 mai 2009. ...I'd only waste it again, if I could have it back. \u00a0 \u00a0 \u00a0 \u00a0 Dernier fond de tiroir ricain. [La pose longue est bricol\u00e9e avec du flou directionnel, pas comme sur celle de l'autre c\u00f4t\u00e9 du pont. C'est une maison honn\u00eate ici, quand on abuse\u2026","rel":"","context":"Dans &quot;DPC&quot;","block_context":{"text":"DPC","link":"https:\/\/www.wallendorff.com\/belogue\/category\/dpc\/"},"img":{"alt_text":"","src":"https:\/\/i0.wp.com\/www.wallendorff.com\/belogue\/wp-content\/uploads\/2015\/04\/201008291.jpg?resize=350%2C200&ssl=1","width":350,"height":200,"srcset":"https:\/\/i0.wp.com\/www.wallendorff.com\/belogue\/wp-content\/uploads\/2015\/04\/201008291.jpg?resize=350%2C200&ssl=1 1x, https:\/\/i0.wp.com\/www.wallendorff.com\/belogue\/wp-content\/uploads\/2015\/04\/201008291.jpg?resize=525%2C300&ssl=1 1.5x, https:\/\/i0.wp.com\/www.wallendorff.com\/belogue\/wp-content\/uploads\/2015\/04\/201008291.jpg?resize=700%2C400&ssl=1 2x"},"classes":[]},{"id":22005,"url":"https:\/\/www.wallendorff.com\/belogue\/2013\/11\/14\/valerie-june-jacco-gardner-london-grammar-festival-des-inrocks-la-cigale-paris-9-novembre\/","url_meta":{"origin":36768,"position":3},"title":"Valerie June + Jacco Gardner + London Grammar @ Festival des Inrocks, la Cigale, Paris, 9 novembre.","author":"dpc","date":"14 novembre 2013","format":false,"excerpt":"London Grammar \u00a0 Jacco Gardner \u00a0 Valerie June \u00a0","rel":"","context":"Dans &quot;Alive&quot;","block_context":{"text":"Alive","link":"https:\/\/www.wallendorff.com\/belogue\/category\/alive\/"},"img":{"alt_text":"","src":"https:\/\/i0.wp.com\/www.wallendorff.com\/belogue\/wp-content\/uploads\/2015\/04\/201311141.jpg?resize=350%2C200&ssl=1","width":350,"height":200,"srcset":"https:\/\/i0.wp.com\/www.wallendorff.com\/belogue\/wp-content\/uploads\/2015\/04\/201311141.jpg?resize=350%2C200&ssl=1 1x, https:\/\/i0.wp.com\/www.wallendorff.com\/belogue\/wp-content\/uploads\/2015\/04\/201311141.jpg?resize=525%2C300&ssl=1 1.5x, https:\/\/i0.wp.com\/www.wallendorff.com\/belogue\/wp-content\/uploads\/2015\/04\/201311141.jpg?resize=700%2C400&ssl=1 2x"},"classes":[]},{"id":45371,"url":"https:\/\/www.wallendorff.com\/belogue\/2020\/03\/18\/hey-new-york-10-novembre-2019\/","url_meta":{"origin":36768,"position":4},"title":"Hey New York \u2013 10 novembre 2019.","author":"dpc","date":"18 mars 2020","format":false,"excerpt":"New York, 10 novembre 2019.","rel":"","context":"Dans &quot;DPC&quot;","block_context":{"text":"DPC","link":"https:\/\/www.wallendorff.com\/belogue\/category\/dpc\/"},"img":{"alt_text":"","src":"https:\/\/i0.wp.com\/www.wallendorff.com\/belogue\/wp-content\/uploads\/2020\/03\/20200318-24.jpg?resize=350%2C200&ssl=1","width":350,"height":200,"srcset":"https:\/\/i0.wp.com\/www.wallendorff.com\/belogue\/wp-content\/uploads\/2020\/03\/20200318-24.jpg?resize=350%2C200&ssl=1 1x, https:\/\/i0.wp.com\/www.wallendorff.com\/belogue\/wp-content\/uploads\/2020\/03\/20200318-24.jpg?resize=525%2C300&ssl=1 1.5x, https:\/\/i0.wp.com\/www.wallendorff.com\/belogue\/wp-content\/uploads\/2020\/03\/20200318-24.jpg?resize=700%2C400&ssl=1 2x, https:\/\/i0.wp.com\/www.wallendorff.com\/belogue\/wp-content\/uploads\/2020\/03\/20200318-24.jpg?resize=1050%2C600&ssl=1 3x"},"classes":[]},{"id":34529,"url":"https:\/\/www.wallendorff.com\/belogue\/2017\/07\/17\/mer-du-or\/","url_meta":{"origin":36768,"position":5},"title":"Mer du or.","author":"dpc","date":"17 juillet 2017","format":false,"excerpt":"Rotterdam, 8 mai. Big PictureLondon Grammar","rel":"","context":"Dans &quot;DPC&quot;","block_context":{"text":"DPC","link":"https:\/\/www.wallendorff.com\/belogue\/category\/dpc\/"},"img":{"alt_text":"","src":"https:\/\/i0.wp.com\/www.wallendorff.com\/belogue\/wp-content\/uploads\/2017\/07\/20170717-101.jpg?resize=350%2C200&ssl=1","width":350,"height":200,"srcset":"https:\/\/i0.wp.com\/www.wallendorff.com\/belogue\/wp-content\/uploads\/2017\/07\/20170717-101.jpg?resize=350%2C200&ssl=1 1x, https:\/\/i0.wp.com\/www.wallendorff.com\/belogue\/wp-content\/uploads\/2017\/07\/20170717-101.jpg?resize=525%2C300&ssl=1 1.5x"},"classes":[]}],"_links":{"self":[{"href":"https:\/\/www.wallendorff.com\/belogue\/wp-json\/wp\/v2\/posts\/36768","targetHints":{"allow":["GET"]}}],"collection":[{"href":"https:\/\/www.wallendorff.com\/belogue\/wp-json\/wp\/v2\/posts"}],"about":[{"href":"https:\/\/www.wallendorff.com\/belogue\/wp-json\/wp\/v2\/types\/post"}],"author":[{"embeddable":true,"href":"https:\/\/www.wallendorff.com\/belogue\/wp-json\/wp\/v2\/users\/1"}],"replies":[{"embeddable":true,"href":"https:\/\/www.wallendorff.com\/belogue\/wp-json\/wp\/v2\/comments?post=36768"}],"version-history":[{"count":2,"href":"https:\/\/www.wallendorff.com\/belogue\/wp-json\/wp\/v2\/posts\/36768\/revisions"}],"predecessor-version":[{"id":36771,"href":"https:\/\/www.wallendorff.com\/belogue\/wp-json\/wp\/v2\/posts\/36768\/revisions\/36771"}],"wp:featuredmedia":[{"embeddable":true,"href":"https:\/\/www.wallendorff.com\/belogue\/wp-json\/wp\/v2\/media\/36769"}],"wp:attachment":[{"href":"https:\/\/www.wallendorff.com\/belogue\/wp-json\/wp\/v2\/media?parent=36768"}],"wp:term":[{"taxonomy":"category","embeddable":true,"href":"https:\/\/www.wallendorff.com\/belogue\/wp-json\/wp\/v2\/categories?post=36768"},{"taxonomy":"post_tag","embeddable":true,"href":"https:\/\/www.wallendorff.com\/belogue\/wp-json\/wp\/v2\/tags?post=36768"}],"curies":[{"name":"wp","href":"https:\/\/api.w.org\/{rel}","templated":true}]}}