{"id":3673,"date":"2008-12-11T12:33:47","date_gmt":"2008-12-11T10:33:47","guid":{"rendered":"http:\/\/www.po-l.com\/belogue\/?p=3673"},"modified":"2012-08-07T17:09:50","modified_gmt":"2012-08-07T15:09:50","slug":"des-nuees-teintes-erraient","status":"publish","type":"post","link":"https:\/\/www.wallendorff.com\/belogue\/2008\/12\/11\/des-nuees-teintes-erraient\/","title":{"rendered":"Des nu\u00e9es teintes erraient."},"content":{"rendered":"<div id=\"photo\">\n<p><img decoding=\"async\" src=\"https:\/\/www.wallendorff.com\/belogue\/photo\/2008\/12\/20081211.jpg\" \/><br \/>\n  Oslofjorden, 16 novembre.<\/p>\n<\/div>\n<div id=\"bandeson\">\n<p><img decoding=\"async\" src=\"https:\/\/www.wallendorff.com\/belogue\/photo\/pochettes\/d\/decemberists_the-the_crane_wife.jpg\" align=\"left\" \/> <a href=\"http:\/\/www.decemberists.com\/\">The Decemberists<\/a>  &ndash; <em>Sons &amp; Daughters<\/em><\/p>\n<\/div>\n<p style=\"text-align:right\"><a href=\"http:\/\/fr.youtube.com\/watch?v=0wM58YXp2x0\">Mon dieu<\/a>.<\/p>\n","protected":false},"excerpt":{"rendered":"<p>Oslofjorden, 16 novembre. The Decemberists &ndash; Sons &amp; Daughters Mon dieu.<\/p>\n","protected":false},"author":1,"featured_media":25313,"comment_status":"open","ping_status":"open","sticky":false,"template":"","format":"standard","meta":{"_acf_changed":false,"ngg_post_thumbnail":0,"jetpack_post_was_ever_published":false,"_jetpack_newsletter_access":"","_jetpack_dont_email_post_to_subs":false,"_jetpack_newsletter_tier_id":0,"_jetpack_memberships_contains_paywalled_content":false,"_jetpack_memberships_contains_paid_content":false,"footnotes":"","jetpack_publicize_message":"","jetpack_publicize_feature_enabled":true,"jetpack_social_post_already_shared":false,"jetpack_social_options":{"image_generator_settings":{"template":"highway","default_image_id":0,"font":"","enabled":false},"version":2}},"categories":[3],"tags":[10384,132,10144,10326,10483,2357,2398,2600,173,1226,2601],"class_list":["post-3673","post","type-post","status-publish","format-standard","has-post-thumbnail","hentry","category-dpc","tag-bateau","tag-eos-20d","tag-ciel","tag-crepuscule","tag-mer","tag-norvege","tag-oslo","tag-oslofjorden","tag-sigma-28-70-mm-f28-dg-ex","tag-sons-daughters","tag-the-decemberists"],"acf":[],"geo":{"latitude":59.910244,"longitude":10.7348337,"description":"Akershusstranda 10, 0150 Akershus Festning, Norway"},"jetpack_publicize_connections":[],"jetpack_featured_media_url":"https:\/\/www.wallendorff.com\/belogue\/wp-content\/uploads\/2015\/04\/200812111.jpg","jetpack_shortlink":"https:\/\/wp.me\/p3b35P-Xf","jetpack_sharing_enabled":true,"jetpack-related-posts":[{"id":4198,"url":"https:\/\/www.wallendorff.com\/belogue\/2009\/05\/16\/tu-pus-du-cru\/","url_meta":{"origin":3673,"position":0},"title":"Tu pus du cr\u00fb.","author":"dpc","date":"16 mai 2009","format":false,"excerpt":"Terminal 2F, a\u00e9roport Charles de Gaulle, 24 avril. [Meoow.] \u00a0The Decemberists \u2013 Sons & Daughters","rel":"","context":"Dans &quot;DPC&quot;","block_context":{"text":"DPC","link":"https:\/\/www.wallendorff.com\/belogue\/category\/dpc\/"},"img":{"alt_text":"","src":"https:\/\/i0.wp.com\/www.wallendorff.com\/belogue\/wp-content\/uploads\/2015\/04\/200905161.jpg?resize=350%2C200&ssl=1","width":350,"height":200},"classes":[]},{"id":3676,"url":"https:\/\/www.wallendorff.com\/belogue\/2008\/12\/12\/certains-fats-me-crament-afin-quaux-mains-voient-seaux\/","url_meta":{"origin":3673,"position":1},"title":"Certains fats me crament afin qu&rsquo;aux mains voient seaux.","author":"dpc","date":"12 d\u00e9cembre 2008","format":false,"excerpt":"Oslofjorden, 16 novembre. The Dandy Warhols \u2013 Talk Radio Alors l\u00e0, soit vous trouvez tout de suite, soit vous passez le week-end dessus, donc je vous laisse un indice\u00a0: ce titre tient plut\u00f4t de la reformulation \u00e0 la Thomas VDB que du jeu de mot standard et rigoureux tel que\u2026","rel":"","context":"Dans &quot;DPC&quot;","block_context":{"text":"DPC","link":"https:\/\/www.wallendorff.com\/belogue\/category\/dpc\/"},"img":{"alt_text":"","src":"https:\/\/i0.wp.com\/www.wallendorff.com\/belogue\/wp-content\/uploads\/2015\/04\/200812121.jpg?resize=350%2C200&ssl=1","width":350,"height":200,"srcset":"https:\/\/i0.wp.com\/www.wallendorff.com\/belogue\/wp-content\/uploads\/2015\/04\/200812121.jpg?resize=350%2C200&ssl=1 1x, https:\/\/i0.wp.com\/www.wallendorff.com\/belogue\/wp-content\/uploads\/2015\/04\/200812121.jpg?resize=525%2C300&ssl=1 1.5x, https:\/\/i0.wp.com\/www.wallendorff.com\/belogue\/wp-content\/uploads\/2015\/04\/200812121.jpg?resize=700%2C400&ssl=1 2x"},"classes":[]},{"id":4949,"url":"https:\/\/www.wallendorff.com\/belogue\/2009\/10\/30\/such-a-while-ago\/","url_meta":{"origin":3673,"position":2},"title":"Such a while ago.","author":"dpc","date":"30 octobre 2009","format":false,"excerpt":"Grande mosqu\u00e9e, Paris, 22 mai. Mumford & Sons, ou Fleet Foxes sans leurs cornflakes au valium. [Amateurs de Decemberists bienvenus.] \u00a0Mumford & Sons \u2013 The Cave","rel":"","context":"Dans &quot;DPC&quot;","block_context":{"text":"DPC","link":"https:\/\/www.wallendorff.com\/belogue\/category\/dpc\/"},"img":{"alt_text":"","src":"https:\/\/i0.wp.com\/www.wallendorff.com\/belogue\/wp-content\/uploads\/2015\/04\/200910301.jpg?resize=350%2C200&ssl=1","width":350,"height":200},"classes":[]},{"id":38267,"url":"https:\/\/www.wallendorff.com\/belogue\/2018\/05\/23\/into-the-wide-146\/","url_meta":{"origin":3673,"position":3},"title":"Into the wide #146.","author":"dpc","date":"23 mai 2018","format":false,"excerpt":"Uraniastra\u00dfe, Vienne, 18 mars. Rusalka, Rusalka \/ The Wild RushesThe Decemberists","rel":"","context":"Dans &quot;Into the wide&quot;","block_context":{"text":"Into the wide","link":"https:\/\/www.wallendorff.com\/belogue\/category\/into-the-wide\/"},"img":{"alt_text":"Uraniastra\u00dfe, Vienne, 18\/03\/2018","src":"https:\/\/i0.wp.com\/www.wallendorff.com\/belogue\/wp-content\/uploads\/2018\/05\/20180523.jpg?resize=350%2C200&ssl=1","width":350,"height":200,"srcset":"https:\/\/i0.wp.com\/www.wallendorff.com\/belogue\/wp-content\/uploads\/2018\/05\/20180523.jpg?resize=350%2C200&ssl=1 1x, https:\/\/i0.wp.com\/www.wallendorff.com\/belogue\/wp-content\/uploads\/2018\/05\/20180523.jpg?resize=525%2C300&ssl=1 1.5x, https:\/\/i0.wp.com\/www.wallendorff.com\/belogue\/wp-content\/uploads\/2018\/05\/20180523.jpg?resize=700%2C400&ssl=1 2x, https:\/\/i0.wp.com\/www.wallendorff.com\/belogue\/wp-content\/uploads\/2018\/05\/20180523.jpg?resize=1050%2C600&ssl=1 3x"},"classes":[]},{"id":27447,"url":"https:\/\/www.wallendorff.com\/belogue\/2015\/06\/08\/grand-largue\/","url_meta":{"origin":3673,"position":4},"title":"Grand largue.","author":"dpc","date":"8 juin 2015","format":false,"excerpt":"Quelque part entre Puttgarten et R\u00f8dby, 4 avril. Better Not Wake the Baby The Decemberists","rel":"","context":"Dans &quot;DPC&quot;","block_context":{"text":"DPC","link":"https:\/\/www.wallendorff.com\/belogue\/category\/dpc\/"},"img":{"alt_text":"","src":"https:\/\/i0.wp.com\/www.wallendorff.com\/belogue\/wp-content\/uploads\/2015\/06\/20150608.jpg?resize=350%2C200&ssl=1","width":350,"height":200,"srcset":"https:\/\/i0.wp.com\/www.wallendorff.com\/belogue\/wp-content\/uploads\/2015\/06\/20150608.jpg?resize=350%2C200&ssl=1 1x, https:\/\/i0.wp.com\/www.wallendorff.com\/belogue\/wp-content\/uploads\/2015\/06\/20150608.jpg?resize=525%2C300&ssl=1 1.5x, https:\/\/i0.wp.com\/www.wallendorff.com\/belogue\/wp-content\/uploads\/2015\/06\/20150608.jpg?resize=700%2C400&ssl=1 2x"},"classes":[]},{"id":37792,"url":"https:\/\/www.wallendorff.com\/belogue\/2018\/04\/09\/into-the-wide-143\/","url_meta":{"origin":3673,"position":5},"title":"Into the wide #143.","author":"dpc","date":"9 avril 2018","format":false,"excerpt":"V\u00e4stra Brob\u00e4nken, Stockholm, 10 f\u00e9vrier. Once in My LifeThe Decemberists","rel":"","context":"Dans &quot;Into the wide&quot;","block_context":{"text":"Into the wide","link":"https:\/\/www.wallendorff.com\/belogue\/category\/into-the-wide\/"},"img":{"alt_text":"V\u00e4stra Brob\u00e4nken, Stockholm, 10 f\u00e9vrier.","src":"https:\/\/i0.wp.com\/www.wallendorff.com\/belogue\/wp-content\/uploads\/2018\/04\/20180409.jpg?resize=350%2C200&ssl=1","width":350,"height":200,"srcset":"https:\/\/i0.wp.com\/www.wallendorff.com\/belogue\/wp-content\/uploads\/2018\/04\/20180409.jpg?resize=350%2C200&ssl=1 1x, https:\/\/i0.wp.com\/www.wallendorff.com\/belogue\/wp-content\/uploads\/2018\/04\/20180409.jpg?resize=525%2C300&ssl=1 1.5x, https:\/\/i0.wp.com\/www.wallendorff.com\/belogue\/wp-content\/uploads\/2018\/04\/20180409.jpg?resize=700%2C400&ssl=1 2x, https:\/\/i0.wp.com\/www.wallendorff.com\/belogue\/wp-content\/uploads\/2018\/04\/20180409.jpg?resize=1050%2C600&ssl=1 3x"},"classes":[]}],"_links":{"self":[{"href":"https:\/\/www.wallendorff.com\/belogue\/wp-json\/wp\/v2\/posts\/3673","targetHints":{"allow":["GET"]}}],"collection":[{"href":"https:\/\/www.wallendorff.com\/belogue\/wp-json\/wp\/v2\/posts"}],"about":[{"href":"https:\/\/www.wallendorff.com\/belogue\/wp-json\/wp\/v2\/types\/post"}],"author":[{"embeddable":true,"href":"https:\/\/www.wallendorff.com\/belogue\/wp-json\/wp\/v2\/users\/1"}],"replies":[{"embeddable":true,"href":"https:\/\/www.wallendorff.com\/belogue\/wp-json\/wp\/v2\/comments?post=3673"}],"version-history":[{"count":2,"href":"https:\/\/www.wallendorff.com\/belogue\/wp-json\/wp\/v2\/posts\/3673\/revisions"}],"predecessor-version":[{"id":18536,"href":"https:\/\/www.wallendorff.com\/belogue\/wp-json\/wp\/v2\/posts\/3673\/revisions\/18536"}],"wp:featuredmedia":[{"embeddable":true,"href":"https:\/\/www.wallendorff.com\/belogue\/wp-json\/wp\/v2\/media\/25313"}],"wp:attachment":[{"href":"https:\/\/www.wallendorff.com\/belogue\/wp-json\/wp\/v2\/media?parent=3673"}],"wp:term":[{"taxonomy":"category","embeddable":true,"href":"https:\/\/www.wallendorff.com\/belogue\/wp-json\/wp\/v2\/categories?post=3673"},{"taxonomy":"post_tag","embeddable":true,"href":"https:\/\/www.wallendorff.com\/belogue\/wp-json\/wp\/v2\/tags?post=3673"}],"curies":[{"name":"wp","href":"https:\/\/api.w.org\/{rel}","templated":true}]}}